{"id":175590,"date":"2026-01-26T21:01:41","date_gmt":"2026-01-27T00:01:41","guid":{"rendered":"https:\/\/portaltela.pt\/noticias\/2026\/01\/26\/balcas-camioes-bloqueiam-fronteiras-com-a-ue\/"},"modified":"2026-01-26T21:01:41","modified_gmt":"2026-01-27T00:01:41","slug":"balcas-camioes-bloqueiam-fronteiras-com-a-ue","status":"publish","type":"post","link":"https:\/\/portaltela.pt\/noticias\/2026\/01\/26\/balcas-camioes-bloqueiam-fronteiras-com-a-ue\/","title":{"rendered":"Balc\u00e3s: cami\u00f5es bloqueiam fronteiras com a UE"},"content":{"rendered":"<p>Os camionistas dos Balc\u00e3s bloquearam as fronteiras com a Hungria, a Cro\u00e1cia e a Bulg\u00e1ria a partir do meio-dia de segunda-feira, em protesto contra as novas restri\u00e7\u00f5es de perman\u00eancia na UE. O protesto \u00e9 permanente at\u00e9 nova avalia\u00e7\u00e3o das autoridades.<\/p>\n<p>As legisla\u00e7\u00f5es alteraram o tempo m\u00e1ximo de estadia de estrangeiros na Uni\u00e3o, passando de 180 para 90 dias. As associa\u00e7\u00f5es de transportadores dizem que a medida afeta tamb\u00e9m motoristas de mercadorias e de passageiros.<\/p>\n<p>Segundo denunciou o porta-voz da Associa\u00e7\u00e3o S\u00e9rvia de Transportes, Nedjo Mandic, o limite de 90 dias em seis meses \u00e9 insuficiente para a atividade, afectando ganhos e custos operacionais. A paragem envolve centenas de motoristas, indicam as federa\u00e7\u00f5es.<\/p>\n<p>Em Bruxelas, um porta-voz da Comiss\u00e3o Europeia disse estar ciente das preocupa\u00e7\u00f5es dos Balc\u00e3s Ocidentais. A autarquia afirmou acompanhar a situa\u00e7\u00e3o de perto e manter o contacto com parceiros da regi\u00e3o, sem adiantar solu\u00e7\u00f5es imediatas.<\/p>\n<p>Os organizadores do protesto justificam que as novas regras, aplicadas tamb\u00e9m aos motoristas, tornam impratic\u00e1vel o funcionamento normal das opera\u00e7\u00f5es de transporte. Testemunhos de motoristas apontam dificuldades em manter a atividade com o atual regime.<\/p>\n<p>N\u00e3o foram indicadas datas de retoma da circula\u00e7\u00e3o, nem impactos detalhados sobre o tr\u00e2nsito regional. As autoridades de fronteira dos pa\u00edses envolvidos mant\u00eam monitoriza\u00e7\u00e3o das vias afetadas e aguardam instru\u00e7\u00f5es adicionais.<\/p>\n","protected":false},"excerpt":{"rendered":"<ul>\n<li>Caminhoneiros da S\u00e9rvia, B\u00f3snia-Herzegovina, Maced\u00f3nia do Norte e Montenegro bloquearam as fronteiras para Hungria, Cro\u00e1cia e Bulg\u00e1ria desde meio\u2011dia desta segunda-feira, por tempo indeterminado.<\/li>\n<li>O protesto \u00e9 contra as restri\u00e7\u00f5es \u00e0s autoriza\u00e7\u00f5es de perman\u00eancia na Uni\u00e3o Europeia, que passaram de 180 para 90 dias.<\/li>\n<li>A mudan\u00e7a resulta do uso de computadores para registar entradas de cidad\u00e3os de fora da UE, permitindo calcular com precis\u00e3o o per\u00edodo de perman\u00eancia.<\/li>\n<li>Associa\u00e7\u00f5es de transportadores dizem que centenas de camionistas foram deportados por exceder o n\u00famero de dias permitidos.<\/li>\n<li>A Comiss\u00e3o Europeia afirmou estar ciente das preocupa\u00e7\u00f5es e acompanhar a situa\u00e7\u00e3o, em contacto com parceiros da regi\u00e3o.<\/li>\n<\/ul>\n","protected":false},"author":2,"featured_media":175608,"comment_status":"closed","ping_status":"closed","sticky":false,"template":"","format":"standard","meta":{"footnotes":""},"categories":[1],"tags":[3203,4002,2857,192,4404,2055],"class_list":["post-175590","post","type-post","status-publish","format-standard","has-post-thumbnail","hentry","category-noticias","tag-balcas-ocidentais","tag-fronteiras","tag-protestos","tag-transporte","tag-transportes-internacionais","tag-uniao-europeia"],"yoast_head":"<!-- This site is optimized with the Yoast SEO plugin v27.2 - https:\/\/yoast.com\/product\/yoast-seo-wordpress\/ -->\n<title>Balc\u00e3s: cami\u00f5es bloqueiam fronteiras com a UE - Portal Tela Portugal<\/title>\n<meta name=\"robots\" content=\"index, follow, max-snippet:-1, max-image-preview:large, max-video-preview:-1\" \/>\n<meta property=\"og:locale\" content=\"pt_PT\" \/>\n<meta property=\"og:type\" content=\"article\" \/>\n<meta property=\"og:title\" content=\"Balc\u00e3s: cami\u00f5es bloqueiam fronteiras com a UE - Portal Tela Portugal\" \/>\n<meta property=\"og:description\" content=\"Caminhoneiros da S\u00e9rvia, B\u00f3snia-Herzegovina, Maced\u00f3nia do Norte e Montenegro bloquearam as fronteiras para Hungria, Cro\u00e1cia e Bulg\u00e1ria desde meio\u2011dia desta segunda-feira, por tempo indeterminado. O protesto \u00e9 contra as restri\u00e7\u00f5es \u00e0s autoriza\u00e7\u00f5es de perman\u00eancia na Uni\u00e3o Europeia, que passaram de 180 para 90 dias. A mudan\u00e7a resulta do uso de computadores para registar entradas de cidad\u00e3os de fora da UE, permitindo calcular com precis\u00e3o o per\u00edodo de perman\u00eancia. Associa\u00e7\u00f5es de transportadores dizem que centenas de camionistas foram deportados por exceder o n\u00famero de dias permitidos. A Comiss\u00e3o Europeia afirmou estar ciente das preocupa\u00e7\u00f5es e acompanhar a situa\u00e7\u00e3o, em contacto com parceiros da regi\u00e3o.\" \/>\n<meta property=\"og:url\" content=\"https:\/\/portaltela.pt\/noticias\/2026\/01\/26\/balcas-camioes-bloqueiam-fronteiras-com-a-ue\/\" \/>\n<meta property=\"og:site_name\" content=\"Portal Tela Portugal\" \/>\n<meta property=\"article:published_time\" content=\"2026-01-27T00:01:41+00:00\" \/>\n<meta name=\"author\" content=\"Telinha\" \/>\n<meta name=\"twitter:card\" content=\"summary_large_image\" \/>\n<meta name=\"twitter:label1\" content=\"Escrito por\" \/>\n\t<meta name=\"twitter:data1\" content=\"Telinha\" \/>\n\t<meta name=\"twitter:label2\" content=\"Tempo estimado de leitura\" \/>\n\t<meta name=\"twitter:data2\" content=\"1 minuto\" \/>\n<script type=\"application\/ld+json\" class=\"yoast-schema-graph\">{\"@context\":\"https:\/\/schema.org\",\"@graph\":[{\"@type\":\"Article\",\"@id\":\"https:\/\/portaltela.pt\/noticias\/2026\/01\/26\/balcas-camioes-bloqueiam-fronteiras-com-a-ue\/#article\",\"isPartOf\":{\"@id\":\"https:\/\/portaltela.pt\/noticias\/2026\/01\/26\/balcas-camioes-bloqueiam-fronteiras-com-a-ue\/\"},\"author\":{\"name\":\"Telinha\",\"@id\":\"https:\/\/portaltela.pt\/#\/schema\/person\/c4278d4a6028830caff9ee44b42d32ed\"},\"headline\":\"Balc\u00e3s: cami\u00f5es bloqueiam fronteiras com a UE\",\"datePublished\":\"2026-01-27T00:01:41+00:00\",\"mainEntityOfPage\":{\"@id\":\"https:\/\/portaltela.pt\/noticias\/2026\/01\/26\/balcas-camioes-bloqueiam-fronteiras-com-a-ue\/\"},\"wordCount\":247,\"image\":{\"@id\":\"https:\/\/portaltela.pt\/noticias\/2026\/01\/26\/balcas-camioes-bloqueiam-fronteiras-com-a-ue\/#primaryimage\"},\"thumbnailUrl\":\"https:\/\/portaltela.pt\/s.01k8rhncp4jt1\/2026\/01\/unnamed-file-5415.jpg\",\"keywords\":[\"Balc\u00e3s Ocidentais\",\"fronteiras\",\"protestos\",\"transporte\",\"transportes internacionais\",\"Uni\u00e3o Europeia\"],\"articleSection\":[\"Not\u00edcias\"],\"inLanguage\":\"pt-PT\"},{\"@type\":\"WebPage\",\"@id\":\"https:\/\/portaltela.pt\/noticias\/2026\/01\/26\/balcas-camioes-bloqueiam-fronteiras-com-a-ue\/\",\"url\":\"https:\/\/portaltela.pt\/noticias\/2026\/01\/26\/balcas-camioes-bloqueiam-fronteiras-com-a-ue\/\",\"name\":\"Balc\u00e3s: cami\u00f5es bloqueiam fronteiras com a UE - Portal Tela Portugal\",\"isPartOf\":{\"@id\":\"https:\/\/portaltela.pt\/#website\"},\"primaryImageOfPage\":{\"@id\":\"https:\/\/portaltela.pt\/noticias\/2026\/01\/26\/balcas-camioes-bloqueiam-fronteiras-com-a-ue\/#primaryimage\"},\"image\":{\"@id\":\"https:\/\/portaltela.pt\/noticias\/2026\/01\/26\/balcas-camioes-bloqueiam-fronteiras-com-a-ue\/#primaryimage\"},\"thumbnailUrl\":\"https:\/\/portaltela.pt\/s.01k8rhncp4jt1\/2026\/01\/unnamed-file-5415.jpg\",\"datePublished\":\"2026-01-27T00:01:41+00:00\",\"author\":{\"@id\":\"https:\/\/portaltela.pt\/#\/schema\/person\/c4278d4a6028830caff9ee44b42d32ed\"},\"breadcrumb\":{\"@id\":\"https:\/\/portaltela.pt\/noticias\/2026\/01\/26\/balcas-camioes-bloqueiam-fronteiras-com-a-ue\/#breadcrumb\"},\"inLanguage\":\"pt-PT\",\"potentialAction\":[{\"@type\":\"ReadAction\",\"target\":[\"https:\/\/portaltela.pt\/noticias\/2026\/01\/26\/balcas-camioes-bloqueiam-fronteiras-com-a-ue\/\"]}]},{\"@type\":\"ImageObject\",\"inLanguage\":\"pt-PT\",\"@id\":\"https:\/\/portaltela.pt\/noticias\/2026\/01\/26\/balcas-camioes-bloqueiam-fronteiras-com-a-ue\/#primaryimage\",\"url\":\"https:\/\/portaltela.pt\/s.01k8rhncp4jt1\/2026\/01\/unnamed-file-5415.jpg\",\"contentUrl\":\"https:\/\/portaltela.pt\/s.01k8rhncp4jt1\/2026\/01\/unnamed-file-5415.jpg\",\"width\":796,\"height\":448,\"caption\":\"Centenas de camionistas dos Balc\u00e3s foram deportados da Uni\u00e3o Europeia por excederem o n\u00famero de dias permitidos no espa\u00e7o\"},{\"@type\":\"BreadcrumbList\",\"@id\":\"https:\/\/portaltela.pt\/noticias\/2026\/01\/26\/balcas-camioes-bloqueiam-fronteiras-com-a-ue\/#breadcrumb\",\"itemListElement\":[{\"@type\":\"ListItem\",\"position\":1,\"name\":\"In\u00edcio\",\"item\":\"https:\/\/portaltela.pt\/\"},{\"@type\":\"ListItem\",\"position\":2,\"name\":\"Balc\u00e3s: cami\u00f5es bloqueiam fronteiras com a UE\"}]},{\"@type\":\"WebSite\",\"@id\":\"https:\/\/portaltela.pt\/#website\",\"url\":\"https:\/\/portaltela.pt\/\",\"name\":\"Portal Tela Portugal\",\"description\":\"\",\"potentialAction\":[{\"@type\":\"SearchAction\",\"target\":{\"@type\":\"EntryPoint\",\"urlTemplate\":\"https:\/\/portaltela.pt\/?s={search_term_string}\"},\"query-input\":{\"@type\":\"PropertyValueSpecification\",\"valueRequired\":true,\"valueName\":\"search_term_string\"}}],\"inLanguage\":\"pt-PT\"},{\"@type\":\"Person\",\"@id\":\"https:\/\/portaltela.pt\/#\/schema\/person\/c4278d4a6028830caff9ee44b42d32ed\",\"name\":\"Telinha\",\"image\":{\"@type\":\"ImageObject\",\"inLanguage\":\"pt-PT\",\"@id\":\"https:\/\/portaltela.pt\/s.01k8rhncp4jt1\/2025\/11\/talking-bot-125x125.png\",\"url\":\"https:\/\/portaltela.pt\/s.01k8rhncp4jt1\/2025\/11\/talking-bot-125x125.png\",\"contentUrl\":\"https:\/\/portaltela.pt\/s.01k8rhncp4jt1\/2025\/11\/talking-bot-125x125.png\",\"caption\":\"Telinha\"},\"sameAs\":[\"https:\/\/portaltela.pt\/\"],\"url\":\"https:\/\/portaltela.pt\/por\/367410592786\/\"}]}<\/script>\n<!-- \/ Yoast SEO plugin. -->","yoast_head_json":{"title":"Balc\u00e3s: cami\u00f5es bloqueiam fronteiras com a UE - Portal Tela Portugal","robots":{"index":"index","follow":"follow","max-snippet":"max-snippet:-1","max-image-preview":"max-image-preview:large","max-video-preview":"max-video-preview:-1"},"og_locale":"pt_PT","og_type":"article","og_title":"Balc\u00e3s: cami\u00f5es bloqueiam fronteiras com a UE - Portal Tela Portugal","og_description":"Caminhoneiros da S\u00e9rvia, B\u00f3snia-Herzegovina, Maced\u00f3nia do Norte e Montenegro bloquearam as fronteiras para Hungria, Cro\u00e1cia e Bulg\u00e1ria desde meio\u2011dia desta segunda-feira, por tempo indeterminado. O protesto \u00e9 contra as restri\u00e7\u00f5es \u00e0s autoriza\u00e7\u00f5es de perman\u00eancia na Uni\u00e3o Europeia, que passaram de 180 para 90 dias. A mudan\u00e7a resulta do uso de computadores para registar entradas de cidad\u00e3os de fora da UE, permitindo calcular com precis\u00e3o o per\u00edodo de perman\u00eancia. Associa\u00e7\u00f5es de transportadores dizem que centenas de camionistas foram deportados por exceder o n\u00famero de dias permitidos. A Comiss\u00e3o Europeia afirmou estar ciente das preocupa\u00e7\u00f5es e acompanhar a situa\u00e7\u00e3o, em contacto com parceiros da regi\u00e3o.","og_url":"https:\/\/portaltela.pt\/noticias\/2026\/01\/26\/balcas-camioes-bloqueiam-fronteiras-com-a-ue\/","og_site_name":"Portal Tela Portugal","article_published_time":"2026-01-27T00:01:41+00:00","author":"Telinha","twitter_card":"summary_large_image","twitter_misc":{"Escrito por":"Telinha","Tempo estimado de leitura":"1 minuto"},"schema":{"@context":"https:\/\/schema.org","@graph":[{"@type":"Article","@id":"https:\/\/portaltela.pt\/noticias\/2026\/01\/26\/balcas-camioes-bloqueiam-fronteiras-com-a-ue\/#article","isPartOf":{"@id":"https:\/\/portaltela.pt\/noticias\/2026\/01\/26\/balcas-camioes-bloqueiam-fronteiras-com-a-ue\/"},"author":{"name":"Telinha","@id":"https:\/\/portaltela.pt\/#\/schema\/person\/c4278d4a6028830caff9ee44b42d32ed"},"headline":"Balc\u00e3s: cami\u00f5es bloqueiam fronteiras com a UE","datePublished":"2026-01-27T00:01:41+00:00","mainEntityOfPage":{"@id":"https:\/\/portaltela.pt\/noticias\/2026\/01\/26\/balcas-camioes-bloqueiam-fronteiras-com-a-ue\/"},"wordCount":247,"image":{"@id":"https:\/\/portaltela.pt\/noticias\/2026\/01\/26\/balcas-camioes-bloqueiam-fronteiras-com-a-ue\/#primaryimage"},"thumbnailUrl":"https:\/\/portaltela.pt\/s.01k8rhncp4jt1\/2026\/01\/unnamed-file-5415.jpg","keywords":["Balc\u00e3s Ocidentais","fronteiras","protestos","transporte","transportes internacionais","Uni\u00e3o Europeia"],"articleSection":["Not\u00edcias"],"inLanguage":"pt-PT"},{"@type":"WebPage","@id":"https:\/\/portaltela.pt\/noticias\/2026\/01\/26\/balcas-camioes-bloqueiam-fronteiras-com-a-ue\/","url":"https:\/\/portaltela.pt\/noticias\/2026\/01\/26\/balcas-camioes-bloqueiam-fronteiras-com-a-ue\/","name":"Balc\u00e3s: cami\u00f5es bloqueiam fronteiras com a UE - Portal Tela Portugal","isPartOf":{"@id":"https:\/\/portaltela.pt\/#website"},"primaryImageOfPage":{"@id":"https:\/\/portaltela.pt\/noticias\/2026\/01\/26\/balcas-camioes-bloqueiam-fronteiras-com-a-ue\/#primaryimage"},"image":{"@id":"https:\/\/portaltela.pt\/noticias\/2026\/01\/26\/balcas-camioes-bloqueiam-fronteiras-com-a-ue\/#primaryimage"},"thumbnailUrl":"https:\/\/portaltela.pt\/s.01k8rhncp4jt1\/2026\/01\/unnamed-file-5415.jpg","datePublished":"2026-01-27T00:01:41+00:00","author":{"@id":"https:\/\/portaltela.pt\/#\/schema\/person\/c4278d4a6028830caff9ee44b42d32ed"},"breadcrumb":{"@id":"https:\/\/portaltela.pt\/noticias\/2026\/01\/26\/balcas-camioes-bloqueiam-fronteiras-com-a-ue\/#breadcrumb"},"inLanguage":"pt-PT","potentialAction":[{"@type":"ReadAction","target":["https:\/\/portaltela.pt\/noticias\/2026\/01\/26\/balcas-camioes-bloqueiam-fronteiras-com-a-ue\/"]}]},{"@type":"ImageObject","inLanguage":"pt-PT","@id":"https:\/\/portaltela.pt\/noticias\/2026\/01\/26\/balcas-camioes-bloqueiam-fronteiras-com-a-ue\/#primaryimage","url":"https:\/\/portaltela.pt\/s.01k8rhncp4jt1\/2026\/01\/unnamed-file-5415.jpg","contentUrl":"https:\/\/portaltela.pt\/s.01k8rhncp4jt1\/2026\/01\/unnamed-file-5415.jpg","width":796,"height":448,"caption":"Centenas de camionistas dos Balc\u00e3s foram deportados da Uni\u00e3o Europeia por excederem o n\u00famero de dias permitidos no espa\u00e7o"},{"@type":"BreadcrumbList","@id":"https:\/\/portaltela.pt\/noticias\/2026\/01\/26\/balcas-camioes-bloqueiam-fronteiras-com-a-ue\/#breadcrumb","itemListElement":[{"@type":"ListItem","position":1,"name":"In\u00edcio","item":"https:\/\/portaltela.pt\/"},{"@type":"ListItem","position":2,"name":"Balc\u00e3s: cami\u00f5es bloqueiam fronteiras com a UE"}]},{"@type":"WebSite","@id":"https:\/\/portaltela.pt\/#website","url":"https:\/\/portaltela.pt\/","name":"Portal Tela Portugal","description":"","potentialAction":[{"@type":"SearchAction","target":{"@type":"EntryPoint","urlTemplate":"https:\/\/portaltela.pt\/?s={search_term_string}"},"query-input":{"@type":"PropertyValueSpecification","valueRequired":true,"valueName":"search_term_string"}}],"inLanguage":"pt-PT"},{"@type":"Person","@id":"https:\/\/portaltela.pt\/#\/schema\/person\/c4278d4a6028830caff9ee44b42d32ed","name":"Telinha","image":{"@type":"ImageObject","inLanguage":"pt-PT","@id":"https:\/\/portaltela.pt\/s.01k8rhncp4jt1\/2025\/11\/talking-bot-125x125.png","url":"https:\/\/portaltela.pt\/s.01k8rhncp4jt1\/2025\/11\/talking-bot-125x125.png","contentUrl":"https:\/\/portaltela.pt\/s.01k8rhncp4jt1\/2025\/11\/talking-bot-125x125.png","caption":"Telinha"},"sameAs":["https:\/\/portaltela.pt\/"],"url":"https:\/\/portaltela.pt\/por\/367410592786\/"}]}},"_links":{"self":[{"href":"https:\/\/portaltela.pt\/api\/wp\/v2\/posts\/175590","targetHints":{"allow":["GET"]}}],"collection":[{"href":"https:\/\/portaltela.pt\/api\/wp\/v2\/posts"}],"about":[{"href":"https:\/\/portaltela.pt\/api\/wp\/v2\/types\/post"}],"author":[{"embeddable":true,"href":"https:\/\/portaltela.pt\/api\/wp\/v2\/users\/2"}],"replies":[{"embeddable":true,"href":"https:\/\/portaltela.pt\/api\/wp\/v2\/comments?post=175590"}],"version-history":[{"count":0,"href":"https:\/\/portaltela.pt\/api\/wp\/v2\/posts\/175590\/revisions"}],"wp:featuredmedia":[{"embeddable":true,"href":"https:\/\/portaltela.pt\/api\/wp\/v2\/media\/175608"}],"wp:attachment":[{"href":"https:\/\/portaltela.pt\/api\/wp\/v2\/media?parent=175590"}],"wp:term":[{"taxonomy":"category","embeddable":true,"href":"https:\/\/portaltela.pt\/api\/wp\/v2\/categories?post=175590"},{"taxonomy":"post_tag","embeddable":true,"href":"https:\/\/portaltela.pt\/api\/wp\/v2\/tags?post=175590"}],"curies":[{"name":"wp","href":"https:\/\/api.w.org\/{rel}","templated":true}]}}