{"id":175586,"date":"2026-01-26T21:01:00","date_gmt":"2026-01-27T00:01:00","guid":{"rendered":"https:\/\/portaltela.pt\/noticias\/2026\/01\/26\/camionistas-dos-balcas-bloqueiam-fronteiras-da-ue\/"},"modified":"2026-01-26T21:01:00","modified_gmt":"2026-01-27T00:01:00","slug":"camionistas-dos-balcas-bloqueiam-fronteiras-da-ue","status":"publish","type":"post","link":"https:\/\/portaltela.pt\/noticias\/2026\/01\/26\/camionistas-dos-balcas-bloqueiam-fronteiras-da-ue\/","title":{"rendered":"Camionistas dos B\u00e1lc\u00e3s bloqueiam fronteiras da UE"},"content":{"rendered":"<p>Camionistas da S\u00e9rvia, B\u00f3snia-Herzegovina, Maced\u00f3nia do Norte e Montenegro bloquearam as fronteiras da UE a partir do meio-dia de segunda-feira, por tempo indeterminado. O protesto foca as restri\u00e7\u00f5es \u00e0s autoriza\u00e7\u00f5es de perman\u00eancia na UE para cidad\u00e3os estrangeiros.<\/p>\n<p>A medida limita a estadia de estrangeiros na UE a 90 dias num per\u00edodo de 180 dias. Os transportadores afirmam que a regra \u00e9 quase imposs\u00edvel de cumprir, j\u00e1 que se aplica tamb\u00e9m a motoristas de carga e passageiros em geral.<\/p>\n<p>A mudan\u00e7a ocorreu com o uso de sistemas inform\u00e1ticos pelas autoridades fronteiri\u00e7as da UE, que permitem calcular com precis\u00e3o o tempo de perman\u00eancia. Centenas de camionistas teriam sido impedidos de entrar ou obrigados a abandonar o espa\u00e7o.<\/p>\n<h3>Rea\u00e7\u00e3o e contexto<\/h3>\n<p>Associa\u00e7\u00f5es dos Balc\u00e3s apontam deporta\u00e7\u00f5es por exceder o per\u00edodo permitido. O porta-voz da Associa\u00e7\u00e3o S\u00e9rvia de Transportes descreveu a situa\u00e7\u00e3o como insustent\u00e1vel, citando custos n\u00e3o cobertos pelo per\u00edodo de quarenta e cinco dias mais recente.<\/p>\n<p>A Comiss\u00e3o Europeia confirmou ter conhecimento das preocupa\u00e7\u00f5es apresentadas pelos transportadores da regi\u00e3o. O organismo disse estar a acompanhar a situa\u00e7\u00e3o de perto e a manter contactos com parceiros locais.<\/p>\n","protected":false},"excerpt":{"rendered":"<ul>\n<li>Camionistas da S\u00e9rvia, B\u00f3snia-Herzegovina, Maced\u00f3nia do Norte e Montenegro bloqueiam as fronteiras com a Uni\u00e3o Europeia desde o meio-dia de segunda-feira, por tempo indeterminado, em protesto contra restri\u00e7\u00f5es \u00e0s autoriza\u00e7\u00f5es de perman\u00eancia.<\/li>\n<li>As regras reduzem de 180 para 90 dias o tempo que cidad\u00e3os estrangeiros podem permanecer na UE.<\/li>\n<li>A regulamenta\u00e7\u00e3o passa a abranger tamb\u00e9m motoristas de transporte de mercadorias e de passageiros.<\/li>\n<li>Associa\u00e7\u00f5es dos Balc\u00e3s dizem que centenas de camionistas foram deportados por excederem o limite de dias.<\/li>\n<li>Um porta-voz da Comiss\u00e3o Europeia disse que est\u00e3o cientes das preocupa\u00e7\u00f5es e mant\u00eam contacto com os parceiros da regi\u00e3o.<\/li>\n<\/ul>\n","protected":false},"author":2,"featured_media":175589,"comment_status":"closed","ping_status":"closed","sticky":false,"template":"","format":"standard","meta":{"footnotes":""},"categories":[1],"tags":[3203,2358,4002,363,2055],"class_list":["post-175586","post","type-post","status-publish","format-standard","has-post-thumbnail","hentry","category-noticias","tag-balcas-ocidentais","tag-crises-internacionais","tag-fronteiras","tag-transportes","tag-uniao-europeia"],"yoast_head":"<!-- This site is optimized with the Yoast SEO plugin v27.2 - https:\/\/yoast.com\/product\/yoast-seo-wordpress\/ -->\n<title>Camionistas dos B\u00e1lc\u00e3s bloqueiam fronteiras da UE - Portal Tela Portugal<\/title>\n<meta name=\"robots\" content=\"index, follow, max-snippet:-1, max-image-preview:large, max-video-preview:-1\" \/>\n<meta property=\"og:locale\" content=\"pt_PT\" \/>\n<meta property=\"og:type\" content=\"article\" \/>\n<meta property=\"og:title\" content=\"Camionistas dos B\u00e1lc\u00e3s bloqueiam fronteiras da UE - Portal Tela Portugal\" \/>\n<meta property=\"og:description\" content=\"Camionistas da S\u00e9rvia, B\u00f3snia-Herzegovina, Maced\u00f3nia do Norte e Montenegro bloqueiam as fronteiras com a Uni\u00e3o Europeia desde o meio-dia de segunda-feira, por tempo indeterminado, em protesto contra restri\u00e7\u00f5es \u00e0s autoriza\u00e7\u00f5es de perman\u00eancia. As regras reduzem de 180 para 90 dias o tempo que cidad\u00e3os estrangeiros podem permanecer na UE. A regulamenta\u00e7\u00e3o passa a abranger tamb\u00e9m motoristas de transporte de mercadorias e de passageiros. Associa\u00e7\u00f5es dos Balc\u00e3s dizem que centenas de camionistas foram deportados por excederem o limite de dias. Um porta-voz da Comiss\u00e3o Europeia disse que est\u00e3o cientes das preocupa\u00e7\u00f5es e mant\u00eam contacto com os parceiros da regi\u00e3o.\" \/>\n<meta property=\"og:url\" content=\"https:\/\/portaltela.pt\/noticias\/2026\/01\/26\/camionistas-dos-balcas-bloqueiam-fronteiras-da-ue\/\" \/>\n<meta property=\"og:site_name\" content=\"Portal Tela Portugal\" \/>\n<meta property=\"article:published_time\" content=\"2026-01-27T00:01:00+00:00\" \/>\n<meta name=\"author\" content=\"Telinha\" \/>\n<meta name=\"twitter:card\" content=\"summary_large_image\" \/>\n<meta name=\"twitter:label1\" content=\"Escrito por\" \/>\n\t<meta name=\"twitter:data1\" content=\"Telinha\" \/>\n\t<meta name=\"twitter:label2\" content=\"Tempo estimado de leitura\" \/>\n\t<meta name=\"twitter:data2\" content=\"1 minuto\" \/>\n<script type=\"application\/ld+json\" class=\"yoast-schema-graph\">{\"@context\":\"https:\/\/schema.org\",\"@graph\":[{\"@type\":\"Article\",\"@id\":\"https:\/\/portaltela.pt\/noticias\/2026\/01\/26\/camionistas-dos-balcas-bloqueiam-fronteiras-da-ue\/#article\",\"isPartOf\":{\"@id\":\"https:\/\/portaltela.pt\/noticias\/2026\/01\/26\/camionistas-dos-balcas-bloqueiam-fronteiras-da-ue\/\"},\"author\":{\"name\":\"Telinha\",\"@id\":\"https:\/\/portaltela.pt\/#\/schema\/person\/c4278d4a6028830caff9ee44b42d32ed\"},\"headline\":\"Camionistas dos B\u00e1lc\u00e3s bloqueiam fronteiras da UE\",\"datePublished\":\"2026-01-27T00:01:00+00:00\",\"mainEntityOfPage\":{\"@id\":\"https:\/\/portaltela.pt\/noticias\/2026\/01\/26\/camionistas-dos-balcas-bloqueiam-fronteiras-da-ue\/\"},\"wordCount\":220,\"image\":{\"@id\":\"https:\/\/portaltela.pt\/noticias\/2026\/01\/26\/camionistas-dos-balcas-bloqueiam-fronteiras-da-ue\/#primaryimage\"},\"thumbnailUrl\":\"https:\/\/portaltela.pt\/s.01k8rhncp4jt1\/2026\/01\/seguro_outline_cor-142.jpg\",\"keywords\":[\"Balc\u00e3s Ocidentais\",\"crises internacionais\",\"fronteiras\",\"transportes\",\"Uni\u00e3o Europeia\"],\"articleSection\":[\"Not\u00edcias\"],\"inLanguage\":\"pt-PT\"},{\"@type\":\"WebPage\",\"@id\":\"https:\/\/portaltela.pt\/noticias\/2026\/01\/26\/camionistas-dos-balcas-bloqueiam-fronteiras-da-ue\/\",\"url\":\"https:\/\/portaltela.pt\/noticias\/2026\/01\/26\/camionistas-dos-balcas-bloqueiam-fronteiras-da-ue\/\",\"name\":\"Camionistas dos B\u00e1lc\u00e3s bloqueiam fronteiras da UE - Portal Tela Portugal\",\"isPartOf\":{\"@id\":\"https:\/\/portaltela.pt\/#website\"},\"primaryImageOfPage\":{\"@id\":\"https:\/\/portaltela.pt\/noticias\/2026\/01\/26\/camionistas-dos-balcas-bloqueiam-fronteiras-da-ue\/#primaryimage\"},\"image\":{\"@id\":\"https:\/\/portaltela.pt\/noticias\/2026\/01\/26\/camionistas-dos-balcas-bloqueiam-fronteiras-da-ue\/#primaryimage\"},\"thumbnailUrl\":\"https:\/\/portaltela.pt\/s.01k8rhncp4jt1\/2026\/01\/seguro_outline_cor-142.jpg\",\"datePublished\":\"2026-01-27T00:01:00+00:00\",\"author\":{\"@id\":\"https:\/\/portaltela.pt\/#\/schema\/person\/c4278d4a6028830caff9ee44b42d32ed\"},\"breadcrumb\":{\"@id\":\"https:\/\/portaltela.pt\/noticias\/2026\/01\/26\/camionistas-dos-balcas-bloqueiam-fronteiras-da-ue\/#breadcrumb\"},\"inLanguage\":\"pt-PT\",\"potentialAction\":[{\"@type\":\"ReadAction\",\"target\":[\"https:\/\/portaltela.pt\/noticias\/2026\/01\/26\/camionistas-dos-balcas-bloqueiam-fronteiras-da-ue\/\"]}]},{\"@type\":\"ImageObject\",\"inLanguage\":\"pt-PT\",\"@id\":\"https:\/\/portaltela.pt\/noticias\/2026\/01\/26\/camionistas-dos-balcas-bloqueiam-fronteiras-da-ue\/#primaryimage\",\"url\":\"https:\/\/portaltela.pt\/s.01k8rhncp4jt1\/2026\/01\/seguro_outline_cor-142.jpg\",\"contentUrl\":\"https:\/\/portaltela.pt\/s.01k8rhncp4jt1\/2026\/01\/seguro_outline_cor-142.jpg\",\"width\":796,\"height\":448,\"caption\":\"Photo\"},{\"@type\":\"BreadcrumbList\",\"@id\":\"https:\/\/portaltela.pt\/noticias\/2026\/01\/26\/camionistas-dos-balcas-bloqueiam-fronteiras-da-ue\/#breadcrumb\",\"itemListElement\":[{\"@type\":\"ListItem\",\"position\":1,\"name\":\"In\u00edcio\",\"item\":\"https:\/\/portaltela.pt\/\"},{\"@type\":\"ListItem\",\"position\":2,\"name\":\"Camionistas dos B\u00e1lc\u00e3s bloqueiam fronteiras da UE\"}]},{\"@type\":\"WebSite\",\"@id\":\"https:\/\/portaltela.pt\/#website\",\"url\":\"https:\/\/portaltela.pt\/\",\"name\":\"Portal Tela Portugal\",\"description\":\"\",\"potentialAction\":[{\"@type\":\"SearchAction\",\"target\":{\"@type\":\"EntryPoint\",\"urlTemplate\":\"https:\/\/portaltela.pt\/?s={search_term_string}\"},\"query-input\":{\"@type\":\"PropertyValueSpecification\",\"valueRequired\":true,\"valueName\":\"search_term_string\"}}],\"inLanguage\":\"pt-PT\"},{\"@type\":\"Person\",\"@id\":\"https:\/\/portaltela.pt\/#\/schema\/person\/c4278d4a6028830caff9ee44b42d32ed\",\"name\":\"Telinha\",\"image\":{\"@type\":\"ImageObject\",\"inLanguage\":\"pt-PT\",\"@id\":\"https:\/\/portaltela.pt\/s.01k8rhncp4jt1\/2025\/11\/talking-bot-125x125.png\",\"url\":\"https:\/\/portaltela.pt\/s.01k8rhncp4jt1\/2025\/11\/talking-bot-125x125.png\",\"contentUrl\":\"https:\/\/portaltela.pt\/s.01k8rhncp4jt1\/2025\/11\/talking-bot-125x125.png\",\"caption\":\"Telinha\"},\"sameAs\":[\"https:\/\/portaltela.pt\/\"],\"url\":\"https:\/\/portaltela.pt\/por\/367410592786\/\"}]}<\/script>\n<!-- \/ Yoast SEO plugin. -->","yoast_head_json":{"title":"Camionistas dos B\u00e1lc\u00e3s bloqueiam fronteiras da UE - Portal Tela Portugal","robots":{"index":"index","follow":"follow","max-snippet":"max-snippet:-1","max-image-preview":"max-image-preview:large","max-video-preview":"max-video-preview:-1"},"og_locale":"pt_PT","og_type":"article","og_title":"Camionistas dos B\u00e1lc\u00e3s bloqueiam fronteiras da UE - Portal Tela Portugal","og_description":"Camionistas da S\u00e9rvia, B\u00f3snia-Herzegovina, Maced\u00f3nia do Norte e Montenegro bloqueiam as fronteiras com a Uni\u00e3o Europeia desde o meio-dia de segunda-feira, por tempo indeterminado, em protesto contra restri\u00e7\u00f5es \u00e0s autoriza\u00e7\u00f5es de perman\u00eancia. As regras reduzem de 180 para 90 dias o tempo que cidad\u00e3os estrangeiros podem permanecer na UE. A regulamenta\u00e7\u00e3o passa a abranger tamb\u00e9m motoristas de transporte de mercadorias e de passageiros. Associa\u00e7\u00f5es dos Balc\u00e3s dizem que centenas de camionistas foram deportados por excederem o limite de dias. Um porta-voz da Comiss\u00e3o Europeia disse que est\u00e3o cientes das preocupa\u00e7\u00f5es e mant\u00eam contacto com os parceiros da regi\u00e3o.","og_url":"https:\/\/portaltela.pt\/noticias\/2026\/01\/26\/camionistas-dos-balcas-bloqueiam-fronteiras-da-ue\/","og_site_name":"Portal Tela Portugal","article_published_time":"2026-01-27T00:01:00+00:00","author":"Telinha","twitter_card":"summary_large_image","twitter_misc":{"Escrito por":"Telinha","Tempo estimado de leitura":"1 minuto"},"schema":{"@context":"https:\/\/schema.org","@graph":[{"@type":"Article","@id":"https:\/\/portaltela.pt\/noticias\/2026\/01\/26\/camionistas-dos-balcas-bloqueiam-fronteiras-da-ue\/#article","isPartOf":{"@id":"https:\/\/portaltela.pt\/noticias\/2026\/01\/26\/camionistas-dos-balcas-bloqueiam-fronteiras-da-ue\/"},"author":{"name":"Telinha","@id":"https:\/\/portaltela.pt\/#\/schema\/person\/c4278d4a6028830caff9ee44b42d32ed"},"headline":"Camionistas dos B\u00e1lc\u00e3s bloqueiam fronteiras da UE","datePublished":"2026-01-27T00:01:00+00:00","mainEntityOfPage":{"@id":"https:\/\/portaltela.pt\/noticias\/2026\/01\/26\/camionistas-dos-balcas-bloqueiam-fronteiras-da-ue\/"},"wordCount":220,"image":{"@id":"https:\/\/portaltela.pt\/noticias\/2026\/01\/26\/camionistas-dos-balcas-bloqueiam-fronteiras-da-ue\/#primaryimage"},"thumbnailUrl":"https:\/\/portaltela.pt\/s.01k8rhncp4jt1\/2026\/01\/seguro_outline_cor-142.jpg","keywords":["Balc\u00e3s Ocidentais","crises internacionais","fronteiras","transportes","Uni\u00e3o Europeia"],"articleSection":["Not\u00edcias"],"inLanguage":"pt-PT"},{"@type":"WebPage","@id":"https:\/\/portaltela.pt\/noticias\/2026\/01\/26\/camionistas-dos-balcas-bloqueiam-fronteiras-da-ue\/","url":"https:\/\/portaltela.pt\/noticias\/2026\/01\/26\/camionistas-dos-balcas-bloqueiam-fronteiras-da-ue\/","name":"Camionistas dos B\u00e1lc\u00e3s bloqueiam fronteiras da UE - Portal Tela Portugal","isPartOf":{"@id":"https:\/\/portaltela.pt\/#website"},"primaryImageOfPage":{"@id":"https:\/\/portaltela.pt\/noticias\/2026\/01\/26\/camionistas-dos-balcas-bloqueiam-fronteiras-da-ue\/#primaryimage"},"image":{"@id":"https:\/\/portaltela.pt\/noticias\/2026\/01\/26\/camionistas-dos-balcas-bloqueiam-fronteiras-da-ue\/#primaryimage"},"thumbnailUrl":"https:\/\/portaltela.pt\/s.01k8rhncp4jt1\/2026\/01\/seguro_outline_cor-142.jpg","datePublished":"2026-01-27T00:01:00+00:00","author":{"@id":"https:\/\/portaltela.pt\/#\/schema\/person\/c4278d4a6028830caff9ee44b42d32ed"},"breadcrumb":{"@id":"https:\/\/portaltela.pt\/noticias\/2026\/01\/26\/camionistas-dos-balcas-bloqueiam-fronteiras-da-ue\/#breadcrumb"},"inLanguage":"pt-PT","potentialAction":[{"@type":"ReadAction","target":["https:\/\/portaltela.pt\/noticias\/2026\/01\/26\/camionistas-dos-balcas-bloqueiam-fronteiras-da-ue\/"]}]},{"@type":"ImageObject","inLanguage":"pt-PT","@id":"https:\/\/portaltela.pt\/noticias\/2026\/01\/26\/camionistas-dos-balcas-bloqueiam-fronteiras-da-ue\/#primaryimage","url":"https:\/\/portaltela.pt\/s.01k8rhncp4jt1\/2026\/01\/seguro_outline_cor-142.jpg","contentUrl":"https:\/\/portaltela.pt\/s.01k8rhncp4jt1\/2026\/01\/seguro_outline_cor-142.jpg","width":796,"height":448,"caption":"Photo"},{"@type":"BreadcrumbList","@id":"https:\/\/portaltela.pt\/noticias\/2026\/01\/26\/camionistas-dos-balcas-bloqueiam-fronteiras-da-ue\/#breadcrumb","itemListElement":[{"@type":"ListItem","position":1,"name":"In\u00edcio","item":"https:\/\/portaltela.pt\/"},{"@type":"ListItem","position":2,"name":"Camionistas dos B\u00e1lc\u00e3s bloqueiam fronteiras da UE"}]},{"@type":"WebSite","@id":"https:\/\/portaltela.pt\/#website","url":"https:\/\/portaltela.pt\/","name":"Portal Tela Portugal","description":"","potentialAction":[{"@type":"SearchAction","target":{"@type":"EntryPoint","urlTemplate":"https:\/\/portaltela.pt\/?s={search_term_string}"},"query-input":{"@type":"PropertyValueSpecification","valueRequired":true,"valueName":"search_term_string"}}],"inLanguage":"pt-PT"},{"@type":"Person","@id":"https:\/\/portaltela.pt\/#\/schema\/person\/c4278d4a6028830caff9ee44b42d32ed","name":"Telinha","image":{"@type":"ImageObject","inLanguage":"pt-PT","@id":"https:\/\/portaltela.pt\/s.01k8rhncp4jt1\/2025\/11\/talking-bot-125x125.png","url":"https:\/\/portaltela.pt\/s.01k8rhncp4jt1\/2025\/11\/talking-bot-125x125.png","contentUrl":"https:\/\/portaltela.pt\/s.01k8rhncp4jt1\/2025\/11\/talking-bot-125x125.png","caption":"Telinha"},"sameAs":["https:\/\/portaltela.pt\/"],"url":"https:\/\/portaltela.pt\/por\/367410592786\/"}]}},"_links":{"self":[{"href":"https:\/\/portaltela.pt\/api\/wp\/v2\/posts\/175586","targetHints":{"allow":["GET"]}}],"collection":[{"href":"https:\/\/portaltela.pt\/api\/wp\/v2\/posts"}],"about":[{"href":"https:\/\/portaltela.pt\/api\/wp\/v2\/types\/post"}],"author":[{"embeddable":true,"href":"https:\/\/portaltela.pt\/api\/wp\/v2\/users\/2"}],"replies":[{"embeddable":true,"href":"https:\/\/portaltela.pt\/api\/wp\/v2\/comments?post=175586"}],"version-history":[{"count":0,"href":"https:\/\/portaltela.pt\/api\/wp\/v2\/posts\/175586\/revisions"}],"wp:featuredmedia":[{"embeddable":true,"href":"https:\/\/portaltela.pt\/api\/wp\/v2\/media\/175589"}],"wp:attachment":[{"href":"https:\/\/portaltela.pt\/api\/wp\/v2\/media?parent=175586"}],"wp:term":[{"taxonomy":"category","embeddable":true,"href":"https:\/\/portaltela.pt\/api\/wp\/v2\/categories?post=175586"},{"taxonomy":"post_tag","embeddable":true,"href":"https:\/\/portaltela.pt\/api\/wp\/v2\/tags?post=175586"}],"curies":[{"name":"wp","href":"https:\/\/api.w.org\/{rel}","templated":true}]}}