{"id":175528,"date":"2026-01-26T20:13:10","date_gmt":"2026-01-26T23:13:10","guid":{"rendered":"https:\/\/portaltela.pt\/noticias\/2026\/01\/26\/mp-arquiva-queixas-apresentadas-por-boaventura\/"},"modified":"2026-01-26T20:13:10","modified_gmt":"2026-01-26T23:13:10","slug":"mp-arquiva-queixas-apresentadas-por-boaventura","status":"publish","type":"post","link":"https:\/\/portaltela.pt\/noticias\/2026\/01\/26\/mp-arquiva-queixas-apresentadas-por-boaventura\/","title":{"rendered":"MP arquiva queixas apresentadas por Boaventura"},"content":{"rendered":"<p>O Minist\u00e9rio P\u00fablico arquivou as queixas-crime de inj\u00faria e difama\u00e7\u00e3o apresentadas por Boaventura de Sousa Santos contra as mulheres que o acusaram de ass\u00e9dio sexual, moral e extractivismo intelectual. A decis\u00e3o foi anunciada pelo P\u00fablico na segunda-feira. O MP entendeu que n\u00e3o existem provas de falsidade de depoimento e que a queixa de inj\u00faria foi apresentada fora do prazo.<\/p>\n<p>Segundo o despacho, Boaventura limitou-se a questionar os depoimentos das visadas sem fundamentar de forma espec\u00edfica em que medida \u00e9 que os depoimentos seriam falsos. O soci\u00f3logo n\u00e3o foi ouvido pelo MP por motivos alheios aos procuradores.<\/p>\n<p>A queixa por inj\u00faria, apresentada a 8 de abril de 2025, tamb\u00e9m foi arquivada por ter expirado o prazo do \u00faltimo dia de 2024, visto que as declara\u00e7\u00f5es referenciadas remontavam a junho de 2024. O processo envolve 13 investigadoras e estudantes do CES que o acusaram em 2023.<\/p>\n<p>Contexto<\/p>\n<p>As acusa\u00e7\u00f5es iniciais apontaram para ass\u00e9dio sexual, moral e extractivismo intelectual, envolvendo Boaventura de Sousa Santos, fundador do Centro de Estudos Sociais (CES). Em resposta, o acad\u00e9mico apresentou queixas-crime e uma a\u00e7\u00e3o c\u00edvel de tutela de personalidade.<\/p>\n","protected":false},"excerpt":{"rendered":"<ul>\n<li>O Minist\u00e9rio P\u00fablico arquivou as queixas-crime de inj\u00faria e difama\u00e7\u00e3o apresentadas por Boaventura de Sousa Santos contra as 13 investigadoras e estudantes do CES que o acusaram de ass\u00e9dio sexual, moral e extractivismo intelectual.<\/li>\n<li>O MP entendeu que n\u00e3o existiam ind\u00edcios suficientes de falsidade de depoimento por parte das arguidas e que Boaventura apenas colocou em crise os depoimentos, sem especificar em que medida seriam falsos.<\/li>\n<li>A queixa por inj\u00faria foi arquivada por ter passado o prazo de apresenta\u00e7\u00e3o, uma vez que as declara\u00e7\u00f5es referiam-se a junho de 2024 e o prazo terminava em 2024.<\/li>\n<li>Boaventura n\u00e3o foi ouvido pelo Minist\u00e9rio P\u00fablico, por motivos que n\u00e3o cabem aos procuradores.<\/li>\n<li>As acusa\u00e7\u00f5es originais contra Boaventura datam de 2023, quando 13 investigadoras e estudantes o acusaram de ass\u00e9dio sexual, moral e extractivismo intelectual, reagindo com queixas-crime e uma a\u00e7\u00e3o c\u00edvel.<\/li>\n<\/ul>\n","protected":false},"author":2,"featured_media":175545,"comment_status":"closed","ping_status":"closed","sticky":false,"template":"","format":"standard","meta":{"footnotes":""},"categories":[1],"tags":[3200,147,2442,847,215],"class_list":["post-175528","post","type-post","status-publish","format-standard","has-post-thumbnail","hentry","category-noticias","tag-assedio","tag-crime","tag-difamacao","tag-injuria-agravada","tag-investigacao"],"yoast_head":"<!-- This site is optimized with the Yoast SEO plugin v27.2 - https:\/\/yoast.com\/product\/yoast-seo-wordpress\/ -->\n<title>MP arquiva queixas apresentadas por Boaventura - Portal Tela Portugal<\/title>\n<meta name=\"robots\" content=\"index, follow, max-snippet:-1, max-image-preview:large, max-video-preview:-1\" \/>\n<meta property=\"og:locale\" content=\"pt_PT\" \/>\n<meta property=\"og:type\" content=\"article\" \/>\n<meta property=\"og:title\" content=\"MP arquiva queixas apresentadas por Boaventura - Portal Tela Portugal\" \/>\n<meta property=\"og:description\" content=\"O Minist\u00e9rio P\u00fablico arquivou as queixas-crime de inj\u00faria e difama\u00e7\u00e3o apresentadas por Boaventura de Sousa Santos contra as 13 investigadoras e estudantes do CES que o acusaram de ass\u00e9dio sexual, moral e extractivismo intelectual. O MP entendeu que n\u00e3o existiam ind\u00edcios suficientes de falsidade de depoimento por parte das arguidas e que Boaventura apenas colocou em crise os depoimentos, sem especificar em que medida seriam falsos. A queixa por inj\u00faria foi arquivada por ter passado o prazo de apresenta\u00e7\u00e3o, uma vez que as declara\u00e7\u00f5es referiam-se a junho de 2024 e o prazo terminava em 2024. Boaventura n\u00e3o foi ouvido pelo Minist\u00e9rio P\u00fablico, por motivos que n\u00e3o cabem aos procuradores. As acusa\u00e7\u00f5es originais contra Boaventura datam de 2023, quando 13 investigadoras e estudantes o acusaram de ass\u00e9dio sexual, moral e extractivismo intelectual, reagindo com queixas-crime e uma a\u00e7\u00e3o c\u00edvel.\" \/>\n<meta property=\"og:url\" content=\"https:\/\/portaltela.pt\/noticias\/2026\/01\/26\/mp-arquiva-queixas-apresentadas-por-boaventura\/\" \/>\n<meta property=\"og:site_name\" content=\"Portal Tela Portugal\" \/>\n<meta property=\"article:published_time\" content=\"2026-01-26T23:13:10+00:00\" \/>\n<meta name=\"author\" content=\"Telinha\" \/>\n<meta name=\"twitter:card\" content=\"summary_large_image\" \/>\n<meta name=\"twitter:label1\" content=\"Escrito por\" \/>\n\t<meta name=\"twitter:data1\" content=\"Telinha\" \/>\n\t<meta name=\"twitter:label2\" content=\"Tempo estimado de leitura\" \/>\n\t<meta name=\"twitter:data2\" content=\"1 minuto\" \/>\n<script type=\"application\/ld+json\" class=\"yoast-schema-graph\">{\"@context\":\"https:\/\/schema.org\",\"@graph\":[{\"@type\":\"Article\",\"@id\":\"https:\/\/portaltela.pt\/noticias\/2026\/01\/26\/mp-arquiva-queixas-apresentadas-por-boaventura\/#article\",\"isPartOf\":{\"@id\":\"https:\/\/portaltela.pt\/noticias\/2026\/01\/26\/mp-arquiva-queixas-apresentadas-por-boaventura\/\"},\"author\":{\"name\":\"Telinha\",\"@id\":\"https:\/\/portaltela.pt\/#\/schema\/person\/c4278d4a6028830caff9ee44b42d32ed\"},\"headline\":\"MP arquiva queixas apresentadas por Boaventura\",\"datePublished\":\"2026-01-26T23:13:10+00:00\",\"mainEntityOfPage\":{\"@id\":\"https:\/\/portaltela.pt\/noticias\/2026\/01\/26\/mp-arquiva-queixas-apresentadas-por-boaventura\/\"},\"wordCount\":201,\"image\":{\"@id\":\"https:\/\/portaltela.pt\/noticias\/2026\/01\/26\/mp-arquiva-queixas-apresentadas-por-boaventura\/#primaryimage\"},\"thumbnailUrl\":\"https:\/\/portaltela.pt\/s.01k8rhncp4jt1\/2026\/01\/unnamed-file-5408.jpg\",\"keywords\":[\"ass\u00e9dio\",\"crime\",\"difama\u00e7\u00e3o\",\"inj\u00faria agravada\",\"investiga\u00e7\u00e3o\"],\"articleSection\":[\"Not\u00edcias\"],\"inLanguage\":\"pt-PT\"},{\"@type\":\"WebPage\",\"@id\":\"https:\/\/portaltela.pt\/noticias\/2026\/01\/26\/mp-arquiva-queixas-apresentadas-por-boaventura\/\",\"url\":\"https:\/\/portaltela.pt\/noticias\/2026\/01\/26\/mp-arquiva-queixas-apresentadas-por-boaventura\/\",\"name\":\"MP arquiva queixas apresentadas por Boaventura - Portal Tela Portugal\",\"isPartOf\":{\"@id\":\"https:\/\/portaltela.pt\/#website\"},\"primaryImageOfPage\":{\"@id\":\"https:\/\/portaltela.pt\/noticias\/2026\/01\/26\/mp-arquiva-queixas-apresentadas-por-boaventura\/#primaryimage\"},\"image\":{\"@id\":\"https:\/\/portaltela.pt\/noticias\/2026\/01\/26\/mp-arquiva-queixas-apresentadas-por-boaventura\/#primaryimage\"},\"thumbnailUrl\":\"https:\/\/portaltela.pt\/s.01k8rhncp4jt1\/2026\/01\/unnamed-file-5408.jpg\",\"datePublished\":\"2026-01-26T23:13:10+00:00\",\"author\":{\"@id\":\"https:\/\/portaltela.pt\/#\/schema\/person\/c4278d4a6028830caff9ee44b42d32ed\"},\"breadcrumb\":{\"@id\":\"https:\/\/portaltela.pt\/noticias\/2026\/01\/26\/mp-arquiva-queixas-apresentadas-por-boaventura\/#breadcrumb\"},\"inLanguage\":\"pt-PT\",\"potentialAction\":[{\"@type\":\"ReadAction\",\"target\":[\"https:\/\/portaltela.pt\/noticias\/2026\/01\/26\/mp-arquiva-queixas-apresentadas-por-boaventura\/\"]}]},{\"@type\":\"ImageObject\",\"inLanguage\":\"pt-PT\",\"@id\":\"https:\/\/portaltela.pt\/noticias\/2026\/01\/26\/mp-arquiva-queixas-apresentadas-por-boaventura\/#primaryimage\",\"url\":\"https:\/\/portaltela.pt\/s.01k8rhncp4jt1\/2026\/01\/unnamed-file-5408.jpg\",\"contentUrl\":\"https:\/\/portaltela.pt\/s.01k8rhncp4jt1\/2026\/01\/unnamed-file-5408.jpg\",\"width\":796,\"height\":448,\"caption\":\"Photo\"},{\"@type\":\"BreadcrumbList\",\"@id\":\"https:\/\/portaltela.pt\/noticias\/2026\/01\/26\/mp-arquiva-queixas-apresentadas-por-boaventura\/#breadcrumb\",\"itemListElement\":[{\"@type\":\"ListItem\",\"position\":1,\"name\":\"In\u00edcio\",\"item\":\"https:\/\/portaltela.pt\/\"},{\"@type\":\"ListItem\",\"position\":2,\"name\":\"MP arquiva queixas apresentadas por Boaventura\"}]},{\"@type\":\"WebSite\",\"@id\":\"https:\/\/portaltela.pt\/#website\",\"url\":\"https:\/\/portaltela.pt\/\",\"name\":\"Portal Tela Portugal\",\"description\":\"\",\"potentialAction\":[{\"@type\":\"SearchAction\",\"target\":{\"@type\":\"EntryPoint\",\"urlTemplate\":\"https:\/\/portaltela.pt\/?s={search_term_string}\"},\"query-input\":{\"@type\":\"PropertyValueSpecification\",\"valueRequired\":true,\"valueName\":\"search_term_string\"}}],\"inLanguage\":\"pt-PT\"},{\"@type\":\"Person\",\"@id\":\"https:\/\/portaltela.pt\/#\/schema\/person\/c4278d4a6028830caff9ee44b42d32ed\",\"name\":\"Telinha\",\"image\":{\"@type\":\"ImageObject\",\"inLanguage\":\"pt-PT\",\"@id\":\"https:\/\/portaltela.pt\/s.01k8rhncp4jt1\/2025\/11\/talking-bot-125x125.png\",\"url\":\"https:\/\/portaltela.pt\/s.01k8rhncp4jt1\/2025\/11\/talking-bot-125x125.png\",\"contentUrl\":\"https:\/\/portaltela.pt\/s.01k8rhncp4jt1\/2025\/11\/talking-bot-125x125.png\",\"caption\":\"Telinha\"},\"sameAs\":[\"https:\/\/portaltela.pt\/\"],\"url\":\"https:\/\/portaltela.pt\/por\/367410592786\/\"}]}<\/script>\n<!-- \/ Yoast SEO plugin. -->","yoast_head_json":{"title":"MP arquiva queixas apresentadas por Boaventura - Portal Tela Portugal","robots":{"index":"index","follow":"follow","max-snippet":"max-snippet:-1","max-image-preview":"max-image-preview:large","max-video-preview":"max-video-preview:-1"},"og_locale":"pt_PT","og_type":"article","og_title":"MP arquiva queixas apresentadas por Boaventura - Portal Tela Portugal","og_description":"O Minist\u00e9rio P\u00fablico arquivou as queixas-crime de inj\u00faria e difama\u00e7\u00e3o apresentadas por Boaventura de Sousa Santos contra as 13 investigadoras e estudantes do CES que o acusaram de ass\u00e9dio sexual, moral e extractivismo intelectual. O MP entendeu que n\u00e3o existiam ind\u00edcios suficientes de falsidade de depoimento por parte das arguidas e que Boaventura apenas colocou em crise os depoimentos, sem especificar em que medida seriam falsos. A queixa por inj\u00faria foi arquivada por ter passado o prazo de apresenta\u00e7\u00e3o, uma vez que as declara\u00e7\u00f5es referiam-se a junho de 2024 e o prazo terminava em 2024. Boaventura n\u00e3o foi ouvido pelo Minist\u00e9rio P\u00fablico, por motivos que n\u00e3o cabem aos procuradores. As acusa\u00e7\u00f5es originais contra Boaventura datam de 2023, quando 13 investigadoras e estudantes o acusaram de ass\u00e9dio sexual, moral e extractivismo intelectual, reagindo com queixas-crime e uma a\u00e7\u00e3o c\u00edvel.","og_url":"https:\/\/portaltela.pt\/noticias\/2026\/01\/26\/mp-arquiva-queixas-apresentadas-por-boaventura\/","og_site_name":"Portal Tela Portugal","article_published_time":"2026-01-26T23:13:10+00:00","author":"Telinha","twitter_card":"summary_large_image","twitter_misc":{"Escrito por":"Telinha","Tempo estimado de leitura":"1 minuto"},"schema":{"@context":"https:\/\/schema.org","@graph":[{"@type":"Article","@id":"https:\/\/portaltela.pt\/noticias\/2026\/01\/26\/mp-arquiva-queixas-apresentadas-por-boaventura\/#article","isPartOf":{"@id":"https:\/\/portaltela.pt\/noticias\/2026\/01\/26\/mp-arquiva-queixas-apresentadas-por-boaventura\/"},"author":{"name":"Telinha","@id":"https:\/\/portaltela.pt\/#\/schema\/person\/c4278d4a6028830caff9ee44b42d32ed"},"headline":"MP arquiva queixas apresentadas por Boaventura","datePublished":"2026-01-26T23:13:10+00:00","mainEntityOfPage":{"@id":"https:\/\/portaltela.pt\/noticias\/2026\/01\/26\/mp-arquiva-queixas-apresentadas-por-boaventura\/"},"wordCount":201,"image":{"@id":"https:\/\/portaltela.pt\/noticias\/2026\/01\/26\/mp-arquiva-queixas-apresentadas-por-boaventura\/#primaryimage"},"thumbnailUrl":"https:\/\/portaltela.pt\/s.01k8rhncp4jt1\/2026\/01\/unnamed-file-5408.jpg","keywords":["ass\u00e9dio","crime","difama\u00e7\u00e3o","inj\u00faria agravada","investiga\u00e7\u00e3o"],"articleSection":["Not\u00edcias"],"inLanguage":"pt-PT"},{"@type":"WebPage","@id":"https:\/\/portaltela.pt\/noticias\/2026\/01\/26\/mp-arquiva-queixas-apresentadas-por-boaventura\/","url":"https:\/\/portaltela.pt\/noticias\/2026\/01\/26\/mp-arquiva-queixas-apresentadas-por-boaventura\/","name":"MP arquiva queixas apresentadas por Boaventura - Portal Tela Portugal","isPartOf":{"@id":"https:\/\/portaltela.pt\/#website"},"primaryImageOfPage":{"@id":"https:\/\/portaltela.pt\/noticias\/2026\/01\/26\/mp-arquiva-queixas-apresentadas-por-boaventura\/#primaryimage"},"image":{"@id":"https:\/\/portaltela.pt\/noticias\/2026\/01\/26\/mp-arquiva-queixas-apresentadas-por-boaventura\/#primaryimage"},"thumbnailUrl":"https:\/\/portaltela.pt\/s.01k8rhncp4jt1\/2026\/01\/unnamed-file-5408.jpg","datePublished":"2026-01-26T23:13:10+00:00","author":{"@id":"https:\/\/portaltela.pt\/#\/schema\/person\/c4278d4a6028830caff9ee44b42d32ed"},"breadcrumb":{"@id":"https:\/\/portaltela.pt\/noticias\/2026\/01\/26\/mp-arquiva-queixas-apresentadas-por-boaventura\/#breadcrumb"},"inLanguage":"pt-PT","potentialAction":[{"@type":"ReadAction","target":["https:\/\/portaltela.pt\/noticias\/2026\/01\/26\/mp-arquiva-queixas-apresentadas-por-boaventura\/"]}]},{"@type":"ImageObject","inLanguage":"pt-PT","@id":"https:\/\/portaltela.pt\/noticias\/2026\/01\/26\/mp-arquiva-queixas-apresentadas-por-boaventura\/#primaryimage","url":"https:\/\/portaltela.pt\/s.01k8rhncp4jt1\/2026\/01\/unnamed-file-5408.jpg","contentUrl":"https:\/\/portaltela.pt\/s.01k8rhncp4jt1\/2026\/01\/unnamed-file-5408.jpg","width":796,"height":448,"caption":"Photo"},{"@type":"BreadcrumbList","@id":"https:\/\/portaltela.pt\/noticias\/2026\/01\/26\/mp-arquiva-queixas-apresentadas-por-boaventura\/#breadcrumb","itemListElement":[{"@type":"ListItem","position":1,"name":"In\u00edcio","item":"https:\/\/portaltela.pt\/"},{"@type":"ListItem","position":2,"name":"MP arquiva queixas apresentadas por Boaventura"}]},{"@type":"WebSite","@id":"https:\/\/portaltela.pt\/#website","url":"https:\/\/portaltela.pt\/","name":"Portal Tela Portugal","description":"","potentialAction":[{"@type":"SearchAction","target":{"@type":"EntryPoint","urlTemplate":"https:\/\/portaltela.pt\/?s={search_term_string}"},"query-input":{"@type":"PropertyValueSpecification","valueRequired":true,"valueName":"search_term_string"}}],"inLanguage":"pt-PT"},{"@type":"Person","@id":"https:\/\/portaltela.pt\/#\/schema\/person\/c4278d4a6028830caff9ee44b42d32ed","name":"Telinha","image":{"@type":"ImageObject","inLanguage":"pt-PT","@id":"https:\/\/portaltela.pt\/s.01k8rhncp4jt1\/2025\/11\/talking-bot-125x125.png","url":"https:\/\/portaltela.pt\/s.01k8rhncp4jt1\/2025\/11\/talking-bot-125x125.png","contentUrl":"https:\/\/portaltela.pt\/s.01k8rhncp4jt1\/2025\/11\/talking-bot-125x125.png","caption":"Telinha"},"sameAs":["https:\/\/portaltela.pt\/"],"url":"https:\/\/portaltela.pt\/por\/367410592786\/"}]}},"_links":{"self":[{"href":"https:\/\/portaltela.pt\/api\/wp\/v2\/posts\/175528","targetHints":{"allow":["GET"]}}],"collection":[{"href":"https:\/\/portaltela.pt\/api\/wp\/v2\/posts"}],"about":[{"href":"https:\/\/portaltela.pt\/api\/wp\/v2\/types\/post"}],"author":[{"embeddable":true,"href":"https:\/\/portaltela.pt\/api\/wp\/v2\/users\/2"}],"replies":[{"embeddable":true,"href":"https:\/\/portaltela.pt\/api\/wp\/v2\/comments?post=175528"}],"version-history":[{"count":0,"href":"https:\/\/portaltela.pt\/api\/wp\/v2\/posts\/175528\/revisions"}],"wp:featuredmedia":[{"embeddable":true,"href":"https:\/\/portaltela.pt\/api\/wp\/v2\/media\/175545"}],"wp:attachment":[{"href":"https:\/\/portaltela.pt\/api\/wp\/v2\/media?parent=175528"}],"wp:term":[{"taxonomy":"category","embeddable":true,"href":"https:\/\/portaltela.pt\/api\/wp\/v2\/categories?post=175528"},{"taxonomy":"post_tag","embeddable":true,"href":"https:\/\/portaltela.pt\/api\/wp\/v2\/tags?post=175528"}],"curies":[{"name":"wp","href":"https:\/\/api.w.org\/{rel}","templated":true}]}}