{"id":175527,"date":"2026-01-26T20:10:51","date_gmt":"2026-01-26T23:10:51","guid":{"rendered":"https:\/\/portaltela.pt\/noticias\/2026\/01\/26\/igas-abre-inquerito-ao-presidente-do-inem\/"},"modified":"2026-01-26T20:10:51","modified_gmt":"2026-01-26T23:10:51","slug":"igas-abre-inquerito-ao-presidente-do-inem","status":"publish","type":"post","link":"https:\/\/portaltela.pt\/noticias\/2026\/01\/26\/igas-abre-inquerito-ao-presidente-do-inem\/","title":{"rendered":"IGAS abre inqu\u00e9rito ao presidente do INEM"},"content":{"rendered":"<p>A IGAS abriu um processo de esclarecimento ao presidente do INEM, Lu\u00eds Cabral, em janeiro de 2026, ap\u00f3s den\u00fancias de que dormia no gabinete da sede em Lisboa. A informa\u00e7\u00e3o surge publicada pela CNN Portugal, citando a queixa recebida.<\/p>\n<p>A queixa sustenta que Cabral utiliza bens p\u00fablicos para fins privados, motivo pelo qual o inspetor-geral da Sa\u00fade, Carlos Carapeto, pediu a averigua\u00e7\u00e3o. O objetivo \u00e9 perceber se houve uso indevido de recursos da institui\u00e7\u00e3o.<\/p>\n<p>O presidente do INEM foi nomeado para o cargo no final do \u00faltimo ano, o que impliou a sua desloca\u00e7\u00e3o dos A\u00e7ores para a capital. O processo visa esclarecer os factos relatados e apurar a veracidade das alega\u00e7\u00f5es.<\/p>\n","protected":false},"excerpt":{"rendered":"<ul>\n<li>A Inspe\u00e7\u00e3o-geral das Atividades em Sa\u00fade (IGAS) abriu um processo ao presidente do INEM, Lu\u00eds Cabral.<\/li>\n<li>A decis\u00e3o ocorreu ap\u00f3s den\u00fancias de que Cabral dormia na sede do organismo, no centro de Lisboa.<\/li>\n<li>O inspetor-geral da Sa\u00fade, Carlos Carapeto, pediu um processo de esclarecimento para perceber se o presidente utiliza bens p\u00fablicos para fins privados.<\/li>\n<li>Lu\u00eds Cabral foi nomeado para o cargo no final do ano passado, o que implicou a sua desloca\u00e7\u00e3o dos A\u00e7ores para a capital.<\/li>\n<li>A informa\u00e7\u00e3o foi avan\u00e7ada pela CNN Portugal, que cita a queixa recebida.<\/li>\n<\/ul>\n","protected":false},"author":2,"featured_media":175537,"comment_status":"closed","ping_status":"closed","sticky":false,"template":"","format":"standard","meta":{"footnotes":""},"categories":[1],"tags":[34,1922,3680,215,4400,133],"class_list":["post-175527","post","type-post","status-publish","format-standard","has-post-thumbnail","hentry","category-noticias","tag-governo","tag-inem","tag-inspecao-geral-da-saude","tag-investigacao","tag-organizacoes-publicas","tag-politicas-publicas"],"yoast_head":"<!-- This site is optimized with the Yoast SEO plugin v27.2 - https:\/\/yoast.com\/product\/yoast-seo-wordpress\/ -->\n<title>IGAS abre inqu\u00e9rito ao presidente do INEM - Portal Tela Portugal<\/title>\n<meta name=\"robots\" content=\"index, follow, max-snippet:-1, max-image-preview:large, max-video-preview:-1\" \/>\n<meta property=\"og:locale\" content=\"pt_PT\" \/>\n<meta property=\"og:type\" content=\"article\" \/>\n<meta property=\"og:title\" content=\"IGAS abre inqu\u00e9rito ao presidente do INEM - Portal Tela Portugal\" \/>\n<meta property=\"og:description\" content=\"A Inspe\u00e7\u00e3o-geral das Atividades em Sa\u00fade (IGAS) abriu um processo ao presidente do INEM, Lu\u00eds Cabral. A decis\u00e3o ocorreu ap\u00f3s den\u00fancias de que Cabral dormia na sede do organismo, no centro de Lisboa. O inspetor-geral da Sa\u00fade, Carlos Carapeto, pediu um processo de esclarecimento para perceber se o presidente utiliza bens p\u00fablicos para fins privados. Lu\u00eds Cabral foi nomeado para o cargo no final do ano passado, o que implicou a sua desloca\u00e7\u00e3o dos A\u00e7ores para a capital. A informa\u00e7\u00e3o foi avan\u00e7ada pela CNN Portugal, que cita a queixa recebida.\" \/>\n<meta property=\"og:url\" content=\"https:\/\/portaltela.pt\/noticias\/2026\/01\/26\/igas-abre-inquerito-ao-presidente-do-inem\/\" \/>\n<meta property=\"og:site_name\" content=\"Portal Tela Portugal\" \/>\n<meta property=\"article:published_time\" content=\"2026-01-26T23:10:51+00:00\" \/>\n<meta name=\"author\" content=\"Telinha\" \/>\n<meta name=\"twitter:card\" content=\"summary_large_image\" \/>\n<meta name=\"twitter:label1\" content=\"Escrito por\" \/>\n\t<meta name=\"twitter:data1\" content=\"Telinha\" \/>\n\t<meta name=\"twitter:label2\" content=\"Tempo estimado de leitura\" \/>\n\t<meta name=\"twitter:data2\" content=\"1 minuto\" \/>\n<script type=\"application\/ld+json\" class=\"yoast-schema-graph\">{\"@context\":\"https:\/\/schema.org\",\"@graph\":[{\"@type\":\"Article\",\"@id\":\"https:\/\/portaltela.pt\/noticias\/2026\/01\/26\/igas-abre-inquerito-ao-presidente-do-inem\/#article\",\"isPartOf\":{\"@id\":\"https:\/\/portaltela.pt\/noticias\/2026\/01\/26\/igas-abre-inquerito-ao-presidente-do-inem\/\"},\"author\":{\"name\":\"Telinha\",\"@id\":\"https:\/\/portaltela.pt\/#\/schema\/person\/c4278d4a6028830caff9ee44b42d32ed\"},\"headline\":\"IGAS abre inqu\u00e9rito ao presidente do INEM\",\"datePublished\":\"2026-01-26T23:10:51+00:00\",\"mainEntityOfPage\":{\"@id\":\"https:\/\/portaltela.pt\/noticias\/2026\/01\/26\/igas-abre-inquerito-ao-presidente-do-inem\/\"},\"wordCount\":129,\"image\":{\"@id\":\"https:\/\/portaltela.pt\/noticias\/2026\/01\/26\/igas-abre-inquerito-ao-presidente-do-inem\/#primaryimage\"},\"thumbnailUrl\":\"https:\/\/portaltela.pt\/s.01k8rhncp4jt1\/2026\/01\/unnamed-file-5407.jpg\",\"keywords\":[\"governo\",\"INEM\",\"Inspe\u00e7\u00e3o Geral da Sa\u00fade\",\"investiga\u00e7\u00e3o\",\"organiza\u00e7\u00f5es p\u00fablicas\",\"pol\u00edticas p\u00fablicas\"],\"articleSection\":[\"Not\u00edcias\"],\"inLanguage\":\"pt-PT\"},{\"@type\":\"WebPage\",\"@id\":\"https:\/\/portaltela.pt\/noticias\/2026\/01\/26\/igas-abre-inquerito-ao-presidente-do-inem\/\",\"url\":\"https:\/\/portaltela.pt\/noticias\/2026\/01\/26\/igas-abre-inquerito-ao-presidente-do-inem\/\",\"name\":\"IGAS abre inqu\u00e9rito ao presidente do INEM - Portal Tela Portugal\",\"isPartOf\":{\"@id\":\"https:\/\/portaltela.pt\/#website\"},\"primaryImageOfPage\":{\"@id\":\"https:\/\/portaltela.pt\/noticias\/2026\/01\/26\/igas-abre-inquerito-ao-presidente-do-inem\/#primaryimage\"},\"image\":{\"@id\":\"https:\/\/portaltela.pt\/noticias\/2026\/01\/26\/igas-abre-inquerito-ao-presidente-do-inem\/#primaryimage\"},\"thumbnailUrl\":\"https:\/\/portaltela.pt\/s.01k8rhncp4jt1\/2026\/01\/unnamed-file-5407.jpg\",\"datePublished\":\"2026-01-26T23:10:51+00:00\",\"author\":{\"@id\":\"https:\/\/portaltela.pt\/#\/schema\/person\/c4278d4a6028830caff9ee44b42d32ed\"},\"breadcrumb\":{\"@id\":\"https:\/\/portaltela.pt\/noticias\/2026\/01\/26\/igas-abre-inquerito-ao-presidente-do-inem\/#breadcrumb\"},\"inLanguage\":\"pt-PT\",\"potentialAction\":[{\"@type\":\"ReadAction\",\"target\":[\"https:\/\/portaltela.pt\/noticias\/2026\/01\/26\/igas-abre-inquerito-ao-presidente-do-inem\/\"]}]},{\"@type\":\"ImageObject\",\"inLanguage\":\"pt-PT\",\"@id\":\"https:\/\/portaltela.pt\/noticias\/2026\/01\/26\/igas-abre-inquerito-ao-presidente-do-inem\/#primaryimage\",\"url\":\"https:\/\/portaltela.pt\/s.01k8rhncp4jt1\/2026\/01\/unnamed-file-5407.jpg\",\"contentUrl\":\"https:\/\/portaltela.pt\/s.01k8rhncp4jt1\/2026\/01\/unnamed-file-5407.jpg\",\"width\":796,\"height\":448,\"caption\":\"IGAS abre inqu\u00e9rito ao presidente do INEM\"},{\"@type\":\"BreadcrumbList\",\"@id\":\"https:\/\/portaltela.pt\/noticias\/2026\/01\/26\/igas-abre-inquerito-ao-presidente-do-inem\/#breadcrumb\",\"itemListElement\":[{\"@type\":\"ListItem\",\"position\":1,\"name\":\"In\u00edcio\",\"item\":\"https:\/\/portaltela.pt\/\"},{\"@type\":\"ListItem\",\"position\":2,\"name\":\"IGAS abre inqu\u00e9rito ao presidente do INEM\"}]},{\"@type\":\"WebSite\",\"@id\":\"https:\/\/portaltela.pt\/#website\",\"url\":\"https:\/\/portaltela.pt\/\",\"name\":\"Portal Tela Portugal\",\"description\":\"\",\"potentialAction\":[{\"@type\":\"SearchAction\",\"target\":{\"@type\":\"EntryPoint\",\"urlTemplate\":\"https:\/\/portaltela.pt\/?s={search_term_string}\"},\"query-input\":{\"@type\":\"PropertyValueSpecification\",\"valueRequired\":true,\"valueName\":\"search_term_string\"}}],\"inLanguage\":\"pt-PT\"},{\"@type\":\"Person\",\"@id\":\"https:\/\/portaltela.pt\/#\/schema\/person\/c4278d4a6028830caff9ee44b42d32ed\",\"name\":\"Telinha\",\"image\":{\"@type\":\"ImageObject\",\"inLanguage\":\"pt-PT\",\"@id\":\"https:\/\/portaltela.pt\/s.01k8rhncp4jt1\/2025\/11\/talking-bot-125x125.png\",\"url\":\"https:\/\/portaltela.pt\/s.01k8rhncp4jt1\/2025\/11\/talking-bot-125x125.png\",\"contentUrl\":\"https:\/\/portaltela.pt\/s.01k8rhncp4jt1\/2025\/11\/talking-bot-125x125.png\",\"caption\":\"Telinha\"},\"sameAs\":[\"https:\/\/portaltela.pt\/\"],\"url\":\"https:\/\/portaltela.pt\/por\/367410592786\/\"}]}<\/script>\n<!-- \/ Yoast SEO plugin. -->","yoast_head_json":{"title":"IGAS abre inqu\u00e9rito ao presidente do INEM - Portal Tela Portugal","robots":{"index":"index","follow":"follow","max-snippet":"max-snippet:-1","max-image-preview":"max-image-preview:large","max-video-preview":"max-video-preview:-1"},"og_locale":"pt_PT","og_type":"article","og_title":"IGAS abre inqu\u00e9rito ao presidente do INEM - Portal Tela Portugal","og_description":"A Inspe\u00e7\u00e3o-geral das Atividades em Sa\u00fade (IGAS) abriu um processo ao presidente do INEM, Lu\u00eds Cabral. A decis\u00e3o ocorreu ap\u00f3s den\u00fancias de que Cabral dormia na sede do organismo, no centro de Lisboa. O inspetor-geral da Sa\u00fade, Carlos Carapeto, pediu um processo de esclarecimento para perceber se o presidente utiliza bens p\u00fablicos para fins privados. Lu\u00eds Cabral foi nomeado para o cargo no final do ano passado, o que implicou a sua desloca\u00e7\u00e3o dos A\u00e7ores para a capital. A informa\u00e7\u00e3o foi avan\u00e7ada pela CNN Portugal, que cita a queixa recebida.","og_url":"https:\/\/portaltela.pt\/noticias\/2026\/01\/26\/igas-abre-inquerito-ao-presidente-do-inem\/","og_site_name":"Portal Tela Portugal","article_published_time":"2026-01-26T23:10:51+00:00","author":"Telinha","twitter_card":"summary_large_image","twitter_misc":{"Escrito por":"Telinha","Tempo estimado de leitura":"1 minuto"},"schema":{"@context":"https:\/\/schema.org","@graph":[{"@type":"Article","@id":"https:\/\/portaltela.pt\/noticias\/2026\/01\/26\/igas-abre-inquerito-ao-presidente-do-inem\/#article","isPartOf":{"@id":"https:\/\/portaltela.pt\/noticias\/2026\/01\/26\/igas-abre-inquerito-ao-presidente-do-inem\/"},"author":{"name":"Telinha","@id":"https:\/\/portaltela.pt\/#\/schema\/person\/c4278d4a6028830caff9ee44b42d32ed"},"headline":"IGAS abre inqu\u00e9rito ao presidente do INEM","datePublished":"2026-01-26T23:10:51+00:00","mainEntityOfPage":{"@id":"https:\/\/portaltela.pt\/noticias\/2026\/01\/26\/igas-abre-inquerito-ao-presidente-do-inem\/"},"wordCount":129,"image":{"@id":"https:\/\/portaltela.pt\/noticias\/2026\/01\/26\/igas-abre-inquerito-ao-presidente-do-inem\/#primaryimage"},"thumbnailUrl":"https:\/\/portaltela.pt\/s.01k8rhncp4jt1\/2026\/01\/unnamed-file-5407.jpg","keywords":["governo","INEM","Inspe\u00e7\u00e3o Geral da Sa\u00fade","investiga\u00e7\u00e3o","organiza\u00e7\u00f5es p\u00fablicas","pol\u00edticas p\u00fablicas"],"articleSection":["Not\u00edcias"],"inLanguage":"pt-PT"},{"@type":"WebPage","@id":"https:\/\/portaltela.pt\/noticias\/2026\/01\/26\/igas-abre-inquerito-ao-presidente-do-inem\/","url":"https:\/\/portaltela.pt\/noticias\/2026\/01\/26\/igas-abre-inquerito-ao-presidente-do-inem\/","name":"IGAS abre inqu\u00e9rito ao presidente do INEM - Portal Tela Portugal","isPartOf":{"@id":"https:\/\/portaltela.pt\/#website"},"primaryImageOfPage":{"@id":"https:\/\/portaltela.pt\/noticias\/2026\/01\/26\/igas-abre-inquerito-ao-presidente-do-inem\/#primaryimage"},"image":{"@id":"https:\/\/portaltela.pt\/noticias\/2026\/01\/26\/igas-abre-inquerito-ao-presidente-do-inem\/#primaryimage"},"thumbnailUrl":"https:\/\/portaltela.pt\/s.01k8rhncp4jt1\/2026\/01\/unnamed-file-5407.jpg","datePublished":"2026-01-26T23:10:51+00:00","author":{"@id":"https:\/\/portaltela.pt\/#\/schema\/person\/c4278d4a6028830caff9ee44b42d32ed"},"breadcrumb":{"@id":"https:\/\/portaltela.pt\/noticias\/2026\/01\/26\/igas-abre-inquerito-ao-presidente-do-inem\/#breadcrumb"},"inLanguage":"pt-PT","potentialAction":[{"@type":"ReadAction","target":["https:\/\/portaltela.pt\/noticias\/2026\/01\/26\/igas-abre-inquerito-ao-presidente-do-inem\/"]}]},{"@type":"ImageObject","inLanguage":"pt-PT","@id":"https:\/\/portaltela.pt\/noticias\/2026\/01\/26\/igas-abre-inquerito-ao-presidente-do-inem\/#primaryimage","url":"https:\/\/portaltela.pt\/s.01k8rhncp4jt1\/2026\/01\/unnamed-file-5407.jpg","contentUrl":"https:\/\/portaltela.pt\/s.01k8rhncp4jt1\/2026\/01\/unnamed-file-5407.jpg","width":796,"height":448,"caption":"IGAS abre inqu\u00e9rito ao presidente do INEM"},{"@type":"BreadcrumbList","@id":"https:\/\/portaltela.pt\/noticias\/2026\/01\/26\/igas-abre-inquerito-ao-presidente-do-inem\/#breadcrumb","itemListElement":[{"@type":"ListItem","position":1,"name":"In\u00edcio","item":"https:\/\/portaltela.pt\/"},{"@type":"ListItem","position":2,"name":"IGAS abre inqu\u00e9rito ao presidente do INEM"}]},{"@type":"WebSite","@id":"https:\/\/portaltela.pt\/#website","url":"https:\/\/portaltela.pt\/","name":"Portal Tela Portugal","description":"","potentialAction":[{"@type":"SearchAction","target":{"@type":"EntryPoint","urlTemplate":"https:\/\/portaltela.pt\/?s={search_term_string}"},"query-input":{"@type":"PropertyValueSpecification","valueRequired":true,"valueName":"search_term_string"}}],"inLanguage":"pt-PT"},{"@type":"Person","@id":"https:\/\/portaltela.pt\/#\/schema\/person\/c4278d4a6028830caff9ee44b42d32ed","name":"Telinha","image":{"@type":"ImageObject","inLanguage":"pt-PT","@id":"https:\/\/portaltela.pt\/s.01k8rhncp4jt1\/2025\/11\/talking-bot-125x125.png","url":"https:\/\/portaltela.pt\/s.01k8rhncp4jt1\/2025\/11\/talking-bot-125x125.png","contentUrl":"https:\/\/portaltela.pt\/s.01k8rhncp4jt1\/2025\/11\/talking-bot-125x125.png","caption":"Telinha"},"sameAs":["https:\/\/portaltela.pt\/"],"url":"https:\/\/portaltela.pt\/por\/367410592786\/"}]}},"_links":{"self":[{"href":"https:\/\/portaltela.pt\/api\/wp\/v2\/posts\/175527","targetHints":{"allow":["GET"]}}],"collection":[{"href":"https:\/\/portaltela.pt\/api\/wp\/v2\/posts"}],"about":[{"href":"https:\/\/portaltela.pt\/api\/wp\/v2\/types\/post"}],"author":[{"embeddable":true,"href":"https:\/\/portaltela.pt\/api\/wp\/v2\/users\/2"}],"replies":[{"embeddable":true,"href":"https:\/\/portaltela.pt\/api\/wp\/v2\/comments?post=175527"}],"version-history":[{"count":0,"href":"https:\/\/portaltela.pt\/api\/wp\/v2\/posts\/175527\/revisions"}],"wp:featuredmedia":[{"embeddable":true,"href":"https:\/\/portaltela.pt\/api\/wp\/v2\/media\/175537"}],"wp:attachment":[{"href":"https:\/\/portaltela.pt\/api\/wp\/v2\/media?parent=175527"}],"wp:term":[{"taxonomy":"category","embeddable":true,"href":"https:\/\/portaltela.pt\/api\/wp\/v2\/categories?post=175527"},{"taxonomy":"post_tag","embeddable":true,"href":"https:\/\/portaltela.pt\/api\/wp\/v2\/tags?post=175527"}],"curies":[{"name":"wp","href":"https:\/\/api.w.org\/{rel}","templated":true}]}}