{"id":175512,"date":"2026-01-26T20:38:00","date_gmt":"2026-01-26T23:38:00","guid":{"rendered":"https:\/\/portaltela.pt\/noticias\/2026\/01\/26\/suspeito-de-atacar-ex-namorada-com-acido-afirma-ter-sido-sequestrado\/"},"modified":"2026-01-26T20:38:00","modified_gmt":"2026-01-26T23:38:00","slug":"suspeito-de-atacar-ex-namorada-com-acido-afirma-ter-sido-sequestrado","status":"publish","type":"post","link":"https:\/\/portaltela.pt\/noticias\/2026\/01\/26\/suspeito-de-atacar-ex-namorada-com-acido-afirma-ter-sido-sequestrado\/","title":{"rendered":"Suspeito de atacar ex-namorada com \u00e1cido afirma ter sido sequestrado"},"content":{"rendered":"<p>O suspeito de ter atacado com \u00e1cido a ex-namorada numa rua de Alfena, Valongo, afirmou ter sido sequestrado. O incidente ocorreu na passada quarta-feira, segundo o Minist\u00e9rio P\u00fablico. A mulher, de 39 anos, sofreu queimaduras no rosto e no peito.<\/p>\n<p>O homem, de 44 anos, foi encontrado na berma de uma estrada em Valdigem, Lamego, no final da tarde de domingo, com as m\u00e3os amarradas e marcas de agress\u00f5es. Relatou \u00e0s autoridades que tinha sido sequestrado e levado para o hospital. N\u00e3o chegou a ser detido.<\/p>\n<p>A GNR de Lamego confirmou o encontro e acionou a PJ de Vila Real. O estado do suspeito n\u00e3o necessitou de internamento. A v\u00edtima foi encaminhada para o Hospital de S. Jo\u00e3o, no Porto, onde recebeu tratamento.<\/p>\n<h3>Investiga\u00e7\u00e3o em curso<\/h3>\n<p>De acordo com fontes da GNR, a busca pelo suspeito j\u00e1 estava em curso na regi\u00e3o de Tabua\u00e7o, onde o homem ter\u00e1 morada. O caso mant\u00e9m-se em investiga\u00e7\u00e3o para determinar responsabilidades e circunst\u00e2ncias do ataque.<\/p>\n","protected":false},"excerpt":{"rendered":"<ul>\n<li>Suspeito de atacar com \u00e1cido a ex-namorada em Alfena, Valongo, foi encontrado amarrado numa berma numa estrada em Lamego, no domingo.<\/li>\n<li>O homem, de 44 anos com antecedentes por viol\u00eancia dom\u00e9stica, alegou ter sido sequestrado e levado para o hospital, com ferimentos sem gravidade.<\/li>\n<li>A GNR de Lamego acionou a Pol\u00edcia Judici\u00e1ria de Vila Real, que investiga o caso.<\/li>\n<li>O indiv\u00edduo foi encontrado por um popular, estava consciente e n\u00e3o ficou detido, tendo recebido alta no hospital.<\/li>\n<li>A v\u00edtima, de 39 anos, sofreu queimaduras na face e no peito e foi encaminhada para o Hospital de S. Jo\u00e3o, no Porto; a pol\u00edcia j\u00e1 investigava a origem da agress\u00e3o e a morada do suspeito em Tabua\u00e7o.<\/li>\n<\/ul>\n","protected":false},"author":2,"featured_media":175515,"comment_status":"closed","ping_status":"closed","sticky":false,"template":"","format":"standard","meta":{"footnotes":""},"categories":[1],"tags":[2754,2079,3748,217,1244,214],"class_list":["post-175512","post","type-post","status-publish","format-standard","has-post-thumbnail","hentry","category-noticias","tag-agressao","tag-agressoes","tag-alfena","tag-investigacao-criminal","tag-valongo","tag-violencia-domestica"],"yoast_head":"<!-- This site is optimized with the Yoast SEO plugin v27.2 - https:\/\/yoast.com\/product\/yoast-seo-wordpress\/ -->\n<title>Suspeito de atacar ex-namorada com \u00e1cido afirma ter sido sequestrado - Portal Tela Portugal<\/title>\n<meta name=\"robots\" content=\"index, follow, max-snippet:-1, max-image-preview:large, max-video-preview:-1\" \/>\n<meta property=\"og:locale\" content=\"pt_PT\" \/>\n<meta property=\"og:type\" content=\"article\" \/>\n<meta property=\"og:title\" content=\"Suspeito de atacar ex-namorada com \u00e1cido afirma ter sido sequestrado - Portal Tela Portugal\" \/>\n<meta property=\"og:description\" content=\"Suspeito de atacar com \u00e1cido a ex-namorada em Alfena, Valongo, foi encontrado amarrado numa berma numa estrada em Lamego, no domingo. O homem, de 44 anos com antecedentes por viol\u00eancia dom\u00e9stica, alegou ter sido sequestrado e levado para o hospital, com ferimentos sem gravidade. A GNR de Lamego acionou a Pol\u00edcia Judici\u00e1ria de Vila Real, que investiga o caso. O indiv\u00edduo foi encontrado por um popular, estava consciente e n\u00e3o ficou detido, tendo recebido alta no hospital. A v\u00edtima, de 39 anos, sofreu queimaduras na face e no peito e foi encaminhada para o Hospital de S. Jo\u00e3o, no Porto; a pol\u00edcia j\u00e1 investigava a origem da agress\u00e3o e a morada do suspeito em Tabua\u00e7o.\" \/>\n<meta property=\"og:url\" content=\"https:\/\/portaltela.pt\/noticias\/2026\/01\/26\/suspeito-de-atacar-ex-namorada-com-acido-afirma-ter-sido-sequestrado\/\" \/>\n<meta property=\"og:site_name\" content=\"Portal Tela Portugal\" \/>\n<meta property=\"article:published_time\" content=\"2026-01-26T23:38:00+00:00\" \/>\n<meta name=\"author\" content=\"Telinha\" \/>\n<meta name=\"twitter:card\" content=\"summary_large_image\" \/>\n<meta name=\"twitter:label1\" content=\"Escrito por\" \/>\n\t<meta name=\"twitter:data1\" content=\"Telinha\" \/>\n\t<meta name=\"twitter:label2\" content=\"Tempo estimado de leitura\" \/>\n\t<meta name=\"twitter:data2\" content=\"1 minuto\" \/>\n<script type=\"application\/ld+json\" class=\"yoast-schema-graph\">{\"@context\":\"https:\/\/schema.org\",\"@graph\":[{\"@type\":\"Article\",\"@id\":\"https:\/\/portaltela.pt\/noticias\/2026\/01\/26\/suspeito-de-atacar-ex-namorada-com-acido-afirma-ter-sido-sequestrado\/#article\",\"isPartOf\":{\"@id\":\"https:\/\/portaltela.pt\/noticias\/2026\/01\/26\/suspeito-de-atacar-ex-namorada-com-acido-afirma-ter-sido-sequestrado\/\"},\"author\":{\"name\":\"Telinha\",\"@id\":\"https:\/\/portaltela.pt\/#\/schema\/person\/c4278d4a6028830caff9ee44b42d32ed\"},\"headline\":\"Suspeito de atacar ex-namorada com \u00e1cido afirma ter sido sequestrado\",\"datePublished\":\"2026-01-26T23:38:00+00:00\",\"mainEntityOfPage\":{\"@id\":\"https:\/\/portaltela.pt\/noticias\/2026\/01\/26\/suspeito-de-atacar-ex-namorada-com-acido-afirma-ter-sido-sequestrado\/\"},\"wordCount\":183,\"image\":{\"@id\":\"https:\/\/portaltela.pt\/noticias\/2026\/01\/26\/suspeito-de-atacar-ex-namorada-com-acido-afirma-ter-sido-sequestrado\/#primaryimage\"},\"thumbnailUrl\":\"https:\/\/portaltela.pt\/s.01k8rhncp4jt1\/2026\/01\/image-1814.jpg\",\"keywords\":[\"agress\u00e3o\",\"agress\u00f5es\",\"Alfena\",\"investiga\u00e7\u00e3o criminal\",\"Valongo\",\"viol\u00eancia dom\u00e9stica\"],\"articleSection\":[\"Not\u00edcias\"],\"inLanguage\":\"pt-PT\"},{\"@type\":\"WebPage\",\"@id\":\"https:\/\/portaltela.pt\/noticias\/2026\/01\/26\/suspeito-de-atacar-ex-namorada-com-acido-afirma-ter-sido-sequestrado\/\",\"url\":\"https:\/\/portaltela.pt\/noticias\/2026\/01\/26\/suspeito-de-atacar-ex-namorada-com-acido-afirma-ter-sido-sequestrado\/\",\"name\":\"Suspeito de atacar ex-namorada com \u00e1cido afirma ter sido sequestrado - Portal Tela Portugal\",\"isPartOf\":{\"@id\":\"https:\/\/portaltela.pt\/#website\"},\"primaryImageOfPage\":{\"@id\":\"https:\/\/portaltela.pt\/noticias\/2026\/01\/26\/suspeito-de-atacar-ex-namorada-com-acido-afirma-ter-sido-sequestrado\/#primaryimage\"},\"image\":{\"@id\":\"https:\/\/portaltela.pt\/noticias\/2026\/01\/26\/suspeito-de-atacar-ex-namorada-com-acido-afirma-ter-sido-sequestrado\/#primaryimage\"},\"thumbnailUrl\":\"https:\/\/portaltela.pt\/s.01k8rhncp4jt1\/2026\/01\/image-1814.jpg\",\"datePublished\":\"2026-01-26T23:38:00+00:00\",\"author\":{\"@id\":\"https:\/\/portaltela.pt\/#\/schema\/person\/c4278d4a6028830caff9ee44b42d32ed\"},\"breadcrumb\":{\"@id\":\"https:\/\/portaltela.pt\/noticias\/2026\/01\/26\/suspeito-de-atacar-ex-namorada-com-acido-afirma-ter-sido-sequestrado\/#breadcrumb\"},\"inLanguage\":\"pt-PT\",\"potentialAction\":[{\"@type\":\"ReadAction\",\"target\":[\"https:\/\/portaltela.pt\/noticias\/2026\/01\/26\/suspeito-de-atacar-ex-namorada-com-acido-afirma-ter-sido-sequestrado\/\"]}]},{\"@type\":\"ImageObject\",\"inLanguage\":\"pt-PT\",\"@id\":\"https:\/\/portaltela.pt\/noticias\/2026\/01\/26\/suspeito-de-atacar-ex-namorada-com-acido-afirma-ter-sido-sequestrado\/#primaryimage\",\"url\":\"https:\/\/portaltela.pt\/s.01k8rhncp4jt1\/2026\/01\/image-1814.jpg\",\"contentUrl\":\"https:\/\/portaltela.pt\/s.01k8rhncp4jt1\/2026\/01\/image-1814.jpg\",\"width\":796,\"height\":448,\"caption\":\"O homem foi assistido no Hospital de Vila Real\"},{\"@type\":\"BreadcrumbList\",\"@id\":\"https:\/\/portaltela.pt\/noticias\/2026\/01\/26\/suspeito-de-atacar-ex-namorada-com-acido-afirma-ter-sido-sequestrado\/#breadcrumb\",\"itemListElement\":[{\"@type\":\"ListItem\",\"position\":1,\"name\":\"In\u00edcio\",\"item\":\"https:\/\/portaltela.pt\/\"},{\"@type\":\"ListItem\",\"position\":2,\"name\":\"Suspeito de atacar ex-namorada com \u00e1cido afirma ter sido sequestrado\"}]},{\"@type\":\"WebSite\",\"@id\":\"https:\/\/portaltela.pt\/#website\",\"url\":\"https:\/\/portaltela.pt\/\",\"name\":\"Portal Tela Portugal\",\"description\":\"\",\"potentialAction\":[{\"@type\":\"SearchAction\",\"target\":{\"@type\":\"EntryPoint\",\"urlTemplate\":\"https:\/\/portaltela.pt\/?s={search_term_string}\"},\"query-input\":{\"@type\":\"PropertyValueSpecification\",\"valueRequired\":true,\"valueName\":\"search_term_string\"}}],\"inLanguage\":\"pt-PT\"},{\"@type\":\"Person\",\"@id\":\"https:\/\/portaltela.pt\/#\/schema\/person\/c4278d4a6028830caff9ee44b42d32ed\",\"name\":\"Telinha\",\"image\":{\"@type\":\"ImageObject\",\"inLanguage\":\"pt-PT\",\"@id\":\"https:\/\/portaltela.pt\/s.01k8rhncp4jt1\/2025\/11\/talking-bot-125x125.png\",\"url\":\"https:\/\/portaltela.pt\/s.01k8rhncp4jt1\/2025\/11\/talking-bot-125x125.png\",\"contentUrl\":\"https:\/\/portaltela.pt\/s.01k8rhncp4jt1\/2025\/11\/talking-bot-125x125.png\",\"caption\":\"Telinha\"},\"sameAs\":[\"https:\/\/portaltela.pt\/\"],\"url\":\"https:\/\/portaltela.pt\/por\/367410592786\/\"}]}<\/script>\n<!-- \/ Yoast SEO plugin. -->","yoast_head_json":{"title":"Suspeito de atacar ex-namorada com \u00e1cido afirma ter sido sequestrado - Portal Tela Portugal","robots":{"index":"index","follow":"follow","max-snippet":"max-snippet:-1","max-image-preview":"max-image-preview:large","max-video-preview":"max-video-preview:-1"},"og_locale":"pt_PT","og_type":"article","og_title":"Suspeito de atacar ex-namorada com \u00e1cido afirma ter sido sequestrado - Portal Tela Portugal","og_description":"Suspeito de atacar com \u00e1cido a ex-namorada em Alfena, Valongo, foi encontrado amarrado numa berma numa estrada em Lamego, no domingo. O homem, de 44 anos com antecedentes por viol\u00eancia dom\u00e9stica, alegou ter sido sequestrado e levado para o hospital, com ferimentos sem gravidade. A GNR de Lamego acionou a Pol\u00edcia Judici\u00e1ria de Vila Real, que investiga o caso. O indiv\u00edduo foi encontrado por um popular, estava consciente e n\u00e3o ficou detido, tendo recebido alta no hospital. A v\u00edtima, de 39 anos, sofreu queimaduras na face e no peito e foi encaminhada para o Hospital de S. Jo\u00e3o, no Porto; a pol\u00edcia j\u00e1 investigava a origem da agress\u00e3o e a morada do suspeito em Tabua\u00e7o.","og_url":"https:\/\/portaltela.pt\/noticias\/2026\/01\/26\/suspeito-de-atacar-ex-namorada-com-acido-afirma-ter-sido-sequestrado\/","og_site_name":"Portal Tela Portugal","article_published_time":"2026-01-26T23:38:00+00:00","author":"Telinha","twitter_card":"summary_large_image","twitter_misc":{"Escrito por":"Telinha","Tempo estimado de leitura":"1 minuto"},"schema":{"@context":"https:\/\/schema.org","@graph":[{"@type":"Article","@id":"https:\/\/portaltela.pt\/noticias\/2026\/01\/26\/suspeito-de-atacar-ex-namorada-com-acido-afirma-ter-sido-sequestrado\/#article","isPartOf":{"@id":"https:\/\/portaltela.pt\/noticias\/2026\/01\/26\/suspeito-de-atacar-ex-namorada-com-acido-afirma-ter-sido-sequestrado\/"},"author":{"name":"Telinha","@id":"https:\/\/portaltela.pt\/#\/schema\/person\/c4278d4a6028830caff9ee44b42d32ed"},"headline":"Suspeito de atacar ex-namorada com \u00e1cido afirma ter sido sequestrado","datePublished":"2026-01-26T23:38:00+00:00","mainEntityOfPage":{"@id":"https:\/\/portaltela.pt\/noticias\/2026\/01\/26\/suspeito-de-atacar-ex-namorada-com-acido-afirma-ter-sido-sequestrado\/"},"wordCount":183,"image":{"@id":"https:\/\/portaltela.pt\/noticias\/2026\/01\/26\/suspeito-de-atacar-ex-namorada-com-acido-afirma-ter-sido-sequestrado\/#primaryimage"},"thumbnailUrl":"https:\/\/portaltela.pt\/s.01k8rhncp4jt1\/2026\/01\/image-1814.jpg","keywords":["agress\u00e3o","agress\u00f5es","Alfena","investiga\u00e7\u00e3o criminal","Valongo","viol\u00eancia dom\u00e9stica"],"articleSection":["Not\u00edcias"],"inLanguage":"pt-PT"},{"@type":"WebPage","@id":"https:\/\/portaltela.pt\/noticias\/2026\/01\/26\/suspeito-de-atacar-ex-namorada-com-acido-afirma-ter-sido-sequestrado\/","url":"https:\/\/portaltela.pt\/noticias\/2026\/01\/26\/suspeito-de-atacar-ex-namorada-com-acido-afirma-ter-sido-sequestrado\/","name":"Suspeito de atacar ex-namorada com \u00e1cido afirma ter sido sequestrado - Portal Tela Portugal","isPartOf":{"@id":"https:\/\/portaltela.pt\/#website"},"primaryImageOfPage":{"@id":"https:\/\/portaltela.pt\/noticias\/2026\/01\/26\/suspeito-de-atacar-ex-namorada-com-acido-afirma-ter-sido-sequestrado\/#primaryimage"},"image":{"@id":"https:\/\/portaltela.pt\/noticias\/2026\/01\/26\/suspeito-de-atacar-ex-namorada-com-acido-afirma-ter-sido-sequestrado\/#primaryimage"},"thumbnailUrl":"https:\/\/portaltela.pt\/s.01k8rhncp4jt1\/2026\/01\/image-1814.jpg","datePublished":"2026-01-26T23:38:00+00:00","author":{"@id":"https:\/\/portaltela.pt\/#\/schema\/person\/c4278d4a6028830caff9ee44b42d32ed"},"breadcrumb":{"@id":"https:\/\/portaltela.pt\/noticias\/2026\/01\/26\/suspeito-de-atacar-ex-namorada-com-acido-afirma-ter-sido-sequestrado\/#breadcrumb"},"inLanguage":"pt-PT","potentialAction":[{"@type":"ReadAction","target":["https:\/\/portaltela.pt\/noticias\/2026\/01\/26\/suspeito-de-atacar-ex-namorada-com-acido-afirma-ter-sido-sequestrado\/"]}]},{"@type":"ImageObject","inLanguage":"pt-PT","@id":"https:\/\/portaltela.pt\/noticias\/2026\/01\/26\/suspeito-de-atacar-ex-namorada-com-acido-afirma-ter-sido-sequestrado\/#primaryimage","url":"https:\/\/portaltela.pt\/s.01k8rhncp4jt1\/2026\/01\/image-1814.jpg","contentUrl":"https:\/\/portaltela.pt\/s.01k8rhncp4jt1\/2026\/01\/image-1814.jpg","width":796,"height":448,"caption":"O homem foi assistido no Hospital de Vila Real"},{"@type":"BreadcrumbList","@id":"https:\/\/portaltela.pt\/noticias\/2026\/01\/26\/suspeito-de-atacar-ex-namorada-com-acido-afirma-ter-sido-sequestrado\/#breadcrumb","itemListElement":[{"@type":"ListItem","position":1,"name":"In\u00edcio","item":"https:\/\/portaltela.pt\/"},{"@type":"ListItem","position":2,"name":"Suspeito de atacar ex-namorada com \u00e1cido afirma ter sido sequestrado"}]},{"@type":"WebSite","@id":"https:\/\/portaltela.pt\/#website","url":"https:\/\/portaltela.pt\/","name":"Portal Tela Portugal","description":"","potentialAction":[{"@type":"SearchAction","target":{"@type":"EntryPoint","urlTemplate":"https:\/\/portaltela.pt\/?s={search_term_string}"},"query-input":{"@type":"PropertyValueSpecification","valueRequired":true,"valueName":"search_term_string"}}],"inLanguage":"pt-PT"},{"@type":"Person","@id":"https:\/\/portaltela.pt\/#\/schema\/person\/c4278d4a6028830caff9ee44b42d32ed","name":"Telinha","image":{"@type":"ImageObject","inLanguage":"pt-PT","@id":"https:\/\/portaltela.pt\/s.01k8rhncp4jt1\/2025\/11\/talking-bot-125x125.png","url":"https:\/\/portaltela.pt\/s.01k8rhncp4jt1\/2025\/11\/talking-bot-125x125.png","contentUrl":"https:\/\/portaltela.pt\/s.01k8rhncp4jt1\/2025\/11\/talking-bot-125x125.png","caption":"Telinha"},"sameAs":["https:\/\/portaltela.pt\/"],"url":"https:\/\/portaltela.pt\/por\/367410592786\/"}]}},"_links":{"self":[{"href":"https:\/\/portaltela.pt\/api\/wp\/v2\/posts\/175512","targetHints":{"allow":["GET"]}}],"collection":[{"href":"https:\/\/portaltela.pt\/api\/wp\/v2\/posts"}],"about":[{"href":"https:\/\/portaltela.pt\/api\/wp\/v2\/types\/post"}],"author":[{"embeddable":true,"href":"https:\/\/portaltela.pt\/api\/wp\/v2\/users\/2"}],"replies":[{"embeddable":true,"href":"https:\/\/portaltela.pt\/api\/wp\/v2\/comments?post=175512"}],"version-history":[{"count":0,"href":"https:\/\/portaltela.pt\/api\/wp\/v2\/posts\/175512\/revisions"}],"wp:featuredmedia":[{"embeddable":true,"href":"https:\/\/portaltela.pt\/api\/wp\/v2\/media\/175515"}],"wp:attachment":[{"href":"https:\/\/portaltela.pt\/api\/wp\/v2\/media?parent=175512"}],"wp:term":[{"taxonomy":"category","embeddable":true,"href":"https:\/\/portaltela.pt\/api\/wp\/v2\/categories?post=175512"},{"taxonomy":"post_tag","embeddable":true,"href":"https:\/\/portaltela.pt\/api\/wp\/v2\/tags?post=175512"}],"curies":[{"name":"wp","href":"https:\/\/api.w.org\/{rel}","templated":true}]}}