{"id":175449,"date":"2026-01-26T19:54:00","date_gmt":"2026-01-26T22:54:00","guid":{"rendered":"https:\/\/portaltela.pt\/noticias\/2026\/01\/26\/arquivadas-as-queixas-de-boaventura-de-sousa-santos-contra-as-mulheres-que-o-acusaram\/"},"modified":"2026-01-26T19:54:00","modified_gmt":"2026-01-26T22:54:00","slug":"arquivadas-as-queixas-de-boaventura-de-sousa-santos-contra-as-mulheres-que-o-acusaram","status":"publish","type":"post","link":"https:\/\/portaltela.pt\/noticias\/2026\/01\/26\/arquivadas-as-queixas-de-boaventura-de-sousa-santos-contra-as-mulheres-que-o-acusaram\/","title":{"rendered":"Arquivadas as queixas de Boaventura de Sousa Santos contra as mulheres que o acusaram"},"content":{"rendered":"<p>O Minist\u00e9rio P\u00fablico arquivou as queixas de inj\u00faria e difama\u00e7\u00e3o apresentadas por Boaventura de Sousa Santos contra as mulheres que o acusaram de ass\u00e9dio sexual, moral e extrativismo intelectual. O despacho, datado de 20 de novembro, sustenta que n\u00e3o h\u00e1 provas de falso depoimento por parte das denunciantes. A decis\u00e3o foi comunicada pelo jornal P\u00fablico.<\/p>\n<p>O MP considerou que n\u00e3o existem ind\u00edcios suficientes para concluir pela pr\u00e1tica de falsidade de depoimento pelas arguidas, que incluem Sara Ara\u00fajo, Carla Paiva, Maria Martins, Gabriela Rocha e outras. O despacho foi emitido pela Procuradoria da Rep\u00fablica da Comarca de Coimbra (DIAP &#8211; 2.\u00aa Sec\u00e7\u00e3o).<\/p>\n<p>Segundo o inqu\u00e9rito, Boaventura de Sousa Santos limitou-se a questionar os depoimentos das denunciantes, sem detalhar provas de falsidade. O processo tamb\u00e9m n\u00e3o levou a audi\u00e7\u00e3o do soci\u00f3logo, por motivos n\u00e3o relacionados com a investiga\u00e7\u00e3o.<\/p>\n<p>A queixa por inj\u00faria foi considerada apresentada fora do prazo. O MP aponta que o acusado teve conhecimento das alegadas declara\u00e7\u00f5es injuriosas em junho de 2024 e s\u00f3 apresentou a queixa em abril de 2025, ultrapassando o prazo legal.<\/p>\n<h3>Desfecho do caso e contexto processual<\/h3>\n<p>Este arquivamento ocorre cerca de um m\u00eas ap\u00f3s Boaventura de Sousa Santos ter desistido da a\u00e7\u00e3o c\u00edvel de tutela da personalidade contra quatro denunciantes. A decis\u00e3o encerra, ao que tudo indica, esse cap\u00edtulo processual, sem preju\u00edzo de eventuais contesta\u00e7\u00f5es futuras.<\/p>\n<p>As den\u00fancias p\u00fablicas de ass\u00e9dio surgiram no fim de mar\u00e7o e in\u00edcio de abril de 2023, ganhando notoriedade atrav\u00e9s de um artigo cient\u00edfico e de testemunhos de diversas pessoas ligadas ao Centro de Estudos Sociais da Universidade de Coimbra. O P\u00fablico cita ainda uma carta aberta subscrita por 13 mulheres associadas ao CES.<\/p>\n","protected":false},"excerpt":{"rendered":"<ul>\n<li>O Minist\u00e9rio P\u00fablico arquivou as queixas de Boaventura de Sousa Santos contra as mulheres que o acusaram de ass\u00e9dio, por n\u00e3o haver provas de falsidade de depoimento.<\/li>\n<li>Foram arquivadas as queixas de inj\u00faria apresentadas por Boaventura contra 13 denunciantes, por ter a queixa sido feita fora do prazo legal.<\/li>\n<li>O despacho, datado de dia 20, sustenta que n\u00e3o foram recolhidos ind\u00edcios suficientes de que as denunciantes tenham prestado depoimentos falsos.<\/li>\n<li>As acusa\u00e7\u00f5es p\u00fablicas de ass\u00e9dio surgiram entre final de mar\u00e7o e in\u00edcio de abril de 2023, em artigos e testemunhos de v\u00e1rias pessoas ligadas ao Centro de Estudos Sociais da Universidade de Coimbra.<\/li>\n<li>A decis\u00e3o ocorre quase um m\u00eas depois de Boaventura ter desistido de uma a\u00e7\u00e3o c\u00edvel de tutela de personalidade contra quatro das denunciantes.<\/li>\n<\/ul>\n","protected":false},"author":2,"featured_media":175464,"comment_status":"closed","ping_status":"closed","sticky":false,"template":"","format":"standard","meta":{"footnotes":""},"categories":[1],"tags":[3200,1070,2442,847,3667],"class_list":["post-175449","post","type-post","status-publish","format-standard","has-post-thumbnail","hentry","category-noticias","tag-assedio","tag-coimbra","tag-difamacao","tag-injuria-agravada","tag-processos"],"yoast_head":"<!-- This site is optimized with the Yoast SEO plugin v27.2 - https:\/\/yoast.com\/product\/yoast-seo-wordpress\/ -->\n<title>Arquivadas as queixas de Boaventura de Sousa Santos contra as mulheres que o acusaram - Portal Tela Portugal<\/title>\n<meta name=\"robots\" content=\"index, follow, max-snippet:-1, max-image-preview:large, max-video-preview:-1\" \/>\n<meta property=\"og:locale\" content=\"pt_PT\" \/>\n<meta property=\"og:type\" content=\"article\" \/>\n<meta property=\"og:title\" content=\"Arquivadas as queixas de Boaventura de Sousa Santos contra as mulheres que o acusaram - Portal Tela Portugal\" \/>\n<meta property=\"og:description\" content=\"O Minist\u00e9rio P\u00fablico arquivou as queixas de Boaventura de Sousa Santos contra as mulheres que o acusaram de ass\u00e9dio, por n\u00e3o haver provas de falsidade de depoimento. Foram arquivadas as queixas de inj\u00faria apresentadas por Boaventura contra 13 denunciantes, por ter a queixa sido feita fora do prazo legal. O despacho, datado de dia 20, sustenta que n\u00e3o foram recolhidos ind\u00edcios suficientes de que as denunciantes tenham prestado depoimentos falsos. As acusa\u00e7\u00f5es p\u00fablicas de ass\u00e9dio surgiram entre final de mar\u00e7o e in\u00edcio de abril de 2023, em artigos e testemunhos de v\u00e1rias pessoas ligadas ao Centro de Estudos Sociais da Universidade de Coimbra. A decis\u00e3o ocorre quase um m\u00eas depois de Boaventura ter desistido de uma a\u00e7\u00e3o c\u00edvel de tutela de personalidade contra quatro das denunciantes.\" \/>\n<meta property=\"og:url\" content=\"https:\/\/portaltela.pt\/noticias\/2026\/01\/26\/arquivadas-as-queixas-de-boaventura-de-sousa-santos-contra-as-mulheres-que-o-acusaram\/\" \/>\n<meta property=\"og:site_name\" content=\"Portal Tela Portugal\" \/>\n<meta property=\"article:published_time\" content=\"2026-01-26T22:54:00+00:00\" \/>\n<meta name=\"author\" content=\"Telinha\" \/>\n<meta name=\"twitter:card\" content=\"summary_large_image\" \/>\n<meta name=\"twitter:label1\" content=\"Escrito por\" \/>\n\t<meta name=\"twitter:data1\" content=\"Telinha\" \/>\n\t<meta name=\"twitter:label2\" content=\"Tempo estimado de leitura\" \/>\n\t<meta name=\"twitter:data2\" content=\"2 minutos\" \/>\n<script type=\"application\/ld+json\" class=\"yoast-schema-graph\">{\"@context\":\"https:\/\/schema.org\",\"@graph\":[{\"@type\":\"Article\",\"@id\":\"https:\/\/portaltela.pt\/noticias\/2026\/01\/26\/arquivadas-as-queixas-de-boaventura-de-sousa-santos-contra-as-mulheres-que-o-acusaram\/#article\",\"isPartOf\":{\"@id\":\"https:\/\/portaltela.pt\/noticias\/2026\/01\/26\/arquivadas-as-queixas-de-boaventura-de-sousa-santos-contra-as-mulheres-que-o-acusaram\/\"},\"author\":{\"name\":\"Telinha\",\"@id\":\"https:\/\/portaltela.pt\/#\/schema\/person\/c4278d4a6028830caff9ee44b42d32ed\"},\"headline\":\"Arquivadas as queixas de Boaventura de Sousa Santos contra as mulheres que o acusaram\",\"datePublished\":\"2026-01-26T22:54:00+00:00\",\"mainEntityOfPage\":{\"@id\":\"https:\/\/portaltela.pt\/noticias\/2026\/01\/26\/arquivadas-as-queixas-de-boaventura-de-sousa-santos-contra-as-mulheres-que-o-acusaram\/\"},\"wordCount\":321,\"image\":{\"@id\":\"https:\/\/portaltela.pt\/noticias\/2026\/01\/26\/arquivadas-as-queixas-de-boaventura-de-sousa-santos-contra-as-mulheres-que-o-acusaram\/#primaryimage\"},\"thumbnailUrl\":\"https:\/\/portaltela.pt\/s.01k8rhncp4jt1\/2026\/01\/image-1811.jpg\",\"keywords\":[\"ass\u00e9dio\",\"Coimbra\",\"difama\u00e7\u00e3o\",\"inj\u00faria agravada\",\"processos\"],\"articleSection\":[\"Not\u00edcias\"],\"inLanguage\":\"pt-PT\"},{\"@type\":\"WebPage\",\"@id\":\"https:\/\/portaltela.pt\/noticias\/2026\/01\/26\/arquivadas-as-queixas-de-boaventura-de-sousa-santos-contra-as-mulheres-que-o-acusaram\/\",\"url\":\"https:\/\/portaltela.pt\/noticias\/2026\/01\/26\/arquivadas-as-queixas-de-boaventura-de-sousa-santos-contra-as-mulheres-que-o-acusaram\/\",\"name\":\"Arquivadas as queixas de Boaventura de Sousa Santos contra as mulheres que o acusaram - Portal Tela Portugal\",\"isPartOf\":{\"@id\":\"https:\/\/portaltela.pt\/#website\"},\"primaryImageOfPage\":{\"@id\":\"https:\/\/portaltela.pt\/noticias\/2026\/01\/26\/arquivadas-as-queixas-de-boaventura-de-sousa-santos-contra-as-mulheres-que-o-acusaram\/#primaryimage\"},\"image\":{\"@id\":\"https:\/\/portaltela.pt\/noticias\/2026\/01\/26\/arquivadas-as-queixas-de-boaventura-de-sousa-santos-contra-as-mulheres-que-o-acusaram\/#primaryimage\"},\"thumbnailUrl\":\"https:\/\/portaltela.pt\/s.01k8rhncp4jt1\/2026\/01\/image-1811.jpg\",\"datePublished\":\"2026-01-26T22:54:00+00:00\",\"author\":{\"@id\":\"https:\/\/portaltela.pt\/#\/schema\/person\/c4278d4a6028830caff9ee44b42d32ed\"},\"breadcrumb\":{\"@id\":\"https:\/\/portaltela.pt\/noticias\/2026\/01\/26\/arquivadas-as-queixas-de-boaventura-de-sousa-santos-contra-as-mulheres-que-o-acusaram\/#breadcrumb\"},\"inLanguage\":\"pt-PT\",\"potentialAction\":[{\"@type\":\"ReadAction\",\"target\":[\"https:\/\/portaltela.pt\/noticias\/2026\/01\/26\/arquivadas-as-queixas-de-boaventura-de-sousa-santos-contra-as-mulheres-que-o-acusaram\/\"]}]},{\"@type\":\"ImageObject\",\"inLanguage\":\"pt-PT\",\"@id\":\"https:\/\/portaltela.pt\/noticias\/2026\/01\/26\/arquivadas-as-queixas-de-boaventura-de-sousa-santos-contra-as-mulheres-que-o-acusaram\/#primaryimage\",\"url\":\"https:\/\/portaltela.pt\/s.01k8rhncp4jt1\/2026\/01\/image-1811.jpg\",\"contentUrl\":\"https:\/\/portaltela.pt\/s.01k8rhncp4jt1\/2026\/01\/image-1811.jpg\",\"width\":796,\"height\":448,\"caption\":\"Minist\u00e9rio P\u00fablico considerou n\u00e3o haver provas da acusa\u00e7\u00e3o de Boaventura de Sousa Santos contra as mulheres que o acusaram de ass\u00e9dio\"},{\"@type\":\"BreadcrumbList\",\"@id\":\"https:\/\/portaltela.pt\/noticias\/2026\/01\/26\/arquivadas-as-queixas-de-boaventura-de-sousa-santos-contra-as-mulheres-que-o-acusaram\/#breadcrumb\",\"itemListElement\":[{\"@type\":\"ListItem\",\"position\":1,\"name\":\"In\u00edcio\",\"item\":\"https:\/\/portaltela.pt\/\"},{\"@type\":\"ListItem\",\"position\":2,\"name\":\"Arquivadas as queixas de Boaventura de Sousa Santos contra as mulheres que o acusaram\"}]},{\"@type\":\"WebSite\",\"@id\":\"https:\/\/portaltela.pt\/#website\",\"url\":\"https:\/\/portaltela.pt\/\",\"name\":\"Portal Tela Portugal\",\"description\":\"\",\"potentialAction\":[{\"@type\":\"SearchAction\",\"target\":{\"@type\":\"EntryPoint\",\"urlTemplate\":\"https:\/\/portaltela.pt\/?s={search_term_string}\"},\"query-input\":{\"@type\":\"PropertyValueSpecification\",\"valueRequired\":true,\"valueName\":\"search_term_string\"}}],\"inLanguage\":\"pt-PT\"},{\"@type\":\"Person\",\"@id\":\"https:\/\/portaltela.pt\/#\/schema\/person\/c4278d4a6028830caff9ee44b42d32ed\",\"name\":\"Telinha\",\"image\":{\"@type\":\"ImageObject\",\"inLanguage\":\"pt-PT\",\"@id\":\"https:\/\/portaltela.pt\/s.01k8rhncp4jt1\/2025\/11\/talking-bot-125x125.png\",\"url\":\"https:\/\/portaltela.pt\/s.01k8rhncp4jt1\/2025\/11\/talking-bot-125x125.png\",\"contentUrl\":\"https:\/\/portaltela.pt\/s.01k8rhncp4jt1\/2025\/11\/talking-bot-125x125.png\",\"caption\":\"Telinha\"},\"sameAs\":[\"https:\/\/portaltela.pt\/\"],\"url\":\"https:\/\/portaltela.pt\/por\/367410592786\/\"}]}<\/script>\n<!-- \/ Yoast SEO plugin. -->","yoast_head_json":{"title":"Arquivadas as queixas de Boaventura de Sousa Santos contra as mulheres que o acusaram - Portal Tela Portugal","robots":{"index":"index","follow":"follow","max-snippet":"max-snippet:-1","max-image-preview":"max-image-preview:large","max-video-preview":"max-video-preview:-1"},"og_locale":"pt_PT","og_type":"article","og_title":"Arquivadas as queixas de Boaventura de Sousa Santos contra as mulheres que o acusaram - Portal Tela Portugal","og_description":"O Minist\u00e9rio P\u00fablico arquivou as queixas de Boaventura de Sousa Santos contra as mulheres que o acusaram de ass\u00e9dio, por n\u00e3o haver provas de falsidade de depoimento. Foram arquivadas as queixas de inj\u00faria apresentadas por Boaventura contra 13 denunciantes, por ter a queixa sido feita fora do prazo legal. O despacho, datado de dia 20, sustenta que n\u00e3o foram recolhidos ind\u00edcios suficientes de que as denunciantes tenham prestado depoimentos falsos. As acusa\u00e7\u00f5es p\u00fablicas de ass\u00e9dio surgiram entre final de mar\u00e7o e in\u00edcio de abril de 2023, em artigos e testemunhos de v\u00e1rias pessoas ligadas ao Centro de Estudos Sociais da Universidade de Coimbra. A decis\u00e3o ocorre quase um m\u00eas depois de Boaventura ter desistido de uma a\u00e7\u00e3o c\u00edvel de tutela de personalidade contra quatro das denunciantes.","og_url":"https:\/\/portaltela.pt\/noticias\/2026\/01\/26\/arquivadas-as-queixas-de-boaventura-de-sousa-santos-contra-as-mulheres-que-o-acusaram\/","og_site_name":"Portal Tela Portugal","article_published_time":"2026-01-26T22:54:00+00:00","author":"Telinha","twitter_card":"summary_large_image","twitter_misc":{"Escrito por":"Telinha","Tempo estimado de leitura":"2 minutos"},"schema":{"@context":"https:\/\/schema.org","@graph":[{"@type":"Article","@id":"https:\/\/portaltela.pt\/noticias\/2026\/01\/26\/arquivadas-as-queixas-de-boaventura-de-sousa-santos-contra-as-mulheres-que-o-acusaram\/#article","isPartOf":{"@id":"https:\/\/portaltela.pt\/noticias\/2026\/01\/26\/arquivadas-as-queixas-de-boaventura-de-sousa-santos-contra-as-mulheres-que-o-acusaram\/"},"author":{"name":"Telinha","@id":"https:\/\/portaltela.pt\/#\/schema\/person\/c4278d4a6028830caff9ee44b42d32ed"},"headline":"Arquivadas as queixas de Boaventura de Sousa Santos contra as mulheres que o acusaram","datePublished":"2026-01-26T22:54:00+00:00","mainEntityOfPage":{"@id":"https:\/\/portaltela.pt\/noticias\/2026\/01\/26\/arquivadas-as-queixas-de-boaventura-de-sousa-santos-contra-as-mulheres-que-o-acusaram\/"},"wordCount":321,"image":{"@id":"https:\/\/portaltela.pt\/noticias\/2026\/01\/26\/arquivadas-as-queixas-de-boaventura-de-sousa-santos-contra-as-mulheres-que-o-acusaram\/#primaryimage"},"thumbnailUrl":"https:\/\/portaltela.pt\/s.01k8rhncp4jt1\/2026\/01\/image-1811.jpg","keywords":["ass\u00e9dio","Coimbra","difama\u00e7\u00e3o","inj\u00faria agravada","processos"],"articleSection":["Not\u00edcias"],"inLanguage":"pt-PT"},{"@type":"WebPage","@id":"https:\/\/portaltela.pt\/noticias\/2026\/01\/26\/arquivadas-as-queixas-de-boaventura-de-sousa-santos-contra-as-mulheres-que-o-acusaram\/","url":"https:\/\/portaltela.pt\/noticias\/2026\/01\/26\/arquivadas-as-queixas-de-boaventura-de-sousa-santos-contra-as-mulheres-que-o-acusaram\/","name":"Arquivadas as queixas de Boaventura de Sousa Santos contra as mulheres que o acusaram - Portal Tela Portugal","isPartOf":{"@id":"https:\/\/portaltela.pt\/#website"},"primaryImageOfPage":{"@id":"https:\/\/portaltela.pt\/noticias\/2026\/01\/26\/arquivadas-as-queixas-de-boaventura-de-sousa-santos-contra-as-mulheres-que-o-acusaram\/#primaryimage"},"image":{"@id":"https:\/\/portaltela.pt\/noticias\/2026\/01\/26\/arquivadas-as-queixas-de-boaventura-de-sousa-santos-contra-as-mulheres-que-o-acusaram\/#primaryimage"},"thumbnailUrl":"https:\/\/portaltela.pt\/s.01k8rhncp4jt1\/2026\/01\/image-1811.jpg","datePublished":"2026-01-26T22:54:00+00:00","author":{"@id":"https:\/\/portaltela.pt\/#\/schema\/person\/c4278d4a6028830caff9ee44b42d32ed"},"breadcrumb":{"@id":"https:\/\/portaltela.pt\/noticias\/2026\/01\/26\/arquivadas-as-queixas-de-boaventura-de-sousa-santos-contra-as-mulheres-que-o-acusaram\/#breadcrumb"},"inLanguage":"pt-PT","potentialAction":[{"@type":"ReadAction","target":["https:\/\/portaltela.pt\/noticias\/2026\/01\/26\/arquivadas-as-queixas-de-boaventura-de-sousa-santos-contra-as-mulheres-que-o-acusaram\/"]}]},{"@type":"ImageObject","inLanguage":"pt-PT","@id":"https:\/\/portaltela.pt\/noticias\/2026\/01\/26\/arquivadas-as-queixas-de-boaventura-de-sousa-santos-contra-as-mulheres-que-o-acusaram\/#primaryimage","url":"https:\/\/portaltela.pt\/s.01k8rhncp4jt1\/2026\/01\/image-1811.jpg","contentUrl":"https:\/\/portaltela.pt\/s.01k8rhncp4jt1\/2026\/01\/image-1811.jpg","width":796,"height":448,"caption":"Minist\u00e9rio P\u00fablico considerou n\u00e3o haver provas da acusa\u00e7\u00e3o de Boaventura de Sousa Santos contra as mulheres que o acusaram de ass\u00e9dio"},{"@type":"BreadcrumbList","@id":"https:\/\/portaltela.pt\/noticias\/2026\/01\/26\/arquivadas-as-queixas-de-boaventura-de-sousa-santos-contra-as-mulheres-que-o-acusaram\/#breadcrumb","itemListElement":[{"@type":"ListItem","position":1,"name":"In\u00edcio","item":"https:\/\/portaltela.pt\/"},{"@type":"ListItem","position":2,"name":"Arquivadas as queixas de Boaventura de Sousa Santos contra as mulheres que o acusaram"}]},{"@type":"WebSite","@id":"https:\/\/portaltela.pt\/#website","url":"https:\/\/portaltela.pt\/","name":"Portal Tela Portugal","description":"","potentialAction":[{"@type":"SearchAction","target":{"@type":"EntryPoint","urlTemplate":"https:\/\/portaltela.pt\/?s={search_term_string}"},"query-input":{"@type":"PropertyValueSpecification","valueRequired":true,"valueName":"search_term_string"}}],"inLanguage":"pt-PT"},{"@type":"Person","@id":"https:\/\/portaltela.pt\/#\/schema\/person\/c4278d4a6028830caff9ee44b42d32ed","name":"Telinha","image":{"@type":"ImageObject","inLanguage":"pt-PT","@id":"https:\/\/portaltela.pt\/s.01k8rhncp4jt1\/2025\/11\/talking-bot-125x125.png","url":"https:\/\/portaltela.pt\/s.01k8rhncp4jt1\/2025\/11\/talking-bot-125x125.png","contentUrl":"https:\/\/portaltela.pt\/s.01k8rhncp4jt1\/2025\/11\/talking-bot-125x125.png","caption":"Telinha"},"sameAs":["https:\/\/portaltela.pt\/"],"url":"https:\/\/portaltela.pt\/por\/367410592786\/"}]}},"_links":{"self":[{"href":"https:\/\/portaltela.pt\/api\/wp\/v2\/posts\/175449","targetHints":{"allow":["GET"]}}],"collection":[{"href":"https:\/\/portaltela.pt\/api\/wp\/v2\/posts"}],"about":[{"href":"https:\/\/portaltela.pt\/api\/wp\/v2\/types\/post"}],"author":[{"embeddable":true,"href":"https:\/\/portaltela.pt\/api\/wp\/v2\/users\/2"}],"replies":[{"embeddable":true,"href":"https:\/\/portaltela.pt\/api\/wp\/v2\/comments?post=175449"}],"version-history":[{"count":0,"href":"https:\/\/portaltela.pt\/api\/wp\/v2\/posts\/175449\/revisions"}],"wp:featuredmedia":[{"embeddable":true,"href":"https:\/\/portaltela.pt\/api\/wp\/v2\/media\/175464"}],"wp:attachment":[{"href":"https:\/\/portaltela.pt\/api\/wp\/v2\/media?parent=175449"}],"wp:term":[{"taxonomy":"category","embeddable":true,"href":"https:\/\/portaltela.pt\/api\/wp\/v2\/categories?post=175449"},{"taxonomy":"post_tag","embeddable":true,"href":"https:\/\/portaltela.pt\/api\/wp\/v2\/tags?post=175449"}],"curies":[{"name":"wp","href":"https:\/\/api.w.org\/{rel}","templated":true}]}}