{"id":175447,"date":"2026-01-26T19:27:41","date_gmt":"2026-01-26T22:27:41","guid":{"rendered":"https:\/\/portaltela.pt\/noticias\/2026\/01\/26\/mafalda-viveiros-e-pedro-prioste-vencem-a-primeira-prova-regional-de-triatlo\/"},"modified":"2026-01-26T19:27:41","modified_gmt":"2026-01-26T22:27:41","slug":"mafalda-viveiros-e-pedro-prioste-vencem-a-primeira-prova-regional-de-triatlo","status":"publish","type":"post","link":"https:\/\/portaltela.pt\/desporto\/2026\/01\/26\/mafalda-viveiros-e-pedro-prioste-vencem-a-primeira-prova-regional-de-triatlo\/","title":{"rendered":"Mafalda Viveiros e Pedro Prioste vencem a primeira prova regional de triatlo"},"content":{"rendered":"<p>A \u00c9poca Desportiva Regional de Triatlo 2026 arrancou no domingo, 25 de janeiro, com o Duatlo Madalena do Mar \u2013 Ponta do Sol. A prova voltou ao formato individual e integrou v\u00e1rios Campeonatos Regionais.<\/p>\n<p>A competi\u00e7\u00e3o principal teve Mafalda Viveiros, da AD Galomar, e Pedro Prioste, do Ludens Machico \u2013 Hospital Particular da Madeira, como vencedores. O beteto de clubes foi liderado pelo Andorinha\/Abrigo do Pastor, no feminino, e pelo Ludens Machico no masculino.<\/p>\n<p>Maria Lu\u00eds (Andorinha\/Abrigo do Pastor) e Bruno Freitas (Ludens Machico) ficaram com o 2.\u00ba lugar; In\u00eas Sousa e Ricardo Rosa completaram o p\u00f3dio, respetivamente, para cada equipa. O evento contou com apoio p\u00fablico e privado na organiza\u00e7\u00e3o.<\/p>\n<h3>Resultados principais<\/h3>\n<p>Nas provas jovens disputadas em Super-Sprint, Luana Nunes (Andorinha\/Abrigo do Pastor) e Guilherme Pita (Ludens Machico) venceram. Laura Gomes e Martim Andrade ficaram em segundo, seguidos por M\u00e1rcia Caldeira e Martim N\u00f3brega.<\/p>\n<p>In\u00eas Domingos (Andorinha\/Abrigo do Pastor) e Tom\u00e1s Antunes (Ludens Machico) venceram o escal\u00e3o Iniciados. Iara Nunes e Andr\u00e9 Mendes ficaram em 2.\u00ba, com In\u00eas Gomes e Andr\u00e9 N\u00f3brega a fecharem o p\u00f3dio.<\/p>\n<h3>Outras categorias<\/h3>\n<p>Em Infantis, Ema Aguiar e Miguel Domingos (Andorinha\/Abrigo do Pastor) garantiram o topo. Mariana Caldeira e Renato Oliveira ocuparam a 2.\u00aa posi\u00e7\u00e3o, com Paulo Vieira a completar o p\u00f3dio masculino.<\/p>\n<p>No escal\u00e3o Benjamins, Guilherme L\u00facio (Clube Naval de S\u00e3o Vicente) venceu, seguido de Gustavo Freitas (Escola Santana) e Guilherme Gouveia (Andorinha\/Abrigo do Pastor). Os jovens clubes dominaram a classifica\u00e7\u00e3o coletiva.<\/p>\n<h3>Organiza\u00e7\u00e3o e impacto<\/h3>\n<p>A prova foi organizada pela Associa\u00e7\u00e3o Regional de Triatlo da Madeira (ARTM). Contou com a colabora\u00e7\u00e3o da C\u00e2mara da Ponta do Sol, AMDpt e SER \u2013 DRD, al\u00e9m de parceiros privados que apoiaram a realiza\u00e7\u00e3o do evento.<\/p>\n","protected":false},"excerpt":{"rendered":"<ul>\n<li>A \u00c9poca Desportiva Regional de Triatlo de 2026 arrancou a 25 de janeiro com o Duatlo Madalena do Mar \u2013 Ponta do Sol, marcando o regresso ao formato individual.<\/li>\n<li>Na prova principal venceram Mafalda Viveiros (AD Galomar) e Pedro Prioste (Ludens Machico \u2013 Hospital Particular da Madeira); segundas posi\u00e7\u00f5es para Maria Lu\u00eds (Clube Futebol Andorinha \/ Abrigo do Pastor) e Bruno Freitas (Ludens Machico \u2013 Hospital Particular da Madeira), e terceiros para In\u00eas Sousa (Andorinha \/ Abrigo do Pastor) e Ricardo Rosa (Ludens Machico \u2013 Hospital Particular da Madeira).<\/li>\n<li>Por equipas, o Clube Futebol Andorinha \/ Abrigo do Pastor conquistou a vit\u00f3ria coletiva feminina, enquanto o Ludens Machico \u2013 Hospital Particular da Madeira triunfou no setor masculino.<\/li>\n<li>Nas provas jovens, venceram Luana Nunes (Juvenis) e Guilherme Pita (Juvenis); completaram o p\u00f3dio Iniciados In\u00eas Domingos e Tom\u00e1s Antunes, Infantis Ema Aguiar e Miguel Domingos, e Benjamins Guilherme L\u00facio, entre outros.<\/li>\n<li>A competi\u00e7\u00e3o foi organizada pela Associa\u00e7\u00e3o Regional de Triatlo da Madeira (ARTM), com apoio da C\u00e2mara Municipal da Ponta do Sol, AMDpt, SER \u2013 DRD e parceiros privados.<\/li>\n<\/ul>\n","protected":false},"author":2,"featured_media":175455,"comment_status":"closed","ping_status":"closed","sticky":false,"template":"","format":"standard","meta":{"footnotes":""},"categories":[21],"tags":[1640,4397,152,2738,3549,859],"class_list":["post-175447","post","type-post","status-publish","format-standard","has-post-thumbnail","hentry","category-desporto","tag-associacoes-desportivas","tag-benjamins","tag-desporto","tag-infantis","tag-iniciados","tag-madeira"],"yoast_head":"<!-- This site is optimized with the Yoast SEO plugin v27.2 - https:\/\/yoast.com\/product\/yoast-seo-wordpress\/ -->\n<title>Mafalda Viveiros e Pedro Prioste vencem a primeira prova regional de triatlo - Portal Tela Portugal<\/title>\n<meta name=\"robots\" content=\"index, follow, max-snippet:-1, max-image-preview:large, max-video-preview:-1\" \/>\n<meta property=\"og:locale\" content=\"pt_PT\" \/>\n<meta property=\"og:type\" content=\"article\" \/>\n<meta property=\"og:title\" content=\"Mafalda Viveiros e Pedro Prioste vencem a primeira prova regional de triatlo - Portal Tela Portugal\" \/>\n<meta property=\"og:description\" content=\"A \u00c9poca Desportiva Regional de Triatlo de 2026 arrancou a 25 de janeiro com o Duatlo Madalena do Mar \u2013 Ponta do Sol, marcando o regresso ao formato individual. Na prova principal venceram Mafalda Viveiros (AD Galomar) e Pedro Prioste (Ludens Machico \u2013 Hospital Particular da Madeira); segundas posi\u00e7\u00f5es para Maria Lu\u00eds (Clube Futebol Andorinha \/ Abrigo do Pastor) e Bruno Freitas (Ludens Machico \u2013 Hospital Particular da Madeira), e terceiros para In\u00eas Sousa (Andorinha \/ Abrigo do Pastor) e Ricardo Rosa (Ludens Machico \u2013 Hospital Particular da Madeira). Por equipas, o Clube Futebol Andorinha \/ Abrigo do Pastor conquistou a vit\u00f3ria coletiva feminina, enquanto o Ludens Machico \u2013 Hospital Particular da Madeira triunfou no setor masculino. Nas provas jovens, venceram Luana Nunes (Juvenis) e Guilherme Pita (Juvenis); completaram o p\u00f3dio Iniciados In\u00eas Domingos e Tom\u00e1s Antunes, Infantis Ema Aguiar e Miguel Domingos, e Benjamins Guilherme L\u00facio, entre outros. A competi\u00e7\u00e3o foi organizada pela Associa\u00e7\u00e3o Regional de Triatlo da Madeira (ARTM), com apoio da C\u00e2mara Municipal da Ponta do Sol, AMDpt, SER \u2013 DRD e parceiros privados.\" \/>\n<meta property=\"og:url\" content=\"https:\/\/portaltela.pt\/noticias\/2026\/01\/26\/mafalda-viveiros-e-pedro-prioste-vencem-a-primeira-prova-regional-de-triatlo\/\" \/>\n<meta property=\"og:site_name\" content=\"Portal Tela Portugal\" \/>\n<meta property=\"article:published_time\" content=\"2026-01-26T22:27:41+00:00\" \/>\n<meta name=\"author\" content=\"Telinha\" \/>\n<meta name=\"twitter:card\" content=\"summary_large_image\" \/>\n<meta name=\"twitter:label1\" content=\"Escrito por\" \/>\n\t<meta name=\"twitter:data1\" content=\"Telinha\" \/>\n\t<meta name=\"twitter:label2\" content=\"Tempo estimado de leitura\" \/>\n\t<meta name=\"twitter:data2\" content=\"2 minutos\" \/>\n<script type=\"application\/ld+json\" class=\"yoast-schema-graph\">{\"@context\":\"https:\/\/schema.org\",\"@graph\":[{\"@type\":\"Article\",\"@id\":\"https:\/\/portaltela.pt\/noticias\/2026\/01\/26\/mafalda-viveiros-e-pedro-prioste-vencem-a-primeira-prova-regional-de-triatlo\/#article\",\"isPartOf\":{\"@id\":\"https:\/\/portaltela.pt\/noticias\/2026\/01\/26\/mafalda-viveiros-e-pedro-prioste-vencem-a-primeira-prova-regional-de-triatlo\/\"},\"author\":{\"name\":\"Telinha\",\"@id\":\"https:\/\/portaltela.pt\/#\/schema\/person\/c4278d4a6028830caff9ee44b42d32ed\"},\"headline\":\"Mafalda Viveiros e Pedro Prioste vencem a primeira prova regional de triatlo\",\"datePublished\":\"2026-01-26T22:27:41+00:00\",\"mainEntityOfPage\":{\"@id\":\"https:\/\/portaltela.pt\/noticias\/2026\/01\/26\/mafalda-viveiros-e-pedro-prioste-vencem-a-primeira-prova-regional-de-triatlo\/\"},\"wordCount\":316,\"image\":{\"@id\":\"https:\/\/portaltela.pt\/noticias\/2026\/01\/26\/mafalda-viveiros-e-pedro-prioste-vencem-a-primeira-prova-regional-de-triatlo\/#primaryimage\"},\"thumbnailUrl\":\"https:\/\/portaltela.pt\/s.01k8rhncp4jt1\/2026\/01\/unnamed-file-5399.jpg\",\"keywords\":[\"associa\u00e7\u00f5es desportivas\",\"Benjamins\",\"desporto\",\"infantis\",\"iniciados\",\"Madeira\"],\"articleSection\":[\"Desporto\"],\"inLanguage\":\"pt-PT\"},{\"@type\":\"WebPage\",\"@id\":\"https:\/\/portaltela.pt\/noticias\/2026\/01\/26\/mafalda-viveiros-e-pedro-prioste-vencem-a-primeira-prova-regional-de-triatlo\/\",\"url\":\"https:\/\/portaltela.pt\/noticias\/2026\/01\/26\/mafalda-viveiros-e-pedro-prioste-vencem-a-primeira-prova-regional-de-triatlo\/\",\"name\":\"Mafalda Viveiros e Pedro Prioste vencem a primeira prova regional de triatlo - Portal Tela Portugal\",\"isPartOf\":{\"@id\":\"https:\/\/portaltela.pt\/#website\"},\"primaryImageOfPage\":{\"@id\":\"https:\/\/portaltela.pt\/noticias\/2026\/01\/26\/mafalda-viveiros-e-pedro-prioste-vencem-a-primeira-prova-regional-de-triatlo\/#primaryimage\"},\"image\":{\"@id\":\"https:\/\/portaltela.pt\/noticias\/2026\/01\/26\/mafalda-viveiros-e-pedro-prioste-vencem-a-primeira-prova-regional-de-triatlo\/#primaryimage\"},\"thumbnailUrl\":\"https:\/\/portaltela.pt\/s.01k8rhncp4jt1\/2026\/01\/unnamed-file-5399.jpg\",\"datePublished\":\"2026-01-26T22:27:41+00:00\",\"author\":{\"@id\":\"https:\/\/portaltela.pt\/#\/schema\/person\/c4278d4a6028830caff9ee44b42d32ed\"},\"breadcrumb\":{\"@id\":\"https:\/\/portaltela.pt\/noticias\/2026\/01\/26\/mafalda-viveiros-e-pedro-prioste-vencem-a-primeira-prova-regional-de-triatlo\/#breadcrumb\"},\"inLanguage\":\"pt-PT\",\"potentialAction\":[{\"@type\":\"ReadAction\",\"target\":[\"https:\/\/portaltela.pt\/noticias\/2026\/01\/26\/mafalda-viveiros-e-pedro-prioste-vencem-a-primeira-prova-regional-de-triatlo\/\"]}]},{\"@type\":\"ImageObject\",\"inLanguage\":\"pt-PT\",\"@id\":\"https:\/\/portaltela.pt\/noticias\/2026\/01\/26\/mafalda-viveiros-e-pedro-prioste-vencem-a-primeira-prova-regional-de-triatlo\/#primaryimage\",\"url\":\"https:\/\/portaltela.pt\/s.01k8rhncp4jt1\/2026\/01\/unnamed-file-5399.jpg\",\"contentUrl\":\"https:\/\/portaltela.pt\/s.01k8rhncp4jt1\/2026\/01\/unnamed-file-5399.jpg\",\"width\":796,\"height\":448,\"caption\":\"Mafalda Viveiros e Pedro Prioste vencem primeira prova da \u00e9poca regional de triatlo\"},{\"@type\":\"BreadcrumbList\",\"@id\":\"https:\/\/portaltela.pt\/noticias\/2026\/01\/26\/mafalda-viveiros-e-pedro-prioste-vencem-a-primeira-prova-regional-de-triatlo\/#breadcrumb\",\"itemListElement\":[{\"@type\":\"ListItem\",\"position\":1,\"name\":\"In\u00edcio\",\"item\":\"https:\/\/portaltela.pt\/\"},{\"@type\":\"ListItem\",\"position\":2,\"name\":\"Mafalda Viveiros e Pedro Prioste vencem a primeira prova regional de triatlo\"}]},{\"@type\":\"WebSite\",\"@id\":\"https:\/\/portaltela.pt\/#website\",\"url\":\"https:\/\/portaltela.pt\/\",\"name\":\"Portal Tela Portugal\",\"description\":\"\",\"potentialAction\":[{\"@type\":\"SearchAction\",\"target\":{\"@type\":\"EntryPoint\",\"urlTemplate\":\"https:\/\/portaltela.pt\/?s={search_term_string}\"},\"query-input\":{\"@type\":\"PropertyValueSpecification\",\"valueRequired\":true,\"valueName\":\"search_term_string\"}}],\"inLanguage\":\"pt-PT\"},{\"@type\":\"Person\",\"@id\":\"https:\/\/portaltela.pt\/#\/schema\/person\/c4278d4a6028830caff9ee44b42d32ed\",\"name\":\"Telinha\",\"image\":{\"@type\":\"ImageObject\",\"inLanguage\":\"pt-PT\",\"@id\":\"https:\/\/portaltela.pt\/s.01k8rhncp4jt1\/2025\/11\/talking-bot-125x125.png\",\"url\":\"https:\/\/portaltela.pt\/s.01k8rhncp4jt1\/2025\/11\/talking-bot-125x125.png\",\"contentUrl\":\"https:\/\/portaltela.pt\/s.01k8rhncp4jt1\/2025\/11\/talking-bot-125x125.png\",\"caption\":\"Telinha\"},\"sameAs\":[\"https:\/\/portaltela.pt\/\"],\"url\":\"https:\/\/portaltela.pt\/por\/367410592786\/\"}]}<\/script>\n<!-- \/ Yoast SEO plugin. -->","yoast_head_json":{"title":"Mafalda Viveiros e Pedro Prioste vencem a primeira prova regional de triatlo - Portal Tela Portugal","robots":{"index":"index","follow":"follow","max-snippet":"max-snippet:-1","max-image-preview":"max-image-preview:large","max-video-preview":"max-video-preview:-1"},"og_locale":"pt_PT","og_type":"article","og_title":"Mafalda Viveiros e Pedro Prioste vencem a primeira prova regional de triatlo - Portal Tela Portugal","og_description":"A \u00c9poca Desportiva Regional de Triatlo de 2026 arrancou a 25 de janeiro com o Duatlo Madalena do Mar \u2013 Ponta do Sol, marcando o regresso ao formato individual. Na prova principal venceram Mafalda Viveiros (AD Galomar) e Pedro Prioste (Ludens Machico \u2013 Hospital Particular da Madeira); segundas posi\u00e7\u00f5es para Maria Lu\u00eds (Clube Futebol Andorinha \/ Abrigo do Pastor) e Bruno Freitas (Ludens Machico \u2013 Hospital Particular da Madeira), e terceiros para In\u00eas Sousa (Andorinha \/ Abrigo do Pastor) e Ricardo Rosa (Ludens Machico \u2013 Hospital Particular da Madeira). Por equipas, o Clube Futebol Andorinha \/ Abrigo do Pastor conquistou a vit\u00f3ria coletiva feminina, enquanto o Ludens Machico \u2013 Hospital Particular da Madeira triunfou no setor masculino. Nas provas jovens, venceram Luana Nunes (Juvenis) e Guilherme Pita (Juvenis); completaram o p\u00f3dio Iniciados In\u00eas Domingos e Tom\u00e1s Antunes, Infantis Ema Aguiar e Miguel Domingos, e Benjamins Guilherme L\u00facio, entre outros. A competi\u00e7\u00e3o foi organizada pela Associa\u00e7\u00e3o Regional de Triatlo da Madeira (ARTM), com apoio da C\u00e2mara Municipal da Ponta do Sol, AMDpt, SER \u2013 DRD e parceiros privados.","og_url":"https:\/\/portaltela.pt\/noticias\/2026\/01\/26\/mafalda-viveiros-e-pedro-prioste-vencem-a-primeira-prova-regional-de-triatlo\/","og_site_name":"Portal Tela Portugal","article_published_time":"2026-01-26T22:27:41+00:00","author":"Telinha","twitter_card":"summary_large_image","twitter_misc":{"Escrito por":"Telinha","Tempo estimado de leitura":"2 minutos"},"schema":{"@context":"https:\/\/schema.org","@graph":[{"@type":"Article","@id":"https:\/\/portaltela.pt\/noticias\/2026\/01\/26\/mafalda-viveiros-e-pedro-prioste-vencem-a-primeira-prova-regional-de-triatlo\/#article","isPartOf":{"@id":"https:\/\/portaltela.pt\/noticias\/2026\/01\/26\/mafalda-viveiros-e-pedro-prioste-vencem-a-primeira-prova-regional-de-triatlo\/"},"author":{"name":"Telinha","@id":"https:\/\/portaltela.pt\/#\/schema\/person\/c4278d4a6028830caff9ee44b42d32ed"},"headline":"Mafalda Viveiros e Pedro Prioste vencem a primeira prova regional de triatlo","datePublished":"2026-01-26T22:27:41+00:00","mainEntityOfPage":{"@id":"https:\/\/portaltela.pt\/noticias\/2026\/01\/26\/mafalda-viveiros-e-pedro-prioste-vencem-a-primeira-prova-regional-de-triatlo\/"},"wordCount":316,"image":{"@id":"https:\/\/portaltela.pt\/noticias\/2026\/01\/26\/mafalda-viveiros-e-pedro-prioste-vencem-a-primeira-prova-regional-de-triatlo\/#primaryimage"},"thumbnailUrl":"https:\/\/portaltela.pt\/s.01k8rhncp4jt1\/2026\/01\/unnamed-file-5399.jpg","keywords":["associa\u00e7\u00f5es desportivas","Benjamins","desporto","infantis","iniciados","Madeira"],"articleSection":["Desporto"],"inLanguage":"pt-PT"},{"@type":"WebPage","@id":"https:\/\/portaltela.pt\/noticias\/2026\/01\/26\/mafalda-viveiros-e-pedro-prioste-vencem-a-primeira-prova-regional-de-triatlo\/","url":"https:\/\/portaltela.pt\/noticias\/2026\/01\/26\/mafalda-viveiros-e-pedro-prioste-vencem-a-primeira-prova-regional-de-triatlo\/","name":"Mafalda Viveiros e Pedro Prioste vencem a primeira prova regional de triatlo - Portal Tela Portugal","isPartOf":{"@id":"https:\/\/portaltela.pt\/#website"},"primaryImageOfPage":{"@id":"https:\/\/portaltela.pt\/noticias\/2026\/01\/26\/mafalda-viveiros-e-pedro-prioste-vencem-a-primeira-prova-regional-de-triatlo\/#primaryimage"},"image":{"@id":"https:\/\/portaltela.pt\/noticias\/2026\/01\/26\/mafalda-viveiros-e-pedro-prioste-vencem-a-primeira-prova-regional-de-triatlo\/#primaryimage"},"thumbnailUrl":"https:\/\/portaltela.pt\/s.01k8rhncp4jt1\/2026\/01\/unnamed-file-5399.jpg","datePublished":"2026-01-26T22:27:41+00:00","author":{"@id":"https:\/\/portaltela.pt\/#\/schema\/person\/c4278d4a6028830caff9ee44b42d32ed"},"breadcrumb":{"@id":"https:\/\/portaltela.pt\/noticias\/2026\/01\/26\/mafalda-viveiros-e-pedro-prioste-vencem-a-primeira-prova-regional-de-triatlo\/#breadcrumb"},"inLanguage":"pt-PT","potentialAction":[{"@type":"ReadAction","target":["https:\/\/portaltela.pt\/noticias\/2026\/01\/26\/mafalda-viveiros-e-pedro-prioste-vencem-a-primeira-prova-regional-de-triatlo\/"]}]},{"@type":"ImageObject","inLanguage":"pt-PT","@id":"https:\/\/portaltela.pt\/noticias\/2026\/01\/26\/mafalda-viveiros-e-pedro-prioste-vencem-a-primeira-prova-regional-de-triatlo\/#primaryimage","url":"https:\/\/portaltela.pt\/s.01k8rhncp4jt1\/2026\/01\/unnamed-file-5399.jpg","contentUrl":"https:\/\/portaltela.pt\/s.01k8rhncp4jt1\/2026\/01\/unnamed-file-5399.jpg","width":796,"height":448,"caption":"Mafalda Viveiros e Pedro Prioste vencem primeira prova da \u00e9poca regional de triatlo"},{"@type":"BreadcrumbList","@id":"https:\/\/portaltela.pt\/noticias\/2026\/01\/26\/mafalda-viveiros-e-pedro-prioste-vencem-a-primeira-prova-regional-de-triatlo\/#breadcrumb","itemListElement":[{"@type":"ListItem","position":1,"name":"In\u00edcio","item":"https:\/\/portaltela.pt\/"},{"@type":"ListItem","position":2,"name":"Mafalda Viveiros e Pedro Prioste vencem a primeira prova regional de triatlo"}]},{"@type":"WebSite","@id":"https:\/\/portaltela.pt\/#website","url":"https:\/\/portaltela.pt\/","name":"Portal Tela Portugal","description":"","potentialAction":[{"@type":"SearchAction","target":{"@type":"EntryPoint","urlTemplate":"https:\/\/portaltela.pt\/?s={search_term_string}"},"query-input":{"@type":"PropertyValueSpecification","valueRequired":true,"valueName":"search_term_string"}}],"inLanguage":"pt-PT"},{"@type":"Person","@id":"https:\/\/portaltela.pt\/#\/schema\/person\/c4278d4a6028830caff9ee44b42d32ed","name":"Telinha","image":{"@type":"ImageObject","inLanguage":"pt-PT","@id":"https:\/\/portaltela.pt\/s.01k8rhncp4jt1\/2025\/11\/talking-bot-125x125.png","url":"https:\/\/portaltela.pt\/s.01k8rhncp4jt1\/2025\/11\/talking-bot-125x125.png","contentUrl":"https:\/\/portaltela.pt\/s.01k8rhncp4jt1\/2025\/11\/talking-bot-125x125.png","caption":"Telinha"},"sameAs":["https:\/\/portaltela.pt\/"],"url":"https:\/\/portaltela.pt\/por\/367410592786\/"}]}},"_links":{"self":[{"href":"https:\/\/portaltela.pt\/api\/wp\/v2\/posts\/175447","targetHints":{"allow":["GET"]}}],"collection":[{"href":"https:\/\/portaltela.pt\/api\/wp\/v2\/posts"}],"about":[{"href":"https:\/\/portaltela.pt\/api\/wp\/v2\/types\/post"}],"author":[{"embeddable":true,"href":"https:\/\/portaltela.pt\/api\/wp\/v2\/users\/2"}],"replies":[{"embeddable":true,"href":"https:\/\/portaltela.pt\/api\/wp\/v2\/comments?post=175447"}],"version-history":[{"count":0,"href":"https:\/\/portaltela.pt\/api\/wp\/v2\/posts\/175447\/revisions"}],"wp:featuredmedia":[{"embeddable":true,"href":"https:\/\/portaltela.pt\/api\/wp\/v2\/media\/175455"}],"wp:attachment":[{"href":"https:\/\/portaltela.pt\/api\/wp\/v2\/media?parent=175447"}],"wp:term":[{"taxonomy":"category","embeddable":true,"href":"https:\/\/portaltela.pt\/api\/wp\/v2\/categories?post=175447"},{"taxonomy":"post_tag","embeddable":true,"href":"https:\/\/portaltela.pt\/api\/wp\/v2\/tags?post=175447"}],"curies":[{"name":"wp","href":"https:\/\/api.w.org\/{rel}","templated":true}]}}