{"id":175428,"date":"2026-01-26T19:11:53","date_gmt":"2026-01-26T22:11:53","guid":{"rendered":"https:\/\/portaltela.pt\/noticias\/2026\/01\/26\/observador-lidera-ranking-de-podcasts-em-2025\/"},"modified":"2026-01-26T19:11:53","modified_gmt":"2026-01-26T22:11:53","slug":"observador-lidera-ranking-de-podcasts-em-2025","status":"publish","type":"post","link":"https:\/\/portaltela.pt\/noticias\/2026\/01\/26\/observador-lidera-ranking-de-podcasts-em-2025\/","title":{"rendered":"Observador lidera ranking de podcasts em 2025"},"content":{"rendered":"<p>O Observador foi o maior produtor de podcasts em Portugal em 2025, conforme 12 rankings mensais da Marktest. Ao todo, os ouvintes ouviram 33,2 milh\u00f5es de epis\u00f3dios das produ\u00e7\u00f5es do grupo.<\/p>\n<p>A segunda posi\u00e7\u00e3o pertence \u00e0 R\u00e1dio Renascen\u00e7a, com 29,9 milh\u00f5es de audi\u00e7\u00f5es, e a terceira \u00e0 R\u00e1dio Comercial, com 26,9 milh\u00f5es. Nos demais lugares do top 10 surgem SIC Not\u00edcias, Expresso, SIC, RFM e M80.<\/p>\n<p>Em termos de emiss\u00f5es, o Observador liderou 5 meses do ano, a Renascen\u00e7a venceu em 5 e a Comercial ficou no topo em 2, refletindo uma competi\u00e7\u00e3o intensa no mercado nacional.<\/p>\n<p>A audi\u00eancia semanal m\u00e9dia do Observador ficou nos 281.891 ouvintes, apenas 115 registos abaixo do Expresso, segundo o ranking anual. O universo de ouvintes permanece est\u00e1vel e competitivo.<\/p>\n<p>Para o conjunto do ano, houve mais 5 milh\u00f5es de downloads de podcasts do Observador que n\u00e3o entram neste ranking, dedicado ao mercado interno. Entre os pa\u00edses com maior n\u00famero de audi\u00e7\u00f5es destacam-se EUA, Espanha e Reino Unido.<\/p>\n<p>Entre os podcasts mais ouvidos, destacam-se Contra-Corrente, A Guerra Traduzida, A Hist\u00f3ria do Dia, E o Resto \u00e9 Hist\u00f3ria, O Vencedor \u00e9\u2026 e Ideias Feitas, com v\u00e1rias s\u00e9ries acima de 500 mil downloads.<\/p>\n<p>Para al\u00e9m dos programas j\u00e1 consagrados, o Observador apontou novos projetos que contribu\u00edram para o sucesso global. Destacam-se formatos como A Ca\u00e7a ao Estripador de Lisboa e O Misterioso Engenheiro Jardim, entre outros.<\/p>\n<p>Nesta semana estreou o novo podcast plus Os Segredos da Seita do Yoga, com epis\u00f3dios iniciais dispon\u00edveis. No arranque de 2026 j\u00e1 chegaram lan\u00e7amentos como E o Resto \u00e9 Ci\u00eancia e As Desobedientes, al\u00e9m de mudan\u00e7as em A Hist\u00f3ria do Dia.<\/p>\n<p>O Observador sinaliza ainda uma expans\u00e3o de equipas e conte\u00fados, incluindo a presen\u00e7a de novos apresentadores e formatos para refor\u00e7ar a oferta de informa\u00e7\u00e3o e fic\u00e7\u00e3o no ecossistema de podcasts.<\/p>\n","protected":false},"excerpt":{"rendered":"<ul>\n<li>O Observador liderou o mercado nacional de podcasts em 2025, com 33,2 milh\u00f5es de audi\u00e7\u00f5es em Portugal, segundo os 12 rankings mensais da Marktest.<\/li>\n<li>A Renascen\u00e7a ficou em segundo lugar, com 29,9 milh\u00f5es de audi\u00e7\u00f5es; a Comercial ficou em terceiro, com 26,9 milh\u00f5es.<\/li>\n<li>O Observador venceu em cinco meses, a Renascen\u00e7a em cinco meses e a Comercial em dois, no conjunto dos rankings mensais.<\/li>\n<li>Em ouvintes semanais, o Observador ficou em segundo lugar, com 281.891, a apenas 115 ouvintes do Expresso.<\/li>\n<li>Al\u00e9m disso, houve mais 5 milh\u00f5es de downloads de podcasts do Observador n\u00e3o contabilizados neste ranking; os programas mais ouvidos foram Contra-Corrente, A Guerra Traduzida, A Hist\u00f3ria do Dia, E o Resto \u00e9 Hist\u00f3ria, O Vencedor \u00e9\u2026 e outros.<\/li>\n<\/ul>\n","protected":false},"author":2,"featured_media":175452,"comment_status":"closed","ping_status":"closed","sticky":false,"template":"","format":"standard","meta":{"footnotes":""},"categories":[1],"tags":[4396,506,41,3181,3794,4394],"class_list":["post-175428","post","type-post","status-publish","format-standard","has-post-thumbnail","hentry","category-noticias","tag-expresso","tag-imprensa","tag-noticia","tag-publicacoes","tag-radios","tag-sic-noticias"],"yoast_head":"<!-- This site is optimized with the Yoast SEO plugin v27.2 - https:\/\/yoast.com\/product\/yoast-seo-wordpress\/ -->\n<title>Observador lidera ranking de podcasts em 2025 - Portal Tela Portugal<\/title>\n<meta name=\"robots\" content=\"index, follow, max-snippet:-1, max-image-preview:large, max-video-preview:-1\" \/>\n<meta property=\"og:locale\" content=\"pt_PT\" \/>\n<meta property=\"og:type\" content=\"article\" \/>\n<meta property=\"og:title\" content=\"Observador lidera ranking de podcasts em 2025 - Portal Tela Portugal\" \/>\n<meta property=\"og:description\" content=\"O Observador liderou o mercado nacional de podcasts em 2025, com 33,2 milh\u00f5es de audi\u00e7\u00f5es em Portugal, segundo os 12 rankings mensais da Marktest. A Renascen\u00e7a ficou em segundo lugar, com 29,9 milh\u00f5es de audi\u00e7\u00f5es; a Comercial ficou em terceiro, com 26,9 milh\u00f5es. O Observador venceu em cinco meses, a Renascen\u00e7a em cinco meses e a Comercial em dois, no conjunto dos rankings mensais. Em ouvintes semanais, o Observador ficou em segundo lugar, com 281.891, a apenas 115 ouvintes do Expresso. Al\u00e9m disso, houve mais 5 milh\u00f5es de downloads de podcasts do Observador n\u00e3o contabilizados neste ranking; os programas mais ouvidos foram Contra-Corrente, A Guerra Traduzida, A Hist\u00f3ria do Dia, E o Resto \u00e9 Hist\u00f3ria, O Vencedor \u00e9\u2026 e outros.\" \/>\n<meta property=\"og:url\" content=\"https:\/\/portaltela.pt\/noticias\/2026\/01\/26\/observador-lidera-ranking-de-podcasts-em-2025\/\" \/>\n<meta property=\"og:site_name\" content=\"Portal Tela Portugal\" \/>\n<meta property=\"article:published_time\" content=\"2026-01-26T22:11:53+00:00\" \/>\n<meta name=\"author\" content=\"Telinha\" \/>\n<meta name=\"twitter:card\" content=\"summary_large_image\" \/>\n<meta name=\"twitter:label1\" content=\"Escrito por\" \/>\n\t<meta name=\"twitter:data1\" content=\"Telinha\" \/>\n\t<meta name=\"twitter:label2\" content=\"Tempo estimado de leitura\" \/>\n\t<meta name=\"twitter:data2\" content=\"2 minutos\" \/>\n<script type=\"application\/ld+json\" class=\"yoast-schema-graph\">{\"@context\":\"https:\/\/schema.org\",\"@graph\":[{\"@type\":\"Article\",\"@id\":\"https:\/\/portaltela.pt\/noticias\/2026\/01\/26\/observador-lidera-ranking-de-podcasts-em-2025\/#article\",\"isPartOf\":{\"@id\":\"https:\/\/portaltela.pt\/noticias\/2026\/01\/26\/observador-lidera-ranking-de-podcasts-em-2025\/\"},\"author\":{\"name\":\"Telinha\",\"@id\":\"https:\/\/portaltela.pt\/#\/schema\/person\/c4278d4a6028830caff9ee44b42d32ed\"},\"headline\":\"Observador lidera ranking de podcasts em 2025\",\"datePublished\":\"2026-01-26T22:11:53+00:00\",\"mainEntityOfPage\":{\"@id\":\"https:\/\/portaltela.pt\/noticias\/2026\/01\/26\/observador-lidera-ranking-de-podcasts-em-2025\/\"},\"wordCount\":329,\"image\":{\"@id\":\"https:\/\/portaltela.pt\/noticias\/2026\/01\/26\/observador-lidera-ranking-de-podcasts-em-2025\/#primaryimage\"},\"thumbnailUrl\":\"https:\/\/portaltela.pt\/s.01k8rhncp4jt1\/2026\/01\/unnamed-file-5398.jpg\",\"keywords\":[\"Expresso\",\"imprensa\",\"not\u00edcia\",\"publica\u00e7\u00f5es\",\"r\u00e1dios\",\"SIC Not\u00edcias\"],\"articleSection\":[\"Not\u00edcias\"],\"inLanguage\":\"pt-PT\"},{\"@type\":\"WebPage\",\"@id\":\"https:\/\/portaltela.pt\/noticias\/2026\/01\/26\/observador-lidera-ranking-de-podcasts-em-2025\/\",\"url\":\"https:\/\/portaltela.pt\/noticias\/2026\/01\/26\/observador-lidera-ranking-de-podcasts-em-2025\/\",\"name\":\"Observador lidera ranking de podcasts em 2025 - Portal Tela Portugal\",\"isPartOf\":{\"@id\":\"https:\/\/portaltela.pt\/#website\"},\"primaryImageOfPage\":{\"@id\":\"https:\/\/portaltela.pt\/noticias\/2026\/01\/26\/observador-lidera-ranking-de-podcasts-em-2025\/#primaryimage\"},\"image\":{\"@id\":\"https:\/\/portaltela.pt\/noticias\/2026\/01\/26\/observador-lidera-ranking-de-podcasts-em-2025\/#primaryimage\"},\"thumbnailUrl\":\"https:\/\/portaltela.pt\/s.01k8rhncp4jt1\/2026\/01\/unnamed-file-5398.jpg\",\"datePublished\":\"2026-01-26T22:11:53+00:00\",\"author\":{\"@id\":\"https:\/\/portaltela.pt\/#\/schema\/person\/c4278d4a6028830caff9ee44b42d32ed\"},\"breadcrumb\":{\"@id\":\"https:\/\/portaltela.pt\/noticias\/2026\/01\/26\/observador-lidera-ranking-de-podcasts-em-2025\/#breadcrumb\"},\"inLanguage\":\"pt-PT\",\"potentialAction\":[{\"@type\":\"ReadAction\",\"target\":[\"https:\/\/portaltela.pt\/noticias\/2026\/01\/26\/observador-lidera-ranking-de-podcasts-em-2025\/\"]}]},{\"@type\":\"ImageObject\",\"inLanguage\":\"pt-PT\",\"@id\":\"https:\/\/portaltela.pt\/noticias\/2026\/01\/26\/observador-lidera-ranking-de-podcasts-em-2025\/#primaryimage\",\"url\":\"https:\/\/portaltela.pt\/s.01k8rhncp4jt1\/2026\/01\/unnamed-file-5398.jpg\",\"contentUrl\":\"https:\/\/portaltela.pt\/s.01k8rhncp4jt1\/2026\/01\/unnamed-file-5398.jpg\",\"width\":796,\"height\":448,\"caption\":\"Observador vence ranking de podcasts de todo o ano de 2025\"},{\"@type\":\"BreadcrumbList\",\"@id\":\"https:\/\/portaltela.pt\/noticias\/2026\/01\/26\/observador-lidera-ranking-de-podcasts-em-2025\/#breadcrumb\",\"itemListElement\":[{\"@type\":\"ListItem\",\"position\":1,\"name\":\"In\u00edcio\",\"item\":\"https:\/\/portaltela.pt\/\"},{\"@type\":\"ListItem\",\"position\":2,\"name\":\"Observador lidera ranking de podcasts em 2025\"}]},{\"@type\":\"WebSite\",\"@id\":\"https:\/\/portaltela.pt\/#website\",\"url\":\"https:\/\/portaltela.pt\/\",\"name\":\"Portal Tela Portugal\",\"description\":\"\",\"potentialAction\":[{\"@type\":\"SearchAction\",\"target\":{\"@type\":\"EntryPoint\",\"urlTemplate\":\"https:\/\/portaltela.pt\/?s={search_term_string}\"},\"query-input\":{\"@type\":\"PropertyValueSpecification\",\"valueRequired\":true,\"valueName\":\"search_term_string\"}}],\"inLanguage\":\"pt-PT\"},{\"@type\":\"Person\",\"@id\":\"https:\/\/portaltela.pt\/#\/schema\/person\/c4278d4a6028830caff9ee44b42d32ed\",\"name\":\"Telinha\",\"image\":{\"@type\":\"ImageObject\",\"inLanguage\":\"pt-PT\",\"@id\":\"https:\/\/portaltela.pt\/s.01k8rhncp4jt1\/2025\/11\/talking-bot-125x125.png\",\"url\":\"https:\/\/portaltela.pt\/s.01k8rhncp4jt1\/2025\/11\/talking-bot-125x125.png\",\"contentUrl\":\"https:\/\/portaltela.pt\/s.01k8rhncp4jt1\/2025\/11\/talking-bot-125x125.png\",\"caption\":\"Telinha\"},\"sameAs\":[\"https:\/\/portaltela.pt\/\"],\"url\":\"https:\/\/portaltela.pt\/por\/367410592786\/\"}]}<\/script>\n<!-- \/ Yoast SEO plugin. -->","yoast_head_json":{"title":"Observador lidera ranking de podcasts em 2025 - Portal Tela Portugal","robots":{"index":"index","follow":"follow","max-snippet":"max-snippet:-1","max-image-preview":"max-image-preview:large","max-video-preview":"max-video-preview:-1"},"og_locale":"pt_PT","og_type":"article","og_title":"Observador lidera ranking de podcasts em 2025 - Portal Tela Portugal","og_description":"O Observador liderou o mercado nacional de podcasts em 2025, com 33,2 milh\u00f5es de audi\u00e7\u00f5es em Portugal, segundo os 12 rankings mensais da Marktest. A Renascen\u00e7a ficou em segundo lugar, com 29,9 milh\u00f5es de audi\u00e7\u00f5es; a Comercial ficou em terceiro, com 26,9 milh\u00f5es. O Observador venceu em cinco meses, a Renascen\u00e7a em cinco meses e a Comercial em dois, no conjunto dos rankings mensais. Em ouvintes semanais, o Observador ficou em segundo lugar, com 281.891, a apenas 115 ouvintes do Expresso. Al\u00e9m disso, houve mais 5 milh\u00f5es de downloads de podcasts do Observador n\u00e3o contabilizados neste ranking; os programas mais ouvidos foram Contra-Corrente, A Guerra Traduzida, A Hist\u00f3ria do Dia, E o Resto \u00e9 Hist\u00f3ria, O Vencedor \u00e9\u2026 e outros.","og_url":"https:\/\/portaltela.pt\/noticias\/2026\/01\/26\/observador-lidera-ranking-de-podcasts-em-2025\/","og_site_name":"Portal Tela Portugal","article_published_time":"2026-01-26T22:11:53+00:00","author":"Telinha","twitter_card":"summary_large_image","twitter_misc":{"Escrito por":"Telinha","Tempo estimado de leitura":"2 minutos"},"schema":{"@context":"https:\/\/schema.org","@graph":[{"@type":"Article","@id":"https:\/\/portaltela.pt\/noticias\/2026\/01\/26\/observador-lidera-ranking-de-podcasts-em-2025\/#article","isPartOf":{"@id":"https:\/\/portaltela.pt\/noticias\/2026\/01\/26\/observador-lidera-ranking-de-podcasts-em-2025\/"},"author":{"name":"Telinha","@id":"https:\/\/portaltela.pt\/#\/schema\/person\/c4278d4a6028830caff9ee44b42d32ed"},"headline":"Observador lidera ranking de podcasts em 2025","datePublished":"2026-01-26T22:11:53+00:00","mainEntityOfPage":{"@id":"https:\/\/portaltela.pt\/noticias\/2026\/01\/26\/observador-lidera-ranking-de-podcasts-em-2025\/"},"wordCount":329,"image":{"@id":"https:\/\/portaltela.pt\/noticias\/2026\/01\/26\/observador-lidera-ranking-de-podcasts-em-2025\/#primaryimage"},"thumbnailUrl":"https:\/\/portaltela.pt\/s.01k8rhncp4jt1\/2026\/01\/unnamed-file-5398.jpg","keywords":["Expresso","imprensa","not\u00edcia","publica\u00e7\u00f5es","r\u00e1dios","SIC Not\u00edcias"],"articleSection":["Not\u00edcias"],"inLanguage":"pt-PT"},{"@type":"WebPage","@id":"https:\/\/portaltela.pt\/noticias\/2026\/01\/26\/observador-lidera-ranking-de-podcasts-em-2025\/","url":"https:\/\/portaltela.pt\/noticias\/2026\/01\/26\/observador-lidera-ranking-de-podcasts-em-2025\/","name":"Observador lidera ranking de podcasts em 2025 - Portal Tela Portugal","isPartOf":{"@id":"https:\/\/portaltela.pt\/#website"},"primaryImageOfPage":{"@id":"https:\/\/portaltela.pt\/noticias\/2026\/01\/26\/observador-lidera-ranking-de-podcasts-em-2025\/#primaryimage"},"image":{"@id":"https:\/\/portaltela.pt\/noticias\/2026\/01\/26\/observador-lidera-ranking-de-podcasts-em-2025\/#primaryimage"},"thumbnailUrl":"https:\/\/portaltela.pt\/s.01k8rhncp4jt1\/2026\/01\/unnamed-file-5398.jpg","datePublished":"2026-01-26T22:11:53+00:00","author":{"@id":"https:\/\/portaltela.pt\/#\/schema\/person\/c4278d4a6028830caff9ee44b42d32ed"},"breadcrumb":{"@id":"https:\/\/portaltela.pt\/noticias\/2026\/01\/26\/observador-lidera-ranking-de-podcasts-em-2025\/#breadcrumb"},"inLanguage":"pt-PT","potentialAction":[{"@type":"ReadAction","target":["https:\/\/portaltela.pt\/noticias\/2026\/01\/26\/observador-lidera-ranking-de-podcasts-em-2025\/"]}]},{"@type":"ImageObject","inLanguage":"pt-PT","@id":"https:\/\/portaltela.pt\/noticias\/2026\/01\/26\/observador-lidera-ranking-de-podcasts-em-2025\/#primaryimage","url":"https:\/\/portaltela.pt\/s.01k8rhncp4jt1\/2026\/01\/unnamed-file-5398.jpg","contentUrl":"https:\/\/portaltela.pt\/s.01k8rhncp4jt1\/2026\/01\/unnamed-file-5398.jpg","width":796,"height":448,"caption":"Observador vence ranking de podcasts de todo o ano de 2025"},{"@type":"BreadcrumbList","@id":"https:\/\/portaltela.pt\/noticias\/2026\/01\/26\/observador-lidera-ranking-de-podcasts-em-2025\/#breadcrumb","itemListElement":[{"@type":"ListItem","position":1,"name":"In\u00edcio","item":"https:\/\/portaltela.pt\/"},{"@type":"ListItem","position":2,"name":"Observador lidera ranking de podcasts em 2025"}]},{"@type":"WebSite","@id":"https:\/\/portaltela.pt\/#website","url":"https:\/\/portaltela.pt\/","name":"Portal Tela Portugal","description":"","potentialAction":[{"@type":"SearchAction","target":{"@type":"EntryPoint","urlTemplate":"https:\/\/portaltela.pt\/?s={search_term_string}"},"query-input":{"@type":"PropertyValueSpecification","valueRequired":true,"valueName":"search_term_string"}}],"inLanguage":"pt-PT"},{"@type":"Person","@id":"https:\/\/portaltela.pt\/#\/schema\/person\/c4278d4a6028830caff9ee44b42d32ed","name":"Telinha","image":{"@type":"ImageObject","inLanguage":"pt-PT","@id":"https:\/\/portaltela.pt\/s.01k8rhncp4jt1\/2025\/11\/talking-bot-125x125.png","url":"https:\/\/portaltela.pt\/s.01k8rhncp4jt1\/2025\/11\/talking-bot-125x125.png","contentUrl":"https:\/\/portaltela.pt\/s.01k8rhncp4jt1\/2025\/11\/talking-bot-125x125.png","caption":"Telinha"},"sameAs":["https:\/\/portaltela.pt\/"],"url":"https:\/\/portaltela.pt\/por\/367410592786\/"}]}},"_links":{"self":[{"href":"https:\/\/portaltela.pt\/api\/wp\/v2\/posts\/175428","targetHints":{"allow":["GET"]}}],"collection":[{"href":"https:\/\/portaltela.pt\/api\/wp\/v2\/posts"}],"about":[{"href":"https:\/\/portaltela.pt\/api\/wp\/v2\/types\/post"}],"author":[{"embeddable":true,"href":"https:\/\/portaltela.pt\/api\/wp\/v2\/users\/2"}],"replies":[{"embeddable":true,"href":"https:\/\/portaltela.pt\/api\/wp\/v2\/comments?post=175428"}],"version-history":[{"count":0,"href":"https:\/\/portaltela.pt\/api\/wp\/v2\/posts\/175428\/revisions"}],"wp:featuredmedia":[{"embeddable":true,"href":"https:\/\/portaltela.pt\/api\/wp\/v2\/media\/175452"}],"wp:attachment":[{"href":"https:\/\/portaltela.pt\/api\/wp\/v2\/media?parent=175428"}],"wp:term":[{"taxonomy":"category","embeddable":true,"href":"https:\/\/portaltela.pt\/api\/wp\/v2\/categories?post=175428"},{"taxonomy":"post_tag","embeddable":true,"href":"https:\/\/portaltela.pt\/api\/wp\/v2\/tags?post=175428"}],"curies":[{"name":"wp","href":"https:\/\/api.w.org\/{rel}","templated":true}]}}