{"id":175405,"date":"2026-01-26T19:23:00","date_gmt":"2026-01-26T22:23:00","guid":{"rendered":"https:\/\/portaltela.pt\/noticias\/2026\/01\/26\/linha-do-minho-interrompida-em-valenca-por-atropelamento-mortal\/"},"modified":"2026-01-26T19:23:00","modified_gmt":"2026-01-26T22:23:00","slug":"linha-do-minho-interrompida-em-valenca-por-atropelamento-mortal","status":"publish","type":"post","link":"https:\/\/portaltela.pt\/noticias\/2026\/01\/26\/linha-do-minho-interrompida-em-valenca-por-atropelamento-mortal\/","title":{"rendered":"Linha do Minho interrompida em Valen\u00e7a por atropelamento mortal"},"content":{"rendered":"<p>A circula\u00e7\u00e3o na Linha do Minho ficou interrompida na zona de S. Pedro da Torre, Valen\u00e7a, ap\u00f3s um atropelamento mortal de um homem de 50 anos. O incidente ocorreu pouco depois das 20h, numa composi\u00e7\u00e3o com origem em Nine e destino a Valen\u00e7a.<\/p>\n<p>A v\u00edtima ainda n\u00e3o tinha sido identificada \u00e0s 22h, mantendo-se o corpo no local para procedimentos legais. A circula\u00e7\u00e3o permanece condicionada enquanto decorrem as a\u00e7\u00f5es log\u00edsticas e legais.<\/p>\n<p>Foram mobilizados 15 operacionais com seis viaturas, entre bombeiros de Valen\u00e7a e GNR. No local ficam patrulhas, uma equipa de bombeiros para limpeza da via e a remo\u00e7\u00e3o do corpo. As circunst\u00e2ncias est\u00e3o a ser apuradas pelo NiC da GNR.<\/p>\n<h3>Investiga\u00e7\u00e3o em curso<\/h3>\n<p>A investiga\u00e7\u00e3o sobre as circunst\u00e2ncias do atropelamento est\u00e1 a cargo do N\u00facleo de Investiga\u00e7\u00e3o Criminal da GNR, que trabalha para esclarecer o que levou ao acidente.<\/p>\n","protected":false},"excerpt":{"rendered":"<ul>\n<li>A circula\u00e7\u00e3o na Linha do Minho, na zona de S. Pedro da Torre, Valen\u00e7a, est\u00e1 interrompida ap\u00f3s o atropelamento mortal de um homem de 50 anos.<\/li>\n<li>O incidente ocorreu pouco depois das 20h, com um comboio proveniente de Nine em dire\u00e7\u00e3o a Valen\u00e7a, que colheu o homem por motivos ainda desconhecidos.<\/li>\n<li>At\u00e9 \u00e0s 22h, a v\u00edtima n\u00e3o tinha sido identificada e o corpo permanecia no local para cumprir os procedimentos legais.<\/li>\n<li>Estiveram no local 15 operacionais com seis viaturas, entre bombeiros de Valen\u00e7a e GNR.<\/li>\n<li>As circunst\u00e2ncias da morte est\u00e3o a ser investigadas pelo N\u00facleo de Investiga\u00e7\u00e3o Criminal da GNR, com equipa de limpeza da via e remo\u00e7\u00e3o de cad\u00e1ver a assegurar o terreno.<\/li>\n<\/ul>\n","protected":false},"author":2,"featured_media":175408,"comment_status":"closed","ping_status":"closed","sticky":false,"template":"","format":"standard","meta":{"footnotes":""},"categories":[1],"tags":[3447,971,1380,217,3222],"class_list":["post-175405","post","type-post","status-publish","format-standard","has-post-thumbnail","hentry","category-noticias","tag-acidente-ferroviario","tag-bombeiros","tag-gnr","tag-investigacao-criminal","tag-valenca"],"yoast_head":"<!-- This site is optimized with the Yoast SEO plugin v27.2 - https:\/\/yoast.com\/product\/yoast-seo-wordpress\/ -->\n<title>Linha do Minho interrompida em Valen\u00e7a por atropelamento mortal - Portal Tela Portugal<\/title>\n<meta name=\"robots\" content=\"index, follow, max-snippet:-1, max-image-preview:large, max-video-preview:-1\" \/>\n<meta property=\"og:locale\" content=\"pt_PT\" \/>\n<meta property=\"og:type\" content=\"article\" \/>\n<meta property=\"og:title\" content=\"Linha do Minho interrompida em Valen\u00e7a por atropelamento mortal - Portal Tela Portugal\" \/>\n<meta property=\"og:description\" content=\"A circula\u00e7\u00e3o na Linha do Minho, na zona de S. Pedro da Torre, Valen\u00e7a, est\u00e1 interrompida ap\u00f3s o atropelamento mortal de um homem de 50 anos. O incidente ocorreu pouco depois das 20h, com um comboio proveniente de Nine em dire\u00e7\u00e3o a Valen\u00e7a, que colheu o homem por motivos ainda desconhecidos. At\u00e9 \u00e0s 22h, a v\u00edtima n\u00e3o tinha sido identificada e o corpo permanecia no local para cumprir os procedimentos legais. Estiveram no local 15 operacionais com seis viaturas, entre bombeiros de Valen\u00e7a e GNR. As circunst\u00e2ncias da morte est\u00e3o a ser investigadas pelo N\u00facleo de Investiga\u00e7\u00e3o Criminal da GNR, com equipa de limpeza da via e remo\u00e7\u00e3o de cad\u00e1ver a assegurar o terreno.\" \/>\n<meta property=\"og:url\" content=\"https:\/\/portaltela.pt\/noticias\/2026\/01\/26\/linha-do-minho-interrompida-em-valenca-por-atropelamento-mortal\/\" \/>\n<meta property=\"og:site_name\" content=\"Portal Tela Portugal\" \/>\n<meta property=\"article:published_time\" content=\"2026-01-26T22:23:00+00:00\" \/>\n<meta name=\"author\" content=\"Telinha\" \/>\n<meta name=\"twitter:card\" content=\"summary_large_image\" \/>\n<meta name=\"twitter:label1\" content=\"Escrito por\" \/>\n\t<meta name=\"twitter:data1\" content=\"Telinha\" \/>\n\t<meta name=\"twitter:label2\" content=\"Tempo estimado de leitura\" \/>\n\t<meta name=\"twitter:data2\" content=\"1 minuto\" \/>\n<script type=\"application\/ld+json\" class=\"yoast-schema-graph\">{\"@context\":\"https:\/\/schema.org\",\"@graph\":[{\"@type\":\"Article\",\"@id\":\"https:\/\/portaltela.pt\/noticias\/2026\/01\/26\/linha-do-minho-interrompida-em-valenca-por-atropelamento-mortal\/#article\",\"isPartOf\":{\"@id\":\"https:\/\/portaltela.pt\/noticias\/2026\/01\/26\/linha-do-minho-interrompida-em-valenca-por-atropelamento-mortal\/\"},\"author\":{\"name\":\"Telinha\",\"@id\":\"https:\/\/portaltela.pt\/#\/schema\/person\/c4278d4a6028830caff9ee44b42d32ed\"},\"headline\":\"Linha do Minho interrompida em Valen\u00e7a por atropelamento mortal\",\"datePublished\":\"2026-01-26T22:23:00+00:00\",\"mainEntityOfPage\":{\"@id\":\"https:\/\/portaltela.pt\/noticias\/2026\/01\/26\/linha-do-minho-interrompida-em-valenca-por-atropelamento-mortal\/\"},\"wordCount\":167,\"image\":{\"@id\":\"https:\/\/portaltela.pt\/noticias\/2026\/01\/26\/linha-do-minho-interrompida-em-valenca-por-atropelamento-mortal\/#primaryimage\"},\"thumbnailUrl\":\"https:\/\/portaltela.pt\/s.01k8rhncp4jt1\/2026\/01\/image-1809.jpg\",\"keywords\":[\"acidente ferrovi\u00e1rio\",\"bombeiros\",\"GNR\",\"investiga\u00e7\u00e3o criminal\",\"Valen\u00e7a\"],\"articleSection\":[\"Not\u00edcias\"],\"inLanguage\":\"pt-PT\"},{\"@type\":\"WebPage\",\"@id\":\"https:\/\/portaltela.pt\/noticias\/2026\/01\/26\/linha-do-minho-interrompida-em-valenca-por-atropelamento-mortal\/\",\"url\":\"https:\/\/portaltela.pt\/noticias\/2026\/01\/26\/linha-do-minho-interrompida-em-valenca-por-atropelamento-mortal\/\",\"name\":\"Linha do Minho interrompida em Valen\u00e7a por atropelamento mortal - Portal Tela Portugal\",\"isPartOf\":{\"@id\":\"https:\/\/portaltela.pt\/#website\"},\"primaryImageOfPage\":{\"@id\":\"https:\/\/portaltela.pt\/noticias\/2026\/01\/26\/linha-do-minho-interrompida-em-valenca-por-atropelamento-mortal\/#primaryimage\"},\"image\":{\"@id\":\"https:\/\/portaltela.pt\/noticias\/2026\/01\/26\/linha-do-minho-interrompida-em-valenca-por-atropelamento-mortal\/#primaryimage\"},\"thumbnailUrl\":\"https:\/\/portaltela.pt\/s.01k8rhncp4jt1\/2026\/01\/image-1809.jpg\",\"datePublished\":\"2026-01-26T22:23:00+00:00\",\"author\":{\"@id\":\"https:\/\/portaltela.pt\/#\/schema\/person\/c4278d4a6028830caff9ee44b42d32ed\"},\"breadcrumb\":{\"@id\":\"https:\/\/portaltela.pt\/noticias\/2026\/01\/26\/linha-do-minho-interrompida-em-valenca-por-atropelamento-mortal\/#breadcrumb\"},\"inLanguage\":\"pt-PT\",\"potentialAction\":[{\"@type\":\"ReadAction\",\"target\":[\"https:\/\/portaltela.pt\/noticias\/2026\/01\/26\/linha-do-minho-interrompida-em-valenca-por-atropelamento-mortal\/\"]}]},{\"@type\":\"ImageObject\",\"inLanguage\":\"pt-PT\",\"@id\":\"https:\/\/portaltela.pt\/noticias\/2026\/01\/26\/linha-do-minho-interrompida-em-valenca-por-atropelamento-mortal\/#primaryimage\",\"url\":\"https:\/\/portaltela.pt\/s.01k8rhncp4jt1\/2026\/01\/image-1809.jpg\",\"contentUrl\":\"https:\/\/portaltela.pt\/s.01k8rhncp4jt1\/2026\/01\/image-1809.jpg\",\"width\":796,\"height\":448,\"caption\":\"Atropelamento mortal ocorreu na Linha do Minho\"},{\"@type\":\"BreadcrumbList\",\"@id\":\"https:\/\/portaltela.pt\/noticias\/2026\/01\/26\/linha-do-minho-interrompida-em-valenca-por-atropelamento-mortal\/#breadcrumb\",\"itemListElement\":[{\"@type\":\"ListItem\",\"position\":1,\"name\":\"In\u00edcio\",\"item\":\"https:\/\/portaltela.pt\/\"},{\"@type\":\"ListItem\",\"position\":2,\"name\":\"Linha do Minho interrompida em Valen\u00e7a por atropelamento mortal\"}]},{\"@type\":\"WebSite\",\"@id\":\"https:\/\/portaltela.pt\/#website\",\"url\":\"https:\/\/portaltela.pt\/\",\"name\":\"Portal Tela Portugal\",\"description\":\"\",\"potentialAction\":[{\"@type\":\"SearchAction\",\"target\":{\"@type\":\"EntryPoint\",\"urlTemplate\":\"https:\/\/portaltela.pt\/?s={search_term_string}\"},\"query-input\":{\"@type\":\"PropertyValueSpecification\",\"valueRequired\":true,\"valueName\":\"search_term_string\"}}],\"inLanguage\":\"pt-PT\"},{\"@type\":\"Person\",\"@id\":\"https:\/\/portaltela.pt\/#\/schema\/person\/c4278d4a6028830caff9ee44b42d32ed\",\"name\":\"Telinha\",\"image\":{\"@type\":\"ImageObject\",\"inLanguage\":\"pt-PT\",\"@id\":\"https:\/\/portaltela.pt\/s.01k8rhncp4jt1\/2025\/11\/talking-bot-125x125.png\",\"url\":\"https:\/\/portaltela.pt\/s.01k8rhncp4jt1\/2025\/11\/talking-bot-125x125.png\",\"contentUrl\":\"https:\/\/portaltela.pt\/s.01k8rhncp4jt1\/2025\/11\/talking-bot-125x125.png\",\"caption\":\"Telinha\"},\"sameAs\":[\"https:\/\/portaltela.pt\/\"],\"url\":\"https:\/\/portaltela.pt\/por\/367410592786\/\"}]}<\/script>\n<!-- \/ Yoast SEO plugin. -->","yoast_head_json":{"title":"Linha do Minho interrompida em Valen\u00e7a por atropelamento mortal - Portal Tela Portugal","robots":{"index":"index","follow":"follow","max-snippet":"max-snippet:-1","max-image-preview":"max-image-preview:large","max-video-preview":"max-video-preview:-1"},"og_locale":"pt_PT","og_type":"article","og_title":"Linha do Minho interrompida em Valen\u00e7a por atropelamento mortal - Portal Tela Portugal","og_description":"A circula\u00e7\u00e3o na Linha do Minho, na zona de S. Pedro da Torre, Valen\u00e7a, est\u00e1 interrompida ap\u00f3s o atropelamento mortal de um homem de 50 anos. O incidente ocorreu pouco depois das 20h, com um comboio proveniente de Nine em dire\u00e7\u00e3o a Valen\u00e7a, que colheu o homem por motivos ainda desconhecidos. At\u00e9 \u00e0s 22h, a v\u00edtima n\u00e3o tinha sido identificada e o corpo permanecia no local para cumprir os procedimentos legais. Estiveram no local 15 operacionais com seis viaturas, entre bombeiros de Valen\u00e7a e GNR. As circunst\u00e2ncias da morte est\u00e3o a ser investigadas pelo N\u00facleo de Investiga\u00e7\u00e3o Criminal da GNR, com equipa de limpeza da via e remo\u00e7\u00e3o de cad\u00e1ver a assegurar o terreno.","og_url":"https:\/\/portaltela.pt\/noticias\/2026\/01\/26\/linha-do-minho-interrompida-em-valenca-por-atropelamento-mortal\/","og_site_name":"Portal Tela Portugal","article_published_time":"2026-01-26T22:23:00+00:00","author":"Telinha","twitter_card":"summary_large_image","twitter_misc":{"Escrito por":"Telinha","Tempo estimado de leitura":"1 minuto"},"schema":{"@context":"https:\/\/schema.org","@graph":[{"@type":"Article","@id":"https:\/\/portaltela.pt\/noticias\/2026\/01\/26\/linha-do-minho-interrompida-em-valenca-por-atropelamento-mortal\/#article","isPartOf":{"@id":"https:\/\/portaltela.pt\/noticias\/2026\/01\/26\/linha-do-minho-interrompida-em-valenca-por-atropelamento-mortal\/"},"author":{"name":"Telinha","@id":"https:\/\/portaltela.pt\/#\/schema\/person\/c4278d4a6028830caff9ee44b42d32ed"},"headline":"Linha do Minho interrompida em Valen\u00e7a por atropelamento mortal","datePublished":"2026-01-26T22:23:00+00:00","mainEntityOfPage":{"@id":"https:\/\/portaltela.pt\/noticias\/2026\/01\/26\/linha-do-minho-interrompida-em-valenca-por-atropelamento-mortal\/"},"wordCount":167,"image":{"@id":"https:\/\/portaltela.pt\/noticias\/2026\/01\/26\/linha-do-minho-interrompida-em-valenca-por-atropelamento-mortal\/#primaryimage"},"thumbnailUrl":"https:\/\/portaltela.pt\/s.01k8rhncp4jt1\/2026\/01\/image-1809.jpg","keywords":["acidente ferrovi\u00e1rio","bombeiros","GNR","investiga\u00e7\u00e3o criminal","Valen\u00e7a"],"articleSection":["Not\u00edcias"],"inLanguage":"pt-PT"},{"@type":"WebPage","@id":"https:\/\/portaltela.pt\/noticias\/2026\/01\/26\/linha-do-minho-interrompida-em-valenca-por-atropelamento-mortal\/","url":"https:\/\/portaltela.pt\/noticias\/2026\/01\/26\/linha-do-minho-interrompida-em-valenca-por-atropelamento-mortal\/","name":"Linha do Minho interrompida em Valen\u00e7a por atropelamento mortal - Portal Tela Portugal","isPartOf":{"@id":"https:\/\/portaltela.pt\/#website"},"primaryImageOfPage":{"@id":"https:\/\/portaltela.pt\/noticias\/2026\/01\/26\/linha-do-minho-interrompida-em-valenca-por-atropelamento-mortal\/#primaryimage"},"image":{"@id":"https:\/\/portaltela.pt\/noticias\/2026\/01\/26\/linha-do-minho-interrompida-em-valenca-por-atropelamento-mortal\/#primaryimage"},"thumbnailUrl":"https:\/\/portaltela.pt\/s.01k8rhncp4jt1\/2026\/01\/image-1809.jpg","datePublished":"2026-01-26T22:23:00+00:00","author":{"@id":"https:\/\/portaltela.pt\/#\/schema\/person\/c4278d4a6028830caff9ee44b42d32ed"},"breadcrumb":{"@id":"https:\/\/portaltela.pt\/noticias\/2026\/01\/26\/linha-do-minho-interrompida-em-valenca-por-atropelamento-mortal\/#breadcrumb"},"inLanguage":"pt-PT","potentialAction":[{"@type":"ReadAction","target":["https:\/\/portaltela.pt\/noticias\/2026\/01\/26\/linha-do-minho-interrompida-em-valenca-por-atropelamento-mortal\/"]}]},{"@type":"ImageObject","inLanguage":"pt-PT","@id":"https:\/\/portaltela.pt\/noticias\/2026\/01\/26\/linha-do-minho-interrompida-em-valenca-por-atropelamento-mortal\/#primaryimage","url":"https:\/\/portaltela.pt\/s.01k8rhncp4jt1\/2026\/01\/image-1809.jpg","contentUrl":"https:\/\/portaltela.pt\/s.01k8rhncp4jt1\/2026\/01\/image-1809.jpg","width":796,"height":448,"caption":"Atropelamento mortal ocorreu na Linha do Minho"},{"@type":"BreadcrumbList","@id":"https:\/\/portaltela.pt\/noticias\/2026\/01\/26\/linha-do-minho-interrompida-em-valenca-por-atropelamento-mortal\/#breadcrumb","itemListElement":[{"@type":"ListItem","position":1,"name":"In\u00edcio","item":"https:\/\/portaltela.pt\/"},{"@type":"ListItem","position":2,"name":"Linha do Minho interrompida em Valen\u00e7a por atropelamento mortal"}]},{"@type":"WebSite","@id":"https:\/\/portaltela.pt\/#website","url":"https:\/\/portaltela.pt\/","name":"Portal Tela Portugal","description":"","potentialAction":[{"@type":"SearchAction","target":{"@type":"EntryPoint","urlTemplate":"https:\/\/portaltela.pt\/?s={search_term_string}"},"query-input":{"@type":"PropertyValueSpecification","valueRequired":true,"valueName":"search_term_string"}}],"inLanguage":"pt-PT"},{"@type":"Person","@id":"https:\/\/portaltela.pt\/#\/schema\/person\/c4278d4a6028830caff9ee44b42d32ed","name":"Telinha","image":{"@type":"ImageObject","inLanguage":"pt-PT","@id":"https:\/\/portaltela.pt\/s.01k8rhncp4jt1\/2025\/11\/talking-bot-125x125.png","url":"https:\/\/portaltela.pt\/s.01k8rhncp4jt1\/2025\/11\/talking-bot-125x125.png","contentUrl":"https:\/\/portaltela.pt\/s.01k8rhncp4jt1\/2025\/11\/talking-bot-125x125.png","caption":"Telinha"},"sameAs":["https:\/\/portaltela.pt\/"],"url":"https:\/\/portaltela.pt\/por\/367410592786\/"}]}},"_links":{"self":[{"href":"https:\/\/portaltela.pt\/api\/wp\/v2\/posts\/175405","targetHints":{"allow":["GET"]}}],"collection":[{"href":"https:\/\/portaltela.pt\/api\/wp\/v2\/posts"}],"about":[{"href":"https:\/\/portaltela.pt\/api\/wp\/v2\/types\/post"}],"author":[{"embeddable":true,"href":"https:\/\/portaltela.pt\/api\/wp\/v2\/users\/2"}],"replies":[{"embeddable":true,"href":"https:\/\/portaltela.pt\/api\/wp\/v2\/comments?post=175405"}],"version-history":[{"count":0,"href":"https:\/\/portaltela.pt\/api\/wp\/v2\/posts\/175405\/revisions"}],"wp:featuredmedia":[{"embeddable":true,"href":"https:\/\/portaltela.pt\/api\/wp\/v2\/media\/175408"}],"wp:attachment":[{"href":"https:\/\/portaltela.pt\/api\/wp\/v2\/media?parent=175405"}],"wp:term":[{"taxonomy":"category","embeddable":true,"href":"https:\/\/portaltela.pt\/api\/wp\/v2\/categories?post=175405"},{"taxonomy":"post_tag","embeddable":true,"href":"https:\/\/portaltela.pt\/api\/wp\/v2\/tags?post=175405"}],"curies":[{"name":"wp","href":"https:\/\/api.w.org\/{rel}","templated":true}]}}