{"id":175373,"date":"2026-01-26T18:33:19","date_gmt":"2026-01-26T21:33:19","guid":{"rendered":"https:\/\/portaltela.pt\/noticias\/2026\/01\/26\/trilho-de-sao-miguel-pe-da-serra-desafia-caminhantes-em-fevereiro\/"},"modified":"2026-01-26T18:33:19","modified_gmt":"2026-01-26T21:33:19","slug":"trilho-de-sao-miguel-pe-da-serra-desafia-caminhantes-em-fevereiro","status":"publish","type":"post","link":"https:\/\/portaltela.pt\/noticias\/2026\/01\/26\/trilho-de-sao-miguel-pe-da-serra-desafia-caminhantes-em-fevereiro\/","title":{"rendered":"Trilho de S\u00e3o Miguel, P\u00e9 da Serra, desafia caminhantes em fevereiro"},"content":{"rendered":"<p>O Munic\u00edpio de Nisa avan\u00e7a com o programa Caminhos de Nisa ao Encontro do Patrim\u00f3nio \u2013 Caminhadas 2026, promovendo o territ\u00f3rio. A pr\u00f3xima caminhada realiza-se em 21 de fevereiro, na freguesia de P\u00e9 da Serra, no percurso PR5 NIS \u2013 \u00c0 Descoberta de S. Miguel.<\/p>\n<p>Com 8,5 quil\u00f3metros, o trajeto apresenta dificuldade classificada como algo dif\u00edcil. Exige prepara\u00e7\u00e3o f\u00edsica, mas oferece paisagens \u00fanicas onde a natureza se alia ao patrim\u00f3nio serrano, revelando recantos pouco explorados do concelho.<\/p>\n<p>As inscri\u00e7\u00f5es s\u00e3o gratuitas e limitadas, com reserva obrigat\u00f3ria at\u00e9 18 de fevereiro. O objetivo \u00e9 incentivar h\u00e1bitos de vida saud\u00e1veis e valorizar a riqueza hist\u00f3rica e paisag\u00edstica de Nisa para o turismo ativo.<\/p>\n<h3>Inscri\u00e7\u00f5es e detalhes<\/h3>\n<p>Interessados devem consultar o site oficial da C\u00e2mara Municipal de Nisa para formalizar a inscri\u00e7\u00e3o e obter informa\u00e7\u00f5es log\u00edsticas da atividade. O munic\u00edpio refor\u00e7a a celebra\u00e7\u00e3o do patrim\u00f3nio local e da biodiversidade da regi\u00e3o.<\/p>\n","protected":false},"excerpt":{"rendered":"<ul>\n<li>Caminhada no trilho PR5 NIS \u2013 \u00c0 Descoberta de S. Miguel acontece a 21 de fevereiro, integrada no programa Caminhos de Nisa ao Encontro do Patrim\u00f3nio \u2013 Caminhadas 2026.<\/li>\n<li>Percurso tem 8,5 quil\u00f3metros e dificuldade classificada como algo dif\u00edcil, exigindo prepara\u00e7\u00e3o f\u00edsica dos participantes.<\/li>\n<li>O trajeto percorre a freguesia de P\u00e9 da Serra, juntando natureza e patrim\u00f3nio serrano e revelando recantos menos explorados do concelho.<\/li>\n<li>As inscri\u00e7\u00f5es s\u00e3o gratuitas, mas limitadas, com reserva obrigat\u00f3ria at\u00e9 ao dia 18 de fevereiro.<\/li>\n<li>Interessados devem consultar o site da C\u00e2mara Municipal para formalizar a inscri\u00e7\u00e3o e obter detalhes log\u00edsticos.<\/li>\n<\/ul>\n","protected":false},"author":2,"featured_media":175384,"comment_status":"closed","ping_status":"closed","sticky":false,"template":"","format":"standard","meta":{"footnotes":""},"categories":[1],"tags":[1701,373,3568,814,4388,169],"class_list":["post-175373","post","type-post","status-publish","format-standard","has-post-thumbnail","hentry","category-noticias","tag-biodiversidade","tag-concelhos","tag-natureza","tag-patrimonio","tag-percurso-pedestres","tag-turismo"],"yoast_head":"<!-- This site is optimized with the Yoast SEO plugin v27.2 - https:\/\/yoast.com\/product\/yoast-seo-wordpress\/ -->\n<title>Trilho de S\u00e3o Miguel, P\u00e9 da Serra, desafia caminhantes em fevereiro - Portal Tela Portugal<\/title>\n<meta name=\"robots\" content=\"index, follow, max-snippet:-1, max-image-preview:large, max-video-preview:-1\" \/>\n<meta property=\"og:locale\" content=\"pt_PT\" \/>\n<meta property=\"og:type\" content=\"article\" \/>\n<meta property=\"og:title\" content=\"Trilho de S\u00e3o Miguel, P\u00e9 da Serra, desafia caminhantes em fevereiro - Portal Tela Portugal\" \/>\n<meta property=\"og:description\" content=\"Caminhada no trilho PR5 NIS \u2013 \u00c0 Descoberta de S. Miguel acontece a 21 de fevereiro, integrada no programa Caminhos de Nisa ao Encontro do Patrim\u00f3nio \u2013 Caminhadas 2026. Percurso tem 8,5 quil\u00f3metros e dificuldade classificada como algo dif\u00edcil, exigindo prepara\u00e7\u00e3o f\u00edsica dos participantes. O trajeto percorre a freguesia de P\u00e9 da Serra, juntando natureza e patrim\u00f3nio serrano e revelando recantos menos explorados do concelho. As inscri\u00e7\u00f5es s\u00e3o gratuitas, mas limitadas, com reserva obrigat\u00f3ria at\u00e9 ao dia 18 de fevereiro. Interessados devem consultar o site da C\u00e2mara Municipal para formalizar a inscri\u00e7\u00e3o e obter detalhes log\u00edsticos.\" \/>\n<meta property=\"og:url\" content=\"https:\/\/portaltela.pt\/noticias\/2026\/01\/26\/trilho-de-sao-miguel-pe-da-serra-desafia-caminhantes-em-fevereiro\/\" \/>\n<meta property=\"og:site_name\" content=\"Portal Tela Portugal\" \/>\n<meta property=\"article:published_time\" content=\"2026-01-26T21:33:19+00:00\" \/>\n<meta name=\"author\" content=\"Telinha\" \/>\n<meta name=\"twitter:card\" content=\"summary_large_image\" \/>\n<meta name=\"twitter:label1\" content=\"Escrito por\" \/>\n\t<meta name=\"twitter:data1\" content=\"Telinha\" \/>\n\t<meta name=\"twitter:label2\" content=\"Tempo estimado de leitura\" \/>\n\t<meta name=\"twitter:data2\" content=\"1 minuto\" \/>\n<script type=\"application\/ld+json\" class=\"yoast-schema-graph\">{\"@context\":\"https:\/\/schema.org\",\"@graph\":[{\"@type\":\"Article\",\"@id\":\"https:\/\/portaltela.pt\/noticias\/2026\/01\/26\/trilho-de-sao-miguel-pe-da-serra-desafia-caminhantes-em-fevereiro\/#article\",\"isPartOf\":{\"@id\":\"https:\/\/portaltela.pt\/noticias\/2026\/01\/26\/trilho-de-sao-miguel-pe-da-serra-desafia-caminhantes-em-fevereiro\/\"},\"author\":{\"name\":\"Telinha\",\"@id\":\"https:\/\/portaltela.pt\/#\/schema\/person\/c4278d4a6028830caff9ee44b42d32ed\"},\"headline\":\"Trilho de S\u00e3o Miguel, P\u00e9 da Serra, desafia caminhantes em fevereiro\",\"datePublished\":\"2026-01-26T21:33:19+00:00\",\"mainEntityOfPage\":{\"@id\":\"https:\/\/portaltela.pt\/noticias\/2026\/01\/26\/trilho-de-sao-miguel-pe-da-serra-desafia-caminhantes-em-fevereiro\/\"},\"wordCount\":179,\"image\":{\"@id\":\"https:\/\/portaltela.pt\/noticias\/2026\/01\/26\/trilho-de-sao-miguel-pe-da-serra-desafia-caminhantes-em-fevereiro\/#primaryimage\"},\"thumbnailUrl\":\"https:\/\/portaltela.pt\/s.01k8rhncp4jt1\/2026\/01\/unnamed-file-5392.jpg\",\"keywords\":[\"biodiversidade\",\"concelhos\",\"natureza\",\"patrim\u00f3nio\",\"percurso pedestres\",\"turismo\"],\"articleSection\":[\"Not\u00edcias\"],\"inLanguage\":\"pt-PT\"},{\"@type\":\"WebPage\",\"@id\":\"https:\/\/portaltela.pt\/noticias\/2026\/01\/26\/trilho-de-sao-miguel-pe-da-serra-desafia-caminhantes-em-fevereiro\/\",\"url\":\"https:\/\/portaltela.pt\/noticias\/2026\/01\/26\/trilho-de-sao-miguel-pe-da-serra-desafia-caminhantes-em-fevereiro\/\",\"name\":\"Trilho de S\u00e3o Miguel, P\u00e9 da Serra, desafia caminhantes em fevereiro - Portal Tela Portugal\",\"isPartOf\":{\"@id\":\"https:\/\/portaltela.pt\/#website\"},\"primaryImageOfPage\":{\"@id\":\"https:\/\/portaltela.pt\/noticias\/2026\/01\/26\/trilho-de-sao-miguel-pe-da-serra-desafia-caminhantes-em-fevereiro\/#primaryimage\"},\"image\":{\"@id\":\"https:\/\/portaltela.pt\/noticias\/2026\/01\/26\/trilho-de-sao-miguel-pe-da-serra-desafia-caminhantes-em-fevereiro\/#primaryimage\"},\"thumbnailUrl\":\"https:\/\/portaltela.pt\/s.01k8rhncp4jt1\/2026\/01\/unnamed-file-5392.jpg\",\"datePublished\":\"2026-01-26T21:33:19+00:00\",\"author\":{\"@id\":\"https:\/\/portaltela.pt\/#\/schema\/person\/c4278d4a6028830caff9ee44b42d32ed\"},\"breadcrumb\":{\"@id\":\"https:\/\/portaltela.pt\/noticias\/2026\/01\/26\/trilho-de-sao-miguel-pe-da-serra-desafia-caminhantes-em-fevereiro\/#breadcrumb\"},\"inLanguage\":\"pt-PT\",\"potentialAction\":[{\"@type\":\"ReadAction\",\"target\":[\"https:\/\/portaltela.pt\/noticias\/2026\/01\/26\/trilho-de-sao-miguel-pe-da-serra-desafia-caminhantes-em-fevereiro\/\"]}]},{\"@type\":\"ImageObject\",\"inLanguage\":\"pt-PT\",\"@id\":\"https:\/\/portaltela.pt\/noticias\/2026\/01\/26\/trilho-de-sao-miguel-pe-da-serra-desafia-caminhantes-em-fevereiro\/#primaryimage\",\"url\":\"https:\/\/portaltela.pt\/s.01k8rhncp4jt1\/2026\/01\/unnamed-file-5392.jpg\",\"contentUrl\":\"https:\/\/portaltela.pt\/s.01k8rhncp4jt1\/2026\/01\/unnamed-file-5392.jpg\",\"width\":796,\"height\":448,\"caption\":\"Nisa convida \u00e0 descoberta: Trilho de S\u00e3o Miguel no P\u00e9 da Serra desafia caminheiros em fevereiro\"},{\"@type\":\"BreadcrumbList\",\"@id\":\"https:\/\/portaltela.pt\/noticias\/2026\/01\/26\/trilho-de-sao-miguel-pe-da-serra-desafia-caminhantes-em-fevereiro\/#breadcrumb\",\"itemListElement\":[{\"@type\":\"ListItem\",\"position\":1,\"name\":\"In\u00edcio\",\"item\":\"https:\/\/portaltela.pt\/\"},{\"@type\":\"ListItem\",\"position\":2,\"name\":\"Trilho de S\u00e3o Miguel, P\u00e9 da Serra, desafia caminhantes em fevereiro\"}]},{\"@type\":\"WebSite\",\"@id\":\"https:\/\/portaltela.pt\/#website\",\"url\":\"https:\/\/portaltela.pt\/\",\"name\":\"Portal Tela Portugal\",\"description\":\"\",\"potentialAction\":[{\"@type\":\"SearchAction\",\"target\":{\"@type\":\"EntryPoint\",\"urlTemplate\":\"https:\/\/portaltela.pt\/?s={search_term_string}\"},\"query-input\":{\"@type\":\"PropertyValueSpecification\",\"valueRequired\":true,\"valueName\":\"search_term_string\"}}],\"inLanguage\":\"pt-PT\"},{\"@type\":\"Person\",\"@id\":\"https:\/\/portaltela.pt\/#\/schema\/person\/c4278d4a6028830caff9ee44b42d32ed\",\"name\":\"Telinha\",\"image\":{\"@type\":\"ImageObject\",\"inLanguage\":\"pt-PT\",\"@id\":\"https:\/\/portaltela.pt\/s.01k8rhncp4jt1\/2025\/11\/talking-bot-125x125.png\",\"url\":\"https:\/\/portaltela.pt\/s.01k8rhncp4jt1\/2025\/11\/talking-bot-125x125.png\",\"contentUrl\":\"https:\/\/portaltela.pt\/s.01k8rhncp4jt1\/2025\/11\/talking-bot-125x125.png\",\"caption\":\"Telinha\"},\"sameAs\":[\"https:\/\/portaltela.pt\/\"],\"url\":\"https:\/\/portaltela.pt\/por\/367410592786\/\"}]}<\/script>\n<!-- \/ Yoast SEO plugin. -->","yoast_head_json":{"title":"Trilho de S\u00e3o Miguel, P\u00e9 da Serra, desafia caminhantes em fevereiro - Portal Tela Portugal","robots":{"index":"index","follow":"follow","max-snippet":"max-snippet:-1","max-image-preview":"max-image-preview:large","max-video-preview":"max-video-preview:-1"},"og_locale":"pt_PT","og_type":"article","og_title":"Trilho de S\u00e3o Miguel, P\u00e9 da Serra, desafia caminhantes em fevereiro - Portal Tela Portugal","og_description":"Caminhada no trilho PR5 NIS \u2013 \u00c0 Descoberta de S. Miguel acontece a 21 de fevereiro, integrada no programa Caminhos de Nisa ao Encontro do Patrim\u00f3nio \u2013 Caminhadas 2026. Percurso tem 8,5 quil\u00f3metros e dificuldade classificada como algo dif\u00edcil, exigindo prepara\u00e7\u00e3o f\u00edsica dos participantes. O trajeto percorre a freguesia de P\u00e9 da Serra, juntando natureza e patrim\u00f3nio serrano e revelando recantos menos explorados do concelho. As inscri\u00e7\u00f5es s\u00e3o gratuitas, mas limitadas, com reserva obrigat\u00f3ria at\u00e9 ao dia 18 de fevereiro. Interessados devem consultar o site da C\u00e2mara Municipal para formalizar a inscri\u00e7\u00e3o e obter detalhes log\u00edsticos.","og_url":"https:\/\/portaltela.pt\/noticias\/2026\/01\/26\/trilho-de-sao-miguel-pe-da-serra-desafia-caminhantes-em-fevereiro\/","og_site_name":"Portal Tela Portugal","article_published_time":"2026-01-26T21:33:19+00:00","author":"Telinha","twitter_card":"summary_large_image","twitter_misc":{"Escrito por":"Telinha","Tempo estimado de leitura":"1 minuto"},"schema":{"@context":"https:\/\/schema.org","@graph":[{"@type":"Article","@id":"https:\/\/portaltela.pt\/noticias\/2026\/01\/26\/trilho-de-sao-miguel-pe-da-serra-desafia-caminhantes-em-fevereiro\/#article","isPartOf":{"@id":"https:\/\/portaltela.pt\/noticias\/2026\/01\/26\/trilho-de-sao-miguel-pe-da-serra-desafia-caminhantes-em-fevereiro\/"},"author":{"name":"Telinha","@id":"https:\/\/portaltela.pt\/#\/schema\/person\/c4278d4a6028830caff9ee44b42d32ed"},"headline":"Trilho de S\u00e3o Miguel, P\u00e9 da Serra, desafia caminhantes em fevereiro","datePublished":"2026-01-26T21:33:19+00:00","mainEntityOfPage":{"@id":"https:\/\/portaltela.pt\/noticias\/2026\/01\/26\/trilho-de-sao-miguel-pe-da-serra-desafia-caminhantes-em-fevereiro\/"},"wordCount":179,"image":{"@id":"https:\/\/portaltela.pt\/noticias\/2026\/01\/26\/trilho-de-sao-miguel-pe-da-serra-desafia-caminhantes-em-fevereiro\/#primaryimage"},"thumbnailUrl":"https:\/\/portaltela.pt\/s.01k8rhncp4jt1\/2026\/01\/unnamed-file-5392.jpg","keywords":["biodiversidade","concelhos","natureza","patrim\u00f3nio","percurso pedestres","turismo"],"articleSection":["Not\u00edcias"],"inLanguage":"pt-PT"},{"@type":"WebPage","@id":"https:\/\/portaltela.pt\/noticias\/2026\/01\/26\/trilho-de-sao-miguel-pe-da-serra-desafia-caminhantes-em-fevereiro\/","url":"https:\/\/portaltela.pt\/noticias\/2026\/01\/26\/trilho-de-sao-miguel-pe-da-serra-desafia-caminhantes-em-fevereiro\/","name":"Trilho de S\u00e3o Miguel, P\u00e9 da Serra, desafia caminhantes em fevereiro - Portal Tela Portugal","isPartOf":{"@id":"https:\/\/portaltela.pt\/#website"},"primaryImageOfPage":{"@id":"https:\/\/portaltela.pt\/noticias\/2026\/01\/26\/trilho-de-sao-miguel-pe-da-serra-desafia-caminhantes-em-fevereiro\/#primaryimage"},"image":{"@id":"https:\/\/portaltela.pt\/noticias\/2026\/01\/26\/trilho-de-sao-miguel-pe-da-serra-desafia-caminhantes-em-fevereiro\/#primaryimage"},"thumbnailUrl":"https:\/\/portaltela.pt\/s.01k8rhncp4jt1\/2026\/01\/unnamed-file-5392.jpg","datePublished":"2026-01-26T21:33:19+00:00","author":{"@id":"https:\/\/portaltela.pt\/#\/schema\/person\/c4278d4a6028830caff9ee44b42d32ed"},"breadcrumb":{"@id":"https:\/\/portaltela.pt\/noticias\/2026\/01\/26\/trilho-de-sao-miguel-pe-da-serra-desafia-caminhantes-em-fevereiro\/#breadcrumb"},"inLanguage":"pt-PT","potentialAction":[{"@type":"ReadAction","target":["https:\/\/portaltela.pt\/noticias\/2026\/01\/26\/trilho-de-sao-miguel-pe-da-serra-desafia-caminhantes-em-fevereiro\/"]}]},{"@type":"ImageObject","inLanguage":"pt-PT","@id":"https:\/\/portaltela.pt\/noticias\/2026\/01\/26\/trilho-de-sao-miguel-pe-da-serra-desafia-caminhantes-em-fevereiro\/#primaryimage","url":"https:\/\/portaltela.pt\/s.01k8rhncp4jt1\/2026\/01\/unnamed-file-5392.jpg","contentUrl":"https:\/\/portaltela.pt\/s.01k8rhncp4jt1\/2026\/01\/unnamed-file-5392.jpg","width":796,"height":448,"caption":"Nisa convida \u00e0 descoberta: Trilho de S\u00e3o Miguel no P\u00e9 da Serra desafia caminheiros em fevereiro"},{"@type":"BreadcrumbList","@id":"https:\/\/portaltela.pt\/noticias\/2026\/01\/26\/trilho-de-sao-miguel-pe-da-serra-desafia-caminhantes-em-fevereiro\/#breadcrumb","itemListElement":[{"@type":"ListItem","position":1,"name":"In\u00edcio","item":"https:\/\/portaltela.pt\/"},{"@type":"ListItem","position":2,"name":"Trilho de S\u00e3o Miguel, P\u00e9 da Serra, desafia caminhantes em fevereiro"}]},{"@type":"WebSite","@id":"https:\/\/portaltela.pt\/#website","url":"https:\/\/portaltela.pt\/","name":"Portal Tela Portugal","description":"","potentialAction":[{"@type":"SearchAction","target":{"@type":"EntryPoint","urlTemplate":"https:\/\/portaltela.pt\/?s={search_term_string}"},"query-input":{"@type":"PropertyValueSpecification","valueRequired":true,"valueName":"search_term_string"}}],"inLanguage":"pt-PT"},{"@type":"Person","@id":"https:\/\/portaltela.pt\/#\/schema\/person\/c4278d4a6028830caff9ee44b42d32ed","name":"Telinha","image":{"@type":"ImageObject","inLanguage":"pt-PT","@id":"https:\/\/portaltela.pt\/s.01k8rhncp4jt1\/2025\/11\/talking-bot-125x125.png","url":"https:\/\/portaltela.pt\/s.01k8rhncp4jt1\/2025\/11\/talking-bot-125x125.png","contentUrl":"https:\/\/portaltela.pt\/s.01k8rhncp4jt1\/2025\/11\/talking-bot-125x125.png","caption":"Telinha"},"sameAs":["https:\/\/portaltela.pt\/"],"url":"https:\/\/portaltela.pt\/por\/367410592786\/"}]}},"_links":{"self":[{"href":"https:\/\/portaltela.pt\/api\/wp\/v2\/posts\/175373","targetHints":{"allow":["GET"]}}],"collection":[{"href":"https:\/\/portaltela.pt\/api\/wp\/v2\/posts"}],"about":[{"href":"https:\/\/portaltela.pt\/api\/wp\/v2\/types\/post"}],"author":[{"embeddable":true,"href":"https:\/\/portaltela.pt\/api\/wp\/v2\/users\/2"}],"replies":[{"embeddable":true,"href":"https:\/\/portaltela.pt\/api\/wp\/v2\/comments?post=175373"}],"version-history":[{"count":0,"href":"https:\/\/portaltela.pt\/api\/wp\/v2\/posts\/175373\/revisions"}],"wp:featuredmedia":[{"embeddable":true,"href":"https:\/\/portaltela.pt\/api\/wp\/v2\/media\/175384"}],"wp:attachment":[{"href":"https:\/\/portaltela.pt\/api\/wp\/v2\/media?parent=175373"}],"wp:term":[{"taxonomy":"category","embeddable":true,"href":"https:\/\/portaltela.pt\/api\/wp\/v2\/categories?post=175373"},{"taxonomy":"post_tag","embeddable":true,"href":"https:\/\/portaltela.pt\/api\/wp\/v2\/tags?post=175373"}],"curies":[{"name":"wp","href":"https:\/\/api.w.org\/{rel}","templated":true}]}}