{"id":175371,"date":"2026-01-26T18:39:00","date_gmt":"2026-01-26T21:39:00","guid":{"rendered":"https:\/\/portaltela.pt\/noticias\/2026\/01\/26\/camionistas-da-servia-bosnia-e-outros-bloqueiam-fronteiras-da-ue\/"},"modified":"2026-01-26T18:39:00","modified_gmt":"2026-01-26T21:39:00","slug":"camionistas-da-servia-bosnia-e-outros-bloqueiam-fronteiras-da-ue","status":"publish","type":"post","link":"https:\/\/portaltela.pt\/noticias\/internacional\/2026\/01\/26\/camionistas-da-servia-bosnia-e-outros-bloqueiam-fronteiras-da-ue\/","title":{"rendered":"Camionistas da S\u00e9rvia, B\u00f3snia e outros bloqueiam fronteiras da UE"},"content":{"rendered":"<p>Os camionistas da S\u00e9rvia, da B\u00f3snia-Herzegovina, da Maced\u00f3nia do Norte e de Montenegro bloquearam desde meio-dia de hoje as fronteiras para a Hungria, a Cro\u00e1cia e a Bulg\u00e1ria. O protesto \u00e9 contra as novas regras de perman\u00eancia na UE para trabalhadores de transportes.<\/p>\n<p>A paralisa\u00e7\u00e3o \u00e9 indefinida e envolve associa\u00e7\u00f5es de transportadores dos Balc\u00e3s. Os manifestantes acusam as novas regras de serem dif\u00edceis de cumprir, especialmente com a entrada em vigor para motoristas de mercadorias e passageiros.<\/p>\n<p>No centro da contesta\u00e7\u00e3o est\u00e1 a redu\u00e7\u00e3o do per\u00edodo de perman\u00eancia permitido na UE, de 180 para 90 dias. Ao longo dos \u00faltimos dias, autoridades fronteiri\u00e7as passaram a registar entradas com computadores para calcular o tempo de estadia.<\/p>\n<p>Nedjo Mandic, porta-voz da Associa\u00e7\u00e3o S\u00e9rvia de Transportes, afirma que 90 dias em seis meses n\u00e3o chegam para cobrir custos nem manter a atividade, levando alguns motoristas a cessar opera\u00e7\u00f5es. As associa\u00e7\u00f5es alertam para centenas de deporta\u00e7\u00f5es por excederem o limite.<\/p>\n<p>Um porta-voz da Comiss\u00e3o Europeia disse estar ciente das preocupa\u00e7\u00f5es dos transportadores dos Balc\u00e3s Ocidentais e acompanha a situa\u00e7\u00e3o em contacto com parceiros da regi\u00e3o. Em nota, refor\u00e7ou o acompanhamento das reclama\u00e7\u00f5es apresentadas.<\/p>\n","protected":false},"excerpt":{"rendered":"<ul>\n<li>Camionistas da S\u00e9rvia, B\u00f3snia-Herzegovina, Maced\u00f3nia do Norte e Montenegro bloquearam, desde o meio-dia de hoje, as fronteiras para Hungria, Cro\u00e1cia e Bulg\u00e1ria, por tempo indeterminado.<\/li>\n<li>Protestam contra restri\u00e7\u00f5es \u00e0s autoriza\u00e7\u00f5es de perman\u00eancia na Uni\u00e3o Europeia, que passaram de cento e oitenta para noventa dias.<\/li>\n<li>A mudan\u00e7a ocorreu quando as autoridades fronteiri\u00e7as da UE come\u00e7aram a registar entradas com computadores, para calcular o per\u00edodo de perman\u00eancia.<\/li>\n<li>Associa\u00e7\u00f5es de transportadores dizem que centenas de camionistas foram deportados por excederem o n\u00famero de dias permitidos.<\/li>\n<li>Um porta-voz da Comiss\u00e3o Europeia afirmou estar ciente das preocupa\u00e7\u00f5es e a acompanhar a situa\u00e7\u00e3o junto de parceiros na regi\u00e3o.<\/li>\n<\/ul>\n","protected":false},"author":2,"featured_media":175388,"comment_status":"closed","ping_status":"closed","sticky":false,"template":"","format":"standard","meta":{"footnotes":""},"categories":[4,1],"tags":[3203,1544,4002,3005,3111,192],"class_list":["post-175371","post","type-post","status-publish","format-standard","has-post-thumbnail","hentry","category-internacional","category-noticias","tag-balcas-ocidentais","tag-bosnia-herzegovina","tag-fronteiras","tag-macedonia-do-norte","tag-montenegro","tag-transporte"],"yoast_head":"<!-- This site is optimized with the Yoast SEO plugin v27.2 - https:\/\/yoast.com\/product\/yoast-seo-wordpress\/ -->\n<title>Camionistas da S\u00e9rvia, B\u00f3snia e outros bloqueiam fronteiras da UE - Portal Tela Portugal<\/title>\n<meta name=\"robots\" content=\"index, follow, max-snippet:-1, max-image-preview:large, max-video-preview:-1\" \/>\n<meta property=\"og:locale\" content=\"pt_PT\" \/>\n<meta property=\"og:type\" content=\"article\" \/>\n<meta property=\"og:title\" content=\"Camionistas da S\u00e9rvia, B\u00f3snia e outros bloqueiam fronteiras da UE - Portal Tela Portugal\" \/>\n<meta property=\"og:description\" content=\"Camionistas da S\u00e9rvia, B\u00f3snia-Herzegovina, Maced\u00f3nia do Norte e Montenegro bloquearam, desde o meio-dia de hoje, as fronteiras para Hungria, Cro\u00e1cia e Bulg\u00e1ria, por tempo indeterminado. Protestam contra restri\u00e7\u00f5es \u00e0s autoriza\u00e7\u00f5es de perman\u00eancia na Uni\u00e3o Europeia, que passaram de cento e oitenta para noventa dias. A mudan\u00e7a ocorreu quando as autoridades fronteiri\u00e7as da UE come\u00e7aram a registar entradas com computadores, para calcular o per\u00edodo de perman\u00eancia. Associa\u00e7\u00f5es de transportadores dizem que centenas de camionistas foram deportados por excederem o n\u00famero de dias permitidos. Um porta-voz da Comiss\u00e3o Europeia afirmou estar ciente das preocupa\u00e7\u00f5es e a acompanhar a situa\u00e7\u00e3o junto de parceiros na regi\u00e3o.\" \/>\n<meta property=\"og:url\" content=\"https:\/\/portaltela.pt\/noticias\/2026\/01\/26\/camionistas-da-servia-bosnia-e-outros-bloqueiam-fronteiras-da-ue\/\" \/>\n<meta property=\"og:site_name\" content=\"Portal Tela Portugal\" \/>\n<meta property=\"article:published_time\" content=\"2026-01-26T21:39:00+00:00\" \/>\n<meta name=\"author\" content=\"Telinha\" \/>\n<meta name=\"twitter:card\" content=\"summary_large_image\" \/>\n<meta name=\"twitter:label1\" content=\"Escrito por\" \/>\n\t<meta name=\"twitter:data1\" content=\"Telinha\" \/>\n\t<meta name=\"twitter:label2\" content=\"Tempo estimado de leitura\" \/>\n\t<meta name=\"twitter:data2\" content=\"1 minuto\" \/>\n<script type=\"application\/ld+json\" class=\"yoast-schema-graph\">{\"@context\":\"https:\/\/schema.org\",\"@graph\":[{\"@type\":\"Article\",\"@id\":\"https:\/\/portaltela.pt\/noticias\/2026\/01\/26\/camionistas-da-servia-bosnia-e-outros-bloqueiam-fronteiras-da-ue\/#article\",\"isPartOf\":{\"@id\":\"https:\/\/portaltela.pt\/noticias\/2026\/01\/26\/camionistas-da-servia-bosnia-e-outros-bloqueiam-fronteiras-da-ue\/\"},\"author\":{\"name\":\"Telinha\",\"@id\":\"https:\/\/portaltela.pt\/#\/schema\/person\/c4278d4a6028830caff9ee44b42d32ed\"},\"headline\":\"Camionistas da S\u00e9rvia, B\u00f3snia e outros bloqueiam fronteiras da UE\",\"datePublished\":\"2026-01-26T21:39:00+00:00\",\"mainEntityOfPage\":{\"@id\":\"https:\/\/portaltela.pt\/noticias\/2026\/01\/26\/camionistas-da-servia-bosnia-e-outros-bloqueiam-fronteiras-da-ue\/\"},\"wordCount\":224,\"image\":{\"@id\":\"https:\/\/portaltela.pt\/noticias\/2026\/01\/26\/camionistas-da-servia-bosnia-e-outros-bloqueiam-fronteiras-da-ue\/#primaryimage\"},\"thumbnailUrl\":\"https:\/\/portaltela.pt\/s.01k8rhncp4jt1\/2026\/01\/unnamed-file-5392.jpg\",\"keywords\":[\"Balc\u00e3s Ocidentais\",\"B\u00f3snia-Herzeg\u00f3vina\",\"fronteiras\",\"Maced\u00f3nia do Norte\",\"Montenegro\",\"transporte\"],\"articleSection\":[\"Internacional\",\"Not\u00edcias\"],\"inLanguage\":\"pt-PT\"},{\"@type\":\"WebPage\",\"@id\":\"https:\/\/portaltela.pt\/noticias\/2026\/01\/26\/camionistas-da-servia-bosnia-e-outros-bloqueiam-fronteiras-da-ue\/\",\"url\":\"https:\/\/portaltela.pt\/noticias\/2026\/01\/26\/camionistas-da-servia-bosnia-e-outros-bloqueiam-fronteiras-da-ue\/\",\"name\":\"Camionistas da S\u00e9rvia, B\u00f3snia e outros bloqueiam fronteiras da UE - Portal Tela Portugal\",\"isPartOf\":{\"@id\":\"https:\/\/portaltela.pt\/#website\"},\"primaryImageOfPage\":{\"@id\":\"https:\/\/portaltela.pt\/noticias\/2026\/01\/26\/camionistas-da-servia-bosnia-e-outros-bloqueiam-fronteiras-da-ue\/#primaryimage\"},\"image\":{\"@id\":\"https:\/\/portaltela.pt\/noticias\/2026\/01\/26\/camionistas-da-servia-bosnia-e-outros-bloqueiam-fronteiras-da-ue\/#primaryimage\"},\"thumbnailUrl\":\"https:\/\/portaltela.pt\/s.01k8rhncp4jt1\/2026\/01\/unnamed-file-5392.jpg\",\"datePublished\":\"2026-01-26T21:39:00+00:00\",\"author\":{\"@id\":\"https:\/\/portaltela.pt\/#\/schema\/person\/c4278d4a6028830caff9ee44b42d32ed\"},\"breadcrumb\":{\"@id\":\"https:\/\/portaltela.pt\/noticias\/2026\/01\/26\/camionistas-da-servia-bosnia-e-outros-bloqueiam-fronteiras-da-ue\/#breadcrumb\"},\"inLanguage\":\"pt-PT\",\"potentialAction\":[{\"@type\":\"ReadAction\",\"target\":[\"https:\/\/portaltela.pt\/noticias\/2026\/01\/26\/camionistas-da-servia-bosnia-e-outros-bloqueiam-fronteiras-da-ue\/\"]}]},{\"@type\":\"ImageObject\",\"inLanguage\":\"pt-PT\",\"@id\":\"https:\/\/portaltela.pt\/noticias\/2026\/01\/26\/camionistas-da-servia-bosnia-e-outros-bloqueiam-fronteiras-da-ue\/#primaryimage\",\"url\":\"https:\/\/portaltela.pt\/s.01k8rhncp4jt1\/2026\/01\/unnamed-file-5392.jpg\",\"contentUrl\":\"https:\/\/portaltela.pt\/s.01k8rhncp4jt1\/2026\/01\/unnamed-file-5392.jpg\",\"width\":796,\"height\":448,\"caption\":\"Camionistas da S\u00e9rvia, B\u00f3snia (e mais) bloqueiam fronteiras para a UE\"},{\"@type\":\"BreadcrumbList\",\"@id\":\"https:\/\/portaltela.pt\/noticias\/2026\/01\/26\/camionistas-da-servia-bosnia-e-outros-bloqueiam-fronteiras-da-ue\/#breadcrumb\",\"itemListElement\":[{\"@type\":\"ListItem\",\"position\":1,\"name\":\"In\u00edcio\",\"item\":\"https:\/\/portaltela.pt\/\"},{\"@type\":\"ListItem\",\"position\":2,\"name\":\"Camionistas da S\u00e9rvia, B\u00f3snia e outros bloqueiam fronteiras da UE\"}]},{\"@type\":\"WebSite\",\"@id\":\"https:\/\/portaltela.pt\/#website\",\"url\":\"https:\/\/portaltela.pt\/\",\"name\":\"Portal Tela Portugal\",\"description\":\"\",\"potentialAction\":[{\"@type\":\"SearchAction\",\"target\":{\"@type\":\"EntryPoint\",\"urlTemplate\":\"https:\/\/portaltela.pt\/?s={search_term_string}\"},\"query-input\":{\"@type\":\"PropertyValueSpecification\",\"valueRequired\":true,\"valueName\":\"search_term_string\"}}],\"inLanguage\":\"pt-PT\"},{\"@type\":\"Person\",\"@id\":\"https:\/\/portaltela.pt\/#\/schema\/person\/c4278d4a6028830caff9ee44b42d32ed\",\"name\":\"Telinha\",\"image\":{\"@type\":\"ImageObject\",\"inLanguage\":\"pt-PT\",\"@id\":\"https:\/\/portaltela.pt\/s.01k8rhncp4jt1\/2025\/11\/talking-bot-125x125.png\",\"url\":\"https:\/\/portaltela.pt\/s.01k8rhncp4jt1\/2025\/11\/talking-bot-125x125.png\",\"contentUrl\":\"https:\/\/portaltela.pt\/s.01k8rhncp4jt1\/2025\/11\/talking-bot-125x125.png\",\"caption\":\"Telinha\"},\"sameAs\":[\"https:\/\/portaltela.pt\/\"],\"url\":\"https:\/\/portaltela.pt\/por\/367410592786\/\"}]}<\/script>\n<!-- \/ Yoast SEO plugin. -->","yoast_head_json":{"title":"Camionistas da S\u00e9rvia, B\u00f3snia e outros bloqueiam fronteiras da UE - Portal Tela Portugal","robots":{"index":"index","follow":"follow","max-snippet":"max-snippet:-1","max-image-preview":"max-image-preview:large","max-video-preview":"max-video-preview:-1"},"og_locale":"pt_PT","og_type":"article","og_title":"Camionistas da S\u00e9rvia, B\u00f3snia e outros bloqueiam fronteiras da UE - Portal Tela Portugal","og_description":"Camionistas da S\u00e9rvia, B\u00f3snia-Herzegovina, Maced\u00f3nia do Norte e Montenegro bloquearam, desde o meio-dia de hoje, as fronteiras para Hungria, Cro\u00e1cia e Bulg\u00e1ria, por tempo indeterminado. Protestam contra restri\u00e7\u00f5es \u00e0s autoriza\u00e7\u00f5es de perman\u00eancia na Uni\u00e3o Europeia, que passaram de cento e oitenta para noventa dias. A mudan\u00e7a ocorreu quando as autoridades fronteiri\u00e7as da UE come\u00e7aram a registar entradas com computadores, para calcular o per\u00edodo de perman\u00eancia. Associa\u00e7\u00f5es de transportadores dizem que centenas de camionistas foram deportados por excederem o n\u00famero de dias permitidos. Um porta-voz da Comiss\u00e3o Europeia afirmou estar ciente das preocupa\u00e7\u00f5es e a acompanhar a situa\u00e7\u00e3o junto de parceiros na regi\u00e3o.","og_url":"https:\/\/portaltela.pt\/noticias\/2026\/01\/26\/camionistas-da-servia-bosnia-e-outros-bloqueiam-fronteiras-da-ue\/","og_site_name":"Portal Tela Portugal","article_published_time":"2026-01-26T21:39:00+00:00","author":"Telinha","twitter_card":"summary_large_image","twitter_misc":{"Escrito por":"Telinha","Tempo estimado de leitura":"1 minuto"},"schema":{"@context":"https:\/\/schema.org","@graph":[{"@type":"Article","@id":"https:\/\/portaltela.pt\/noticias\/2026\/01\/26\/camionistas-da-servia-bosnia-e-outros-bloqueiam-fronteiras-da-ue\/#article","isPartOf":{"@id":"https:\/\/portaltela.pt\/noticias\/2026\/01\/26\/camionistas-da-servia-bosnia-e-outros-bloqueiam-fronteiras-da-ue\/"},"author":{"name":"Telinha","@id":"https:\/\/portaltela.pt\/#\/schema\/person\/c4278d4a6028830caff9ee44b42d32ed"},"headline":"Camionistas da S\u00e9rvia, B\u00f3snia e outros bloqueiam fronteiras da UE","datePublished":"2026-01-26T21:39:00+00:00","mainEntityOfPage":{"@id":"https:\/\/portaltela.pt\/noticias\/2026\/01\/26\/camionistas-da-servia-bosnia-e-outros-bloqueiam-fronteiras-da-ue\/"},"wordCount":224,"image":{"@id":"https:\/\/portaltela.pt\/noticias\/2026\/01\/26\/camionistas-da-servia-bosnia-e-outros-bloqueiam-fronteiras-da-ue\/#primaryimage"},"thumbnailUrl":"https:\/\/portaltela.pt\/s.01k8rhncp4jt1\/2026\/01\/unnamed-file-5392.jpg","keywords":["Balc\u00e3s Ocidentais","B\u00f3snia-Herzeg\u00f3vina","fronteiras","Maced\u00f3nia do Norte","Montenegro","transporte"],"articleSection":["Internacional","Not\u00edcias"],"inLanguage":"pt-PT"},{"@type":"WebPage","@id":"https:\/\/portaltela.pt\/noticias\/2026\/01\/26\/camionistas-da-servia-bosnia-e-outros-bloqueiam-fronteiras-da-ue\/","url":"https:\/\/portaltela.pt\/noticias\/2026\/01\/26\/camionistas-da-servia-bosnia-e-outros-bloqueiam-fronteiras-da-ue\/","name":"Camionistas da S\u00e9rvia, B\u00f3snia e outros bloqueiam fronteiras da UE - Portal Tela Portugal","isPartOf":{"@id":"https:\/\/portaltela.pt\/#website"},"primaryImageOfPage":{"@id":"https:\/\/portaltela.pt\/noticias\/2026\/01\/26\/camionistas-da-servia-bosnia-e-outros-bloqueiam-fronteiras-da-ue\/#primaryimage"},"image":{"@id":"https:\/\/portaltela.pt\/noticias\/2026\/01\/26\/camionistas-da-servia-bosnia-e-outros-bloqueiam-fronteiras-da-ue\/#primaryimage"},"thumbnailUrl":"https:\/\/portaltela.pt\/s.01k8rhncp4jt1\/2026\/01\/unnamed-file-5392.jpg","datePublished":"2026-01-26T21:39:00+00:00","author":{"@id":"https:\/\/portaltela.pt\/#\/schema\/person\/c4278d4a6028830caff9ee44b42d32ed"},"breadcrumb":{"@id":"https:\/\/portaltela.pt\/noticias\/2026\/01\/26\/camionistas-da-servia-bosnia-e-outros-bloqueiam-fronteiras-da-ue\/#breadcrumb"},"inLanguage":"pt-PT","potentialAction":[{"@type":"ReadAction","target":["https:\/\/portaltela.pt\/noticias\/2026\/01\/26\/camionistas-da-servia-bosnia-e-outros-bloqueiam-fronteiras-da-ue\/"]}]},{"@type":"ImageObject","inLanguage":"pt-PT","@id":"https:\/\/portaltela.pt\/noticias\/2026\/01\/26\/camionistas-da-servia-bosnia-e-outros-bloqueiam-fronteiras-da-ue\/#primaryimage","url":"https:\/\/portaltela.pt\/s.01k8rhncp4jt1\/2026\/01\/unnamed-file-5392.jpg","contentUrl":"https:\/\/portaltela.pt\/s.01k8rhncp4jt1\/2026\/01\/unnamed-file-5392.jpg","width":796,"height":448,"caption":"Camionistas da S\u00e9rvia, B\u00f3snia (e mais) bloqueiam fronteiras para a UE"},{"@type":"BreadcrumbList","@id":"https:\/\/portaltela.pt\/noticias\/2026\/01\/26\/camionistas-da-servia-bosnia-e-outros-bloqueiam-fronteiras-da-ue\/#breadcrumb","itemListElement":[{"@type":"ListItem","position":1,"name":"In\u00edcio","item":"https:\/\/portaltela.pt\/"},{"@type":"ListItem","position":2,"name":"Camionistas da S\u00e9rvia, B\u00f3snia e outros bloqueiam fronteiras da UE"}]},{"@type":"WebSite","@id":"https:\/\/portaltela.pt\/#website","url":"https:\/\/portaltela.pt\/","name":"Portal Tela Portugal","description":"","potentialAction":[{"@type":"SearchAction","target":{"@type":"EntryPoint","urlTemplate":"https:\/\/portaltela.pt\/?s={search_term_string}"},"query-input":{"@type":"PropertyValueSpecification","valueRequired":true,"valueName":"search_term_string"}}],"inLanguage":"pt-PT"},{"@type":"Person","@id":"https:\/\/portaltela.pt\/#\/schema\/person\/c4278d4a6028830caff9ee44b42d32ed","name":"Telinha","image":{"@type":"ImageObject","inLanguage":"pt-PT","@id":"https:\/\/portaltela.pt\/s.01k8rhncp4jt1\/2025\/11\/talking-bot-125x125.png","url":"https:\/\/portaltela.pt\/s.01k8rhncp4jt1\/2025\/11\/talking-bot-125x125.png","contentUrl":"https:\/\/portaltela.pt\/s.01k8rhncp4jt1\/2025\/11\/talking-bot-125x125.png","caption":"Telinha"},"sameAs":["https:\/\/portaltela.pt\/"],"url":"https:\/\/portaltela.pt\/por\/367410592786\/"}]}},"_links":{"self":[{"href":"https:\/\/portaltela.pt\/api\/wp\/v2\/posts\/175371","targetHints":{"allow":["GET"]}}],"collection":[{"href":"https:\/\/portaltela.pt\/api\/wp\/v2\/posts"}],"about":[{"href":"https:\/\/portaltela.pt\/api\/wp\/v2\/types\/post"}],"author":[{"embeddable":true,"href":"https:\/\/portaltela.pt\/api\/wp\/v2\/users\/2"}],"replies":[{"embeddable":true,"href":"https:\/\/portaltela.pt\/api\/wp\/v2\/comments?post=175371"}],"version-history":[{"count":0,"href":"https:\/\/portaltela.pt\/api\/wp\/v2\/posts\/175371\/revisions"}],"wp:featuredmedia":[{"embeddable":true,"href":"https:\/\/portaltela.pt\/api\/wp\/v2\/media\/175388"}],"wp:attachment":[{"href":"https:\/\/portaltela.pt\/api\/wp\/v2\/media?parent=175371"}],"wp:term":[{"taxonomy":"category","embeddable":true,"href":"https:\/\/portaltela.pt\/api\/wp\/v2\/categories?post=175371"},{"taxonomy":"post_tag","embeddable":true,"href":"https:\/\/portaltela.pt\/api\/wp\/v2\/tags?post=175371"}],"curies":[{"name":"wp","href":"https:\/\/api.w.org\/{rel}","templated":true}]}}