{"id":175359,"date":"2026-01-26T18:15:57","date_gmt":"2026-01-26T21:15:57","guid":{"rendered":"https:\/\/portaltela.pt\/noticias\/2026\/01\/26\/acores-investem-11-milhoes-no-apoio-ao-pagamento-de-propinas-2\/"},"modified":"2026-01-26T18:15:57","modified_gmt":"2026-01-26T21:15:57","slug":"acores-investem-11-milhoes-no-apoio-ao-pagamento-de-propinas-2","status":"publish","type":"post","link":"https:\/\/portaltela.pt\/noticias\/2026\/01\/26\/acores-investem-11-milhoes-no-apoio-ao-pagamento-de-propinas-2\/","title":{"rendered":"A\u00e7ores investem 1,1 milh\u00f5es no apoio ao pagamento de propinas"},"content":{"rendered":"<p>O Governo dos A\u00e7ores investiu 1,1 milh\u00f5es de euros no apoio ao pagamento de propinas de estudantes do ensino superior na regi\u00e3o ao longo de cinco anos. A medida abrangeu 4.908 alunos, com um custo total de 1,1 milh\u00f5es de euros.<\/p>\n<p>Cada estudante benefici\u00e1rio recebeu <strong>232,33 euros<\/strong>, equivalente a um ter\u00e7o do valor m\u00e1ximo da propina, conforme definido pela Dire\u00e7\u00e3o-Geral do Ensino Superior. O apoio \u00e9 financiado integralmente pelo Or\u00e7amento Regional.<\/p>\n<h3>Dados e abrang\u00eancia<\/h3>\n<p>A linha de apoio destina-se a estudantes residentes nos A\u00e7ores h\u00e1 pelo menos tr\u00eas anos, concedendo um apoio anual para facilitar a perman\u00eancia e o sucesso acad\u00e9mico. No ano letivo 2025\/2026, foram submetidas <strong>1.186 candidaturas<\/strong> e aprovadas <strong>1.019<\/strong>, correspondendo ao total de benefici\u00e1rios.<\/p>\n<p>O programa, nos \u00faltimos cinco anos, permitiu apoiar 4.908 estudantes, representando um investimento p\u00fablico que visa promover igualdade de oportunidades no acesso e na continuidade do ensino superior na regi\u00e3o.<\/p>\n<p>A secret\u00e1ria regional da Sa\u00fade e Seguran\u00e7a Social, M\u00f3nica Seidi, destacou que a medida \u00e9 um instrumento de apoio \u00e0s fam\u00edlias a\u00e7orianas e aos jovens estudantes, refor\u00e7ando a aposta regional na qualifica\u00e7\u00e3o dos recursos humanos e no futuro da regi\u00e3o.<\/p>\n","protected":false},"excerpt":{"rendered":"<ul>\n<li>Nos A\u00e7ores, o apoio \u00e0s propinas destinou-se a mais de 4.900 estudantes do ensino superior, num total de 1,1 milh\u00f5es de euros ao longo de cinco anos.<\/li>\n<li>O valor individual atribu\u00eddo \u00e9 de 232,33 euros por estudante, equivalente a um ter\u00e7o do valor m\u00e1ximo da propina, conforme a Dire\u00e7\u00e3o-Geral do Ensino Superior.<\/li>\n<li>O programa tem como objetivo apoiar estudantes residentes nos A\u00e7ores h\u00e1 pelo menos tr\u00eas anos, contribuindo para a sua perman\u00eancia e sucesso acad\u00e9mico.<\/li>\n<li>No ano letivo de 2025\/2026, foram submetidas 1.186 candidaturas, com 1.019 aprovadas, correspondendo ao total de benefici\u00e1rios.<\/li>\n<li>O Executivo regional destaca o investimento de 1,1 milh\u00f5es de euros nos \u00faltimos cinco anos, refor\u00e7ando o compromisso com a igualdade de oportunidades no acesso e permanecer no ensino superior.<\/li>\n<\/ul>\n","protected":false},"author":2,"featured_media":175387,"comment_status":"closed","ping_status":"closed","sticky":false,"template":"","format":"standard","meta":{"footnotes":""},"categories":[1],"tags":[822,163,92,34,133,3391],"class_list":["post-175359","post","type-post","status-publish","format-standard","has-post-thumbnail","hentry","category-noticias","tag-acores","tag-educacao","tag-ensino","tag-governo","tag-politicas-publicas","tag-propinas"],"yoast_head":"<!-- This site is optimized with the Yoast SEO plugin v27.2 - https:\/\/yoast.com\/product\/yoast-seo-wordpress\/ -->\n<title>A\u00e7ores investem 1,1 milh\u00f5es no apoio ao pagamento de propinas - Portal Tela Portugal<\/title>\n<meta name=\"robots\" content=\"index, follow, max-snippet:-1, max-image-preview:large, max-video-preview:-1\" \/>\n<meta property=\"og:locale\" content=\"pt_PT\" \/>\n<meta property=\"og:type\" content=\"article\" \/>\n<meta property=\"og:title\" content=\"A\u00e7ores investem 1,1 milh\u00f5es no apoio ao pagamento de propinas - Portal Tela Portugal\" \/>\n<meta property=\"og:description\" content=\"Nos A\u00e7ores, o apoio \u00e0s propinas destinou-se a mais de 4.900 estudantes do ensino superior, num total de 1,1 milh\u00f5es de euros ao longo de cinco anos. O valor individual atribu\u00eddo \u00e9 de 232,33 euros por estudante, equivalente a um ter\u00e7o do valor m\u00e1ximo da propina, conforme a Dire\u00e7\u00e3o-Geral do Ensino Superior. O programa tem como objetivo apoiar estudantes residentes nos A\u00e7ores h\u00e1 pelo menos tr\u00eas anos, contribuindo para a sua perman\u00eancia e sucesso acad\u00e9mico. No ano letivo de 2025\/2026, foram submetidas 1.186 candidaturas, com 1.019 aprovadas, correspondendo ao total de benefici\u00e1rios. O Executivo regional destaca o investimento de 1,1 milh\u00f5es de euros nos \u00faltimos cinco anos, refor\u00e7ando o compromisso com a igualdade de oportunidades no acesso e permanecer no ensino superior.\" \/>\n<meta property=\"og:url\" content=\"https:\/\/portaltela.pt\/noticias\/2026\/01\/26\/acores-investem-11-milhoes-no-apoio-ao-pagamento-de-propinas-2\/\" \/>\n<meta property=\"og:site_name\" content=\"Portal Tela Portugal\" \/>\n<meta property=\"article:published_time\" content=\"2026-01-26T21:15:57+00:00\" \/>\n<meta name=\"author\" content=\"Telinha\" \/>\n<meta name=\"twitter:card\" content=\"summary_large_image\" \/>\n<meta name=\"twitter:label1\" content=\"Escrito por\" \/>\n\t<meta name=\"twitter:data1\" content=\"Telinha\" \/>\n\t<meta name=\"twitter:label2\" content=\"Tempo estimado de leitura\" \/>\n\t<meta name=\"twitter:data2\" content=\"1 minuto\" \/>\n<script type=\"application\/ld+json\" class=\"yoast-schema-graph\">{\"@context\":\"https:\/\/schema.org\",\"@graph\":[{\"@type\":\"Article\",\"@id\":\"https:\/\/portaltela.pt\/noticias\/2026\/01\/26\/acores-investem-11-milhoes-no-apoio-ao-pagamento-de-propinas-2\/#article\",\"isPartOf\":{\"@id\":\"https:\/\/portaltela.pt\/noticias\/2026\/01\/26\/acores-investem-11-milhoes-no-apoio-ao-pagamento-de-propinas-2\/\"},\"author\":{\"name\":\"Telinha\",\"@id\":\"https:\/\/portaltela.pt\/#\/schema\/person\/c4278d4a6028830caff9ee44b42d32ed\"},\"headline\":\"A\u00e7ores investem 1,1 milh\u00f5es no apoio ao pagamento de propinas\",\"datePublished\":\"2026-01-26T21:15:57+00:00\",\"mainEntityOfPage\":{\"@id\":\"https:\/\/portaltela.pt\/noticias\/2026\/01\/26\/acores-investem-11-milhoes-no-apoio-ao-pagamento-de-propinas-2\/\"},\"wordCount\":214,\"image\":{\"@id\":\"https:\/\/portaltela.pt\/noticias\/2026\/01\/26\/acores-investem-11-milhoes-no-apoio-ao-pagamento-de-propinas-2\/#primaryimage\"},\"thumbnailUrl\":\"https:\/\/portaltela.pt\/s.01k8rhncp4jt1\/2026\/01\/unnamed-file-5392.jpg\",\"keywords\":[\"A\u00e7ores\",\"educa\u00e7\u00e3o\",\"ensino\",\"governo\",\"pol\u00edticas p\u00fablicas\",\"propinas\"],\"articleSection\":[\"Not\u00edcias\"],\"inLanguage\":\"pt-PT\"},{\"@type\":\"WebPage\",\"@id\":\"https:\/\/portaltela.pt\/noticias\/2026\/01\/26\/acores-investem-11-milhoes-no-apoio-ao-pagamento-de-propinas-2\/\",\"url\":\"https:\/\/portaltela.pt\/noticias\/2026\/01\/26\/acores-investem-11-milhoes-no-apoio-ao-pagamento-de-propinas-2\/\",\"name\":\"A\u00e7ores investem 1,1 milh\u00f5es no apoio ao pagamento de propinas - Portal Tela Portugal\",\"isPartOf\":{\"@id\":\"https:\/\/portaltela.pt\/#website\"},\"primaryImageOfPage\":{\"@id\":\"https:\/\/portaltela.pt\/noticias\/2026\/01\/26\/acores-investem-11-milhoes-no-apoio-ao-pagamento-de-propinas-2\/#primaryimage\"},\"image\":{\"@id\":\"https:\/\/portaltela.pt\/noticias\/2026\/01\/26\/acores-investem-11-milhoes-no-apoio-ao-pagamento-de-propinas-2\/#primaryimage\"},\"thumbnailUrl\":\"https:\/\/portaltela.pt\/s.01k8rhncp4jt1\/2026\/01\/unnamed-file-5392.jpg\",\"datePublished\":\"2026-01-26T21:15:57+00:00\",\"author\":{\"@id\":\"https:\/\/portaltela.pt\/#\/schema\/person\/c4278d4a6028830caff9ee44b42d32ed\"},\"breadcrumb\":{\"@id\":\"https:\/\/portaltela.pt\/noticias\/2026\/01\/26\/acores-investem-11-milhoes-no-apoio-ao-pagamento-de-propinas-2\/#breadcrumb\"},\"inLanguage\":\"pt-PT\",\"potentialAction\":[{\"@type\":\"ReadAction\",\"target\":[\"https:\/\/portaltela.pt\/noticias\/2026\/01\/26\/acores-investem-11-milhoes-no-apoio-ao-pagamento-de-propinas-2\/\"]}]},{\"@type\":\"ImageObject\",\"inLanguage\":\"pt-PT\",\"@id\":\"https:\/\/portaltela.pt\/noticias\/2026\/01\/26\/acores-investem-11-milhoes-no-apoio-ao-pagamento-de-propinas-2\/#primaryimage\",\"url\":\"https:\/\/portaltela.pt\/s.01k8rhncp4jt1\/2026\/01\/unnamed-file-5392.jpg\",\"contentUrl\":\"https:\/\/portaltela.pt\/s.01k8rhncp4jt1\/2026\/01\/unnamed-file-5392.jpg\",\"width\":796,\"height\":448,\"caption\":\"Abono \u00e9 atribu\u00eddo semestralmente\"},{\"@type\":\"BreadcrumbList\",\"@id\":\"https:\/\/portaltela.pt\/noticias\/2026\/01\/26\/acores-investem-11-milhoes-no-apoio-ao-pagamento-de-propinas-2\/#breadcrumb\",\"itemListElement\":[{\"@type\":\"ListItem\",\"position\":1,\"name\":\"In\u00edcio\",\"item\":\"https:\/\/portaltela.pt\/\"},{\"@type\":\"ListItem\",\"position\":2,\"name\":\"A\u00e7ores investem 1,1 milh\u00f5es no apoio ao pagamento de propinas\"}]},{\"@type\":\"WebSite\",\"@id\":\"https:\/\/portaltela.pt\/#website\",\"url\":\"https:\/\/portaltela.pt\/\",\"name\":\"Portal Tela Portugal\",\"description\":\"\",\"potentialAction\":[{\"@type\":\"SearchAction\",\"target\":{\"@type\":\"EntryPoint\",\"urlTemplate\":\"https:\/\/portaltela.pt\/?s={search_term_string}\"},\"query-input\":{\"@type\":\"PropertyValueSpecification\",\"valueRequired\":true,\"valueName\":\"search_term_string\"}}],\"inLanguage\":\"pt-PT\"},{\"@type\":\"Person\",\"@id\":\"https:\/\/portaltela.pt\/#\/schema\/person\/c4278d4a6028830caff9ee44b42d32ed\",\"name\":\"Telinha\",\"image\":{\"@type\":\"ImageObject\",\"inLanguage\":\"pt-PT\",\"@id\":\"https:\/\/portaltela.pt\/s.01k8rhncp4jt1\/2025\/11\/talking-bot-125x125.png\",\"url\":\"https:\/\/portaltela.pt\/s.01k8rhncp4jt1\/2025\/11\/talking-bot-125x125.png\",\"contentUrl\":\"https:\/\/portaltela.pt\/s.01k8rhncp4jt1\/2025\/11\/talking-bot-125x125.png\",\"caption\":\"Telinha\"},\"sameAs\":[\"https:\/\/portaltela.pt\/\"],\"url\":\"https:\/\/portaltela.pt\/por\/367410592786\/\"}]}<\/script>\n<!-- \/ Yoast SEO plugin. -->","yoast_head_json":{"title":"A\u00e7ores investem 1,1 milh\u00f5es no apoio ao pagamento de propinas - Portal Tela Portugal","robots":{"index":"index","follow":"follow","max-snippet":"max-snippet:-1","max-image-preview":"max-image-preview:large","max-video-preview":"max-video-preview:-1"},"og_locale":"pt_PT","og_type":"article","og_title":"A\u00e7ores investem 1,1 milh\u00f5es no apoio ao pagamento de propinas - Portal Tela Portugal","og_description":"Nos A\u00e7ores, o apoio \u00e0s propinas destinou-se a mais de 4.900 estudantes do ensino superior, num total de 1,1 milh\u00f5es de euros ao longo de cinco anos. O valor individual atribu\u00eddo \u00e9 de 232,33 euros por estudante, equivalente a um ter\u00e7o do valor m\u00e1ximo da propina, conforme a Dire\u00e7\u00e3o-Geral do Ensino Superior. O programa tem como objetivo apoiar estudantes residentes nos A\u00e7ores h\u00e1 pelo menos tr\u00eas anos, contribuindo para a sua perman\u00eancia e sucesso acad\u00e9mico. No ano letivo de 2025\/2026, foram submetidas 1.186 candidaturas, com 1.019 aprovadas, correspondendo ao total de benefici\u00e1rios. O Executivo regional destaca o investimento de 1,1 milh\u00f5es de euros nos \u00faltimos cinco anos, refor\u00e7ando o compromisso com a igualdade de oportunidades no acesso e permanecer no ensino superior.","og_url":"https:\/\/portaltela.pt\/noticias\/2026\/01\/26\/acores-investem-11-milhoes-no-apoio-ao-pagamento-de-propinas-2\/","og_site_name":"Portal Tela Portugal","article_published_time":"2026-01-26T21:15:57+00:00","author":"Telinha","twitter_card":"summary_large_image","twitter_misc":{"Escrito por":"Telinha","Tempo estimado de leitura":"1 minuto"},"schema":{"@context":"https:\/\/schema.org","@graph":[{"@type":"Article","@id":"https:\/\/portaltela.pt\/noticias\/2026\/01\/26\/acores-investem-11-milhoes-no-apoio-ao-pagamento-de-propinas-2\/#article","isPartOf":{"@id":"https:\/\/portaltela.pt\/noticias\/2026\/01\/26\/acores-investem-11-milhoes-no-apoio-ao-pagamento-de-propinas-2\/"},"author":{"name":"Telinha","@id":"https:\/\/portaltela.pt\/#\/schema\/person\/c4278d4a6028830caff9ee44b42d32ed"},"headline":"A\u00e7ores investem 1,1 milh\u00f5es no apoio ao pagamento de propinas","datePublished":"2026-01-26T21:15:57+00:00","mainEntityOfPage":{"@id":"https:\/\/portaltela.pt\/noticias\/2026\/01\/26\/acores-investem-11-milhoes-no-apoio-ao-pagamento-de-propinas-2\/"},"wordCount":214,"image":{"@id":"https:\/\/portaltela.pt\/noticias\/2026\/01\/26\/acores-investem-11-milhoes-no-apoio-ao-pagamento-de-propinas-2\/#primaryimage"},"thumbnailUrl":"https:\/\/portaltela.pt\/s.01k8rhncp4jt1\/2026\/01\/unnamed-file-5392.jpg","keywords":["A\u00e7ores","educa\u00e7\u00e3o","ensino","governo","pol\u00edticas p\u00fablicas","propinas"],"articleSection":["Not\u00edcias"],"inLanguage":"pt-PT"},{"@type":"WebPage","@id":"https:\/\/portaltela.pt\/noticias\/2026\/01\/26\/acores-investem-11-milhoes-no-apoio-ao-pagamento-de-propinas-2\/","url":"https:\/\/portaltela.pt\/noticias\/2026\/01\/26\/acores-investem-11-milhoes-no-apoio-ao-pagamento-de-propinas-2\/","name":"A\u00e7ores investem 1,1 milh\u00f5es no apoio ao pagamento de propinas - Portal Tela Portugal","isPartOf":{"@id":"https:\/\/portaltela.pt\/#website"},"primaryImageOfPage":{"@id":"https:\/\/portaltela.pt\/noticias\/2026\/01\/26\/acores-investem-11-milhoes-no-apoio-ao-pagamento-de-propinas-2\/#primaryimage"},"image":{"@id":"https:\/\/portaltela.pt\/noticias\/2026\/01\/26\/acores-investem-11-milhoes-no-apoio-ao-pagamento-de-propinas-2\/#primaryimage"},"thumbnailUrl":"https:\/\/portaltela.pt\/s.01k8rhncp4jt1\/2026\/01\/unnamed-file-5392.jpg","datePublished":"2026-01-26T21:15:57+00:00","author":{"@id":"https:\/\/portaltela.pt\/#\/schema\/person\/c4278d4a6028830caff9ee44b42d32ed"},"breadcrumb":{"@id":"https:\/\/portaltela.pt\/noticias\/2026\/01\/26\/acores-investem-11-milhoes-no-apoio-ao-pagamento-de-propinas-2\/#breadcrumb"},"inLanguage":"pt-PT","potentialAction":[{"@type":"ReadAction","target":["https:\/\/portaltela.pt\/noticias\/2026\/01\/26\/acores-investem-11-milhoes-no-apoio-ao-pagamento-de-propinas-2\/"]}]},{"@type":"ImageObject","inLanguage":"pt-PT","@id":"https:\/\/portaltela.pt\/noticias\/2026\/01\/26\/acores-investem-11-milhoes-no-apoio-ao-pagamento-de-propinas-2\/#primaryimage","url":"https:\/\/portaltela.pt\/s.01k8rhncp4jt1\/2026\/01\/unnamed-file-5392.jpg","contentUrl":"https:\/\/portaltela.pt\/s.01k8rhncp4jt1\/2026\/01\/unnamed-file-5392.jpg","width":796,"height":448,"caption":"Abono \u00e9 atribu\u00eddo semestralmente"},{"@type":"BreadcrumbList","@id":"https:\/\/portaltela.pt\/noticias\/2026\/01\/26\/acores-investem-11-milhoes-no-apoio-ao-pagamento-de-propinas-2\/#breadcrumb","itemListElement":[{"@type":"ListItem","position":1,"name":"In\u00edcio","item":"https:\/\/portaltela.pt\/"},{"@type":"ListItem","position":2,"name":"A\u00e7ores investem 1,1 milh\u00f5es no apoio ao pagamento de propinas"}]},{"@type":"WebSite","@id":"https:\/\/portaltela.pt\/#website","url":"https:\/\/portaltela.pt\/","name":"Portal Tela Portugal","description":"","potentialAction":[{"@type":"SearchAction","target":{"@type":"EntryPoint","urlTemplate":"https:\/\/portaltela.pt\/?s={search_term_string}"},"query-input":{"@type":"PropertyValueSpecification","valueRequired":true,"valueName":"search_term_string"}}],"inLanguage":"pt-PT"},{"@type":"Person","@id":"https:\/\/portaltela.pt\/#\/schema\/person\/c4278d4a6028830caff9ee44b42d32ed","name":"Telinha","image":{"@type":"ImageObject","inLanguage":"pt-PT","@id":"https:\/\/portaltela.pt\/s.01k8rhncp4jt1\/2025\/11\/talking-bot-125x125.png","url":"https:\/\/portaltela.pt\/s.01k8rhncp4jt1\/2025\/11\/talking-bot-125x125.png","contentUrl":"https:\/\/portaltela.pt\/s.01k8rhncp4jt1\/2025\/11\/talking-bot-125x125.png","caption":"Telinha"},"sameAs":["https:\/\/portaltela.pt\/"],"url":"https:\/\/portaltela.pt\/por\/367410592786\/"}]}},"_links":{"self":[{"href":"https:\/\/portaltela.pt\/api\/wp\/v2\/posts\/175359","targetHints":{"allow":["GET"]}}],"collection":[{"href":"https:\/\/portaltela.pt\/api\/wp\/v2\/posts"}],"about":[{"href":"https:\/\/portaltela.pt\/api\/wp\/v2\/types\/post"}],"author":[{"embeddable":true,"href":"https:\/\/portaltela.pt\/api\/wp\/v2\/users\/2"}],"replies":[{"embeddable":true,"href":"https:\/\/portaltela.pt\/api\/wp\/v2\/comments?post=175359"}],"version-history":[{"count":0,"href":"https:\/\/portaltela.pt\/api\/wp\/v2\/posts\/175359\/revisions"}],"wp:featuredmedia":[{"embeddable":true,"href":"https:\/\/portaltela.pt\/api\/wp\/v2\/media\/175387"}],"wp:attachment":[{"href":"https:\/\/portaltela.pt\/api\/wp\/v2\/media?parent=175359"}],"wp:term":[{"taxonomy":"category","embeddable":true,"href":"https:\/\/portaltela.pt\/api\/wp\/v2\/categories?post=175359"},{"taxonomy":"post_tag","embeddable":true,"href":"https:\/\/portaltela.pt\/api\/wp\/v2\/tags?post=175359"}],"curies":[{"name":"wp","href":"https:\/\/api.w.org\/{rel}","templated":true}]}}