{"id":175353,"date":"2026-01-26T15:22:10","date_gmt":"2026-01-26T18:22:10","guid":{"rendered":"https:\/\/portaltela.pt\/noticias\/2026\/01\/26\/plataforma-de-turismo-de-natureza-douro-tamega-e-sousa-promovida-em-madrid\/"},"modified":"2026-01-26T15:22:10","modified_gmt":"2026-01-26T18:22:10","slug":"plataforma-de-turismo-de-natureza-douro-tamega-e-sousa-promovida-em-madrid","status":"publish","type":"post","link":"https:\/\/portaltela.pt\/noticias\/2026\/01\/26\/plataforma-de-turismo-de-natureza-douro-tamega-e-sousa-promovida-em-madrid\/","title":{"rendered":"Plataforma de turismo de natureza Douro, T\u00e2mega e Sousa promovida em Madrid"},"content":{"rendered":"<p>O Guided by Nature, plataforma digital de turismo de natureza, foi promovido na Feira Internacional de Turismo (FITUR) de Madrid. A apresenta\u00e7\u00e3o ocorreu entre 21 e 25 de janeiro, no stand da Comunidade Intermunicipal do T\u00e2mega e Sousa.<\/p>\n<p>A iniciativa agrega 13 munic\u00edpios da regi\u00e3o Douro, T\u00e2mega e Sousa, Arouca e Vale de Cambra. Re\u00fane informa\u00e7\u00e3o sobre 92 percursos planeados, com 58 a p\u00e9 e 34 cicl\u00e1veis, totalizando cerca de 2.295 quil\u00f4metros.<\/p>\n<p>A plataforma foi lan\u00e7ada em fevereiro de 2024, desenvolvida no \u00e2mbito do programa PROVERE de Estrat\u00e9gias de Efici\u00eancia Coletiva. O objetivo \u00e9 promover o territ\u00f3rio de forma sustent\u00e1vel, valorizando o patrim\u00f3nio natural e a qualidade de vida local.<\/p>\n<h3>Estrutura da plataforma e utilidade para os visitantes<\/h3>\n<p>A plataforma oferece um guia com mais de mil pontos de interesse, incluindo alojamento, gastronomia, lazer e com\u00e9rcio. Permite aos utilizadores criar itiner\u00e1rios personalizados, adaptados aos seus interesses e tempos dispon\u00edveis.<\/p>\n<p>A presen\u00e7a na FITUR refor\u00e7a o posicionamento da regi\u00e3o como destino de turismo de natureza. A iniciativa tem registado crescente utiliza\u00e7\u00e3o por parte de visitantes desde o seu lan\u00e7amento, contribuindo para a dinamiza\u00e7\u00e3o econ\u00f3mica local.<\/p>\n","protected":false},"excerpt":{"rendered":"<ul>\n<li>A plataforma Guided by Nature agrega 13 munic\u00edpios da regi\u00e3o Douro, T\u00e2mega e Sousa, Arouca e Vale de Cambra e foi promovida na Feira Internacional de Turismo (FITUR) de Madrid, entre 21 e 25 de janeiro, no espa\u00e7o da CIM do T\u00e2mega e Sousa.<\/li>\n<li>Est\u00e1 dispon\u00edvel em site e aplica\u00e7\u00e3o m\u00f3vel e re\u00fane 92 percursos planeados (58 pedestres e 34 cicl\u00e1veis), totalizando 2.295 quil\u00f3metros.<\/li>\n<li>Oferece um guia com mais de mil pontos de interesse, incluindo alojamento, gastronomia, lazer e com\u00e9rcio, e permite criar itiner\u00e1rios personalizados.<\/li>\n<li>O projeto foi desenvolvido no \u00e2mbito do programa PROVERE de Estrat\u00e9gias de Efici\u00eancia Coletiva, com o objetivo de promover o territ\u00f3rio de forma sustent\u00e1vel.<\/li>\n<li>A plataforma foi lan\u00e7ada em fevereiro de 2024 e tem registado crescente utiliza\u00e7\u00e3o por parte dos visitantes.<\/li>\n<\/ul>\n","protected":false},"author":2,"featured_media":175356,"comment_status":"closed","ping_status":"closed","sticky":false,"template":"","format":"standard","meta":{"footnotes":""},"categories":[1],"tags":[1194,4387,3568,169,4301,3445],"class_list":["post-175353","post","type-post","status-publish","format-standard","has-post-thumbnail","hentry","category-noticias","tag-douro","tag-feiras-internacionais","tag-natureza","tag-turismo","tag-turismo-de-portugal","tag-turismo-sustentavel"],"yoast_head":"<!-- This site is optimized with the Yoast SEO plugin v27.2 - https:\/\/yoast.com\/product\/yoast-seo-wordpress\/ -->\n<title>Plataforma de turismo de natureza Douro, T\u00e2mega e Sousa promovida em Madrid - Portal Tela Portugal<\/title>\n<meta name=\"robots\" content=\"index, follow, max-snippet:-1, max-image-preview:large, max-video-preview:-1\" \/>\n<meta property=\"og:locale\" content=\"pt_PT\" \/>\n<meta property=\"og:type\" content=\"article\" \/>\n<meta property=\"og:title\" content=\"Plataforma de turismo de natureza Douro, T\u00e2mega e Sousa promovida em Madrid - Portal Tela Portugal\" \/>\n<meta property=\"og:description\" content=\"A plataforma Guided by Nature agrega 13 munic\u00edpios da regi\u00e3o Douro, T\u00e2mega e Sousa, Arouca e Vale de Cambra e foi promovida na Feira Internacional de Turismo (FITUR) de Madrid, entre 21 e 25 de janeiro, no espa\u00e7o da CIM do T\u00e2mega e Sousa. Est\u00e1 dispon\u00edvel em site e aplica\u00e7\u00e3o m\u00f3vel e re\u00fane 92 percursos planeados (58 pedestres e 34 cicl\u00e1veis), totalizando 2.295 quil\u00f3metros. Oferece um guia com mais de mil pontos de interesse, incluindo alojamento, gastronomia, lazer e com\u00e9rcio, e permite criar itiner\u00e1rios personalizados. O projeto foi desenvolvido no \u00e2mbito do programa PROVERE de Estrat\u00e9gias de Efici\u00eancia Coletiva, com o objetivo de promover o territ\u00f3rio de forma sustent\u00e1vel. A plataforma foi lan\u00e7ada em fevereiro de 2024 e tem registado crescente utiliza\u00e7\u00e3o por parte dos visitantes.\" \/>\n<meta property=\"og:url\" content=\"https:\/\/portaltela.pt\/noticias\/2026\/01\/26\/plataforma-de-turismo-de-natureza-douro-tamega-e-sousa-promovida-em-madrid\/\" \/>\n<meta property=\"og:site_name\" content=\"Portal Tela Portugal\" \/>\n<meta property=\"article:published_time\" content=\"2026-01-26T18:22:10+00:00\" \/>\n<meta name=\"author\" content=\"Telinha\" \/>\n<meta name=\"twitter:card\" content=\"summary_large_image\" \/>\n<meta name=\"twitter:label1\" content=\"Escrito por\" \/>\n\t<meta name=\"twitter:data1\" content=\"Telinha\" \/>\n\t<meta name=\"twitter:label2\" content=\"Tempo estimado de leitura\" \/>\n\t<meta name=\"twitter:data2\" content=\"1 minuto\" \/>\n<script type=\"application\/ld+json\" class=\"yoast-schema-graph\">{\"@context\":\"https:\/\/schema.org\",\"@graph\":[{\"@type\":\"Article\",\"@id\":\"https:\/\/portaltela.pt\/noticias\/2026\/01\/26\/plataforma-de-turismo-de-natureza-douro-tamega-e-sousa-promovida-em-madrid\/#article\",\"isPartOf\":{\"@id\":\"https:\/\/portaltela.pt\/noticias\/2026\/01\/26\/plataforma-de-turismo-de-natureza-douro-tamega-e-sousa-promovida-em-madrid\/\"},\"author\":{\"name\":\"Telinha\",\"@id\":\"https:\/\/portaltela.pt\/#\/schema\/person\/c4278d4a6028830caff9ee44b42d32ed\"},\"headline\":\"Plataforma de turismo de natureza Douro, T\u00e2mega e Sousa promovida em Madrid\",\"datePublished\":\"2026-01-26T18:22:10+00:00\",\"mainEntityOfPage\":{\"@id\":\"https:\/\/portaltela.pt\/noticias\/2026\/01\/26\/plataforma-de-turismo-de-natureza-douro-tamega-e-sousa-promovida-em-madrid\/\"},\"wordCount\":213,\"image\":{\"@id\":\"https:\/\/portaltela.pt\/noticias\/2026\/01\/26\/plataforma-de-turismo-de-natureza-douro-tamega-e-sousa-promovida-em-madrid\/#primaryimage\"},\"thumbnailUrl\":\"https:\/\/portaltela.pt\/s.01k8rhncp4jt1\/2026\/01\/unnamed-file-5390.jpg\",\"keywords\":[\"Douro\",\"feiras internacionais\",\"natureza\",\"turismo\",\"Turismo de Portugal\",\"Turismo Sustent\u00e1vel\"],\"articleSection\":[\"Not\u00edcias\"],\"inLanguage\":\"pt-PT\"},{\"@type\":\"WebPage\",\"@id\":\"https:\/\/portaltela.pt\/noticias\/2026\/01\/26\/plataforma-de-turismo-de-natureza-douro-tamega-e-sousa-promovida-em-madrid\/\",\"url\":\"https:\/\/portaltela.pt\/noticias\/2026\/01\/26\/plataforma-de-turismo-de-natureza-douro-tamega-e-sousa-promovida-em-madrid\/\",\"name\":\"Plataforma de turismo de natureza Douro, T\u00e2mega e Sousa promovida em Madrid - Portal Tela Portugal\",\"isPartOf\":{\"@id\":\"https:\/\/portaltela.pt\/#website\"},\"primaryImageOfPage\":{\"@id\":\"https:\/\/portaltela.pt\/noticias\/2026\/01\/26\/plataforma-de-turismo-de-natureza-douro-tamega-e-sousa-promovida-em-madrid\/#primaryimage\"},\"image\":{\"@id\":\"https:\/\/portaltela.pt\/noticias\/2026\/01\/26\/plataforma-de-turismo-de-natureza-douro-tamega-e-sousa-promovida-em-madrid\/#primaryimage\"},\"thumbnailUrl\":\"https:\/\/portaltela.pt\/s.01k8rhncp4jt1\/2026\/01\/unnamed-file-5390.jpg\",\"datePublished\":\"2026-01-26T18:22:10+00:00\",\"author\":{\"@id\":\"https:\/\/portaltela.pt\/#\/schema\/person\/c4278d4a6028830caff9ee44b42d32ed\"},\"breadcrumb\":{\"@id\":\"https:\/\/portaltela.pt\/noticias\/2026\/01\/26\/plataforma-de-turismo-de-natureza-douro-tamega-e-sousa-promovida-em-madrid\/#breadcrumb\"},\"inLanguage\":\"pt-PT\",\"potentialAction\":[{\"@type\":\"ReadAction\",\"target\":[\"https:\/\/portaltela.pt\/noticias\/2026\/01\/26\/plataforma-de-turismo-de-natureza-douro-tamega-e-sousa-promovida-em-madrid\/\"]}]},{\"@type\":\"ImageObject\",\"inLanguage\":\"pt-PT\",\"@id\":\"https:\/\/portaltela.pt\/noticias\/2026\/01\/26\/plataforma-de-turismo-de-natureza-douro-tamega-e-sousa-promovida-em-madrid\/#primaryimage\",\"url\":\"https:\/\/portaltela.pt\/s.01k8rhncp4jt1\/2026\/01\/unnamed-file-5390.jpg\",\"contentUrl\":\"https:\/\/portaltela.pt\/s.01k8rhncp4jt1\/2026\/01\/unnamed-file-5390.jpg\",\"width\":796,\"height\":448,\"caption\":\"Plataforma de turismo de natureza da regi\u00e3o Douro, T\u00e2mega e Sousa promovida na feira internacional de Madrid\"},{\"@type\":\"BreadcrumbList\",\"@id\":\"https:\/\/portaltela.pt\/noticias\/2026\/01\/26\/plataforma-de-turismo-de-natureza-douro-tamega-e-sousa-promovida-em-madrid\/#breadcrumb\",\"itemListElement\":[{\"@type\":\"ListItem\",\"position\":1,\"name\":\"In\u00edcio\",\"item\":\"https:\/\/portaltela.pt\/\"},{\"@type\":\"ListItem\",\"position\":2,\"name\":\"Plataforma de turismo de natureza Douro, T\u00e2mega e Sousa promovida em Madrid\"}]},{\"@type\":\"WebSite\",\"@id\":\"https:\/\/portaltela.pt\/#website\",\"url\":\"https:\/\/portaltela.pt\/\",\"name\":\"Portal Tela Portugal\",\"description\":\"\",\"potentialAction\":[{\"@type\":\"SearchAction\",\"target\":{\"@type\":\"EntryPoint\",\"urlTemplate\":\"https:\/\/portaltela.pt\/?s={search_term_string}\"},\"query-input\":{\"@type\":\"PropertyValueSpecification\",\"valueRequired\":true,\"valueName\":\"search_term_string\"}}],\"inLanguage\":\"pt-PT\"},{\"@type\":\"Person\",\"@id\":\"https:\/\/portaltela.pt\/#\/schema\/person\/c4278d4a6028830caff9ee44b42d32ed\",\"name\":\"Telinha\",\"image\":{\"@type\":\"ImageObject\",\"inLanguage\":\"pt-PT\",\"@id\":\"https:\/\/portaltela.pt\/s.01k8rhncp4jt1\/2025\/11\/talking-bot-125x125.png\",\"url\":\"https:\/\/portaltela.pt\/s.01k8rhncp4jt1\/2025\/11\/talking-bot-125x125.png\",\"contentUrl\":\"https:\/\/portaltela.pt\/s.01k8rhncp4jt1\/2025\/11\/talking-bot-125x125.png\",\"caption\":\"Telinha\"},\"sameAs\":[\"https:\/\/portaltela.pt\/\"],\"url\":\"https:\/\/portaltela.pt\/por\/367410592786\/\"}]}<\/script>\n<!-- \/ Yoast SEO plugin. -->","yoast_head_json":{"title":"Plataforma de turismo de natureza Douro, T\u00e2mega e Sousa promovida em Madrid - Portal Tela Portugal","robots":{"index":"index","follow":"follow","max-snippet":"max-snippet:-1","max-image-preview":"max-image-preview:large","max-video-preview":"max-video-preview:-1"},"og_locale":"pt_PT","og_type":"article","og_title":"Plataforma de turismo de natureza Douro, T\u00e2mega e Sousa promovida em Madrid - Portal Tela Portugal","og_description":"A plataforma Guided by Nature agrega 13 munic\u00edpios da regi\u00e3o Douro, T\u00e2mega e Sousa, Arouca e Vale de Cambra e foi promovida na Feira Internacional de Turismo (FITUR) de Madrid, entre 21 e 25 de janeiro, no espa\u00e7o da CIM do T\u00e2mega e Sousa. Est\u00e1 dispon\u00edvel em site e aplica\u00e7\u00e3o m\u00f3vel e re\u00fane 92 percursos planeados (58 pedestres e 34 cicl\u00e1veis), totalizando 2.295 quil\u00f3metros. Oferece um guia com mais de mil pontos de interesse, incluindo alojamento, gastronomia, lazer e com\u00e9rcio, e permite criar itiner\u00e1rios personalizados. O projeto foi desenvolvido no \u00e2mbito do programa PROVERE de Estrat\u00e9gias de Efici\u00eancia Coletiva, com o objetivo de promover o territ\u00f3rio de forma sustent\u00e1vel. A plataforma foi lan\u00e7ada em fevereiro de 2024 e tem registado crescente utiliza\u00e7\u00e3o por parte dos visitantes.","og_url":"https:\/\/portaltela.pt\/noticias\/2026\/01\/26\/plataforma-de-turismo-de-natureza-douro-tamega-e-sousa-promovida-em-madrid\/","og_site_name":"Portal Tela Portugal","article_published_time":"2026-01-26T18:22:10+00:00","author":"Telinha","twitter_card":"summary_large_image","twitter_misc":{"Escrito por":"Telinha","Tempo estimado de leitura":"1 minuto"},"schema":{"@context":"https:\/\/schema.org","@graph":[{"@type":"Article","@id":"https:\/\/portaltela.pt\/noticias\/2026\/01\/26\/plataforma-de-turismo-de-natureza-douro-tamega-e-sousa-promovida-em-madrid\/#article","isPartOf":{"@id":"https:\/\/portaltela.pt\/noticias\/2026\/01\/26\/plataforma-de-turismo-de-natureza-douro-tamega-e-sousa-promovida-em-madrid\/"},"author":{"name":"Telinha","@id":"https:\/\/portaltela.pt\/#\/schema\/person\/c4278d4a6028830caff9ee44b42d32ed"},"headline":"Plataforma de turismo de natureza Douro, T\u00e2mega e Sousa promovida em Madrid","datePublished":"2026-01-26T18:22:10+00:00","mainEntityOfPage":{"@id":"https:\/\/portaltela.pt\/noticias\/2026\/01\/26\/plataforma-de-turismo-de-natureza-douro-tamega-e-sousa-promovida-em-madrid\/"},"wordCount":213,"image":{"@id":"https:\/\/portaltela.pt\/noticias\/2026\/01\/26\/plataforma-de-turismo-de-natureza-douro-tamega-e-sousa-promovida-em-madrid\/#primaryimage"},"thumbnailUrl":"https:\/\/portaltela.pt\/s.01k8rhncp4jt1\/2026\/01\/unnamed-file-5390.jpg","keywords":["Douro","feiras internacionais","natureza","turismo","Turismo de Portugal","Turismo Sustent\u00e1vel"],"articleSection":["Not\u00edcias"],"inLanguage":"pt-PT"},{"@type":"WebPage","@id":"https:\/\/portaltela.pt\/noticias\/2026\/01\/26\/plataforma-de-turismo-de-natureza-douro-tamega-e-sousa-promovida-em-madrid\/","url":"https:\/\/portaltela.pt\/noticias\/2026\/01\/26\/plataforma-de-turismo-de-natureza-douro-tamega-e-sousa-promovida-em-madrid\/","name":"Plataforma de turismo de natureza Douro, T\u00e2mega e Sousa promovida em Madrid - Portal Tela Portugal","isPartOf":{"@id":"https:\/\/portaltela.pt\/#website"},"primaryImageOfPage":{"@id":"https:\/\/portaltela.pt\/noticias\/2026\/01\/26\/plataforma-de-turismo-de-natureza-douro-tamega-e-sousa-promovida-em-madrid\/#primaryimage"},"image":{"@id":"https:\/\/portaltela.pt\/noticias\/2026\/01\/26\/plataforma-de-turismo-de-natureza-douro-tamega-e-sousa-promovida-em-madrid\/#primaryimage"},"thumbnailUrl":"https:\/\/portaltela.pt\/s.01k8rhncp4jt1\/2026\/01\/unnamed-file-5390.jpg","datePublished":"2026-01-26T18:22:10+00:00","author":{"@id":"https:\/\/portaltela.pt\/#\/schema\/person\/c4278d4a6028830caff9ee44b42d32ed"},"breadcrumb":{"@id":"https:\/\/portaltela.pt\/noticias\/2026\/01\/26\/plataforma-de-turismo-de-natureza-douro-tamega-e-sousa-promovida-em-madrid\/#breadcrumb"},"inLanguage":"pt-PT","potentialAction":[{"@type":"ReadAction","target":["https:\/\/portaltela.pt\/noticias\/2026\/01\/26\/plataforma-de-turismo-de-natureza-douro-tamega-e-sousa-promovida-em-madrid\/"]}]},{"@type":"ImageObject","inLanguage":"pt-PT","@id":"https:\/\/portaltela.pt\/noticias\/2026\/01\/26\/plataforma-de-turismo-de-natureza-douro-tamega-e-sousa-promovida-em-madrid\/#primaryimage","url":"https:\/\/portaltela.pt\/s.01k8rhncp4jt1\/2026\/01\/unnamed-file-5390.jpg","contentUrl":"https:\/\/portaltela.pt\/s.01k8rhncp4jt1\/2026\/01\/unnamed-file-5390.jpg","width":796,"height":448,"caption":"Plataforma de turismo de natureza da regi\u00e3o Douro, T\u00e2mega e Sousa promovida na feira internacional de Madrid"},{"@type":"BreadcrumbList","@id":"https:\/\/portaltela.pt\/noticias\/2026\/01\/26\/plataforma-de-turismo-de-natureza-douro-tamega-e-sousa-promovida-em-madrid\/#breadcrumb","itemListElement":[{"@type":"ListItem","position":1,"name":"In\u00edcio","item":"https:\/\/portaltela.pt\/"},{"@type":"ListItem","position":2,"name":"Plataforma de turismo de natureza Douro, T\u00e2mega e Sousa promovida em Madrid"}]},{"@type":"WebSite","@id":"https:\/\/portaltela.pt\/#website","url":"https:\/\/portaltela.pt\/","name":"Portal Tela Portugal","description":"","potentialAction":[{"@type":"SearchAction","target":{"@type":"EntryPoint","urlTemplate":"https:\/\/portaltela.pt\/?s={search_term_string}"},"query-input":{"@type":"PropertyValueSpecification","valueRequired":true,"valueName":"search_term_string"}}],"inLanguage":"pt-PT"},{"@type":"Person","@id":"https:\/\/portaltela.pt\/#\/schema\/person\/c4278d4a6028830caff9ee44b42d32ed","name":"Telinha","image":{"@type":"ImageObject","inLanguage":"pt-PT","@id":"https:\/\/portaltela.pt\/s.01k8rhncp4jt1\/2025\/11\/talking-bot-125x125.png","url":"https:\/\/portaltela.pt\/s.01k8rhncp4jt1\/2025\/11\/talking-bot-125x125.png","contentUrl":"https:\/\/portaltela.pt\/s.01k8rhncp4jt1\/2025\/11\/talking-bot-125x125.png","caption":"Telinha"},"sameAs":["https:\/\/portaltela.pt\/"],"url":"https:\/\/portaltela.pt\/por\/367410592786\/"}]}},"_links":{"self":[{"href":"https:\/\/portaltela.pt\/api\/wp\/v2\/posts\/175353","targetHints":{"allow":["GET"]}}],"collection":[{"href":"https:\/\/portaltela.pt\/api\/wp\/v2\/posts"}],"about":[{"href":"https:\/\/portaltela.pt\/api\/wp\/v2\/types\/post"}],"author":[{"embeddable":true,"href":"https:\/\/portaltela.pt\/api\/wp\/v2\/users\/2"}],"replies":[{"embeddable":true,"href":"https:\/\/portaltela.pt\/api\/wp\/v2\/comments?post=175353"}],"version-history":[{"count":0,"href":"https:\/\/portaltela.pt\/api\/wp\/v2\/posts\/175353\/revisions"}],"wp:featuredmedia":[{"embeddable":true,"href":"https:\/\/portaltela.pt\/api\/wp\/v2\/media\/175356"}],"wp:attachment":[{"href":"https:\/\/portaltela.pt\/api\/wp\/v2\/media?parent=175353"}],"wp:term":[{"taxonomy":"category","embeddable":true,"href":"https:\/\/portaltela.pt\/api\/wp\/v2\/categories?post=175353"},{"taxonomy":"post_tag","embeddable":true,"href":"https:\/\/portaltela.pt\/api\/wp\/v2\/tags?post=175353"}],"curies":[{"name":"wp","href":"https:\/\/api.w.org\/{rel}","templated":true}]}}