{"id":175349,"date":"2026-01-26T18:40:00","date_gmt":"2026-01-26T21:40:00","guid":{"rendered":"https:\/\/portaltela.pt\/noticias\/2026\/01\/26\/mp-arquiva-queixa-contra-boaventura-por-falta-de-prova-de-falso-testemunho\/"},"modified":"2026-01-26T18:40:00","modified_gmt":"2026-01-26T21:40:00","slug":"mp-arquiva-queixa-contra-boaventura-por-falta-de-prova-de-falso-testemunho","status":"publish","type":"post","link":"https:\/\/portaltela.pt\/noticias\/2026\/01\/26\/mp-arquiva-queixa-contra-boaventura-por-falta-de-prova-de-falso-testemunho\/","title":{"rendered":"MP arquiva queixa contra Boaventura por falta de prova de falso testemunho"},"content":{"rendered":"<p>O Minist\u00e9rio P\u00fablico arquivou as queixas de Boaventura de Sousa Santos por inj\u00faria e difama\u00e7\u00e3o contra as 13 mulheres que o acusaram de ass\u00e9dio sexual, moral e extractivismo intelectual. A decis\u00e3o baseia-se na aus\u00eancia de provas de falso depoimento por parte das denunciantes.<\/p>\n<p>O procurador Manuel Maria Otero dos Santos entendeu que n\u00e3o h\u00e1 ind\u00edcios suficientes de falsidade de depoimento por parte das arguidas. O arquivamento inclui ainda a queixa de inj\u00faria apresentada pelo ex-diretor do Centro de Estudos Sociais (CES) contra as mesmas denunciantes, por ter sido movida fora do prazo.<\/p>\n<p>Entre as acusadas est\u00e3o Sara Ara\u00fajo, Carla Paiva, Maria Martins, Gabriela Rocha, Lieselotte Viaene, Miye Tom, Aline Santos, Mariana Campuzano, Eva Chueca, \u00c9lida Lauris, Julia Su\u00e1rez-Krabbe, Isabella Miranda e Moira Mill\u00e1n. Boaventura de Sousa Santos alegou que as den\u00fancias geraram difama\u00e7\u00e3o e inj\u00farias na sequ\u00eancia de acusa\u00e7\u00f5es feitas publicamente entre 2023 e 2024.<\/p>\n<p>O MP considerou que Boaventura de Sousa Santos limitou-se a contestar os depoimentos, sem detalhar em que medida espec\u00edficos trechos seriam falsos. O despacho refere ainda que n\u00e3o houve recolha de ind\u00edcios suficientes para sustentar a pr\u00e1tica do crime de falsidade de depoimento.<\/p>\n<p>Quanto \u00e0 inj\u00faria, o arquivamento ocorreu porque o autor teve conhecimento dos factos e da autoria das declara\u00e7\u00f5es apenas em junho de 2024, tendo apresentado a queixa em abril de 2025, dentro do prazo de validade, mas fora da janela de queixa estabelecida. O Minist\u00e9rio P\u00fablico manteve que as acusa\u00e7\u00f5es n\u00e3o se enquadravam no per\u00edodo legal para queixa.<\/p>\n<p>Este desfecho ocorre pouco depois de Boaventura de Sousa Santos ter desistido, em outubro passado, de uma a\u00e7\u00e3o civil de tutela de personalidade contra quatro das denunciante. A desist\u00eancia foi comunicada numa altura em que o acad\u00e9mico afirmava que a a\u00e7\u00e3o n\u00e3o teria efeito pr\u00e1tico frente \u00e0s alega\u00e7\u00f5es das visadas.<\/p>\n<p>Paralelamente, o soci\u00f3logo divulgou online um manifesto contra o que designa como cancelamento, assinado por cerca de 200 signat\u00e1rios, incluindo figuras p\u00fablicas nacionais e internacionais. O CES, por sua vez, mant\u00e9m que investiga\u00e7\u00f5es internas identificaram ass\u00e9dio sexual e moral no centro, contribuindo para a sa\u00edda de Boaventura.<\/p>\n","protected":false},"excerpt":{"rendered":"<ul>\n<li>O Minist\u00e9rio P\u00fablico arquivou as queixas de Boaventura de Sousa Santos por inj\u00faria e difama\u00e7\u00e3o contra as 13 denunciantes, por n\u00e3o encontrar provas de falsidade nos depoimentos.<\/li>\n<li>Foi tamb\u00e9m arquivada a queixa de inj\u00faria contra Boaventura, por ter sido apresentada fora do prazo legal.<\/li>\n<li>O MP destacou que n\u00e3o houve ind\u00edcios suficientes de falsidade nos depoimentos das arguidas para sustentar o crime imputado.<\/li>\n<li>O inqu\u00e9rito por inj\u00faria foi arquivado porque Boaventura teve conhecimento dos factos na altura indicada e apresentou a queixa fora do prazo.<\/li>\n<li>A decis\u00e3o ocorre ap\u00f3s Boaventura ter desistido, um m\u00eas antes, da a\u00e7\u00e3o c\u00edvel de tutela de personalidade, e num contexto em que o Colectivo de V\u00edtimas denunciou o uso de lawfare.<\/li>\n<\/ul>\n","protected":false},"author":2,"featured_media":175351,"comment_status":"closed","ping_status":"closed","sticky":false,"template":"","format":"standard","meta":{"footnotes":""},"categories":[1],"tags":[3200,3085,2442,847,215,2832],"class_list":["post-175349","post","type-post","status-publish","format-standard","has-post-thumbnail","hentry","category-noticias","tag-assedio","tag-cesop","tag-difamacao","tag-injuria-agravada","tag-investigacao","tag-politica"],"yoast_head":"<!-- This site is optimized with the Yoast SEO plugin v27.2 - https:\/\/yoast.com\/product\/yoast-seo-wordpress\/ -->\n<title>MP arquiva queixa contra Boaventura por falta de prova de falso testemunho - Portal Tela Portugal<\/title>\n<meta name=\"robots\" content=\"index, follow, max-snippet:-1, max-image-preview:large, max-video-preview:-1\" \/>\n<meta property=\"og:locale\" content=\"pt_PT\" \/>\n<meta property=\"og:type\" content=\"article\" \/>\n<meta property=\"og:title\" content=\"MP arquiva queixa contra Boaventura por falta de prova de falso testemunho - Portal Tela Portugal\" \/>\n<meta property=\"og:description\" content=\"O Minist\u00e9rio P\u00fablico arquivou as queixas de Boaventura de Sousa Santos por inj\u00faria e difama\u00e7\u00e3o contra as 13 denunciantes, por n\u00e3o encontrar provas de falsidade nos depoimentos. Foi tamb\u00e9m arquivada a queixa de inj\u00faria contra Boaventura, por ter sido apresentada fora do prazo legal. O MP destacou que n\u00e3o houve ind\u00edcios suficientes de falsidade nos depoimentos das arguidas para sustentar o crime imputado. O inqu\u00e9rito por inj\u00faria foi arquivado porque Boaventura teve conhecimento dos factos na altura indicada e apresentou a queixa fora do prazo. A decis\u00e3o ocorre ap\u00f3s Boaventura ter desistido, um m\u00eas antes, da a\u00e7\u00e3o c\u00edvel de tutela de personalidade, e num contexto em que o Colectivo de V\u00edtimas denunciou o uso de lawfare.\" \/>\n<meta property=\"og:url\" content=\"https:\/\/portaltela.pt\/noticias\/2026\/01\/26\/mp-arquiva-queixa-contra-boaventura-por-falta-de-prova-de-falso-testemunho\/\" \/>\n<meta property=\"og:site_name\" content=\"Portal Tela Portugal\" \/>\n<meta property=\"article:published_time\" content=\"2026-01-26T21:40:00+00:00\" \/>\n<meta name=\"author\" content=\"Telinha\" \/>\n<meta name=\"twitter:card\" content=\"summary_large_image\" \/>\n<meta name=\"twitter:label1\" content=\"Escrito por\" \/>\n\t<meta name=\"twitter:data1\" content=\"Telinha\" \/>\n\t<meta name=\"twitter:label2\" content=\"Tempo estimado de leitura\" \/>\n\t<meta name=\"twitter:data2\" content=\"2 minutos\" \/>\n<script type=\"application\/ld+json\" class=\"yoast-schema-graph\">{\"@context\":\"https:\/\/schema.org\",\"@graph\":[{\"@type\":\"Article\",\"@id\":\"https:\/\/portaltela.pt\/noticias\/2026\/01\/26\/mp-arquiva-queixa-contra-boaventura-por-falta-de-prova-de-falso-testemunho\/#article\",\"isPartOf\":{\"@id\":\"https:\/\/portaltela.pt\/noticias\/2026\/01\/26\/mp-arquiva-queixa-contra-boaventura-por-falta-de-prova-de-falso-testemunho\/\"},\"author\":{\"name\":\"Telinha\",\"@id\":\"https:\/\/portaltela.pt\/#\/schema\/person\/c4278d4a6028830caff9ee44b42d32ed\"},\"headline\":\"MP arquiva queixa contra Boaventura por falta de prova de falso testemunho\",\"datePublished\":\"2026-01-26T21:40:00+00:00\",\"mainEntityOfPage\":{\"@id\":\"https:\/\/portaltela.pt\/noticias\/2026\/01\/26\/mp-arquiva-queixa-contra-boaventura-por-falta-de-prova-de-falso-testemunho\/\"},\"wordCount\":392,\"image\":{\"@id\":\"https:\/\/portaltela.pt\/noticias\/2026\/01\/26\/mp-arquiva-queixa-contra-boaventura-por-falta-de-prova-de-falso-testemunho\/#primaryimage\"},\"thumbnailUrl\":\"https:\/\/portaltela.pt\/s.01k8rhncp4jt1\/2026\/01\/2062085.jpg\",\"keywords\":[\"ass\u00e9dio\",\"CESOP\",\"difama\u00e7\u00e3o\",\"inj\u00faria agravada\",\"investiga\u00e7\u00e3o\",\"pol\u00edtica\"],\"articleSection\":[\"Not\u00edcias\"],\"inLanguage\":\"pt-PT\"},{\"@type\":\"WebPage\",\"@id\":\"https:\/\/portaltela.pt\/noticias\/2026\/01\/26\/mp-arquiva-queixa-contra-boaventura-por-falta-de-prova-de-falso-testemunho\/\",\"url\":\"https:\/\/portaltela.pt\/noticias\/2026\/01\/26\/mp-arquiva-queixa-contra-boaventura-por-falta-de-prova-de-falso-testemunho\/\",\"name\":\"MP arquiva queixa contra Boaventura por falta de prova de falso testemunho - Portal Tela Portugal\",\"isPartOf\":{\"@id\":\"https:\/\/portaltela.pt\/#website\"},\"primaryImageOfPage\":{\"@id\":\"https:\/\/portaltela.pt\/noticias\/2026\/01\/26\/mp-arquiva-queixa-contra-boaventura-por-falta-de-prova-de-falso-testemunho\/#primaryimage\"},\"image\":{\"@id\":\"https:\/\/portaltela.pt\/noticias\/2026\/01\/26\/mp-arquiva-queixa-contra-boaventura-por-falta-de-prova-de-falso-testemunho\/#primaryimage\"},\"thumbnailUrl\":\"https:\/\/portaltela.pt\/s.01k8rhncp4jt1\/2026\/01\/2062085.jpg\",\"datePublished\":\"2026-01-26T21:40:00+00:00\",\"author\":{\"@id\":\"https:\/\/portaltela.pt\/#\/schema\/person\/c4278d4a6028830caff9ee44b42d32ed\"},\"breadcrumb\":{\"@id\":\"https:\/\/portaltela.pt\/noticias\/2026\/01\/26\/mp-arquiva-queixa-contra-boaventura-por-falta-de-prova-de-falso-testemunho\/#breadcrumb\"},\"inLanguage\":\"pt-PT\",\"potentialAction\":[{\"@type\":\"ReadAction\",\"target\":[\"https:\/\/portaltela.pt\/noticias\/2026\/01\/26\/mp-arquiva-queixa-contra-boaventura-por-falta-de-prova-de-falso-testemunho\/\"]}]},{\"@type\":\"ImageObject\",\"inLanguage\":\"pt-PT\",\"@id\":\"https:\/\/portaltela.pt\/noticias\/2026\/01\/26\/mp-arquiva-queixa-contra-boaventura-por-falta-de-prova-de-falso-testemunho\/#primaryimage\",\"url\":\"https:\/\/portaltela.pt\/s.01k8rhncp4jt1\/2026\/01\/2062085.jpg\",\"contentUrl\":\"https:\/\/portaltela.pt\/s.01k8rhncp4jt1\/2026\/01\/2062085.jpg\",\"width\":796,\"height\":448,\"caption\":\"Boaventura de Sousa Santos\"},{\"@type\":\"BreadcrumbList\",\"@id\":\"https:\/\/portaltela.pt\/noticias\/2026\/01\/26\/mp-arquiva-queixa-contra-boaventura-por-falta-de-prova-de-falso-testemunho\/#breadcrumb\",\"itemListElement\":[{\"@type\":\"ListItem\",\"position\":1,\"name\":\"In\u00edcio\",\"item\":\"https:\/\/portaltela.pt\/\"},{\"@type\":\"ListItem\",\"position\":2,\"name\":\"MP arquiva queixa contra Boaventura por falta de prova de falso testemunho\"}]},{\"@type\":\"WebSite\",\"@id\":\"https:\/\/portaltela.pt\/#website\",\"url\":\"https:\/\/portaltela.pt\/\",\"name\":\"Portal Tela Portugal\",\"description\":\"\",\"potentialAction\":[{\"@type\":\"SearchAction\",\"target\":{\"@type\":\"EntryPoint\",\"urlTemplate\":\"https:\/\/portaltela.pt\/?s={search_term_string}\"},\"query-input\":{\"@type\":\"PropertyValueSpecification\",\"valueRequired\":true,\"valueName\":\"search_term_string\"}}],\"inLanguage\":\"pt-PT\"},{\"@type\":\"Person\",\"@id\":\"https:\/\/portaltela.pt\/#\/schema\/person\/c4278d4a6028830caff9ee44b42d32ed\",\"name\":\"Telinha\",\"image\":{\"@type\":\"ImageObject\",\"inLanguage\":\"pt-PT\",\"@id\":\"https:\/\/portaltela.pt\/s.01k8rhncp4jt1\/2025\/11\/talking-bot-125x125.png\",\"url\":\"https:\/\/portaltela.pt\/s.01k8rhncp4jt1\/2025\/11\/talking-bot-125x125.png\",\"contentUrl\":\"https:\/\/portaltela.pt\/s.01k8rhncp4jt1\/2025\/11\/talking-bot-125x125.png\",\"caption\":\"Telinha\"},\"sameAs\":[\"https:\/\/portaltela.pt\/\"],\"url\":\"https:\/\/portaltela.pt\/por\/367410592786\/\"}]}<\/script>\n<!-- \/ Yoast SEO plugin. -->","yoast_head_json":{"title":"MP arquiva queixa contra Boaventura por falta de prova de falso testemunho - Portal Tela Portugal","robots":{"index":"index","follow":"follow","max-snippet":"max-snippet:-1","max-image-preview":"max-image-preview:large","max-video-preview":"max-video-preview:-1"},"og_locale":"pt_PT","og_type":"article","og_title":"MP arquiva queixa contra Boaventura por falta de prova de falso testemunho - Portal Tela Portugal","og_description":"O Minist\u00e9rio P\u00fablico arquivou as queixas de Boaventura de Sousa Santos por inj\u00faria e difama\u00e7\u00e3o contra as 13 denunciantes, por n\u00e3o encontrar provas de falsidade nos depoimentos. Foi tamb\u00e9m arquivada a queixa de inj\u00faria contra Boaventura, por ter sido apresentada fora do prazo legal. O MP destacou que n\u00e3o houve ind\u00edcios suficientes de falsidade nos depoimentos das arguidas para sustentar o crime imputado. O inqu\u00e9rito por inj\u00faria foi arquivado porque Boaventura teve conhecimento dos factos na altura indicada e apresentou a queixa fora do prazo. A decis\u00e3o ocorre ap\u00f3s Boaventura ter desistido, um m\u00eas antes, da a\u00e7\u00e3o c\u00edvel de tutela de personalidade, e num contexto em que o Colectivo de V\u00edtimas denunciou o uso de lawfare.","og_url":"https:\/\/portaltela.pt\/noticias\/2026\/01\/26\/mp-arquiva-queixa-contra-boaventura-por-falta-de-prova-de-falso-testemunho\/","og_site_name":"Portal Tela Portugal","article_published_time":"2026-01-26T21:40:00+00:00","author":"Telinha","twitter_card":"summary_large_image","twitter_misc":{"Escrito por":"Telinha","Tempo estimado de leitura":"2 minutos"},"schema":{"@context":"https:\/\/schema.org","@graph":[{"@type":"Article","@id":"https:\/\/portaltela.pt\/noticias\/2026\/01\/26\/mp-arquiva-queixa-contra-boaventura-por-falta-de-prova-de-falso-testemunho\/#article","isPartOf":{"@id":"https:\/\/portaltela.pt\/noticias\/2026\/01\/26\/mp-arquiva-queixa-contra-boaventura-por-falta-de-prova-de-falso-testemunho\/"},"author":{"name":"Telinha","@id":"https:\/\/portaltela.pt\/#\/schema\/person\/c4278d4a6028830caff9ee44b42d32ed"},"headline":"MP arquiva queixa contra Boaventura por falta de prova de falso testemunho","datePublished":"2026-01-26T21:40:00+00:00","mainEntityOfPage":{"@id":"https:\/\/portaltela.pt\/noticias\/2026\/01\/26\/mp-arquiva-queixa-contra-boaventura-por-falta-de-prova-de-falso-testemunho\/"},"wordCount":392,"image":{"@id":"https:\/\/portaltela.pt\/noticias\/2026\/01\/26\/mp-arquiva-queixa-contra-boaventura-por-falta-de-prova-de-falso-testemunho\/#primaryimage"},"thumbnailUrl":"https:\/\/portaltela.pt\/s.01k8rhncp4jt1\/2026\/01\/2062085.jpg","keywords":["ass\u00e9dio","CESOP","difama\u00e7\u00e3o","inj\u00faria agravada","investiga\u00e7\u00e3o","pol\u00edtica"],"articleSection":["Not\u00edcias"],"inLanguage":"pt-PT"},{"@type":"WebPage","@id":"https:\/\/portaltela.pt\/noticias\/2026\/01\/26\/mp-arquiva-queixa-contra-boaventura-por-falta-de-prova-de-falso-testemunho\/","url":"https:\/\/portaltela.pt\/noticias\/2026\/01\/26\/mp-arquiva-queixa-contra-boaventura-por-falta-de-prova-de-falso-testemunho\/","name":"MP arquiva queixa contra Boaventura por falta de prova de falso testemunho - Portal Tela Portugal","isPartOf":{"@id":"https:\/\/portaltela.pt\/#website"},"primaryImageOfPage":{"@id":"https:\/\/portaltela.pt\/noticias\/2026\/01\/26\/mp-arquiva-queixa-contra-boaventura-por-falta-de-prova-de-falso-testemunho\/#primaryimage"},"image":{"@id":"https:\/\/portaltela.pt\/noticias\/2026\/01\/26\/mp-arquiva-queixa-contra-boaventura-por-falta-de-prova-de-falso-testemunho\/#primaryimage"},"thumbnailUrl":"https:\/\/portaltela.pt\/s.01k8rhncp4jt1\/2026\/01\/2062085.jpg","datePublished":"2026-01-26T21:40:00+00:00","author":{"@id":"https:\/\/portaltela.pt\/#\/schema\/person\/c4278d4a6028830caff9ee44b42d32ed"},"breadcrumb":{"@id":"https:\/\/portaltela.pt\/noticias\/2026\/01\/26\/mp-arquiva-queixa-contra-boaventura-por-falta-de-prova-de-falso-testemunho\/#breadcrumb"},"inLanguage":"pt-PT","potentialAction":[{"@type":"ReadAction","target":["https:\/\/portaltela.pt\/noticias\/2026\/01\/26\/mp-arquiva-queixa-contra-boaventura-por-falta-de-prova-de-falso-testemunho\/"]}]},{"@type":"ImageObject","inLanguage":"pt-PT","@id":"https:\/\/portaltela.pt\/noticias\/2026\/01\/26\/mp-arquiva-queixa-contra-boaventura-por-falta-de-prova-de-falso-testemunho\/#primaryimage","url":"https:\/\/portaltela.pt\/s.01k8rhncp4jt1\/2026\/01\/2062085.jpg","contentUrl":"https:\/\/portaltela.pt\/s.01k8rhncp4jt1\/2026\/01\/2062085.jpg","width":796,"height":448,"caption":"Boaventura de Sousa Santos"},{"@type":"BreadcrumbList","@id":"https:\/\/portaltela.pt\/noticias\/2026\/01\/26\/mp-arquiva-queixa-contra-boaventura-por-falta-de-prova-de-falso-testemunho\/#breadcrumb","itemListElement":[{"@type":"ListItem","position":1,"name":"In\u00edcio","item":"https:\/\/portaltela.pt\/"},{"@type":"ListItem","position":2,"name":"MP arquiva queixa contra Boaventura por falta de prova de falso testemunho"}]},{"@type":"WebSite","@id":"https:\/\/portaltela.pt\/#website","url":"https:\/\/portaltela.pt\/","name":"Portal Tela Portugal","description":"","potentialAction":[{"@type":"SearchAction","target":{"@type":"EntryPoint","urlTemplate":"https:\/\/portaltela.pt\/?s={search_term_string}"},"query-input":{"@type":"PropertyValueSpecification","valueRequired":true,"valueName":"search_term_string"}}],"inLanguage":"pt-PT"},{"@type":"Person","@id":"https:\/\/portaltela.pt\/#\/schema\/person\/c4278d4a6028830caff9ee44b42d32ed","name":"Telinha","image":{"@type":"ImageObject","inLanguage":"pt-PT","@id":"https:\/\/portaltela.pt\/s.01k8rhncp4jt1\/2025\/11\/talking-bot-125x125.png","url":"https:\/\/portaltela.pt\/s.01k8rhncp4jt1\/2025\/11\/talking-bot-125x125.png","contentUrl":"https:\/\/portaltela.pt\/s.01k8rhncp4jt1\/2025\/11\/talking-bot-125x125.png","caption":"Telinha"},"sameAs":["https:\/\/portaltela.pt\/"],"url":"https:\/\/portaltela.pt\/por\/367410592786\/"}]}},"_links":{"self":[{"href":"https:\/\/portaltela.pt\/api\/wp\/v2\/posts\/175349","targetHints":{"allow":["GET"]}}],"collection":[{"href":"https:\/\/portaltela.pt\/api\/wp\/v2\/posts"}],"about":[{"href":"https:\/\/portaltela.pt\/api\/wp\/v2\/types\/post"}],"author":[{"embeddable":true,"href":"https:\/\/portaltela.pt\/api\/wp\/v2\/users\/2"}],"replies":[{"embeddable":true,"href":"https:\/\/portaltela.pt\/api\/wp\/v2\/comments?post=175349"}],"version-history":[{"count":0,"href":"https:\/\/portaltela.pt\/api\/wp\/v2\/posts\/175349\/revisions"}],"wp:featuredmedia":[{"embeddable":true,"href":"https:\/\/portaltela.pt\/api\/wp\/v2\/media\/175351"}],"wp:attachment":[{"href":"https:\/\/portaltela.pt\/api\/wp\/v2\/media?parent=175349"}],"wp:term":[{"taxonomy":"category","embeddable":true,"href":"https:\/\/portaltela.pt\/api\/wp\/v2\/categories?post=175349"},{"taxonomy":"post_tag","embeddable":true,"href":"https:\/\/portaltela.pt\/api\/wp\/v2\/tags?post=175349"}],"curies":[{"name":"wp","href":"https:\/\/api.w.org\/{rel}","templated":true}]}}