{"id":175335,"date":"2026-01-26T18:26:00","date_gmt":"2026-01-26T21:26:00","guid":{"rendered":"https:\/\/portaltela.pt\/noticias\/2026\/01\/26\/ventura-comenta-cavaco-e-portas-com-a-frase-que-se-lixem-os-notaveis\/"},"modified":"2026-01-26T18:26:00","modified_gmt":"2026-01-26T21:26:00","slug":"ventura-comenta-cavaco-e-portas-com-a-frase-que-se-lixem-os-notaveis","status":"publish","type":"post","link":"https:\/\/portaltela.pt\/noticias\/politica\/2026\/01\/26\/ventura-comenta-cavaco-e-portas-com-a-frase-que-se-lixem-os-notaveis\/","title":{"rendered":"Ventura comenta Cavaco e Portas com a frase &#8216;que se lixem os not\u00e1veis&#8217;"},"content":{"rendered":"<p>Andr\u00e9 Ventura refor\u00e7ou a imagem de candidato do povo contra as elites, numa mensagem dirigida aos seus apoiantes. O l\u00edder de uma for\u00e7a de direita afirma que o rival mant\u00e9m dist\u00e2ncia da rua, recusando alian\u00e7as com figuras p\u00fablicas consideradas not\u00e1veis pelo PS.<\/p>\n<p>O candidato anunciando para a segunda volta da Presid\u00eancia, que se disputa a 8 de fevereiro, est\u00e1 a dividir as aten\u00e7\u00f5es entre ministros, ex-ministros e lideran\u00e7as de direita. A campanha decorre em Portugal continental, com foco nas respostas aos crit\u00e9rios de rigidez que caracterizam o seu discurso.<\/p>\n<p>Em Caldas da Rainha, Cidade onde Ant\u00f3nio Jos\u00e9 Seguro tem forte apoio, o cen\u00e1rio eleitoral mostra uma corrida marcada pela polariza\u00e7\u00e3o entre Ventura e o candidato apoiado pelo PS. A luta permanece centrada nos votos das classes m\u00e9dias e urbanas.<\/p>\n<h3>Contexto da candidatura<\/h3>\n<p>Ventura declara ser o representante do povo no confronto com as elites, mantendo o apelo a eleitores desiludidos com o status quo. Trocas de farpas com figuras de direita que apoiaram o opositor j\u00e1 foram observadas ao longo da campanha.<\/p>\n<p>Alguns analistas apontam que o combate entre Ventura e Seguro envolve estrat\u00e9gias distintas: mobilizar a base de apoio regional e manter a comunica\u00e7\u00e3o com eleitores que valorizam ruptura. O cen\u00e1rio tamb\u00e9m acompanha a prepara\u00e7\u00e3o para a vota\u00e7\u00e3o.<\/p>\n<h3>Reac\u00e7\u00f5es e desdobramentos<\/h3>\n<p>Ap\u00f3s as \u00faltimas declara\u00e7\u00f5es, as movimenta\u00e7\u00f5es internas de partidos, incluindo a direita, t\u00eam impacto na forma\u00e7\u00e3o de coliga\u00e7\u00f5es informais para o segundo turno. As pr\u00f3ximas semanas devem indicar se h\u00e1 mudan\u00e7as significativas no tabuleiro pol\u00edtico.<\/p>\n<p>O ambiente eleitoral continua marcado pela expectativa de resultados e pelos debates sobre o papel do presidente da Rep\u00fablica. Acompanhamento \u00e9 essencial para entender o peso de cada posi\u00e7\u00e3o no dia da vota\u00e7\u00e3o.<\/p>\n","protected":false},"excerpt":{"rendered":"<ul>\n<li>Andr\u00e9 Ventura afirma ser o candidato do povo contra as elites e apresenta-se na corrida presidencial como complemento ao voto popular.<\/li>\n<li>Ventura acusa Ant\u00f3nio Jos\u00e9 Seguro de \u201cfugir\u201d da rua e rejeita depender de apoios de figuras de direita ao candidato apoiado pelo PS.<\/li>\n<li>A segunda volta est\u00e1 marcada para 8 de fevereiro, entre Ant\u00f3nio Jos\u00e9 Seguro e Andr\u00e9 Ventura.<\/li>\n<li>Ventura diz que PSD e IL n\u00e3o devem impedir o caminho dele para a segunda volta.<\/li>\n<li>Em tom de campanha, Ventura diz: \u201cQue se lixe Montenegro, eu quero o povo portugu\u00eas\u201d.<\/li>\n<\/ul>\n","protected":false},"author":2,"featured_media":175337,"comment_status":"closed","ping_status":"closed","sticky":false,"template":"","format":"standard","meta":{"footnotes":""},"categories":[1,5],"tags":[1672,68,2832,4341,30,2558],"class_list":["post-175335","post","type-post","status-publish","format-standard","has-post-thumbnail","hentry","category-noticias","category-politica","tag-caldas-da-rainha","tag-eleicoes","tag-politica","tag-portas","tag-presidente","tag-ventura"],"yoast_head":"<!-- This site is optimized with the Yoast SEO plugin v27.2 - https:\/\/yoast.com\/product\/yoast-seo-wordpress\/ -->\n<title>Ventura comenta Cavaco e Portas com a frase &#039;que se lixem os not\u00e1veis&#039; - Portal Tela Portugal<\/title>\n<meta name=\"robots\" content=\"index, follow, max-snippet:-1, max-image-preview:large, max-video-preview:-1\" \/>\n<meta property=\"og:locale\" content=\"pt_PT\" \/>\n<meta property=\"og:type\" content=\"article\" \/>\n<meta property=\"og:title\" content=\"Ventura comenta Cavaco e Portas com a frase &#039;que se lixem os not\u00e1veis&#039; - Portal Tela Portugal\" \/>\n<meta property=\"og:description\" content=\"Andr\u00e9 Ventura afirma ser o candidato do povo contra as elites e apresenta-se na corrida presidencial como complemento ao voto popular. Ventura acusa Ant\u00f3nio Jos\u00e9 Seguro de \u201cfugir\u201d da rua e rejeita depender de apoios de figuras de direita ao candidato apoiado pelo PS. A segunda volta est\u00e1 marcada para 8 de fevereiro, entre Ant\u00f3nio Jos\u00e9 Seguro e Andr\u00e9 Ventura. Ventura diz que PSD e IL n\u00e3o devem impedir o caminho dele para a segunda volta. Em tom de campanha, Ventura diz: \u201cQue se lixe Montenegro, eu quero o povo portugu\u00eas\u201d.\" \/>\n<meta property=\"og:url\" content=\"https:\/\/portaltela.pt\/noticias\/2026\/01\/26\/ventura-comenta-cavaco-e-portas-com-a-frase-que-se-lixem-os-notaveis\/\" \/>\n<meta property=\"og:site_name\" content=\"Portal Tela Portugal\" \/>\n<meta property=\"article:published_time\" content=\"2026-01-26T21:26:00+00:00\" \/>\n<meta name=\"author\" content=\"Telinha\" \/>\n<meta name=\"twitter:card\" content=\"summary_large_image\" \/>\n<meta name=\"twitter:label1\" content=\"Escrito por\" \/>\n\t<meta name=\"twitter:data1\" content=\"Telinha\" \/>\n\t<meta name=\"twitter:label2\" content=\"Tempo estimado de leitura\" \/>\n\t<meta name=\"twitter:data2\" content=\"2 minutos\" \/>\n<script type=\"application\/ld+json\" class=\"yoast-schema-graph\">{\"@context\":\"https:\/\/schema.org\",\"@graph\":[{\"@type\":\"Article\",\"@id\":\"https:\/\/portaltela.pt\/noticias\/2026\/01\/26\/ventura-comenta-cavaco-e-portas-com-a-frase-que-se-lixem-os-notaveis\/#article\",\"isPartOf\":{\"@id\":\"https:\/\/portaltela.pt\/noticias\/2026\/01\/26\/ventura-comenta-cavaco-e-portas-com-a-frase-que-se-lixem-os-notaveis\/\"},\"author\":{\"name\":\"Telinha\",\"@id\":\"https:\/\/portaltela.pt\/#\/schema\/person\/c4278d4a6028830caff9ee44b42d32ed\"},\"headline\":\"Ventura comenta Cavaco e Portas com a frase &#8216;que se lixem os not\u00e1veis&#8217;\",\"datePublished\":\"2026-01-26T21:26:00+00:00\",\"mainEntityOfPage\":{\"@id\":\"https:\/\/portaltela.pt\/noticias\/2026\/01\/26\/ventura-comenta-cavaco-e-portas-com-a-frase-que-se-lixem-os-notaveis\/\"},\"wordCount\":327,\"image\":{\"@id\":\"https:\/\/portaltela.pt\/noticias\/2026\/01\/26\/ventura-comenta-cavaco-e-portas-com-a-frase-que-se-lixem-os-notaveis\/#primaryimage\"},\"thumbnailUrl\":\"https:\/\/portaltela.pt\/s.01k8rhncp4jt1\/2026\/01\/seguro_outline_cor-131.jpg\",\"keywords\":[\"Caldas da Rainha\",\"elei\u00e7\u00f5es\",\"pol\u00edtica\",\"Portas\",\"presidente\",\"Ventura\"],\"articleSection\":[\"Not\u00edcias\",\"Pol\u00edtica\"],\"inLanguage\":\"pt-PT\"},{\"@type\":\"WebPage\",\"@id\":\"https:\/\/portaltela.pt\/noticias\/2026\/01\/26\/ventura-comenta-cavaco-e-portas-com-a-frase-que-se-lixem-os-notaveis\/\",\"url\":\"https:\/\/portaltela.pt\/noticias\/2026\/01\/26\/ventura-comenta-cavaco-e-portas-com-a-frase-que-se-lixem-os-notaveis\/\",\"name\":\"Ventura comenta Cavaco e Portas com a frase 'que se lixem os not\u00e1veis' - Portal Tela Portugal\",\"isPartOf\":{\"@id\":\"https:\/\/portaltela.pt\/#website\"},\"primaryImageOfPage\":{\"@id\":\"https:\/\/portaltela.pt\/noticias\/2026\/01\/26\/ventura-comenta-cavaco-e-portas-com-a-frase-que-se-lixem-os-notaveis\/#primaryimage\"},\"image\":{\"@id\":\"https:\/\/portaltela.pt\/noticias\/2026\/01\/26\/ventura-comenta-cavaco-e-portas-com-a-frase-que-se-lixem-os-notaveis\/#primaryimage\"},\"thumbnailUrl\":\"https:\/\/portaltela.pt\/s.01k8rhncp4jt1\/2026\/01\/seguro_outline_cor-131.jpg\",\"datePublished\":\"2026-01-26T21:26:00+00:00\",\"author\":{\"@id\":\"https:\/\/portaltela.pt\/#\/schema\/person\/c4278d4a6028830caff9ee44b42d32ed\"},\"breadcrumb\":{\"@id\":\"https:\/\/portaltela.pt\/noticias\/2026\/01\/26\/ventura-comenta-cavaco-e-portas-com-a-frase-que-se-lixem-os-notaveis\/#breadcrumb\"},\"inLanguage\":\"pt-PT\",\"potentialAction\":[{\"@type\":\"ReadAction\",\"target\":[\"https:\/\/portaltela.pt\/noticias\/2026\/01\/26\/ventura-comenta-cavaco-e-portas-com-a-frase-que-se-lixem-os-notaveis\/\"]}]},{\"@type\":\"ImageObject\",\"inLanguage\":\"pt-PT\",\"@id\":\"https:\/\/portaltela.pt\/noticias\/2026\/01\/26\/ventura-comenta-cavaco-e-portas-com-a-frase-que-se-lixem-os-notaveis\/#primaryimage\",\"url\":\"https:\/\/portaltela.pt\/s.01k8rhncp4jt1\/2026\/01\/seguro_outline_cor-131.jpg\",\"contentUrl\":\"https:\/\/portaltela.pt\/s.01k8rhncp4jt1\/2026\/01\/seguro_outline_cor-131.jpg\",\"width\":796,\"height\":448,\"caption\":\"Photo\"},{\"@type\":\"BreadcrumbList\",\"@id\":\"https:\/\/portaltela.pt\/noticias\/2026\/01\/26\/ventura-comenta-cavaco-e-portas-com-a-frase-que-se-lixem-os-notaveis\/#breadcrumb\",\"itemListElement\":[{\"@type\":\"ListItem\",\"position\":1,\"name\":\"In\u00edcio\",\"item\":\"https:\/\/portaltela.pt\/\"},{\"@type\":\"ListItem\",\"position\":2,\"name\":\"Ventura comenta Cavaco e Portas com a frase &#8216;que se lixem os not\u00e1veis&#8217;\"}]},{\"@type\":\"WebSite\",\"@id\":\"https:\/\/portaltela.pt\/#website\",\"url\":\"https:\/\/portaltela.pt\/\",\"name\":\"Portal Tela Portugal\",\"description\":\"\",\"potentialAction\":[{\"@type\":\"SearchAction\",\"target\":{\"@type\":\"EntryPoint\",\"urlTemplate\":\"https:\/\/portaltela.pt\/?s={search_term_string}\"},\"query-input\":{\"@type\":\"PropertyValueSpecification\",\"valueRequired\":true,\"valueName\":\"search_term_string\"}}],\"inLanguage\":\"pt-PT\"},{\"@type\":\"Person\",\"@id\":\"https:\/\/portaltela.pt\/#\/schema\/person\/c4278d4a6028830caff9ee44b42d32ed\",\"name\":\"Telinha\",\"image\":{\"@type\":\"ImageObject\",\"inLanguage\":\"pt-PT\",\"@id\":\"https:\/\/portaltela.pt\/s.01k8rhncp4jt1\/2025\/11\/talking-bot-125x125.png\",\"url\":\"https:\/\/portaltela.pt\/s.01k8rhncp4jt1\/2025\/11\/talking-bot-125x125.png\",\"contentUrl\":\"https:\/\/portaltela.pt\/s.01k8rhncp4jt1\/2025\/11\/talking-bot-125x125.png\",\"caption\":\"Telinha\"},\"sameAs\":[\"https:\/\/portaltela.pt\/\"],\"url\":\"https:\/\/portaltela.pt\/por\/367410592786\/\"}]}<\/script>\n<!-- \/ Yoast SEO plugin. -->","yoast_head_json":{"title":"Ventura comenta Cavaco e Portas com a frase 'que se lixem os not\u00e1veis' - Portal Tela Portugal","robots":{"index":"index","follow":"follow","max-snippet":"max-snippet:-1","max-image-preview":"max-image-preview:large","max-video-preview":"max-video-preview:-1"},"og_locale":"pt_PT","og_type":"article","og_title":"Ventura comenta Cavaco e Portas com a frase 'que se lixem os not\u00e1veis' - Portal Tela Portugal","og_description":"Andr\u00e9 Ventura afirma ser o candidato do povo contra as elites e apresenta-se na corrida presidencial como complemento ao voto popular. Ventura acusa Ant\u00f3nio Jos\u00e9 Seguro de \u201cfugir\u201d da rua e rejeita depender de apoios de figuras de direita ao candidato apoiado pelo PS. A segunda volta est\u00e1 marcada para 8 de fevereiro, entre Ant\u00f3nio Jos\u00e9 Seguro e Andr\u00e9 Ventura. Ventura diz que PSD e IL n\u00e3o devem impedir o caminho dele para a segunda volta. Em tom de campanha, Ventura diz: \u201cQue se lixe Montenegro, eu quero o povo portugu\u00eas\u201d.","og_url":"https:\/\/portaltela.pt\/noticias\/2026\/01\/26\/ventura-comenta-cavaco-e-portas-com-a-frase-que-se-lixem-os-notaveis\/","og_site_name":"Portal Tela Portugal","article_published_time":"2026-01-26T21:26:00+00:00","author":"Telinha","twitter_card":"summary_large_image","twitter_misc":{"Escrito por":"Telinha","Tempo estimado de leitura":"2 minutos"},"schema":{"@context":"https:\/\/schema.org","@graph":[{"@type":"Article","@id":"https:\/\/portaltela.pt\/noticias\/2026\/01\/26\/ventura-comenta-cavaco-e-portas-com-a-frase-que-se-lixem-os-notaveis\/#article","isPartOf":{"@id":"https:\/\/portaltela.pt\/noticias\/2026\/01\/26\/ventura-comenta-cavaco-e-portas-com-a-frase-que-se-lixem-os-notaveis\/"},"author":{"name":"Telinha","@id":"https:\/\/portaltela.pt\/#\/schema\/person\/c4278d4a6028830caff9ee44b42d32ed"},"headline":"Ventura comenta Cavaco e Portas com a frase &#8216;que se lixem os not\u00e1veis&#8217;","datePublished":"2026-01-26T21:26:00+00:00","mainEntityOfPage":{"@id":"https:\/\/portaltela.pt\/noticias\/2026\/01\/26\/ventura-comenta-cavaco-e-portas-com-a-frase-que-se-lixem-os-notaveis\/"},"wordCount":327,"image":{"@id":"https:\/\/portaltela.pt\/noticias\/2026\/01\/26\/ventura-comenta-cavaco-e-portas-com-a-frase-que-se-lixem-os-notaveis\/#primaryimage"},"thumbnailUrl":"https:\/\/portaltela.pt\/s.01k8rhncp4jt1\/2026\/01\/seguro_outline_cor-131.jpg","keywords":["Caldas da Rainha","elei\u00e7\u00f5es","pol\u00edtica","Portas","presidente","Ventura"],"articleSection":["Not\u00edcias","Pol\u00edtica"],"inLanguage":"pt-PT"},{"@type":"WebPage","@id":"https:\/\/portaltela.pt\/noticias\/2026\/01\/26\/ventura-comenta-cavaco-e-portas-com-a-frase-que-se-lixem-os-notaveis\/","url":"https:\/\/portaltela.pt\/noticias\/2026\/01\/26\/ventura-comenta-cavaco-e-portas-com-a-frase-que-se-lixem-os-notaveis\/","name":"Ventura comenta Cavaco e Portas com a frase 'que se lixem os not\u00e1veis' - Portal Tela Portugal","isPartOf":{"@id":"https:\/\/portaltela.pt\/#website"},"primaryImageOfPage":{"@id":"https:\/\/portaltela.pt\/noticias\/2026\/01\/26\/ventura-comenta-cavaco-e-portas-com-a-frase-que-se-lixem-os-notaveis\/#primaryimage"},"image":{"@id":"https:\/\/portaltela.pt\/noticias\/2026\/01\/26\/ventura-comenta-cavaco-e-portas-com-a-frase-que-se-lixem-os-notaveis\/#primaryimage"},"thumbnailUrl":"https:\/\/portaltela.pt\/s.01k8rhncp4jt1\/2026\/01\/seguro_outline_cor-131.jpg","datePublished":"2026-01-26T21:26:00+00:00","author":{"@id":"https:\/\/portaltela.pt\/#\/schema\/person\/c4278d4a6028830caff9ee44b42d32ed"},"breadcrumb":{"@id":"https:\/\/portaltela.pt\/noticias\/2026\/01\/26\/ventura-comenta-cavaco-e-portas-com-a-frase-que-se-lixem-os-notaveis\/#breadcrumb"},"inLanguage":"pt-PT","potentialAction":[{"@type":"ReadAction","target":["https:\/\/portaltela.pt\/noticias\/2026\/01\/26\/ventura-comenta-cavaco-e-portas-com-a-frase-que-se-lixem-os-notaveis\/"]}]},{"@type":"ImageObject","inLanguage":"pt-PT","@id":"https:\/\/portaltela.pt\/noticias\/2026\/01\/26\/ventura-comenta-cavaco-e-portas-com-a-frase-que-se-lixem-os-notaveis\/#primaryimage","url":"https:\/\/portaltela.pt\/s.01k8rhncp4jt1\/2026\/01\/seguro_outline_cor-131.jpg","contentUrl":"https:\/\/portaltela.pt\/s.01k8rhncp4jt1\/2026\/01\/seguro_outline_cor-131.jpg","width":796,"height":448,"caption":"Photo"},{"@type":"BreadcrumbList","@id":"https:\/\/portaltela.pt\/noticias\/2026\/01\/26\/ventura-comenta-cavaco-e-portas-com-a-frase-que-se-lixem-os-notaveis\/#breadcrumb","itemListElement":[{"@type":"ListItem","position":1,"name":"In\u00edcio","item":"https:\/\/portaltela.pt\/"},{"@type":"ListItem","position":2,"name":"Ventura comenta Cavaco e Portas com a frase &#8216;que se lixem os not\u00e1veis&#8217;"}]},{"@type":"WebSite","@id":"https:\/\/portaltela.pt\/#website","url":"https:\/\/portaltela.pt\/","name":"Portal Tela Portugal","description":"","potentialAction":[{"@type":"SearchAction","target":{"@type":"EntryPoint","urlTemplate":"https:\/\/portaltela.pt\/?s={search_term_string}"},"query-input":{"@type":"PropertyValueSpecification","valueRequired":true,"valueName":"search_term_string"}}],"inLanguage":"pt-PT"},{"@type":"Person","@id":"https:\/\/portaltela.pt\/#\/schema\/person\/c4278d4a6028830caff9ee44b42d32ed","name":"Telinha","image":{"@type":"ImageObject","inLanguage":"pt-PT","@id":"https:\/\/portaltela.pt\/s.01k8rhncp4jt1\/2025\/11\/talking-bot-125x125.png","url":"https:\/\/portaltela.pt\/s.01k8rhncp4jt1\/2025\/11\/talking-bot-125x125.png","contentUrl":"https:\/\/portaltela.pt\/s.01k8rhncp4jt1\/2025\/11\/talking-bot-125x125.png","caption":"Telinha"},"sameAs":["https:\/\/portaltela.pt\/"],"url":"https:\/\/portaltela.pt\/por\/367410592786\/"}]}},"_links":{"self":[{"href":"https:\/\/portaltela.pt\/api\/wp\/v2\/posts\/175335","targetHints":{"allow":["GET"]}}],"collection":[{"href":"https:\/\/portaltela.pt\/api\/wp\/v2\/posts"}],"about":[{"href":"https:\/\/portaltela.pt\/api\/wp\/v2\/types\/post"}],"author":[{"embeddable":true,"href":"https:\/\/portaltela.pt\/api\/wp\/v2\/users\/2"}],"replies":[{"embeddable":true,"href":"https:\/\/portaltela.pt\/api\/wp\/v2\/comments?post=175335"}],"version-history":[{"count":0,"href":"https:\/\/portaltela.pt\/api\/wp\/v2\/posts\/175335\/revisions"}],"wp:featuredmedia":[{"embeddable":true,"href":"https:\/\/portaltela.pt\/api\/wp\/v2\/media\/175337"}],"wp:attachment":[{"href":"https:\/\/portaltela.pt\/api\/wp\/v2\/media?parent=175335"}],"wp:term":[{"taxonomy":"category","embeddable":true,"href":"https:\/\/portaltela.pt\/api\/wp\/v2\/categories?post=175335"},{"taxonomy":"post_tag","embeddable":true,"href":"https:\/\/portaltela.pt\/api\/wp\/v2\/tags?post=175335"}],"curies":[{"name":"wp","href":"https:\/\/api.w.org\/{rel}","templated":true}]}}