{"id":175333,"date":"2026-01-26T17:42:00","date_gmt":"2026-01-26T20:42:00","guid":{"rendered":"https:\/\/portaltela.pt\/noticias\/2026\/01\/26\/mau-tempo-leva-municipios-do-pico-a-fechar-vias-na-orla-costeira\/"},"modified":"2026-01-26T17:42:00","modified_gmt":"2026-01-26T20:42:00","slug":"mau-tempo-leva-municipios-do-pico-a-fechar-vias-na-orla-costeira","status":"publish","type":"post","link":"https:\/\/portaltela.pt\/noticias\/2026\/01\/26\/mau-tempo-leva-municipios-do-pico-a-fechar-vias-na-orla-costeira\/","title":{"rendered":"Mau tempo leva munic\u00edpios do Pico a fechar vias na orla costeira"},"content":{"rendered":"<p>As zonas costeiras dos A\u00e7ores foram fortemente impactadas pelo mau tempo causado pela depress\u00e3o Joseph. O IPMA\u8b66? elevou avisos a vermelho para os grupos Ocidental e Central, com previs\u00f5es de ondas at\u00e9 19 metros. Em v\u00e1rios concelhos, as vias junto \u00e0 orla est\u00e3o encerradas para evitar riscos \u00e0 popula\u00e7\u00e3o.<\/p>\n<p>A\u00e7orianas anunciaram encerramentos tempor\u00e1rios de acesso e medidas preventivas. As autoridades lembram que o mar pode alcan\u00e7ar \u00e1reas consideradas seguras, exigindo vigil\u00e2ncia constante e cumprimento das instru\u00e7\u00f5es oficiais.<\/p>\n<h3>Madalena<\/h3>\n<p>A C\u00e2mara Municipal encerrou a circula\u00e7\u00e3o autom\u00f3vel em v\u00e1rias vias junto ao porto, incluindo Cais do Mourato e Barca. A popula\u00e7\u00e3o \u00e9 aconselhada a evitar passeios costeiros e atividades ao ar livre em zonas expostas.<\/p>\n<h3>Lajes do Pico<\/h3>\n<p>O tro\u00e7o entre Largo do Calhau da Piedade e Caminho do Po\u00e7o est\u00e1 encerrado ao tr\u00e2nsito das 14h de segunda-feira at\u00e9 \u00e0s 08h de quarta-feira. A medida permanece durante o per\u00edodo de avisos vermelhos e laranjas do IPMA.<\/p>\n<h3>S\u00e3o Roque do Pico<\/h3>\n<p>N\u00e3o houve encerramento de vias, mas refor\u00e7ou-se a amarra\u00e7\u00e3o de embarca\u00e7\u00f5es e a verifica\u00e7\u00e3o de seguran\u00e7a das embarca\u00e7\u00f5es atracadas ou varadas. A popula\u00e7\u00e3o \u00e9 incentivada a evitar atividades junto \u00e0 orla.<\/p>\n<h3>Santa Cruz da Graciosa<\/h3>\n<p>Na Graciosa, o tr\u00e2nsito est\u00e1 encerrado entre 23h de segunda-feira e 20h de ter\u00e7a-feira nas ruas Conselheiro Pedro Roberto Dias da Silva e do Degredo, at\u00e9 ao Pavilh\u00e3o Municipal. Estacionamento no Largo Vasco da Gama fica proibido at\u00e9 quarta-feira.<\/p>\n<p>O IPMA tamb\u00e9m classificou de vermelho o aviso para o grupo Ocidental (Flores e Corvo) entre 20h de segunda a 18h de ter\u00e7a, com ondas de at\u00e9 19 metros. J\u00e1 para o grupo Central (incluindo Pico, Graciosa, Faial, Terceira e S\u00e3o Jorge) h\u00e1 aviso vermelho entre 03h e 20h de ter\u00e7a, com ondas at\u00e9 10 metros de altura significativa e at\u00e9 19 metros de altura m\u00e1xima.<\/p>\n<p>Outros avisos, laranja e amarelo, permanecem em vigor conforme a ilha. As autoridades pedem m\u00e1xima compreens\u00e3o e o cumprimento da sinaliza\u00e7\u00e3o e orienta\u00e7\u00f5es oficiais.<\/p>\n","protected":false},"excerpt":{"rendered":"<ul>\n<li>Vias junto \u00e0 orla costeira de Madalena, Lajes do Pico e Santa Cruz da Graciosa v\u00e3o ficar encerradas temporariamente devido ao mau tempo, com agita\u00e7\u00e3o mar\u00edtima de ondas at\u00e9 19 metros.<\/li>\n<li>Madalena encerrou a circula\u00e7\u00e3o autom\u00f3vel no acesso ao porto e pediu \u00e0 popula\u00e7\u00e3o que evite passeios junto \u00e0 costa, alertando que o mar pode alcan\u00e7ar zonas consideradas seguras.<\/li>\n<li>Lajes do Pico colocou encerramento tempor\u00e1rio do tro\u00e7o entre o Largo do Calhau da Piedade e o Caminho do Po\u00e7o, das 14h locais de segunda-feira at\u00e9 \u00e0s 08h de quarta-feira.<\/li>\n<li>Santa Cruz da Graciosa fechou ao tr\u00e2nsito as ruas Conselheiro Pedro Roberto Dias da Silva e Degredo entre as 23h de segunda-feira e as 20h de ter\u00e7a-feira, com proibi\u00e7\u00e3o de estacionamento no Largo Vasco da Gama at\u00e9 \u00e0s 17h de quarta-feira.<\/li>\n<li>O Instituto Portugu\u00eas do Mar e da Atmosfera elevou para vermelho os avisos para as ilhas Ocidental e Central, devido \u00e0 depress\u00e3o Joseph, com previs\u00e3o de ondas at\u00e9 19 metros; autoridades pedem vigil\u00e2ncia e avalia\u00e7\u00e3o para restabelecer condi\u00e7\u00f5es de seguran\u00e7a.<\/li>\n<\/ul>\n","protected":false},"author":2,"featured_media":175338,"comment_status":"closed","ping_status":"closed","sticky":false,"template":"","format":"standard","meta":{"footnotes":""},"categories":[1],"tags":[822,1017,2791,1018,2790,2789],"class_list":["post-175333","post","type-post","status-publish","format-standard","has-post-thumbnail","hentry","category-noticias","tag-acores","tag-faial","tag-graciosa","tag-pico","tag-sao-jorge","tag-terceira"],"yoast_head":"<!-- This site is optimized with the Yoast SEO plugin v27.2 - https:\/\/yoast.com\/product\/yoast-seo-wordpress\/ -->\n<title>Mau tempo leva munic\u00edpios do Pico a fechar vias na orla costeira - Portal Tela Portugal<\/title>\n<meta name=\"robots\" content=\"index, follow, max-snippet:-1, max-image-preview:large, max-video-preview:-1\" \/>\n<meta property=\"og:locale\" content=\"pt_PT\" \/>\n<meta property=\"og:type\" content=\"article\" \/>\n<meta property=\"og:title\" content=\"Mau tempo leva munic\u00edpios do Pico a fechar vias na orla costeira - Portal Tela Portugal\" \/>\n<meta property=\"og:description\" content=\"Vias junto \u00e0 orla costeira de Madalena, Lajes do Pico e Santa Cruz da Graciosa v\u00e3o ficar encerradas temporariamente devido ao mau tempo, com agita\u00e7\u00e3o mar\u00edtima de ondas at\u00e9 19 metros. Madalena encerrou a circula\u00e7\u00e3o autom\u00f3vel no acesso ao porto e pediu \u00e0 popula\u00e7\u00e3o que evite passeios junto \u00e0 costa, alertando que o mar pode alcan\u00e7ar zonas consideradas seguras. Lajes do Pico colocou encerramento tempor\u00e1rio do tro\u00e7o entre o Largo do Calhau da Piedade e o Caminho do Po\u00e7o, das 14h locais de segunda-feira at\u00e9 \u00e0s 08h de quarta-feira. Santa Cruz da Graciosa fechou ao tr\u00e2nsito as ruas Conselheiro Pedro Roberto Dias da Silva e Degredo entre as 23h de segunda-feira e as 20h de ter\u00e7a-feira, com proibi\u00e7\u00e3o de estacionamento no Largo Vasco da Gama at\u00e9 \u00e0s 17h de quarta-feira. O Instituto Portugu\u00eas do Mar e da Atmosfera elevou para vermelho os avisos para as ilhas Ocidental e Central, devido \u00e0 depress\u00e3o Joseph, com previs\u00e3o de ondas at\u00e9 19 metros; autoridades pedem vigil\u00e2ncia e avalia\u00e7\u00e3o para restabelecer condi\u00e7\u00f5es de seguran\u00e7a.\" \/>\n<meta property=\"og:url\" content=\"https:\/\/portaltela.pt\/noticias\/2026\/01\/26\/mau-tempo-leva-municipios-do-pico-a-fechar-vias-na-orla-costeira\/\" \/>\n<meta property=\"og:site_name\" content=\"Portal Tela Portugal\" \/>\n<meta property=\"article:published_time\" content=\"2026-01-26T20:42:00+00:00\" \/>\n<meta name=\"author\" content=\"Telinha\" \/>\n<meta name=\"twitter:card\" content=\"summary_large_image\" \/>\n<meta name=\"twitter:label1\" content=\"Escrito por\" \/>\n\t<meta name=\"twitter:data1\" content=\"Telinha\" \/>\n\t<meta name=\"twitter:label2\" content=\"Tempo estimado de leitura\" \/>\n\t<meta name=\"twitter:data2\" content=\"2 minutos\" \/>\n<script type=\"application\/ld+json\" class=\"yoast-schema-graph\">{\"@context\":\"https:\/\/schema.org\",\"@graph\":[{\"@type\":\"Article\",\"@id\":\"https:\/\/portaltela.pt\/noticias\/2026\/01\/26\/mau-tempo-leva-municipios-do-pico-a-fechar-vias-na-orla-costeira\/#article\",\"isPartOf\":{\"@id\":\"https:\/\/portaltela.pt\/noticias\/2026\/01\/26\/mau-tempo-leva-municipios-do-pico-a-fechar-vias-na-orla-costeira\/\"},\"author\":{\"name\":\"Telinha\",\"@id\":\"https:\/\/portaltela.pt\/#\/schema\/person\/c4278d4a6028830caff9ee44b42d32ed\"},\"headline\":\"Mau tempo leva munic\u00edpios do Pico a fechar vias na orla costeira\",\"datePublished\":\"2026-01-26T20:42:00+00:00\",\"mainEntityOfPage\":{\"@id\":\"https:\/\/portaltela.pt\/noticias\/2026\/01\/26\/mau-tempo-leva-municipios-do-pico-a-fechar-vias-na-orla-costeira\/\"},\"wordCount\":367,\"image\":{\"@id\":\"https:\/\/portaltela.pt\/noticias\/2026\/01\/26\/mau-tempo-leva-municipios-do-pico-a-fechar-vias-na-orla-costeira\/#primaryimage\"},\"thumbnailUrl\":\"https:\/\/portaltela.pt\/s.01k8rhncp4jt1\/2026\/01\/unnamed-file-5388.jpg\",\"keywords\":[\"A\u00e7ores\",\"Faial\",\"Graciosa\",\"Pico\",\"S\u00e3o Jorge\",\"Terceira\"],\"articleSection\":[\"Not\u00edcias\"],\"inLanguage\":\"pt-PT\"},{\"@type\":\"WebPage\",\"@id\":\"https:\/\/portaltela.pt\/noticias\/2026\/01\/26\/mau-tempo-leva-municipios-do-pico-a-fechar-vias-na-orla-costeira\/\",\"url\":\"https:\/\/portaltela.pt\/noticias\/2026\/01\/26\/mau-tempo-leva-municipios-do-pico-a-fechar-vias-na-orla-costeira\/\",\"name\":\"Mau tempo leva munic\u00edpios do Pico a fechar vias na orla costeira - Portal Tela Portugal\",\"isPartOf\":{\"@id\":\"https:\/\/portaltela.pt\/#website\"},\"primaryImageOfPage\":{\"@id\":\"https:\/\/portaltela.pt\/noticias\/2026\/01\/26\/mau-tempo-leva-municipios-do-pico-a-fechar-vias-na-orla-costeira\/#primaryimage\"},\"image\":{\"@id\":\"https:\/\/portaltela.pt\/noticias\/2026\/01\/26\/mau-tempo-leva-municipios-do-pico-a-fechar-vias-na-orla-costeira\/#primaryimage\"},\"thumbnailUrl\":\"https:\/\/portaltela.pt\/s.01k8rhncp4jt1\/2026\/01\/unnamed-file-5388.jpg\",\"datePublished\":\"2026-01-26T20:42:00+00:00\",\"author\":{\"@id\":\"https:\/\/portaltela.pt\/#\/schema\/person\/c4278d4a6028830caff9ee44b42d32ed\"},\"breadcrumb\":{\"@id\":\"https:\/\/portaltela.pt\/noticias\/2026\/01\/26\/mau-tempo-leva-municipios-do-pico-a-fechar-vias-na-orla-costeira\/#breadcrumb\"},\"inLanguage\":\"pt-PT\",\"potentialAction\":[{\"@type\":\"ReadAction\",\"target\":[\"https:\/\/portaltela.pt\/noticias\/2026\/01\/26\/mau-tempo-leva-municipios-do-pico-a-fechar-vias-na-orla-costeira\/\"]}]},{\"@type\":\"ImageObject\",\"inLanguage\":\"pt-PT\",\"@id\":\"https:\/\/portaltela.pt\/noticias\/2026\/01\/26\/mau-tempo-leva-municipios-do-pico-a-fechar-vias-na-orla-costeira\/#primaryimage\",\"url\":\"https:\/\/portaltela.pt\/s.01k8rhncp4jt1\/2026\/01\/unnamed-file-5388.jpg\",\"contentUrl\":\"https:\/\/portaltela.pt\/s.01k8rhncp4jt1\/2026\/01\/unnamed-file-5388.jpg\",\"width\":796,\"height\":448,\"caption\":\"O Pico \u00e9 uma das ilhas afetadas pela influ\u00eancia da depress\u00e3o Joseph\"},{\"@type\":\"BreadcrumbList\",\"@id\":\"https:\/\/portaltela.pt\/noticias\/2026\/01\/26\/mau-tempo-leva-municipios-do-pico-a-fechar-vias-na-orla-costeira\/#breadcrumb\",\"itemListElement\":[{\"@type\":\"ListItem\",\"position\":1,\"name\":\"In\u00edcio\",\"item\":\"https:\/\/portaltela.pt\/\"},{\"@type\":\"ListItem\",\"position\":2,\"name\":\"Mau tempo leva munic\u00edpios do Pico a fechar vias na orla costeira\"}]},{\"@type\":\"WebSite\",\"@id\":\"https:\/\/portaltela.pt\/#website\",\"url\":\"https:\/\/portaltela.pt\/\",\"name\":\"Portal Tela Portugal\",\"description\":\"\",\"potentialAction\":[{\"@type\":\"SearchAction\",\"target\":{\"@type\":\"EntryPoint\",\"urlTemplate\":\"https:\/\/portaltela.pt\/?s={search_term_string}\"},\"query-input\":{\"@type\":\"PropertyValueSpecification\",\"valueRequired\":true,\"valueName\":\"search_term_string\"}}],\"inLanguage\":\"pt-PT\"},{\"@type\":\"Person\",\"@id\":\"https:\/\/portaltela.pt\/#\/schema\/person\/c4278d4a6028830caff9ee44b42d32ed\",\"name\":\"Telinha\",\"image\":{\"@type\":\"ImageObject\",\"inLanguage\":\"pt-PT\",\"@id\":\"https:\/\/portaltela.pt\/s.01k8rhncp4jt1\/2025\/11\/talking-bot-125x125.png\",\"url\":\"https:\/\/portaltela.pt\/s.01k8rhncp4jt1\/2025\/11\/talking-bot-125x125.png\",\"contentUrl\":\"https:\/\/portaltela.pt\/s.01k8rhncp4jt1\/2025\/11\/talking-bot-125x125.png\",\"caption\":\"Telinha\"},\"sameAs\":[\"https:\/\/portaltela.pt\/\"],\"url\":\"https:\/\/portaltela.pt\/por\/367410592786\/\"}]}<\/script>\n<!-- \/ Yoast SEO plugin. -->","yoast_head_json":{"title":"Mau tempo leva munic\u00edpios do Pico a fechar vias na orla costeira - Portal Tela Portugal","robots":{"index":"index","follow":"follow","max-snippet":"max-snippet:-1","max-image-preview":"max-image-preview:large","max-video-preview":"max-video-preview:-1"},"og_locale":"pt_PT","og_type":"article","og_title":"Mau tempo leva munic\u00edpios do Pico a fechar vias na orla costeira - Portal Tela Portugal","og_description":"Vias junto \u00e0 orla costeira de Madalena, Lajes do Pico e Santa Cruz da Graciosa v\u00e3o ficar encerradas temporariamente devido ao mau tempo, com agita\u00e7\u00e3o mar\u00edtima de ondas at\u00e9 19 metros. Madalena encerrou a circula\u00e7\u00e3o autom\u00f3vel no acesso ao porto e pediu \u00e0 popula\u00e7\u00e3o que evite passeios junto \u00e0 costa, alertando que o mar pode alcan\u00e7ar zonas consideradas seguras. Lajes do Pico colocou encerramento tempor\u00e1rio do tro\u00e7o entre o Largo do Calhau da Piedade e o Caminho do Po\u00e7o, das 14h locais de segunda-feira at\u00e9 \u00e0s 08h de quarta-feira. Santa Cruz da Graciosa fechou ao tr\u00e2nsito as ruas Conselheiro Pedro Roberto Dias da Silva e Degredo entre as 23h de segunda-feira e as 20h de ter\u00e7a-feira, com proibi\u00e7\u00e3o de estacionamento no Largo Vasco da Gama at\u00e9 \u00e0s 17h de quarta-feira. O Instituto Portugu\u00eas do Mar e da Atmosfera elevou para vermelho os avisos para as ilhas Ocidental e Central, devido \u00e0 depress\u00e3o Joseph, com previs\u00e3o de ondas at\u00e9 19 metros; autoridades pedem vigil\u00e2ncia e avalia\u00e7\u00e3o para restabelecer condi\u00e7\u00f5es de seguran\u00e7a.","og_url":"https:\/\/portaltela.pt\/noticias\/2026\/01\/26\/mau-tempo-leva-municipios-do-pico-a-fechar-vias-na-orla-costeira\/","og_site_name":"Portal Tela Portugal","article_published_time":"2026-01-26T20:42:00+00:00","author":"Telinha","twitter_card":"summary_large_image","twitter_misc":{"Escrito por":"Telinha","Tempo estimado de leitura":"2 minutos"},"schema":{"@context":"https:\/\/schema.org","@graph":[{"@type":"Article","@id":"https:\/\/portaltela.pt\/noticias\/2026\/01\/26\/mau-tempo-leva-municipios-do-pico-a-fechar-vias-na-orla-costeira\/#article","isPartOf":{"@id":"https:\/\/portaltela.pt\/noticias\/2026\/01\/26\/mau-tempo-leva-municipios-do-pico-a-fechar-vias-na-orla-costeira\/"},"author":{"name":"Telinha","@id":"https:\/\/portaltela.pt\/#\/schema\/person\/c4278d4a6028830caff9ee44b42d32ed"},"headline":"Mau tempo leva munic\u00edpios do Pico a fechar vias na orla costeira","datePublished":"2026-01-26T20:42:00+00:00","mainEntityOfPage":{"@id":"https:\/\/portaltela.pt\/noticias\/2026\/01\/26\/mau-tempo-leva-municipios-do-pico-a-fechar-vias-na-orla-costeira\/"},"wordCount":367,"image":{"@id":"https:\/\/portaltela.pt\/noticias\/2026\/01\/26\/mau-tempo-leva-municipios-do-pico-a-fechar-vias-na-orla-costeira\/#primaryimage"},"thumbnailUrl":"https:\/\/portaltela.pt\/s.01k8rhncp4jt1\/2026\/01\/unnamed-file-5388.jpg","keywords":["A\u00e7ores","Faial","Graciosa","Pico","S\u00e3o Jorge","Terceira"],"articleSection":["Not\u00edcias"],"inLanguage":"pt-PT"},{"@type":"WebPage","@id":"https:\/\/portaltela.pt\/noticias\/2026\/01\/26\/mau-tempo-leva-municipios-do-pico-a-fechar-vias-na-orla-costeira\/","url":"https:\/\/portaltela.pt\/noticias\/2026\/01\/26\/mau-tempo-leva-municipios-do-pico-a-fechar-vias-na-orla-costeira\/","name":"Mau tempo leva munic\u00edpios do Pico a fechar vias na orla costeira - Portal Tela Portugal","isPartOf":{"@id":"https:\/\/portaltela.pt\/#website"},"primaryImageOfPage":{"@id":"https:\/\/portaltela.pt\/noticias\/2026\/01\/26\/mau-tempo-leva-municipios-do-pico-a-fechar-vias-na-orla-costeira\/#primaryimage"},"image":{"@id":"https:\/\/portaltela.pt\/noticias\/2026\/01\/26\/mau-tempo-leva-municipios-do-pico-a-fechar-vias-na-orla-costeira\/#primaryimage"},"thumbnailUrl":"https:\/\/portaltela.pt\/s.01k8rhncp4jt1\/2026\/01\/unnamed-file-5388.jpg","datePublished":"2026-01-26T20:42:00+00:00","author":{"@id":"https:\/\/portaltela.pt\/#\/schema\/person\/c4278d4a6028830caff9ee44b42d32ed"},"breadcrumb":{"@id":"https:\/\/portaltela.pt\/noticias\/2026\/01\/26\/mau-tempo-leva-municipios-do-pico-a-fechar-vias-na-orla-costeira\/#breadcrumb"},"inLanguage":"pt-PT","potentialAction":[{"@type":"ReadAction","target":["https:\/\/portaltela.pt\/noticias\/2026\/01\/26\/mau-tempo-leva-municipios-do-pico-a-fechar-vias-na-orla-costeira\/"]}]},{"@type":"ImageObject","inLanguage":"pt-PT","@id":"https:\/\/portaltela.pt\/noticias\/2026\/01\/26\/mau-tempo-leva-municipios-do-pico-a-fechar-vias-na-orla-costeira\/#primaryimage","url":"https:\/\/portaltela.pt\/s.01k8rhncp4jt1\/2026\/01\/unnamed-file-5388.jpg","contentUrl":"https:\/\/portaltela.pt\/s.01k8rhncp4jt1\/2026\/01\/unnamed-file-5388.jpg","width":796,"height":448,"caption":"O Pico \u00e9 uma das ilhas afetadas pela influ\u00eancia da depress\u00e3o Joseph"},{"@type":"BreadcrumbList","@id":"https:\/\/portaltela.pt\/noticias\/2026\/01\/26\/mau-tempo-leva-municipios-do-pico-a-fechar-vias-na-orla-costeira\/#breadcrumb","itemListElement":[{"@type":"ListItem","position":1,"name":"In\u00edcio","item":"https:\/\/portaltela.pt\/"},{"@type":"ListItem","position":2,"name":"Mau tempo leva munic\u00edpios do Pico a fechar vias na orla costeira"}]},{"@type":"WebSite","@id":"https:\/\/portaltela.pt\/#website","url":"https:\/\/portaltela.pt\/","name":"Portal Tela Portugal","description":"","potentialAction":[{"@type":"SearchAction","target":{"@type":"EntryPoint","urlTemplate":"https:\/\/portaltela.pt\/?s={search_term_string}"},"query-input":{"@type":"PropertyValueSpecification","valueRequired":true,"valueName":"search_term_string"}}],"inLanguage":"pt-PT"},{"@type":"Person","@id":"https:\/\/portaltela.pt\/#\/schema\/person\/c4278d4a6028830caff9ee44b42d32ed","name":"Telinha","image":{"@type":"ImageObject","inLanguage":"pt-PT","@id":"https:\/\/portaltela.pt\/s.01k8rhncp4jt1\/2025\/11\/talking-bot-125x125.png","url":"https:\/\/portaltela.pt\/s.01k8rhncp4jt1\/2025\/11\/talking-bot-125x125.png","contentUrl":"https:\/\/portaltela.pt\/s.01k8rhncp4jt1\/2025\/11\/talking-bot-125x125.png","caption":"Telinha"},"sameAs":["https:\/\/portaltela.pt\/"],"url":"https:\/\/portaltela.pt\/por\/367410592786\/"}]}},"_links":{"self":[{"href":"https:\/\/portaltela.pt\/api\/wp\/v2\/posts\/175333","targetHints":{"allow":["GET"]}}],"collection":[{"href":"https:\/\/portaltela.pt\/api\/wp\/v2\/posts"}],"about":[{"href":"https:\/\/portaltela.pt\/api\/wp\/v2\/types\/post"}],"author":[{"embeddable":true,"href":"https:\/\/portaltela.pt\/api\/wp\/v2\/users\/2"}],"replies":[{"embeddable":true,"href":"https:\/\/portaltela.pt\/api\/wp\/v2\/comments?post=175333"}],"version-history":[{"count":0,"href":"https:\/\/portaltela.pt\/api\/wp\/v2\/posts\/175333\/revisions"}],"wp:featuredmedia":[{"embeddable":true,"href":"https:\/\/portaltela.pt\/api\/wp\/v2\/media\/175338"}],"wp:attachment":[{"href":"https:\/\/portaltela.pt\/api\/wp\/v2\/media?parent=175333"}],"wp:term":[{"taxonomy":"category","embeddable":true,"href":"https:\/\/portaltela.pt\/api\/wp\/v2\/categories?post=175333"},{"taxonomy":"post_tag","embeddable":true,"href":"https:\/\/portaltela.pt\/api\/wp\/v2\/tags?post=175333"}],"curies":[{"name":"wp","href":"https:\/\/api.w.org\/{rel}","templated":true}]}}