{"id":175327,"date":"2026-01-25T21:00:00","date_gmt":"2026-01-26T00:00:00","guid":{"rendered":"https:\/\/portaltela.pt\/noticias\/2026\/01\/25\/episodio-2-aborda-raparigas-desaparecidas-e-investigacao-em-curso\/"},"modified":"2026-01-25T21:00:00","modified_gmt":"2026-01-26T00:00:00","slug":"episodio-2-aborda-raparigas-desaparecidas-e-investigacao-em-curso","status":"publish","type":"post","link":"https:\/\/portaltela.pt\/noticias\/2026\/01\/25\/episodio-2-aborda-raparigas-desaparecidas-e-investigacao-em-curso\/","title":{"rendered":"Epis\u00f3dio 2 aborda raparigas desaparecidas e investiga\u00e7\u00e3o em curso"},"content":{"rendered":"<p>Relatos indicam que alunas foram enviadas para Jap\u00e3o e Rep\u00fablica Checa; algumas trabalham em chats pornogr\u00e1ficos, outras em casas de alterne. Todo o dinheiro auferido \u00e9 destinado ao movimento, segundo as informa\u00e7\u00f5es dispon\u00edveis.<\/p>\n<p>At\u00e9 ao momento, n\u00e3o h\u00e1 den\u00fancias p\u00fablicas de que tenha havido queixas formais por parte das alunas.<\/p>\n<p>As identidades das institui\u00e7\u00f5es envolvidas n\u00e3o foram confirmadas, nem datas precisas foram divulgadas. N\u00e3o foi poss\u00edvel apurar, de forma independente, o alcance do fen\u00f3meno.<\/p>\n<h3>Contexto<\/h3>\n<p>Fontes n\u00e3o identificadas apontam para a exist\u00eancia de um movimento associado \u00e0s alunas, sem detalhes sobre a sua natureza ou objetivos. As autoridades n\u00e3o confirmaram informa\u00e7\u00f5es sobre a opera\u00e7\u00e3o ou investiga\u00e7\u00f5es em curso.<\/p>\n<p>A informa\u00e7\u00e3o dispon\u00edvel n\u00e3o permite confirmar n\u00fameros de pessoas afetadas nem a origem das solicita\u00e7\u00f5es para deslocamento. O tema permanece sob apura\u00e7\u00e3o das entidades competentes.<\/p>\n","protected":false},"excerpt":{"rendered":"<ul>\n<li>H\u00e1 alunas enviadas para o Jap\u00e3o e para a Rep\u00fablica Checa.<\/li>\n<li>Algumas trabalham em chats pornogr\u00e1ficos, outras em casas de alterne.<\/li>\n<li>Todo o dinheiro arrecadado \u00e9 para o movimento.<\/li>\n<li>N\u00e3o h\u00e1 queixas apresentadas pelas alunas quanto a estas atividades.<\/li>\n<li>O conte\u00fado descreve situa\u00e7\u00f5es de explora\u00e7\u00e3o sem detalhes adicionais.<\/li>\n<\/ul>\n","protected":false},"author":2,"featured_media":175328,"comment_status":"closed","ping_status":"closed","sticky":false,"template":"","format":"standard","meta":{"footnotes":""},"categories":[1],"tags":[100,147,2337,2221,1790,215],"class_list":["post-175327","post","type-post","status-publish","format-standard","has-post-thumbnail","hentry","category-noticias","tag-alunos","tag-crime","tag-desaparecidos-internos","tag-exploracao-de-menores-dependente-ou-em-situacao-vulneravel","tag-exploracao-de-menores-na-internet","tag-investigacao"],"yoast_head":"<!-- This site is optimized with the Yoast SEO plugin v27.2 - https:\/\/yoast.com\/product\/yoast-seo-wordpress\/ -->\n<title>Epis\u00f3dio 2 aborda raparigas desaparecidas e investiga\u00e7\u00e3o em curso - Portal Tela Portugal<\/title>\n<meta name=\"robots\" content=\"index, follow, max-snippet:-1, max-image-preview:large, max-video-preview:-1\" \/>\n<meta property=\"og:locale\" content=\"pt_PT\" \/>\n<meta property=\"og:type\" content=\"article\" \/>\n<meta property=\"og:title\" content=\"Epis\u00f3dio 2 aborda raparigas desaparecidas e investiga\u00e7\u00e3o em curso - Portal Tela Portugal\" \/>\n<meta property=\"og:description\" content=\"H\u00e1 alunas enviadas para o Jap\u00e3o e para a Rep\u00fablica Checa. Algumas trabalham em chats pornogr\u00e1ficos, outras em casas de alterne. Todo o dinheiro arrecadado \u00e9 para o movimento. N\u00e3o h\u00e1 queixas apresentadas pelas alunas quanto a estas atividades. O conte\u00fado descreve situa\u00e7\u00f5es de explora\u00e7\u00e3o sem detalhes adicionais.\" \/>\n<meta property=\"og:url\" content=\"https:\/\/portaltela.pt\/noticias\/2026\/01\/25\/episodio-2-aborda-raparigas-desaparecidas-e-investigacao-em-curso\/\" \/>\n<meta property=\"og:site_name\" content=\"Portal Tela Portugal\" \/>\n<meta property=\"article:published_time\" content=\"2026-01-26T00:00:00+00:00\" \/>\n<meta name=\"author\" content=\"Telinha\" \/>\n<meta name=\"twitter:card\" content=\"summary_large_image\" \/>\n<meta name=\"twitter:label1\" content=\"Escrito por\" \/>\n\t<meta name=\"twitter:data1\" content=\"Telinha\" \/>\n\t<meta name=\"twitter:label2\" content=\"Tempo estimado de leitura\" \/>\n\t<meta name=\"twitter:data2\" content=\"1 minuto\" \/>\n<script type=\"application\/ld+json\" class=\"yoast-schema-graph\">{\"@context\":\"https:\/\/schema.org\",\"@graph\":[{\"@type\":\"Article\",\"@id\":\"https:\/\/portaltela.pt\/noticias\/2026\/01\/25\/episodio-2-aborda-raparigas-desaparecidas-e-investigacao-em-curso\/#article\",\"isPartOf\":{\"@id\":\"https:\/\/portaltela.pt\/noticias\/2026\/01\/25\/episodio-2-aborda-raparigas-desaparecidas-e-investigacao-em-curso\/\"},\"author\":{\"name\":\"Telinha\",\"@id\":\"https:\/\/portaltela.pt\/#\/schema\/person\/c4278d4a6028830caff9ee44b42d32ed\"},\"headline\":\"Epis\u00f3dio 2 aborda raparigas desaparecidas e investiga\u00e7\u00e3o em curso\",\"datePublished\":\"2026-01-26T00:00:00+00:00\",\"mainEntityOfPage\":{\"@id\":\"https:\/\/portaltela.pt\/noticias\/2026\/01\/25\/episodio-2-aborda-raparigas-desaparecidas-e-investigacao-em-curso\/\"},\"wordCount\":167,\"image\":{\"@id\":\"https:\/\/portaltela.pt\/noticias\/2026\/01\/25\/episodio-2-aborda-raparigas-desaparecidas-e-investigacao-em-curso\/#primaryimage\"},\"thumbnailUrl\":\"https:\/\/portaltela.pt\/s.01k8rhncp4jt1\/2026\/01\/770-podcast-a-seita-do-yoga-3.jpg\",\"keywords\":[\"alunos\",\"crime\",\"desaparecidos internos\",\"explora\u00e7\u00e3o de menores dependente ou em situa\u00e7\u00e3o vulner\u00e1vel\",\"explora\u00e7\u00e3o de menores na internet\",\"investiga\u00e7\u00e3o\"],\"articleSection\":[\"Not\u00edcias\"],\"inLanguage\":\"pt-PT\"},{\"@type\":\"WebPage\",\"@id\":\"https:\/\/portaltela.pt\/noticias\/2026\/01\/25\/episodio-2-aborda-raparigas-desaparecidas-e-investigacao-em-curso\/\",\"url\":\"https:\/\/portaltela.pt\/noticias\/2026\/01\/25\/episodio-2-aborda-raparigas-desaparecidas-e-investigacao-em-curso\/\",\"name\":\"Epis\u00f3dio 2 aborda raparigas desaparecidas e investiga\u00e7\u00e3o em curso - Portal Tela Portugal\",\"isPartOf\":{\"@id\":\"https:\/\/portaltela.pt\/#website\"},\"primaryImageOfPage\":{\"@id\":\"https:\/\/portaltela.pt\/noticias\/2026\/01\/25\/episodio-2-aborda-raparigas-desaparecidas-e-investigacao-em-curso\/#primaryimage\"},\"image\":{\"@id\":\"https:\/\/portaltela.pt\/noticias\/2026\/01\/25\/episodio-2-aborda-raparigas-desaparecidas-e-investigacao-em-curso\/#primaryimage\"},\"thumbnailUrl\":\"https:\/\/portaltela.pt\/s.01k8rhncp4jt1\/2026\/01\/770-podcast-a-seita-do-yoga-3.jpg\",\"datePublished\":\"2026-01-26T00:00:00+00:00\",\"author\":{\"@id\":\"https:\/\/portaltela.pt\/#\/schema\/person\/c4278d4a6028830caff9ee44b42d32ed\"},\"breadcrumb\":{\"@id\":\"https:\/\/portaltela.pt\/noticias\/2026\/01\/25\/episodio-2-aborda-raparigas-desaparecidas-e-investigacao-em-curso\/#breadcrumb\"},\"inLanguage\":\"pt-PT\",\"potentialAction\":[{\"@type\":\"ReadAction\",\"target\":[\"https:\/\/portaltela.pt\/noticias\/2026\/01\/25\/episodio-2-aborda-raparigas-desaparecidas-e-investigacao-em-curso\/\"]}]},{\"@type\":\"ImageObject\",\"inLanguage\":\"pt-PT\",\"@id\":\"https:\/\/portaltela.pt\/noticias\/2026\/01\/25\/episodio-2-aborda-raparigas-desaparecidas-e-investigacao-em-curso\/#primaryimage\",\"url\":\"https:\/\/portaltela.pt\/s.01k8rhncp4jt1\/2026\/01\/770-podcast-a-seita-do-yoga-3.jpg\",\"contentUrl\":\"https:\/\/portaltela.pt\/s.01k8rhncp4jt1\/2026\/01\/770-podcast-a-seita-do-yoga-3.jpg\",\"width\":796,\"height\":448,\"caption\":\"Photo\"},{\"@type\":\"BreadcrumbList\",\"@id\":\"https:\/\/portaltela.pt\/noticias\/2026\/01\/25\/episodio-2-aborda-raparigas-desaparecidas-e-investigacao-em-curso\/#breadcrumb\",\"itemListElement\":[{\"@type\":\"ListItem\",\"position\":1,\"name\":\"In\u00edcio\",\"item\":\"https:\/\/portaltela.pt\/\"},{\"@type\":\"ListItem\",\"position\":2,\"name\":\"Epis\u00f3dio 2 aborda raparigas desaparecidas e investiga\u00e7\u00e3o em curso\"}]},{\"@type\":\"WebSite\",\"@id\":\"https:\/\/portaltela.pt\/#website\",\"url\":\"https:\/\/portaltela.pt\/\",\"name\":\"Portal Tela Portugal\",\"description\":\"\",\"potentialAction\":[{\"@type\":\"SearchAction\",\"target\":{\"@type\":\"EntryPoint\",\"urlTemplate\":\"https:\/\/portaltela.pt\/?s={search_term_string}\"},\"query-input\":{\"@type\":\"PropertyValueSpecification\",\"valueRequired\":true,\"valueName\":\"search_term_string\"}}],\"inLanguage\":\"pt-PT\"},{\"@type\":\"Person\",\"@id\":\"https:\/\/portaltela.pt\/#\/schema\/person\/c4278d4a6028830caff9ee44b42d32ed\",\"name\":\"Telinha\",\"image\":{\"@type\":\"ImageObject\",\"inLanguage\":\"pt-PT\",\"@id\":\"https:\/\/portaltela.pt\/s.01k8rhncp4jt1\/2025\/11\/talking-bot-125x125.png\",\"url\":\"https:\/\/portaltela.pt\/s.01k8rhncp4jt1\/2025\/11\/talking-bot-125x125.png\",\"contentUrl\":\"https:\/\/portaltela.pt\/s.01k8rhncp4jt1\/2025\/11\/talking-bot-125x125.png\",\"caption\":\"Telinha\"},\"sameAs\":[\"https:\/\/portaltela.pt\/\"],\"url\":\"https:\/\/portaltela.pt\/por\/367410592786\/\"}]}<\/script>\n<!-- \/ Yoast SEO plugin. -->","yoast_head_json":{"title":"Epis\u00f3dio 2 aborda raparigas desaparecidas e investiga\u00e7\u00e3o em curso - Portal Tela Portugal","robots":{"index":"index","follow":"follow","max-snippet":"max-snippet:-1","max-image-preview":"max-image-preview:large","max-video-preview":"max-video-preview:-1"},"og_locale":"pt_PT","og_type":"article","og_title":"Epis\u00f3dio 2 aborda raparigas desaparecidas e investiga\u00e7\u00e3o em curso - Portal Tela Portugal","og_description":"H\u00e1 alunas enviadas para o Jap\u00e3o e para a Rep\u00fablica Checa. Algumas trabalham em chats pornogr\u00e1ficos, outras em casas de alterne. Todo o dinheiro arrecadado \u00e9 para o movimento. N\u00e3o h\u00e1 queixas apresentadas pelas alunas quanto a estas atividades. O conte\u00fado descreve situa\u00e7\u00f5es de explora\u00e7\u00e3o sem detalhes adicionais.","og_url":"https:\/\/portaltela.pt\/noticias\/2026\/01\/25\/episodio-2-aborda-raparigas-desaparecidas-e-investigacao-em-curso\/","og_site_name":"Portal Tela Portugal","article_published_time":"2026-01-26T00:00:00+00:00","author":"Telinha","twitter_card":"summary_large_image","twitter_misc":{"Escrito por":"Telinha","Tempo estimado de leitura":"1 minuto"},"schema":{"@context":"https:\/\/schema.org","@graph":[{"@type":"Article","@id":"https:\/\/portaltela.pt\/noticias\/2026\/01\/25\/episodio-2-aborda-raparigas-desaparecidas-e-investigacao-em-curso\/#article","isPartOf":{"@id":"https:\/\/portaltela.pt\/noticias\/2026\/01\/25\/episodio-2-aborda-raparigas-desaparecidas-e-investigacao-em-curso\/"},"author":{"name":"Telinha","@id":"https:\/\/portaltela.pt\/#\/schema\/person\/c4278d4a6028830caff9ee44b42d32ed"},"headline":"Epis\u00f3dio 2 aborda raparigas desaparecidas e investiga\u00e7\u00e3o em curso","datePublished":"2026-01-26T00:00:00+00:00","mainEntityOfPage":{"@id":"https:\/\/portaltela.pt\/noticias\/2026\/01\/25\/episodio-2-aborda-raparigas-desaparecidas-e-investigacao-em-curso\/"},"wordCount":167,"image":{"@id":"https:\/\/portaltela.pt\/noticias\/2026\/01\/25\/episodio-2-aborda-raparigas-desaparecidas-e-investigacao-em-curso\/#primaryimage"},"thumbnailUrl":"https:\/\/portaltela.pt\/s.01k8rhncp4jt1\/2026\/01\/770-podcast-a-seita-do-yoga-3.jpg","keywords":["alunos","crime","desaparecidos internos","explora\u00e7\u00e3o de menores dependente ou em situa\u00e7\u00e3o vulner\u00e1vel","explora\u00e7\u00e3o de menores na internet","investiga\u00e7\u00e3o"],"articleSection":["Not\u00edcias"],"inLanguage":"pt-PT"},{"@type":"WebPage","@id":"https:\/\/portaltela.pt\/noticias\/2026\/01\/25\/episodio-2-aborda-raparigas-desaparecidas-e-investigacao-em-curso\/","url":"https:\/\/portaltela.pt\/noticias\/2026\/01\/25\/episodio-2-aborda-raparigas-desaparecidas-e-investigacao-em-curso\/","name":"Epis\u00f3dio 2 aborda raparigas desaparecidas e investiga\u00e7\u00e3o em curso - Portal Tela Portugal","isPartOf":{"@id":"https:\/\/portaltela.pt\/#website"},"primaryImageOfPage":{"@id":"https:\/\/portaltela.pt\/noticias\/2026\/01\/25\/episodio-2-aborda-raparigas-desaparecidas-e-investigacao-em-curso\/#primaryimage"},"image":{"@id":"https:\/\/portaltela.pt\/noticias\/2026\/01\/25\/episodio-2-aborda-raparigas-desaparecidas-e-investigacao-em-curso\/#primaryimage"},"thumbnailUrl":"https:\/\/portaltela.pt\/s.01k8rhncp4jt1\/2026\/01\/770-podcast-a-seita-do-yoga-3.jpg","datePublished":"2026-01-26T00:00:00+00:00","author":{"@id":"https:\/\/portaltela.pt\/#\/schema\/person\/c4278d4a6028830caff9ee44b42d32ed"},"breadcrumb":{"@id":"https:\/\/portaltela.pt\/noticias\/2026\/01\/25\/episodio-2-aborda-raparigas-desaparecidas-e-investigacao-em-curso\/#breadcrumb"},"inLanguage":"pt-PT","potentialAction":[{"@type":"ReadAction","target":["https:\/\/portaltela.pt\/noticias\/2026\/01\/25\/episodio-2-aborda-raparigas-desaparecidas-e-investigacao-em-curso\/"]}]},{"@type":"ImageObject","inLanguage":"pt-PT","@id":"https:\/\/portaltela.pt\/noticias\/2026\/01\/25\/episodio-2-aborda-raparigas-desaparecidas-e-investigacao-em-curso\/#primaryimage","url":"https:\/\/portaltela.pt\/s.01k8rhncp4jt1\/2026\/01\/770-podcast-a-seita-do-yoga-3.jpg","contentUrl":"https:\/\/portaltela.pt\/s.01k8rhncp4jt1\/2026\/01\/770-podcast-a-seita-do-yoga-3.jpg","width":796,"height":448,"caption":"Photo"},{"@type":"BreadcrumbList","@id":"https:\/\/portaltela.pt\/noticias\/2026\/01\/25\/episodio-2-aborda-raparigas-desaparecidas-e-investigacao-em-curso\/#breadcrumb","itemListElement":[{"@type":"ListItem","position":1,"name":"In\u00edcio","item":"https:\/\/portaltela.pt\/"},{"@type":"ListItem","position":2,"name":"Epis\u00f3dio 2 aborda raparigas desaparecidas e investiga\u00e7\u00e3o em curso"}]},{"@type":"WebSite","@id":"https:\/\/portaltela.pt\/#website","url":"https:\/\/portaltela.pt\/","name":"Portal Tela Portugal","description":"","potentialAction":[{"@type":"SearchAction","target":{"@type":"EntryPoint","urlTemplate":"https:\/\/portaltela.pt\/?s={search_term_string}"},"query-input":{"@type":"PropertyValueSpecification","valueRequired":true,"valueName":"search_term_string"}}],"inLanguage":"pt-PT"},{"@type":"Person","@id":"https:\/\/portaltela.pt\/#\/schema\/person\/c4278d4a6028830caff9ee44b42d32ed","name":"Telinha","image":{"@type":"ImageObject","inLanguage":"pt-PT","@id":"https:\/\/portaltela.pt\/s.01k8rhncp4jt1\/2025\/11\/talking-bot-125x125.png","url":"https:\/\/portaltela.pt\/s.01k8rhncp4jt1\/2025\/11\/talking-bot-125x125.png","contentUrl":"https:\/\/portaltela.pt\/s.01k8rhncp4jt1\/2025\/11\/talking-bot-125x125.png","caption":"Telinha"},"sameAs":["https:\/\/portaltela.pt\/"],"url":"https:\/\/portaltela.pt\/por\/367410592786\/"}]}},"_links":{"self":[{"href":"https:\/\/portaltela.pt\/api\/wp\/v2\/posts\/175327","targetHints":{"allow":["GET"]}}],"collection":[{"href":"https:\/\/portaltela.pt\/api\/wp\/v2\/posts"}],"about":[{"href":"https:\/\/portaltela.pt\/api\/wp\/v2\/types\/post"}],"author":[{"embeddable":true,"href":"https:\/\/portaltela.pt\/api\/wp\/v2\/users\/2"}],"replies":[{"embeddable":true,"href":"https:\/\/portaltela.pt\/api\/wp\/v2\/comments?post=175327"}],"version-history":[{"count":0,"href":"https:\/\/portaltela.pt\/api\/wp\/v2\/posts\/175327\/revisions"}],"wp:featuredmedia":[{"embeddable":true,"href":"https:\/\/portaltela.pt\/api\/wp\/v2\/media\/175328"}],"wp:attachment":[{"href":"https:\/\/portaltela.pt\/api\/wp\/v2\/media?parent=175327"}],"wp:term":[{"taxonomy":"category","embeddable":true,"href":"https:\/\/portaltela.pt\/api\/wp\/v2\/categories?post=175327"},{"taxonomy":"post_tag","embeddable":true,"href":"https:\/\/portaltela.pt\/api\/wp\/v2\/tags?post=175327"}],"curies":[{"name":"wp","href":"https:\/\/api.w.org\/{rel}","templated":true}]}}