{"id":175312,"date":"2026-01-26T18:10:00","date_gmt":"2026-01-26T21:10:00","guid":{"rendered":"https:\/\/portaltela.pt\/noticias\/2026\/01\/26\/trump-ensaia-recuo-no-minnesota-apos-encontro-com-walz-e-desautorizar-bovino\/"},"modified":"2026-01-26T18:10:00","modified_gmt":"2026-01-26T21:10:00","slug":"trump-ensaia-recuo-no-minnesota-apos-encontro-com-walz-e-desautorizar-bovino","status":"publish","type":"post","link":"https:\/\/portaltela.pt\/noticias\/internacional\/2026\/01\/26\/trump-ensaia-recuo-no-minnesota-apos-encontro-com-walz-e-desautorizar-bovino\/","title":{"rendered":"Trump ensaia recuo no Minnesota ap\u00f3s encontro com Walz e desautorizar Bovino"},"content":{"rendered":"<p>Donald Trump anunciou ter falado ao telefone nesta segunda-feira com o governador democrata de Minnesota, Tim Walz, sobre a crise em Minneapolis. A conversa foi descrita como positiva, com ambos a parecerem em sintonia sobre a gest\u00e3o da situa\u00e7\u00e3o.<\/p>\n<p>O Presidente modificou a lideran\u00e7a da interven\u00e7\u00e3o federal na \u00e1rea e comprometeu-se a reduzir o n\u00famero de agentes presentes, face a cr\u00edticas crescentes dentro do campo republicano e ao risco de um novo shutdown.<\/p>\n<p>Trump informou ainda o envio de Tom Homan, antigo respons\u00e1vel pela seguran\u00e7a fronteiri\u00e7a e pela imigra\u00e7\u00e3o, para Mine\u00e1polis, alegando que Walz recebeu a medida de forma favor\u00e1vel.<\/p>\n<p>A opera\u00e7\u00e3o focaliza garantir a ordem p\u00fablica na regi\u00e3o, com a administra\u00e7\u00e3o a procurar equilibrar a presen\u00e7a federal e as cr\u00edticas internas, num momento de elevada tens\u00e3o pol\u00edtica no pa\u00eds.<\/p>\n","protected":false},"excerpt":{"rendered":"<ul>\n<li>Trump telefonou ao governador de Minnesota, Tim Walz, descrevendo a conversa como \u201cmuito boa\u201d e dizendo que estavam em sintonia sobre a crise em Mine\u00e1polis.<\/li>\n<li>O Presidente alterou a lideran\u00e7a da interven\u00e7\u00e3o federal na cidade e comprometeu-se a reduzir o n\u00famero de agentes.<\/li>\n<li>A medida surge no contexto de cr\u00edticas que se propagam pelo campo republicano e do risco de novo shutdown.<\/li>\n<li>Trump anunciou o envio de Tom Homam, chefe da seguran\u00e7a fronteiri\u00e7a e imigra\u00e7\u00e3o, para Mine\u00e1polis.<\/li>\n<li>Walz afirmou ter recebido Homam de forma positiva.<\/li>\n<\/ul>\n","protected":false},"author":2,"featured_media":175313,"comment_status":"closed","ping_status":"closed","sticky":false,"template":"","format":"standard","meta":{"footnotes":""},"categories":[4,1],"tags":[1600,34,216,229,30,250],"class_list":["post-175312","post","type-post","status-publish","format-standard","has-post-thumbnail","hentry","category-internacional","category-noticias","tag-estados-unidos","tag-governo","tag-ordem-publica","tag-politica-publica","tag-presidente","tag-seguranca-publica"],"yoast_head":"<!-- This site is optimized with the Yoast SEO plugin v27.2 - https:\/\/yoast.com\/product\/yoast-seo-wordpress\/ -->\n<title>Trump ensaia recuo no Minnesota ap\u00f3s encontro com Walz e desautorizar Bovino - Portal Tela Portugal<\/title>\n<meta name=\"robots\" content=\"index, follow, max-snippet:-1, max-image-preview:large, max-video-preview:-1\" \/>\n<meta property=\"og:locale\" content=\"pt_PT\" \/>\n<meta property=\"og:type\" content=\"article\" \/>\n<meta property=\"og:title\" content=\"Trump ensaia recuo no Minnesota ap\u00f3s encontro com Walz e desautorizar Bovino - Portal Tela Portugal\" \/>\n<meta property=\"og:description\" content=\"Trump telefonou ao governador de Minnesota, Tim Walz, descrevendo a conversa como \u201cmuito boa\u201d e dizendo que estavam em sintonia sobre a crise em Mine\u00e1polis. O Presidente alterou a lideran\u00e7a da interven\u00e7\u00e3o federal na cidade e comprometeu-se a reduzir o n\u00famero de agentes. A medida surge no contexto de cr\u00edticas que se propagam pelo campo republicano e do risco de novo shutdown. Trump anunciou o envio de Tom Homam, chefe da seguran\u00e7a fronteiri\u00e7a e imigra\u00e7\u00e3o, para Mine\u00e1polis. Walz afirmou ter recebido Homam de forma positiva.\" \/>\n<meta property=\"og:url\" content=\"https:\/\/portaltela.pt\/noticias\/2026\/01\/26\/trump-ensaia-recuo-no-minnesota-apos-encontro-com-walz-e-desautorizar-bovino\/\" \/>\n<meta property=\"og:site_name\" content=\"Portal Tela Portugal\" \/>\n<meta property=\"article:published_time\" content=\"2026-01-26T21:10:00+00:00\" \/>\n<meta name=\"author\" content=\"Telinha\" \/>\n<meta name=\"twitter:card\" content=\"summary_large_image\" \/>\n<meta name=\"twitter:label1\" content=\"Escrito por\" \/>\n\t<meta name=\"twitter:data1\" content=\"Telinha\" \/>\n\t<meta name=\"twitter:label2\" content=\"Tempo estimado de leitura\" \/>\n\t<meta name=\"twitter:data2\" content=\"1 minuto\" \/>\n<script type=\"application\/ld+json\" class=\"yoast-schema-graph\">{\"@context\":\"https:\/\/schema.org\",\"@graph\":[{\"@type\":\"Article\",\"@id\":\"https:\/\/portaltela.pt\/noticias\/2026\/01\/26\/trump-ensaia-recuo-no-minnesota-apos-encontro-com-walz-e-desautorizar-bovino\/#article\",\"isPartOf\":{\"@id\":\"https:\/\/portaltela.pt\/noticias\/2026\/01\/26\/trump-ensaia-recuo-no-minnesota-apos-encontro-com-walz-e-desautorizar-bovino\/\"},\"author\":{\"name\":\"Telinha\",\"@id\":\"https:\/\/portaltela.pt\/#\/schema\/person\/c4278d4a6028830caff9ee44b42d32ed\"},\"headline\":\"Trump ensaia recuo no Minnesota ap\u00f3s encontro com Walz e desautorizar Bovino\",\"datePublished\":\"2026-01-26T21:10:00+00:00\",\"mainEntityOfPage\":{\"@id\":\"https:\/\/portaltela.pt\/noticias\/2026\/01\/26\/trump-ensaia-recuo-no-minnesota-apos-encontro-com-walz-e-desautorizar-bovino\/\"},\"wordCount\":164,\"image\":{\"@id\":\"https:\/\/portaltela.pt\/noticias\/2026\/01\/26\/trump-ensaia-recuo-no-minnesota-apos-encontro-com-walz-e-desautorizar-bovino\/#primaryimage\"},\"thumbnailUrl\":\"https:\/\/portaltela.pt\/s.01k8rhncp4jt1\/2026\/01\/2062076.jpg\",\"keywords\":[\"Estados Unidos\",\"governo\",\"ordem p\u00fablica\",\"pol\u00edtica p\u00fablica\",\"presidente\",\"seguran\u00e7a p\u00fablica\"],\"articleSection\":[\"Internacional\",\"Not\u00edcias\"],\"inLanguage\":\"pt-PT\"},{\"@type\":\"WebPage\",\"@id\":\"https:\/\/portaltela.pt\/noticias\/2026\/01\/26\/trump-ensaia-recuo-no-minnesota-apos-encontro-com-walz-e-desautorizar-bovino\/\",\"url\":\"https:\/\/portaltela.pt\/noticias\/2026\/01\/26\/trump-ensaia-recuo-no-minnesota-apos-encontro-com-walz-e-desautorizar-bovino\/\",\"name\":\"Trump ensaia recuo no Minnesota ap\u00f3s encontro com Walz e desautorizar Bovino - Portal Tela Portugal\",\"isPartOf\":{\"@id\":\"https:\/\/portaltela.pt\/#website\"},\"primaryImageOfPage\":{\"@id\":\"https:\/\/portaltela.pt\/noticias\/2026\/01\/26\/trump-ensaia-recuo-no-minnesota-apos-encontro-com-walz-e-desautorizar-bovino\/#primaryimage\"},\"image\":{\"@id\":\"https:\/\/portaltela.pt\/noticias\/2026\/01\/26\/trump-ensaia-recuo-no-minnesota-apos-encontro-com-walz-e-desautorizar-bovino\/#primaryimage\"},\"thumbnailUrl\":\"https:\/\/portaltela.pt\/s.01k8rhncp4jt1\/2026\/01\/2062076.jpg\",\"datePublished\":\"2026-01-26T21:10:00+00:00\",\"author\":{\"@id\":\"https:\/\/portaltela.pt\/#\/schema\/person\/c4278d4a6028830caff9ee44b42d32ed\"},\"breadcrumb\":{\"@id\":\"https:\/\/portaltela.pt\/noticias\/2026\/01\/26\/trump-ensaia-recuo-no-minnesota-apos-encontro-com-walz-e-desautorizar-bovino\/#breadcrumb\"},\"inLanguage\":\"pt-PT\",\"potentialAction\":[{\"@type\":\"ReadAction\",\"target\":[\"https:\/\/portaltela.pt\/noticias\/2026\/01\/26\/trump-ensaia-recuo-no-minnesota-apos-encontro-com-walz-e-desautorizar-bovino\/\"]}]},{\"@type\":\"ImageObject\",\"inLanguage\":\"pt-PT\",\"@id\":\"https:\/\/portaltela.pt\/noticias\/2026\/01\/26\/trump-ensaia-recuo-no-minnesota-apos-encontro-com-walz-e-desautorizar-bovino\/#primaryimage\",\"url\":\"https:\/\/portaltela.pt\/s.01k8rhncp4jt1\/2026\/01\/2062076.jpg\",\"contentUrl\":\"https:\/\/portaltela.pt\/s.01k8rhncp4jt1\/2026\/01\/2062076.jpg\",\"width\":796,\"height\":448,\"caption\":\"Populares prestam homenagem a Alex Pretti, manifestante morto a tiro por agentes federais no s\u00e1bado em Mine\u00e1polis\"},{\"@type\":\"BreadcrumbList\",\"@id\":\"https:\/\/portaltela.pt\/noticias\/2026\/01\/26\/trump-ensaia-recuo-no-minnesota-apos-encontro-com-walz-e-desautorizar-bovino\/#breadcrumb\",\"itemListElement\":[{\"@type\":\"ListItem\",\"position\":1,\"name\":\"In\u00edcio\",\"item\":\"https:\/\/portaltela.pt\/\"},{\"@type\":\"ListItem\",\"position\":2,\"name\":\"Trump ensaia recuo no Minnesota ap\u00f3s encontro com Walz e desautorizar Bovino\"}]},{\"@type\":\"WebSite\",\"@id\":\"https:\/\/portaltela.pt\/#website\",\"url\":\"https:\/\/portaltela.pt\/\",\"name\":\"Portal Tela Portugal\",\"description\":\"\",\"potentialAction\":[{\"@type\":\"SearchAction\",\"target\":{\"@type\":\"EntryPoint\",\"urlTemplate\":\"https:\/\/portaltela.pt\/?s={search_term_string}\"},\"query-input\":{\"@type\":\"PropertyValueSpecification\",\"valueRequired\":true,\"valueName\":\"search_term_string\"}}],\"inLanguage\":\"pt-PT\"},{\"@type\":\"Person\",\"@id\":\"https:\/\/portaltela.pt\/#\/schema\/person\/c4278d4a6028830caff9ee44b42d32ed\",\"name\":\"Telinha\",\"image\":{\"@type\":\"ImageObject\",\"inLanguage\":\"pt-PT\",\"@id\":\"https:\/\/portaltela.pt\/s.01k8rhncp4jt1\/2025\/11\/talking-bot-125x125.png\",\"url\":\"https:\/\/portaltela.pt\/s.01k8rhncp4jt1\/2025\/11\/talking-bot-125x125.png\",\"contentUrl\":\"https:\/\/portaltela.pt\/s.01k8rhncp4jt1\/2025\/11\/talking-bot-125x125.png\",\"caption\":\"Telinha\"},\"sameAs\":[\"https:\/\/portaltela.pt\/\"],\"url\":\"https:\/\/portaltela.pt\/por\/367410592786\/\"}]}<\/script>\n<!-- \/ Yoast SEO plugin. -->","yoast_head_json":{"title":"Trump ensaia recuo no Minnesota ap\u00f3s encontro com Walz e desautorizar Bovino - Portal Tela Portugal","robots":{"index":"index","follow":"follow","max-snippet":"max-snippet:-1","max-image-preview":"max-image-preview:large","max-video-preview":"max-video-preview:-1"},"og_locale":"pt_PT","og_type":"article","og_title":"Trump ensaia recuo no Minnesota ap\u00f3s encontro com Walz e desautorizar Bovino - Portal Tela Portugal","og_description":"Trump telefonou ao governador de Minnesota, Tim Walz, descrevendo a conversa como \u201cmuito boa\u201d e dizendo que estavam em sintonia sobre a crise em Mine\u00e1polis. O Presidente alterou a lideran\u00e7a da interven\u00e7\u00e3o federal na cidade e comprometeu-se a reduzir o n\u00famero de agentes. A medida surge no contexto de cr\u00edticas que se propagam pelo campo republicano e do risco de novo shutdown. Trump anunciou o envio de Tom Homam, chefe da seguran\u00e7a fronteiri\u00e7a e imigra\u00e7\u00e3o, para Mine\u00e1polis. Walz afirmou ter recebido Homam de forma positiva.","og_url":"https:\/\/portaltela.pt\/noticias\/2026\/01\/26\/trump-ensaia-recuo-no-minnesota-apos-encontro-com-walz-e-desautorizar-bovino\/","og_site_name":"Portal Tela Portugal","article_published_time":"2026-01-26T21:10:00+00:00","author":"Telinha","twitter_card":"summary_large_image","twitter_misc":{"Escrito por":"Telinha","Tempo estimado de leitura":"1 minuto"},"schema":{"@context":"https:\/\/schema.org","@graph":[{"@type":"Article","@id":"https:\/\/portaltela.pt\/noticias\/2026\/01\/26\/trump-ensaia-recuo-no-minnesota-apos-encontro-com-walz-e-desautorizar-bovino\/#article","isPartOf":{"@id":"https:\/\/portaltela.pt\/noticias\/2026\/01\/26\/trump-ensaia-recuo-no-minnesota-apos-encontro-com-walz-e-desautorizar-bovino\/"},"author":{"name":"Telinha","@id":"https:\/\/portaltela.pt\/#\/schema\/person\/c4278d4a6028830caff9ee44b42d32ed"},"headline":"Trump ensaia recuo no Minnesota ap\u00f3s encontro com Walz e desautorizar Bovino","datePublished":"2026-01-26T21:10:00+00:00","mainEntityOfPage":{"@id":"https:\/\/portaltela.pt\/noticias\/2026\/01\/26\/trump-ensaia-recuo-no-minnesota-apos-encontro-com-walz-e-desautorizar-bovino\/"},"wordCount":164,"image":{"@id":"https:\/\/portaltela.pt\/noticias\/2026\/01\/26\/trump-ensaia-recuo-no-minnesota-apos-encontro-com-walz-e-desautorizar-bovino\/#primaryimage"},"thumbnailUrl":"https:\/\/portaltela.pt\/s.01k8rhncp4jt1\/2026\/01\/2062076.jpg","keywords":["Estados Unidos","governo","ordem p\u00fablica","pol\u00edtica p\u00fablica","presidente","seguran\u00e7a p\u00fablica"],"articleSection":["Internacional","Not\u00edcias"],"inLanguage":"pt-PT"},{"@type":"WebPage","@id":"https:\/\/portaltela.pt\/noticias\/2026\/01\/26\/trump-ensaia-recuo-no-minnesota-apos-encontro-com-walz-e-desautorizar-bovino\/","url":"https:\/\/portaltela.pt\/noticias\/2026\/01\/26\/trump-ensaia-recuo-no-minnesota-apos-encontro-com-walz-e-desautorizar-bovino\/","name":"Trump ensaia recuo no Minnesota ap\u00f3s encontro com Walz e desautorizar Bovino - Portal Tela Portugal","isPartOf":{"@id":"https:\/\/portaltela.pt\/#website"},"primaryImageOfPage":{"@id":"https:\/\/portaltela.pt\/noticias\/2026\/01\/26\/trump-ensaia-recuo-no-minnesota-apos-encontro-com-walz-e-desautorizar-bovino\/#primaryimage"},"image":{"@id":"https:\/\/portaltela.pt\/noticias\/2026\/01\/26\/trump-ensaia-recuo-no-minnesota-apos-encontro-com-walz-e-desautorizar-bovino\/#primaryimage"},"thumbnailUrl":"https:\/\/portaltela.pt\/s.01k8rhncp4jt1\/2026\/01\/2062076.jpg","datePublished":"2026-01-26T21:10:00+00:00","author":{"@id":"https:\/\/portaltela.pt\/#\/schema\/person\/c4278d4a6028830caff9ee44b42d32ed"},"breadcrumb":{"@id":"https:\/\/portaltela.pt\/noticias\/2026\/01\/26\/trump-ensaia-recuo-no-minnesota-apos-encontro-com-walz-e-desautorizar-bovino\/#breadcrumb"},"inLanguage":"pt-PT","potentialAction":[{"@type":"ReadAction","target":["https:\/\/portaltela.pt\/noticias\/2026\/01\/26\/trump-ensaia-recuo-no-minnesota-apos-encontro-com-walz-e-desautorizar-bovino\/"]}]},{"@type":"ImageObject","inLanguage":"pt-PT","@id":"https:\/\/portaltela.pt\/noticias\/2026\/01\/26\/trump-ensaia-recuo-no-minnesota-apos-encontro-com-walz-e-desautorizar-bovino\/#primaryimage","url":"https:\/\/portaltela.pt\/s.01k8rhncp4jt1\/2026\/01\/2062076.jpg","contentUrl":"https:\/\/portaltela.pt\/s.01k8rhncp4jt1\/2026\/01\/2062076.jpg","width":796,"height":448,"caption":"Populares prestam homenagem a Alex Pretti, manifestante morto a tiro por agentes federais no s\u00e1bado em Mine\u00e1polis"},{"@type":"BreadcrumbList","@id":"https:\/\/portaltela.pt\/noticias\/2026\/01\/26\/trump-ensaia-recuo-no-minnesota-apos-encontro-com-walz-e-desautorizar-bovino\/#breadcrumb","itemListElement":[{"@type":"ListItem","position":1,"name":"In\u00edcio","item":"https:\/\/portaltela.pt\/"},{"@type":"ListItem","position":2,"name":"Trump ensaia recuo no Minnesota ap\u00f3s encontro com Walz e desautorizar Bovino"}]},{"@type":"WebSite","@id":"https:\/\/portaltela.pt\/#website","url":"https:\/\/portaltela.pt\/","name":"Portal Tela Portugal","description":"","potentialAction":[{"@type":"SearchAction","target":{"@type":"EntryPoint","urlTemplate":"https:\/\/portaltela.pt\/?s={search_term_string}"},"query-input":{"@type":"PropertyValueSpecification","valueRequired":true,"valueName":"search_term_string"}}],"inLanguage":"pt-PT"},{"@type":"Person","@id":"https:\/\/portaltela.pt\/#\/schema\/person\/c4278d4a6028830caff9ee44b42d32ed","name":"Telinha","image":{"@type":"ImageObject","inLanguage":"pt-PT","@id":"https:\/\/portaltela.pt\/s.01k8rhncp4jt1\/2025\/11\/talking-bot-125x125.png","url":"https:\/\/portaltela.pt\/s.01k8rhncp4jt1\/2025\/11\/talking-bot-125x125.png","contentUrl":"https:\/\/portaltela.pt\/s.01k8rhncp4jt1\/2025\/11\/talking-bot-125x125.png","caption":"Telinha"},"sameAs":["https:\/\/portaltela.pt\/"],"url":"https:\/\/portaltela.pt\/por\/367410592786\/"}]}},"_links":{"self":[{"href":"https:\/\/portaltela.pt\/api\/wp\/v2\/posts\/175312","targetHints":{"allow":["GET"]}}],"collection":[{"href":"https:\/\/portaltela.pt\/api\/wp\/v2\/posts"}],"about":[{"href":"https:\/\/portaltela.pt\/api\/wp\/v2\/types\/post"}],"author":[{"embeddable":true,"href":"https:\/\/portaltela.pt\/api\/wp\/v2\/users\/2"}],"replies":[{"embeddable":true,"href":"https:\/\/portaltela.pt\/api\/wp\/v2\/comments?post=175312"}],"version-history":[{"count":0,"href":"https:\/\/portaltela.pt\/api\/wp\/v2\/posts\/175312\/revisions"}],"wp:featuredmedia":[{"embeddable":true,"href":"https:\/\/portaltela.pt\/api\/wp\/v2\/media\/175313"}],"wp:attachment":[{"href":"https:\/\/portaltela.pt\/api\/wp\/v2\/media?parent=175312"}],"wp:term":[{"taxonomy":"category","embeddable":true,"href":"https:\/\/portaltela.pt\/api\/wp\/v2\/categories?post=175312"},{"taxonomy":"post_tag","embeddable":true,"href":"https:\/\/portaltela.pt\/api\/wp\/v2\/tags?post=175312"}],"curies":[{"name":"wp","href":"https:\/\/api.w.org\/{rel}","templated":true}]}}