{"id":175289,"date":"2026-01-26T17:49:40","date_gmt":"2026-01-26T20:49:40","guid":{"rendered":"https:\/\/portaltela.pt\/noticias\/2026\/01\/26\/homem-detido-por-agredir-gnr-em-castelo-branco\/"},"modified":"2026-01-26T17:49:40","modified_gmt":"2026-01-26T20:49:40","slug":"homem-detido-por-agredir-gnr-em-castelo-branco","status":"publish","type":"post","link":"https:\/\/portaltela.pt\/noticias\/2026\/01\/26\/homem-detido-por-agredir-gnr-em-castelo-branco\/","title":{"rendered":"Homem detido por agredir GNR em Castelo Branco"},"content":{"rendered":"<p>Um homem de 58 anos foi detido na segunda-feira ap\u00f3s agredir um militar da GNR em Castelo Branco, durante uma opera\u00e7\u00e3o de fiscaliza\u00e7\u00e3o. O incidente deixou o militar com um ferimento no nariz.<\/p>\n<p>O ataque ocorreu junto ao posto territorial de Alcains, no decorrer de uma a\u00e7\u00e3o de fiscaliza\u00e7\u00e3o. O agressor ter\u00e1 desferido golpes na face do GNR, que zelava pela ordem no local.<\/p>\n<p>O militar recebeu atendimento no Hospital Amato Lusitano. A PSP refor\u00e7ou a seguran\u00e7a junto \u00e0 unidade, pois familiares do detido deslocaram-se ao seu exterior, mas abandonaram o local sem registo de incidentes.<\/p>\n","protected":false},"excerpt":{"rendered":"<ul>\n<li>Um homem de 58 anos foi detido ap\u00f3s agredir um militar da GNR em Castelo Branco, esta segunda-feira.<\/li>\n<li>O agressor atacou o GNR durante uma opera\u00e7\u00e3o de fiscaliza\u00e7\u00e3o.<\/li>\n<li>O militar ficou com o nariz ferido e recebeu assist\u00eancia no Hospital Amato Lusitano.<\/li>\n<li>A PSP refor\u00e7ou o dispositivo de seguran\u00e7a junto \u00e0 sa\u00edda da unidade hospitalar.<\/li>\n<li>Familiares do detido deslocaram-se \u00e0s imedia\u00e7\u00f5es do hospital, mas abandonaram o local sem incidentes.<\/li>\n<\/ul>\n","protected":false},"author":2,"featured_media":175292,"comment_status":"closed","ping_status":"closed","sticky":false,"template":"","format":"standard","meta":{"footnotes":""},"categories":[1],"tags":[2754,2079,1955,1112,3418,250],"class_list":["post-175289","post","type-post","status-publish","format-standard","has-post-thumbnail","hentry","category-noticias","tag-agressao","tag-agressoes","tag-alcains","tag-castelo-branco","tag-policia-de-seguranca-publica","tag-seguranca-publica"],"yoast_head":"<!-- This site is optimized with the Yoast SEO plugin v27.2 - https:\/\/yoast.com\/product\/yoast-seo-wordpress\/ -->\n<title>Homem detido por agredir GNR em Castelo Branco - Portal Tela Portugal<\/title>\n<meta name=\"robots\" content=\"index, follow, max-snippet:-1, max-image-preview:large, max-video-preview:-1\" \/>\n<meta property=\"og:locale\" content=\"pt_PT\" \/>\n<meta property=\"og:type\" content=\"article\" \/>\n<meta property=\"og:title\" content=\"Homem detido por agredir GNR em Castelo Branco - Portal Tela Portugal\" \/>\n<meta property=\"og:description\" content=\"Um homem de 58 anos foi detido ap\u00f3s agredir um militar da GNR em Castelo Branco, esta segunda-feira. O agressor atacou o GNR durante uma opera\u00e7\u00e3o de fiscaliza\u00e7\u00e3o. O militar ficou com o nariz ferido e recebeu assist\u00eancia no Hospital Amato Lusitano. A PSP refor\u00e7ou o dispositivo de seguran\u00e7a junto \u00e0 sa\u00edda da unidade hospitalar. Familiares do detido deslocaram-se \u00e0s imedia\u00e7\u00f5es do hospital, mas abandonaram o local sem incidentes.\" \/>\n<meta property=\"og:url\" content=\"https:\/\/portaltela.pt\/noticias\/2026\/01\/26\/homem-detido-por-agredir-gnr-em-castelo-branco\/\" \/>\n<meta property=\"og:site_name\" content=\"Portal Tela Portugal\" \/>\n<meta property=\"article:published_time\" content=\"2026-01-26T20:49:40+00:00\" \/>\n<meta name=\"author\" content=\"Telinha\" \/>\n<meta name=\"twitter:card\" content=\"summary_large_image\" \/>\n<meta name=\"twitter:label1\" content=\"Escrito por\" \/>\n\t<meta name=\"twitter:data1\" content=\"Telinha\" \/>\n\t<meta name=\"twitter:label2\" content=\"Tempo estimado de leitura\" \/>\n\t<meta name=\"twitter:data2\" content=\"1 minuto\" \/>\n<script type=\"application\/ld+json\" class=\"yoast-schema-graph\">{\"@context\":\"https:\/\/schema.org\",\"@graph\":[{\"@type\":\"Article\",\"@id\":\"https:\/\/portaltela.pt\/noticias\/2026\/01\/26\/homem-detido-por-agredir-gnr-em-castelo-branco\/#article\",\"isPartOf\":{\"@id\":\"https:\/\/portaltela.pt\/noticias\/2026\/01\/26\/homem-detido-por-agredir-gnr-em-castelo-branco\/\"},\"author\":{\"name\":\"Telinha\",\"@id\":\"https:\/\/portaltela.pt\/#\/schema\/person\/c4278d4a6028830caff9ee44b42d32ed\"},\"headline\":\"Homem detido por agredir GNR em Castelo Branco\",\"datePublished\":\"2026-01-26T20:49:40+00:00\",\"mainEntityOfPage\":{\"@id\":\"https:\/\/portaltela.pt\/noticias\/2026\/01\/26\/homem-detido-por-agredir-gnr-em-castelo-branco\/\"},\"wordCount\":109,\"image\":{\"@id\":\"https:\/\/portaltela.pt\/noticias\/2026\/01\/26\/homem-detido-por-agredir-gnr-em-castelo-branco\/#primaryimage\"},\"thumbnailUrl\":\"https:\/\/portaltela.pt\/s.01k8rhncp4jt1\/2026\/01\/img_1500x1000uu2023-04-11-17-17-34-1322269-8.jpg\",\"keywords\":[\"agress\u00e3o\",\"agress\u00f5es\",\"Alcains\",\"Castelo Branco\",\"Pol\u00edcia de Seguran\u00e7a P\u00fablica\",\"seguran\u00e7a p\u00fablica\"],\"articleSection\":[\"Not\u00edcias\"],\"inLanguage\":\"pt-PT\"},{\"@type\":\"WebPage\",\"@id\":\"https:\/\/portaltela.pt\/noticias\/2026\/01\/26\/homem-detido-por-agredir-gnr-em-castelo-branco\/\",\"url\":\"https:\/\/portaltela.pt\/noticias\/2026\/01\/26\/homem-detido-por-agredir-gnr-em-castelo-branco\/\",\"name\":\"Homem detido por agredir GNR em Castelo Branco - Portal Tela Portugal\",\"isPartOf\":{\"@id\":\"https:\/\/portaltela.pt\/#website\"},\"primaryImageOfPage\":{\"@id\":\"https:\/\/portaltela.pt\/noticias\/2026\/01\/26\/homem-detido-por-agredir-gnr-em-castelo-branco\/#primaryimage\"},\"image\":{\"@id\":\"https:\/\/portaltela.pt\/noticias\/2026\/01\/26\/homem-detido-por-agredir-gnr-em-castelo-branco\/#primaryimage\"},\"thumbnailUrl\":\"https:\/\/portaltela.pt\/s.01k8rhncp4jt1\/2026\/01\/img_1500x1000uu2023-04-11-17-17-34-1322269-8.jpg\",\"datePublished\":\"2026-01-26T20:49:40+00:00\",\"author\":{\"@id\":\"https:\/\/portaltela.pt\/#\/schema\/person\/c4278d4a6028830caff9ee44b42d32ed\"},\"breadcrumb\":{\"@id\":\"https:\/\/portaltela.pt\/noticias\/2026\/01\/26\/homem-detido-por-agredir-gnr-em-castelo-branco\/#breadcrumb\"},\"inLanguage\":\"pt-PT\",\"potentialAction\":[{\"@type\":\"ReadAction\",\"target\":[\"https:\/\/portaltela.pt\/noticias\/2026\/01\/26\/homem-detido-por-agredir-gnr-em-castelo-branco\/\"]}]},{\"@type\":\"ImageObject\",\"inLanguage\":\"pt-PT\",\"@id\":\"https:\/\/portaltela.pt\/noticias\/2026\/01\/26\/homem-detido-por-agredir-gnr-em-castelo-branco\/#primaryimage\",\"url\":\"https:\/\/portaltela.pt\/s.01k8rhncp4jt1\/2026\/01\/img_1500x1000uu2023-04-11-17-17-34-1322269-8.jpg\",\"contentUrl\":\"https:\/\/portaltela.pt\/s.01k8rhncp4jt1\/2026\/01\/img_1500x1000uu2023-04-11-17-17-34-1322269-8.jpg\",\"width\":796,\"height\":448,\"caption\":\"GNR\"},{\"@type\":\"BreadcrumbList\",\"@id\":\"https:\/\/portaltela.pt\/noticias\/2026\/01\/26\/homem-detido-por-agredir-gnr-em-castelo-branco\/#breadcrumb\",\"itemListElement\":[{\"@type\":\"ListItem\",\"position\":1,\"name\":\"In\u00edcio\",\"item\":\"https:\/\/portaltela.pt\/\"},{\"@type\":\"ListItem\",\"position\":2,\"name\":\"Homem detido por agredir GNR em Castelo Branco\"}]},{\"@type\":\"WebSite\",\"@id\":\"https:\/\/portaltela.pt\/#website\",\"url\":\"https:\/\/portaltela.pt\/\",\"name\":\"Portal Tela Portugal\",\"description\":\"\",\"potentialAction\":[{\"@type\":\"SearchAction\",\"target\":{\"@type\":\"EntryPoint\",\"urlTemplate\":\"https:\/\/portaltela.pt\/?s={search_term_string}\"},\"query-input\":{\"@type\":\"PropertyValueSpecification\",\"valueRequired\":true,\"valueName\":\"search_term_string\"}}],\"inLanguage\":\"pt-PT\"},{\"@type\":\"Person\",\"@id\":\"https:\/\/portaltela.pt\/#\/schema\/person\/c4278d4a6028830caff9ee44b42d32ed\",\"name\":\"Telinha\",\"image\":{\"@type\":\"ImageObject\",\"inLanguage\":\"pt-PT\",\"@id\":\"https:\/\/portaltela.pt\/s.01k8rhncp4jt1\/2025\/11\/talking-bot-125x125.png\",\"url\":\"https:\/\/portaltela.pt\/s.01k8rhncp4jt1\/2025\/11\/talking-bot-125x125.png\",\"contentUrl\":\"https:\/\/portaltela.pt\/s.01k8rhncp4jt1\/2025\/11\/talking-bot-125x125.png\",\"caption\":\"Telinha\"},\"sameAs\":[\"https:\/\/portaltela.pt\/\"],\"url\":\"https:\/\/portaltela.pt\/por\/367410592786\/\"}]}<\/script>\n<!-- \/ Yoast SEO plugin. -->","yoast_head_json":{"title":"Homem detido por agredir GNR em Castelo Branco - Portal Tela Portugal","robots":{"index":"index","follow":"follow","max-snippet":"max-snippet:-1","max-image-preview":"max-image-preview:large","max-video-preview":"max-video-preview:-1"},"og_locale":"pt_PT","og_type":"article","og_title":"Homem detido por agredir GNR em Castelo Branco - Portal Tela Portugal","og_description":"Um homem de 58 anos foi detido ap\u00f3s agredir um militar da GNR em Castelo Branco, esta segunda-feira. O agressor atacou o GNR durante uma opera\u00e7\u00e3o de fiscaliza\u00e7\u00e3o. O militar ficou com o nariz ferido e recebeu assist\u00eancia no Hospital Amato Lusitano. A PSP refor\u00e7ou o dispositivo de seguran\u00e7a junto \u00e0 sa\u00edda da unidade hospitalar. Familiares do detido deslocaram-se \u00e0s imedia\u00e7\u00f5es do hospital, mas abandonaram o local sem incidentes.","og_url":"https:\/\/portaltela.pt\/noticias\/2026\/01\/26\/homem-detido-por-agredir-gnr-em-castelo-branco\/","og_site_name":"Portal Tela Portugal","article_published_time":"2026-01-26T20:49:40+00:00","author":"Telinha","twitter_card":"summary_large_image","twitter_misc":{"Escrito por":"Telinha","Tempo estimado de leitura":"1 minuto"},"schema":{"@context":"https:\/\/schema.org","@graph":[{"@type":"Article","@id":"https:\/\/portaltela.pt\/noticias\/2026\/01\/26\/homem-detido-por-agredir-gnr-em-castelo-branco\/#article","isPartOf":{"@id":"https:\/\/portaltela.pt\/noticias\/2026\/01\/26\/homem-detido-por-agredir-gnr-em-castelo-branco\/"},"author":{"name":"Telinha","@id":"https:\/\/portaltela.pt\/#\/schema\/person\/c4278d4a6028830caff9ee44b42d32ed"},"headline":"Homem detido por agredir GNR em Castelo Branco","datePublished":"2026-01-26T20:49:40+00:00","mainEntityOfPage":{"@id":"https:\/\/portaltela.pt\/noticias\/2026\/01\/26\/homem-detido-por-agredir-gnr-em-castelo-branco\/"},"wordCount":109,"image":{"@id":"https:\/\/portaltela.pt\/noticias\/2026\/01\/26\/homem-detido-por-agredir-gnr-em-castelo-branco\/#primaryimage"},"thumbnailUrl":"https:\/\/portaltela.pt\/s.01k8rhncp4jt1\/2026\/01\/img_1500x1000uu2023-04-11-17-17-34-1322269-8.jpg","keywords":["agress\u00e3o","agress\u00f5es","Alcains","Castelo Branco","Pol\u00edcia de Seguran\u00e7a P\u00fablica","seguran\u00e7a p\u00fablica"],"articleSection":["Not\u00edcias"],"inLanguage":"pt-PT"},{"@type":"WebPage","@id":"https:\/\/portaltela.pt\/noticias\/2026\/01\/26\/homem-detido-por-agredir-gnr-em-castelo-branco\/","url":"https:\/\/portaltela.pt\/noticias\/2026\/01\/26\/homem-detido-por-agredir-gnr-em-castelo-branco\/","name":"Homem detido por agredir GNR em Castelo Branco - Portal Tela Portugal","isPartOf":{"@id":"https:\/\/portaltela.pt\/#website"},"primaryImageOfPage":{"@id":"https:\/\/portaltela.pt\/noticias\/2026\/01\/26\/homem-detido-por-agredir-gnr-em-castelo-branco\/#primaryimage"},"image":{"@id":"https:\/\/portaltela.pt\/noticias\/2026\/01\/26\/homem-detido-por-agredir-gnr-em-castelo-branco\/#primaryimage"},"thumbnailUrl":"https:\/\/portaltela.pt\/s.01k8rhncp4jt1\/2026\/01\/img_1500x1000uu2023-04-11-17-17-34-1322269-8.jpg","datePublished":"2026-01-26T20:49:40+00:00","author":{"@id":"https:\/\/portaltela.pt\/#\/schema\/person\/c4278d4a6028830caff9ee44b42d32ed"},"breadcrumb":{"@id":"https:\/\/portaltela.pt\/noticias\/2026\/01\/26\/homem-detido-por-agredir-gnr-em-castelo-branco\/#breadcrumb"},"inLanguage":"pt-PT","potentialAction":[{"@type":"ReadAction","target":["https:\/\/portaltela.pt\/noticias\/2026\/01\/26\/homem-detido-por-agredir-gnr-em-castelo-branco\/"]}]},{"@type":"ImageObject","inLanguage":"pt-PT","@id":"https:\/\/portaltela.pt\/noticias\/2026\/01\/26\/homem-detido-por-agredir-gnr-em-castelo-branco\/#primaryimage","url":"https:\/\/portaltela.pt\/s.01k8rhncp4jt1\/2026\/01\/img_1500x1000uu2023-04-11-17-17-34-1322269-8.jpg","contentUrl":"https:\/\/portaltela.pt\/s.01k8rhncp4jt1\/2026\/01\/img_1500x1000uu2023-04-11-17-17-34-1322269-8.jpg","width":796,"height":448,"caption":"GNR"},{"@type":"BreadcrumbList","@id":"https:\/\/portaltela.pt\/noticias\/2026\/01\/26\/homem-detido-por-agredir-gnr-em-castelo-branco\/#breadcrumb","itemListElement":[{"@type":"ListItem","position":1,"name":"In\u00edcio","item":"https:\/\/portaltela.pt\/"},{"@type":"ListItem","position":2,"name":"Homem detido por agredir GNR em Castelo Branco"}]},{"@type":"WebSite","@id":"https:\/\/portaltela.pt\/#website","url":"https:\/\/portaltela.pt\/","name":"Portal Tela Portugal","description":"","potentialAction":[{"@type":"SearchAction","target":{"@type":"EntryPoint","urlTemplate":"https:\/\/portaltela.pt\/?s={search_term_string}"},"query-input":{"@type":"PropertyValueSpecification","valueRequired":true,"valueName":"search_term_string"}}],"inLanguage":"pt-PT"},{"@type":"Person","@id":"https:\/\/portaltela.pt\/#\/schema\/person\/c4278d4a6028830caff9ee44b42d32ed","name":"Telinha","image":{"@type":"ImageObject","inLanguage":"pt-PT","@id":"https:\/\/portaltela.pt\/s.01k8rhncp4jt1\/2025\/11\/talking-bot-125x125.png","url":"https:\/\/portaltela.pt\/s.01k8rhncp4jt1\/2025\/11\/talking-bot-125x125.png","contentUrl":"https:\/\/portaltela.pt\/s.01k8rhncp4jt1\/2025\/11\/talking-bot-125x125.png","caption":"Telinha"},"sameAs":["https:\/\/portaltela.pt\/"],"url":"https:\/\/portaltela.pt\/por\/367410592786\/"}]}},"_links":{"self":[{"href":"https:\/\/portaltela.pt\/api\/wp\/v2\/posts\/175289","targetHints":{"allow":["GET"]}}],"collection":[{"href":"https:\/\/portaltela.pt\/api\/wp\/v2\/posts"}],"about":[{"href":"https:\/\/portaltela.pt\/api\/wp\/v2\/types\/post"}],"author":[{"embeddable":true,"href":"https:\/\/portaltela.pt\/api\/wp\/v2\/users\/2"}],"replies":[{"embeddable":true,"href":"https:\/\/portaltela.pt\/api\/wp\/v2\/comments?post=175289"}],"version-history":[{"count":0,"href":"https:\/\/portaltela.pt\/api\/wp\/v2\/posts\/175289\/revisions"}],"wp:featuredmedia":[{"embeddable":true,"href":"https:\/\/portaltela.pt\/api\/wp\/v2\/media\/175292"}],"wp:attachment":[{"href":"https:\/\/portaltela.pt\/api\/wp\/v2\/media?parent=175289"}],"wp:term":[{"taxonomy":"category","embeddable":true,"href":"https:\/\/portaltela.pt\/api\/wp\/v2\/categories?post=175289"},{"taxonomy":"post_tag","embeddable":true,"href":"https:\/\/portaltela.pt\/api\/wp\/v2\/tags?post=175289"}],"curies":[{"name":"wp","href":"https:\/\/api.w.org\/{rel}","templated":true}]}}