{"id":175261,"date":"2026-01-26T17:09:27","date_gmt":"2026-01-26T20:09:27","guid":{"rendered":"https:\/\/portaltela.pt\/noticias\/2026\/01\/26\/maria-de-lurdes-bebiano-apresenta-pintura-e-bordados-em-elvas-no-stand-arte\/"},"modified":"2026-01-26T17:09:27","modified_gmt":"2026-01-26T20:09:27","slug":"maria-de-lurdes-bebiano-apresenta-pintura-e-bordados-em-elvas-no-stand-arte","status":"publish","type":"post","link":"https:\/\/portaltela.pt\/noticias\/2026\/01\/26\/maria-de-lurdes-bebiano-apresenta-pintura-e-bordados-em-elvas-no-stand-arte\/","title":{"rendered":"Maria de Lurdes Bebiano apresenta pintura e bordados em Elvas no Stand\u2019Arte"},"content":{"rendered":"<p>A inaugura\u00e7\u00e3o da exposi\u00e7\u00e3o Pontos de Luz ocorreu na tarde de s\u00e1bado, 24 de janeiro, em Elvas. A mostra, que marca a estreia de Maria de Lurdes Bebiano, junta pintura, bordados e pe\u00e7as religiosas em tr\u00eas \u00e1reas distintas.<\/p>\n<p>A artista elvense apresenta um conjunto diversificado que funde pintura a \u00f3leo com a delicadeza dos bordados de Castelo Branco, reconhecidos pela simbologia e uso de seda, e com registos de cariz devocional enraizados na cultura alentejana.<\/p>\n<p>A sess\u00e3o de abertura contou com a presen\u00e7a de Cl\u00e1udio Monteiro, Chefe de Gabinete da Presid\u00eancia da C\u00e2mara Municipal de Elvas, representando o munic\u00edpio. A apresenta\u00e7\u00e3o esteve a cargo de Claudina Brito, propriet\u00e1ria do Stand\u2019Arte, e de F\u00e1tima Bebiano, irm\u00e3 da artista.<\/p>\n<p>Pontos de Luz oferece uma vis\u00e3o da t\u00e9cnica manual associada a arte decorativa portuguesa. A exposi\u00e7\u00e3o estar\u00e1 patente no Stand\u2019Arte at\u00e9 domingo, 1 de fevereiro, com hor\u00e1rios na tarde de dias \u00fateis e em ambos os per\u00edodos do fim de semana.<\/p>\n<h3>Sobre a exposi\u00e7\u00e3o<\/h3>\n<p>A edi\u00e7\u00e3o re\u00fane obras que refletem o percurso criativo da autora, enfatizando a diversidade de estilos e suportes. O espa\u00e7o Stand\u2019Arte recebe visitas para conhecer o conjunto at\u00e9 ao t\u00e9rmino da mostra.<\/p>\n","protected":false},"excerpt":{"rendered":"<ul>\n<li>Em Elvas, no Stand\u2019Arte, abriu-se a exposi\u00e7\u00e3o \u201cPontos de Luz\u201d da artista Maria de Lurdes Bebiano, no s\u00e1bado, 24 de janeiro, marcando a estreia da autora.<\/li>\n<li>A mostra junta pintura em \u00f3leo, bordados de Castelo Branco e registos religiosos, cruzando t\u00e9cnicas de pintura com artes decorativas portuguesas.<\/li>\n<li>A curadoria destaca a versatilidade da exposi\u00e7\u00e3o, repartida em tr\u00eas \u00e1reas que refletem o percurso criativo da artista.<\/li>\n<li>A sess\u00e3o de abertura contou com a presen\u00e7a de Cl\u00e1udio Monteiro, chefe de gabinete da Presid\u00eancia, em representa\u00e7\u00e3o da C\u00e2mara Municipal de Elvas.<\/li>\n<li>\u201cPontos de Luz\u201d fica patente no Stand\u2019Arte at\u00e9 ao domingo 1 de fevereiro, com hor\u00e1rios p\u00f3s-laborais durante a semana e per\u00edodos da manh\u00e3 e tarde no fim de semana.<\/li>\n<\/ul>\n","protected":false},"author":2,"featured_media":175282,"comment_status":"closed","ping_status":"closed","sticky":false,"template":"","format":"standard","meta":{"footnotes":""},"categories":[1],"tags":[883,70,1233,1112,1089,248],"class_list":["post-175261","post","type-post","status-publish","format-standard","has-post-thumbnail","hentry","category-noticias","tag-alentejo","tag-arte","tag-bordados","tag-castelo-branco","tag-elvas","tag-pintura"],"yoast_head":"<!-- This site is optimized with the Yoast SEO plugin v27.2 - https:\/\/yoast.com\/product\/yoast-seo-wordpress\/ -->\n<title>Maria de Lurdes Bebiano apresenta pintura e bordados em Elvas no Stand\u2019Arte - Portal Tela Portugal<\/title>\n<meta name=\"robots\" content=\"index, follow, max-snippet:-1, max-image-preview:large, max-video-preview:-1\" \/>\n<meta property=\"og:locale\" content=\"pt_PT\" \/>\n<meta property=\"og:type\" content=\"article\" \/>\n<meta property=\"og:title\" content=\"Maria de Lurdes Bebiano apresenta pintura e bordados em Elvas no Stand\u2019Arte - Portal Tela Portugal\" \/>\n<meta property=\"og:description\" content=\"Em Elvas, no Stand\u2019Arte, abriu-se a exposi\u00e7\u00e3o \u201cPontos de Luz\u201d da artista Maria de Lurdes Bebiano, no s\u00e1bado, 24 de janeiro, marcando a estreia da autora. A mostra junta pintura em \u00f3leo, bordados de Castelo Branco e registos religiosos, cruzando t\u00e9cnicas de pintura com artes decorativas portuguesas. A curadoria destaca a versatilidade da exposi\u00e7\u00e3o, repartida em tr\u00eas \u00e1reas que refletem o percurso criativo da artista. A sess\u00e3o de abertura contou com a presen\u00e7a de Cl\u00e1udio Monteiro, chefe de gabinete da Presid\u00eancia, em representa\u00e7\u00e3o da C\u00e2mara Municipal de Elvas. \u201cPontos de Luz\u201d fica patente no Stand\u2019Arte at\u00e9 ao domingo 1 de fevereiro, com hor\u00e1rios p\u00f3s-laborais durante a semana e per\u00edodos da manh\u00e3 e tarde no fim de semana.\" \/>\n<meta property=\"og:url\" content=\"https:\/\/portaltela.pt\/noticias\/2026\/01\/26\/maria-de-lurdes-bebiano-apresenta-pintura-e-bordados-em-elvas-no-stand-arte\/\" \/>\n<meta property=\"og:site_name\" content=\"Portal Tela Portugal\" \/>\n<meta property=\"article:published_time\" content=\"2026-01-26T20:09:27+00:00\" \/>\n<meta name=\"author\" content=\"Telinha\" \/>\n<meta name=\"twitter:card\" content=\"summary_large_image\" \/>\n<meta name=\"twitter:label1\" content=\"Escrito por\" \/>\n\t<meta name=\"twitter:data1\" content=\"Telinha\" \/>\n\t<meta name=\"twitter:label2\" content=\"Tempo estimado de leitura\" \/>\n\t<meta name=\"twitter:data2\" content=\"1 minuto\" \/>\n<script type=\"application\/ld+json\" class=\"yoast-schema-graph\">{\"@context\":\"https:\/\/schema.org\",\"@graph\":[{\"@type\":\"Article\",\"@id\":\"https:\/\/portaltela.pt\/noticias\/2026\/01\/26\/maria-de-lurdes-bebiano-apresenta-pintura-e-bordados-em-elvas-no-stand-arte\/#article\",\"isPartOf\":{\"@id\":\"https:\/\/portaltela.pt\/noticias\/2026\/01\/26\/maria-de-lurdes-bebiano-apresenta-pintura-e-bordados-em-elvas-no-stand-arte\/\"},\"author\":{\"name\":\"Telinha\",\"@id\":\"https:\/\/portaltela.pt\/#\/schema\/person\/c4278d4a6028830caff9ee44b42d32ed\"},\"headline\":\"Maria de Lurdes Bebiano apresenta pintura e bordados em Elvas no Stand\u2019Arte\",\"datePublished\":\"2026-01-26T20:09:27+00:00\",\"mainEntityOfPage\":{\"@id\":\"https:\/\/portaltela.pt\/noticias\/2026\/01\/26\/maria-de-lurdes-bebiano-apresenta-pintura-e-bordados-em-elvas-no-stand-arte\/\"},\"wordCount\":231,\"image\":{\"@id\":\"https:\/\/portaltela.pt\/noticias\/2026\/01\/26\/maria-de-lurdes-bebiano-apresenta-pintura-e-bordados-em-elvas-no-stand-arte\/#primaryimage\"},\"thumbnailUrl\":\"https:\/\/portaltela.pt\/s.01k8rhncp4jt1\/2026\/01\/600985765_1291726556334529_7584429736640892122_n.jpg\",\"keywords\":[\"Alentejo\",\"arte\",\"bordados\",\"Castelo Branco\",\"Elvas\",\"pintura\"],\"articleSection\":[\"Not\u00edcias\"],\"inLanguage\":\"pt-PT\"},{\"@type\":\"WebPage\",\"@id\":\"https:\/\/portaltela.pt\/noticias\/2026\/01\/26\/maria-de-lurdes-bebiano-apresenta-pintura-e-bordados-em-elvas-no-stand-arte\/\",\"url\":\"https:\/\/portaltela.pt\/noticias\/2026\/01\/26\/maria-de-lurdes-bebiano-apresenta-pintura-e-bordados-em-elvas-no-stand-arte\/\",\"name\":\"Maria de Lurdes Bebiano apresenta pintura e bordados em Elvas no Stand\u2019Arte - Portal Tela Portugal\",\"isPartOf\":{\"@id\":\"https:\/\/portaltela.pt\/#website\"},\"primaryImageOfPage\":{\"@id\":\"https:\/\/portaltela.pt\/noticias\/2026\/01\/26\/maria-de-lurdes-bebiano-apresenta-pintura-e-bordados-em-elvas-no-stand-arte\/#primaryimage\"},\"image\":{\"@id\":\"https:\/\/portaltela.pt\/noticias\/2026\/01\/26\/maria-de-lurdes-bebiano-apresenta-pintura-e-bordados-em-elvas-no-stand-arte\/#primaryimage\"},\"thumbnailUrl\":\"https:\/\/portaltela.pt\/s.01k8rhncp4jt1\/2026\/01\/600985765_1291726556334529_7584429736640892122_n.jpg\",\"datePublished\":\"2026-01-26T20:09:27+00:00\",\"author\":{\"@id\":\"https:\/\/portaltela.pt\/#\/schema\/person\/c4278d4a6028830caff9ee44b42d32ed\"},\"breadcrumb\":{\"@id\":\"https:\/\/portaltela.pt\/noticias\/2026\/01\/26\/maria-de-lurdes-bebiano-apresenta-pintura-e-bordados-em-elvas-no-stand-arte\/#breadcrumb\"},\"inLanguage\":\"pt-PT\",\"potentialAction\":[{\"@type\":\"ReadAction\",\"target\":[\"https:\/\/portaltela.pt\/noticias\/2026\/01\/26\/maria-de-lurdes-bebiano-apresenta-pintura-e-bordados-em-elvas-no-stand-arte\/\"]}]},{\"@type\":\"ImageObject\",\"inLanguage\":\"pt-PT\",\"@id\":\"https:\/\/portaltela.pt\/noticias\/2026\/01\/26\/maria-de-lurdes-bebiano-apresenta-pintura-e-bordados-em-elvas-no-stand-arte\/#primaryimage\",\"url\":\"https:\/\/portaltela.pt\/s.01k8rhncp4jt1\/2026\/01\/600985765_1291726556334529_7584429736640892122_n.jpg\",\"contentUrl\":\"https:\/\/portaltela.pt\/s.01k8rhncp4jt1\/2026\/01\/600985765_1291726556334529_7584429736640892122_n.jpg\",\"width\":796,\"height\":448,\"caption\":\"Arte em Elvas: Maria de Lurdes Bebiano apresenta pintura e bordados no espa\u00e7o Stand\u2019Arte\"},{\"@type\":\"BreadcrumbList\",\"@id\":\"https:\/\/portaltela.pt\/noticias\/2026\/01\/26\/maria-de-lurdes-bebiano-apresenta-pintura-e-bordados-em-elvas-no-stand-arte\/#breadcrumb\",\"itemListElement\":[{\"@type\":\"ListItem\",\"position\":1,\"name\":\"In\u00edcio\",\"item\":\"https:\/\/portaltela.pt\/\"},{\"@type\":\"ListItem\",\"position\":2,\"name\":\"Maria de Lurdes Bebiano apresenta pintura e bordados em Elvas no Stand\u2019Arte\"}]},{\"@type\":\"WebSite\",\"@id\":\"https:\/\/portaltela.pt\/#website\",\"url\":\"https:\/\/portaltela.pt\/\",\"name\":\"Portal Tela Portugal\",\"description\":\"\",\"potentialAction\":[{\"@type\":\"SearchAction\",\"target\":{\"@type\":\"EntryPoint\",\"urlTemplate\":\"https:\/\/portaltela.pt\/?s={search_term_string}\"},\"query-input\":{\"@type\":\"PropertyValueSpecification\",\"valueRequired\":true,\"valueName\":\"search_term_string\"}}],\"inLanguage\":\"pt-PT\"},{\"@type\":\"Person\",\"@id\":\"https:\/\/portaltela.pt\/#\/schema\/person\/c4278d4a6028830caff9ee44b42d32ed\",\"name\":\"Telinha\",\"image\":{\"@type\":\"ImageObject\",\"inLanguage\":\"pt-PT\",\"@id\":\"https:\/\/portaltela.pt\/s.01k8rhncp4jt1\/2025\/11\/talking-bot-125x125.png\",\"url\":\"https:\/\/portaltela.pt\/s.01k8rhncp4jt1\/2025\/11\/talking-bot-125x125.png\",\"contentUrl\":\"https:\/\/portaltela.pt\/s.01k8rhncp4jt1\/2025\/11\/talking-bot-125x125.png\",\"caption\":\"Telinha\"},\"sameAs\":[\"https:\/\/portaltela.pt\/\"],\"url\":\"https:\/\/portaltela.pt\/por\/367410592786\/\"}]}<\/script>\n<!-- \/ Yoast SEO plugin. -->","yoast_head_json":{"title":"Maria de Lurdes Bebiano apresenta pintura e bordados em Elvas no Stand\u2019Arte - Portal Tela Portugal","robots":{"index":"index","follow":"follow","max-snippet":"max-snippet:-1","max-image-preview":"max-image-preview:large","max-video-preview":"max-video-preview:-1"},"og_locale":"pt_PT","og_type":"article","og_title":"Maria de Lurdes Bebiano apresenta pintura e bordados em Elvas no Stand\u2019Arte - Portal Tela Portugal","og_description":"Em Elvas, no Stand\u2019Arte, abriu-se a exposi\u00e7\u00e3o \u201cPontos de Luz\u201d da artista Maria de Lurdes Bebiano, no s\u00e1bado, 24 de janeiro, marcando a estreia da autora. A mostra junta pintura em \u00f3leo, bordados de Castelo Branco e registos religiosos, cruzando t\u00e9cnicas de pintura com artes decorativas portuguesas. A curadoria destaca a versatilidade da exposi\u00e7\u00e3o, repartida em tr\u00eas \u00e1reas que refletem o percurso criativo da artista. A sess\u00e3o de abertura contou com a presen\u00e7a de Cl\u00e1udio Monteiro, chefe de gabinete da Presid\u00eancia, em representa\u00e7\u00e3o da C\u00e2mara Municipal de Elvas. \u201cPontos de Luz\u201d fica patente no Stand\u2019Arte at\u00e9 ao domingo 1 de fevereiro, com hor\u00e1rios p\u00f3s-laborais durante a semana e per\u00edodos da manh\u00e3 e tarde no fim de semana.","og_url":"https:\/\/portaltela.pt\/noticias\/2026\/01\/26\/maria-de-lurdes-bebiano-apresenta-pintura-e-bordados-em-elvas-no-stand-arte\/","og_site_name":"Portal Tela Portugal","article_published_time":"2026-01-26T20:09:27+00:00","author":"Telinha","twitter_card":"summary_large_image","twitter_misc":{"Escrito por":"Telinha","Tempo estimado de leitura":"1 minuto"},"schema":{"@context":"https:\/\/schema.org","@graph":[{"@type":"Article","@id":"https:\/\/portaltela.pt\/noticias\/2026\/01\/26\/maria-de-lurdes-bebiano-apresenta-pintura-e-bordados-em-elvas-no-stand-arte\/#article","isPartOf":{"@id":"https:\/\/portaltela.pt\/noticias\/2026\/01\/26\/maria-de-lurdes-bebiano-apresenta-pintura-e-bordados-em-elvas-no-stand-arte\/"},"author":{"name":"Telinha","@id":"https:\/\/portaltela.pt\/#\/schema\/person\/c4278d4a6028830caff9ee44b42d32ed"},"headline":"Maria de Lurdes Bebiano apresenta pintura e bordados em Elvas no Stand\u2019Arte","datePublished":"2026-01-26T20:09:27+00:00","mainEntityOfPage":{"@id":"https:\/\/portaltela.pt\/noticias\/2026\/01\/26\/maria-de-lurdes-bebiano-apresenta-pintura-e-bordados-em-elvas-no-stand-arte\/"},"wordCount":231,"image":{"@id":"https:\/\/portaltela.pt\/noticias\/2026\/01\/26\/maria-de-lurdes-bebiano-apresenta-pintura-e-bordados-em-elvas-no-stand-arte\/#primaryimage"},"thumbnailUrl":"https:\/\/portaltela.pt\/s.01k8rhncp4jt1\/2026\/01\/600985765_1291726556334529_7584429736640892122_n.jpg","keywords":["Alentejo","arte","bordados","Castelo Branco","Elvas","pintura"],"articleSection":["Not\u00edcias"],"inLanguage":"pt-PT"},{"@type":"WebPage","@id":"https:\/\/portaltela.pt\/noticias\/2026\/01\/26\/maria-de-lurdes-bebiano-apresenta-pintura-e-bordados-em-elvas-no-stand-arte\/","url":"https:\/\/portaltela.pt\/noticias\/2026\/01\/26\/maria-de-lurdes-bebiano-apresenta-pintura-e-bordados-em-elvas-no-stand-arte\/","name":"Maria de Lurdes Bebiano apresenta pintura e bordados em Elvas no Stand\u2019Arte - Portal Tela Portugal","isPartOf":{"@id":"https:\/\/portaltela.pt\/#website"},"primaryImageOfPage":{"@id":"https:\/\/portaltela.pt\/noticias\/2026\/01\/26\/maria-de-lurdes-bebiano-apresenta-pintura-e-bordados-em-elvas-no-stand-arte\/#primaryimage"},"image":{"@id":"https:\/\/portaltela.pt\/noticias\/2026\/01\/26\/maria-de-lurdes-bebiano-apresenta-pintura-e-bordados-em-elvas-no-stand-arte\/#primaryimage"},"thumbnailUrl":"https:\/\/portaltela.pt\/s.01k8rhncp4jt1\/2026\/01\/600985765_1291726556334529_7584429736640892122_n.jpg","datePublished":"2026-01-26T20:09:27+00:00","author":{"@id":"https:\/\/portaltela.pt\/#\/schema\/person\/c4278d4a6028830caff9ee44b42d32ed"},"breadcrumb":{"@id":"https:\/\/portaltela.pt\/noticias\/2026\/01\/26\/maria-de-lurdes-bebiano-apresenta-pintura-e-bordados-em-elvas-no-stand-arte\/#breadcrumb"},"inLanguage":"pt-PT","potentialAction":[{"@type":"ReadAction","target":["https:\/\/portaltela.pt\/noticias\/2026\/01\/26\/maria-de-lurdes-bebiano-apresenta-pintura-e-bordados-em-elvas-no-stand-arte\/"]}]},{"@type":"ImageObject","inLanguage":"pt-PT","@id":"https:\/\/portaltela.pt\/noticias\/2026\/01\/26\/maria-de-lurdes-bebiano-apresenta-pintura-e-bordados-em-elvas-no-stand-arte\/#primaryimage","url":"https:\/\/portaltela.pt\/s.01k8rhncp4jt1\/2026\/01\/600985765_1291726556334529_7584429736640892122_n.jpg","contentUrl":"https:\/\/portaltela.pt\/s.01k8rhncp4jt1\/2026\/01\/600985765_1291726556334529_7584429736640892122_n.jpg","width":796,"height":448,"caption":"Arte em Elvas: Maria de Lurdes Bebiano apresenta pintura e bordados no espa\u00e7o Stand\u2019Arte"},{"@type":"BreadcrumbList","@id":"https:\/\/portaltela.pt\/noticias\/2026\/01\/26\/maria-de-lurdes-bebiano-apresenta-pintura-e-bordados-em-elvas-no-stand-arte\/#breadcrumb","itemListElement":[{"@type":"ListItem","position":1,"name":"In\u00edcio","item":"https:\/\/portaltela.pt\/"},{"@type":"ListItem","position":2,"name":"Maria de Lurdes Bebiano apresenta pintura e bordados em Elvas no Stand\u2019Arte"}]},{"@type":"WebSite","@id":"https:\/\/portaltela.pt\/#website","url":"https:\/\/portaltela.pt\/","name":"Portal Tela Portugal","description":"","potentialAction":[{"@type":"SearchAction","target":{"@type":"EntryPoint","urlTemplate":"https:\/\/portaltela.pt\/?s={search_term_string}"},"query-input":{"@type":"PropertyValueSpecification","valueRequired":true,"valueName":"search_term_string"}}],"inLanguage":"pt-PT"},{"@type":"Person","@id":"https:\/\/portaltela.pt\/#\/schema\/person\/c4278d4a6028830caff9ee44b42d32ed","name":"Telinha","image":{"@type":"ImageObject","inLanguage":"pt-PT","@id":"https:\/\/portaltela.pt\/s.01k8rhncp4jt1\/2025\/11\/talking-bot-125x125.png","url":"https:\/\/portaltela.pt\/s.01k8rhncp4jt1\/2025\/11\/talking-bot-125x125.png","contentUrl":"https:\/\/portaltela.pt\/s.01k8rhncp4jt1\/2025\/11\/talking-bot-125x125.png","caption":"Telinha"},"sameAs":["https:\/\/portaltela.pt\/"],"url":"https:\/\/portaltela.pt\/por\/367410592786\/"}]}},"_links":{"self":[{"href":"https:\/\/portaltela.pt\/api\/wp\/v2\/posts\/175261","targetHints":{"allow":["GET"]}}],"collection":[{"href":"https:\/\/portaltela.pt\/api\/wp\/v2\/posts"}],"about":[{"href":"https:\/\/portaltela.pt\/api\/wp\/v2\/types\/post"}],"author":[{"embeddable":true,"href":"https:\/\/portaltela.pt\/api\/wp\/v2\/users\/2"}],"replies":[{"embeddable":true,"href":"https:\/\/portaltela.pt\/api\/wp\/v2\/comments?post=175261"}],"version-history":[{"count":0,"href":"https:\/\/portaltela.pt\/api\/wp\/v2\/posts\/175261\/revisions"}],"wp:featuredmedia":[{"embeddable":true,"href":"https:\/\/portaltela.pt\/api\/wp\/v2\/media\/175282"}],"wp:attachment":[{"href":"https:\/\/portaltela.pt\/api\/wp\/v2\/media?parent=175261"}],"wp:term":[{"taxonomy":"category","embeddable":true,"href":"https:\/\/portaltela.pt\/api\/wp\/v2\/categories?post=175261"},{"taxonomy":"post_tag","embeddable":true,"href":"https:\/\/portaltela.pt\/api\/wp\/v2\/tags?post=175261"}],"curies":[{"name":"wp","href":"https:\/\/api.w.org\/{rel}","templated":true}]}}