{"id":175242,"date":"2026-01-26T17:43:00","date_gmt":"2026-01-26T20:43:00","guid":{"rendered":"https:\/\/portaltela.pt\/noticias\/2026\/01\/26\/cgtp-critica-ventura-e-pede-a-derrota-do-candidato\/"},"modified":"2026-01-26T17:43:00","modified_gmt":"2026-01-26T20:43:00","slug":"cgtp-critica-ventura-e-pede-a-derrota-do-candidato","status":"publish","type":"post","link":"https:\/\/portaltela.pt\/noticias\/2026\/01\/26\/cgtp-critica-ventura-e-pede-a-derrota-do-candidato\/","title":{"rendered":"CGTP critica Ventura e pede a derrota do candidato"},"content":{"rendered":"<p>A CGTP-IN criticou nesta segunda-feira a ret\u00f3rica usada no debate presidencial e pediu aos trabalhadores para derrotar propostas que, segundo a organiza\u00e7\u00e3o, promovem a divis\u00e3o entre quem trabalha. O apelo surge no contexto da segunda volta entre Ant\u00f3nio Jos\u00e9 Seguro e Andr\u00e9 Ventura.<\/p>\n<p>O secret\u00e1rio-geral da CGTP-IN, Tiago Oliveira, afirmou aos jornalistas na sede da CGTP, em Lisboa, que n\u00e3o se pode tolerar uma narrativa que responsabiliza o imigrante pelos baixos rendimentos, ao inv\u00e9s de atacar as pr\u00e1ticas patronais que geram lucros. A interven\u00e7\u00e3o n\u00e3o mencionou explicitamente Ventura.<\/p>\n<p>Tiago Oliveira refor\u00e7ou que a luta \u00e9 pela dignidade do trabalho e pela igualdade de condi\u00e7\u00f5es para todos os trabalhadores, independentemente da origem. O dirigente citou o apoio a quem est\u00e1 na linha da frente e destacou a necessidade de defender direitos laborais.<\/p>\n<p>Ap\u00f3s reuni\u00e3o com Jos\u00e9 Manuel Pureza, do Bloco de Esquerda, a CGTP anunciou que espera que o anteprojeto do Governo sobre altera\u00e7\u00e3o \u00e0 legisla\u00e7\u00e3o laboral seja cumprido. O l\u00edder sindical questionou o compromisso de Seguro com o pacote laboral, caso seja eleito Presidente.<\/p>\n<p>O sindicalista lembrou que, numa recente reuni\u00e3o com o primeiro-ministro, foi poss\u00edvel desconstruir parte do que o Governo apresentou. A ministra do Trabalho, por sua vez, disse que a discuss\u00e3o sobre a concerta\u00e7\u00e3o n\u00e3o ser\u00e1 eternizada, e poder\u00e1 seguir para a Assembleia da Rep\u00fablica.<\/p>\n<p>Tiago Oliveira apontou que o Governo tem uma agenda pol\u00edtica, mas a CGTP aposta na mobiliza\u00e7\u00e3o dos trabalhadores como fator decisivo. Foi anunciada uma manifesta\u00e7\u00e3o nacional no dia 28 de fevereiro, em Lisboa e no Porto, para exigir altera\u00e7\u00f5es ao pacote laboral.<\/p>\n<p>O discurso da CGTP tamb\u00e9m incidiu sobre a atua\u00e7\u00e3o de quem lidera o executivo. A organiza\u00e7\u00e3o afirmou que o momento exige foco nas condi\u00e7\u00f5es dos trabalhadores, n\u00e3o em divergir com propostas que possam agravar a desigualdade.<\/p>\n","protected":false},"excerpt":{"rendered":"<ul>\n<li>A CGTP-IN pediu aos trabalhadores para derrotarem, nas presidenciais, o candidato que utiliza uma ret\u00f3rica de dividir trabalhadores e de culpar imigrantes, sem mencionar directamente Andr\u00e9 Ventura.<\/li>\n<li>Tiago Oliveira disse que \u00e9 preciso combater essa narrativa e que todos os trabalhadores, independentemente da origem, devem lutar pela melhoria das suas condi\u00e7\u00f5es.<\/li>\n<li>O dirigente desafiou Ant\u00f3nio Jos\u00e9 Seguro a manter coer\u00eancia com as promessas do pacote laboral caso seja eleito presidente da Rep\u00fablica.<\/li>\n<li>A CGTP afirmou ter mais de uma vez tido reuni\u00e3o com o primeiro-ministro e criticou a posi\u00e7\u00e3o do Governo sobre a concerta\u00e7\u00e3o social, com a ministra a dizer que n\u00e3o vai eternizar a discuss\u00e3o.<\/li>\n<li>Foi anunciada uma manifesta\u00e7\u00e3o nacional para 28 de fevereiro, em Lisboa e no Porto, contra o pacote laboral.<\/li>\n<\/ul>\n","protected":false},"author":2,"featured_media":175245,"comment_status":"closed","ping_status":"closed","sticky":false,"template":"","format":"standard","meta":{"footnotes":""},"categories":[1],"tags":[3075,2862,1004,712,2832,2201],"class_list":["post-175242","post","type-post","status-publish","format-standard","has-post-thumbnail","hentry","category-noticias","tag-cgtp","tag-desigualdades-salariais","tag-direitos-laborais","tag-imigracao","tag-politica","tag-trabalho"],"yoast_head":"<!-- This site is optimized with the Yoast SEO plugin v27.2 - https:\/\/yoast.com\/product\/yoast-seo-wordpress\/ -->\n<title>CGTP critica Ventura e pede a derrota do candidato - Portal Tela Portugal<\/title>\n<meta name=\"robots\" content=\"index, follow, max-snippet:-1, max-image-preview:large, max-video-preview:-1\" \/>\n<meta property=\"og:locale\" content=\"pt_PT\" \/>\n<meta property=\"og:type\" content=\"article\" \/>\n<meta property=\"og:title\" content=\"CGTP critica Ventura e pede a derrota do candidato - Portal Tela Portugal\" \/>\n<meta property=\"og:description\" content=\"A CGTP-IN pediu aos trabalhadores para derrotarem, nas presidenciais, o candidato que utiliza uma ret\u00f3rica de dividir trabalhadores e de culpar imigrantes, sem mencionar directamente Andr\u00e9 Ventura. Tiago Oliveira disse que \u00e9 preciso combater essa narrativa e que todos os trabalhadores, independentemente da origem, devem lutar pela melhoria das suas condi\u00e7\u00f5es. O dirigente desafiou Ant\u00f3nio Jos\u00e9 Seguro a manter coer\u00eancia com as promessas do pacote laboral caso seja eleito presidente da Rep\u00fablica. A CGTP afirmou ter mais de uma vez tido reuni\u00e3o com o primeiro-ministro e criticou a posi\u00e7\u00e3o do Governo sobre a concerta\u00e7\u00e3o social, com a ministra a dizer que n\u00e3o vai eternizar a discuss\u00e3o. Foi anunciada uma manifesta\u00e7\u00e3o nacional para 28 de fevereiro, em Lisboa e no Porto, contra o pacote laboral.\" \/>\n<meta property=\"og:url\" content=\"https:\/\/portaltela.pt\/noticias\/2026\/01\/26\/cgtp-critica-ventura-e-pede-a-derrota-do-candidato\/\" \/>\n<meta property=\"og:site_name\" content=\"Portal Tela Portugal\" \/>\n<meta property=\"article:published_time\" content=\"2026-01-26T20:43:00+00:00\" \/>\n<meta name=\"author\" content=\"Telinha\" \/>\n<meta name=\"twitter:card\" content=\"summary_large_image\" \/>\n<meta name=\"twitter:label1\" content=\"Escrito por\" \/>\n\t<meta name=\"twitter:data1\" content=\"Telinha\" \/>\n\t<meta name=\"twitter:label2\" content=\"Tempo estimado de leitura\" \/>\n\t<meta name=\"twitter:data2\" content=\"2 minutos\" \/>\n<script type=\"application\/ld+json\" class=\"yoast-schema-graph\">{\"@context\":\"https:\/\/schema.org\",\"@graph\":[{\"@type\":\"Article\",\"@id\":\"https:\/\/portaltela.pt\/noticias\/2026\/01\/26\/cgtp-critica-ventura-e-pede-a-derrota-do-candidato\/#article\",\"isPartOf\":{\"@id\":\"https:\/\/portaltela.pt\/noticias\/2026\/01\/26\/cgtp-critica-ventura-e-pede-a-derrota-do-candidato\/\"},\"author\":{\"name\":\"Telinha\",\"@id\":\"https:\/\/portaltela.pt\/#\/schema\/person\/c4278d4a6028830caff9ee44b42d32ed\"},\"headline\":\"CGTP critica Ventura e pede a derrota do candidato\",\"datePublished\":\"2026-01-26T20:43:00+00:00\",\"mainEntityOfPage\":{\"@id\":\"https:\/\/portaltela.pt\/noticias\/2026\/01\/26\/cgtp-critica-ventura-e-pede-a-derrota-do-candidato\/\"},\"wordCount\":334,\"image\":{\"@id\":\"https:\/\/portaltela.pt\/noticias\/2026\/01\/26\/cgtp-critica-ventura-e-pede-a-derrota-do-candidato\/#primaryimage\"},\"thumbnailUrl\":\"https:\/\/portaltela.pt\/s.01k8rhncp4jt1\/2026\/01\/seguro_outline_cor-124.jpg\",\"keywords\":[\"CGTP\",\"desigualdades salariais\",\"direitos laborais\",\"imigra\u00e7\u00e3o\",\"pol\u00edtica\",\"trabalho\"],\"articleSection\":[\"Not\u00edcias\"],\"inLanguage\":\"pt-PT\"},{\"@type\":\"WebPage\",\"@id\":\"https:\/\/portaltela.pt\/noticias\/2026\/01\/26\/cgtp-critica-ventura-e-pede-a-derrota-do-candidato\/\",\"url\":\"https:\/\/portaltela.pt\/noticias\/2026\/01\/26\/cgtp-critica-ventura-e-pede-a-derrota-do-candidato\/\",\"name\":\"CGTP critica Ventura e pede a derrota do candidato - Portal Tela Portugal\",\"isPartOf\":{\"@id\":\"https:\/\/portaltela.pt\/#website\"},\"primaryImageOfPage\":{\"@id\":\"https:\/\/portaltela.pt\/noticias\/2026\/01\/26\/cgtp-critica-ventura-e-pede-a-derrota-do-candidato\/#primaryimage\"},\"image\":{\"@id\":\"https:\/\/portaltela.pt\/noticias\/2026\/01\/26\/cgtp-critica-ventura-e-pede-a-derrota-do-candidato\/#primaryimage\"},\"thumbnailUrl\":\"https:\/\/portaltela.pt\/s.01k8rhncp4jt1\/2026\/01\/seguro_outline_cor-124.jpg\",\"datePublished\":\"2026-01-26T20:43:00+00:00\",\"author\":{\"@id\":\"https:\/\/portaltela.pt\/#\/schema\/person\/c4278d4a6028830caff9ee44b42d32ed\"},\"breadcrumb\":{\"@id\":\"https:\/\/portaltela.pt\/noticias\/2026\/01\/26\/cgtp-critica-ventura-e-pede-a-derrota-do-candidato\/#breadcrumb\"},\"inLanguage\":\"pt-PT\",\"potentialAction\":[{\"@type\":\"ReadAction\",\"target\":[\"https:\/\/portaltela.pt\/noticias\/2026\/01\/26\/cgtp-critica-ventura-e-pede-a-derrota-do-candidato\/\"]}]},{\"@type\":\"ImageObject\",\"inLanguage\":\"pt-PT\",\"@id\":\"https:\/\/portaltela.pt\/noticias\/2026\/01\/26\/cgtp-critica-ventura-e-pede-a-derrota-do-candidato\/#primaryimage\",\"url\":\"https:\/\/portaltela.pt\/s.01k8rhncp4jt1\/2026\/01\/seguro_outline_cor-124.jpg\",\"contentUrl\":\"https:\/\/portaltela.pt\/s.01k8rhncp4jt1\/2026\/01\/seguro_outline_cor-124.jpg\",\"width\":796,\"height\":448,\"caption\":\"Photo\"},{\"@type\":\"BreadcrumbList\",\"@id\":\"https:\/\/portaltela.pt\/noticias\/2026\/01\/26\/cgtp-critica-ventura-e-pede-a-derrota-do-candidato\/#breadcrumb\",\"itemListElement\":[{\"@type\":\"ListItem\",\"position\":1,\"name\":\"In\u00edcio\",\"item\":\"https:\/\/portaltela.pt\/\"},{\"@type\":\"ListItem\",\"position\":2,\"name\":\"CGTP critica Ventura e pede a derrota do candidato\"}]},{\"@type\":\"WebSite\",\"@id\":\"https:\/\/portaltela.pt\/#website\",\"url\":\"https:\/\/portaltela.pt\/\",\"name\":\"Portal Tela Portugal\",\"description\":\"\",\"potentialAction\":[{\"@type\":\"SearchAction\",\"target\":{\"@type\":\"EntryPoint\",\"urlTemplate\":\"https:\/\/portaltela.pt\/?s={search_term_string}\"},\"query-input\":{\"@type\":\"PropertyValueSpecification\",\"valueRequired\":true,\"valueName\":\"search_term_string\"}}],\"inLanguage\":\"pt-PT\"},{\"@type\":\"Person\",\"@id\":\"https:\/\/portaltela.pt\/#\/schema\/person\/c4278d4a6028830caff9ee44b42d32ed\",\"name\":\"Telinha\",\"image\":{\"@type\":\"ImageObject\",\"inLanguage\":\"pt-PT\",\"@id\":\"https:\/\/portaltela.pt\/s.01k8rhncp4jt1\/2025\/11\/talking-bot-125x125.png\",\"url\":\"https:\/\/portaltela.pt\/s.01k8rhncp4jt1\/2025\/11\/talking-bot-125x125.png\",\"contentUrl\":\"https:\/\/portaltela.pt\/s.01k8rhncp4jt1\/2025\/11\/talking-bot-125x125.png\",\"caption\":\"Telinha\"},\"sameAs\":[\"https:\/\/portaltela.pt\/\"],\"url\":\"https:\/\/portaltela.pt\/por\/367410592786\/\"}]}<\/script>\n<!-- \/ Yoast SEO plugin. -->","yoast_head_json":{"title":"CGTP critica Ventura e pede a derrota do candidato - Portal Tela Portugal","robots":{"index":"index","follow":"follow","max-snippet":"max-snippet:-1","max-image-preview":"max-image-preview:large","max-video-preview":"max-video-preview:-1"},"og_locale":"pt_PT","og_type":"article","og_title":"CGTP critica Ventura e pede a derrota do candidato - Portal Tela Portugal","og_description":"A CGTP-IN pediu aos trabalhadores para derrotarem, nas presidenciais, o candidato que utiliza uma ret\u00f3rica de dividir trabalhadores e de culpar imigrantes, sem mencionar directamente Andr\u00e9 Ventura. Tiago Oliveira disse que \u00e9 preciso combater essa narrativa e que todos os trabalhadores, independentemente da origem, devem lutar pela melhoria das suas condi\u00e7\u00f5es. O dirigente desafiou Ant\u00f3nio Jos\u00e9 Seguro a manter coer\u00eancia com as promessas do pacote laboral caso seja eleito presidente da Rep\u00fablica. A CGTP afirmou ter mais de uma vez tido reuni\u00e3o com o primeiro-ministro e criticou a posi\u00e7\u00e3o do Governo sobre a concerta\u00e7\u00e3o social, com a ministra a dizer que n\u00e3o vai eternizar a discuss\u00e3o. Foi anunciada uma manifesta\u00e7\u00e3o nacional para 28 de fevereiro, em Lisboa e no Porto, contra o pacote laboral.","og_url":"https:\/\/portaltela.pt\/noticias\/2026\/01\/26\/cgtp-critica-ventura-e-pede-a-derrota-do-candidato\/","og_site_name":"Portal Tela Portugal","article_published_time":"2026-01-26T20:43:00+00:00","author":"Telinha","twitter_card":"summary_large_image","twitter_misc":{"Escrito por":"Telinha","Tempo estimado de leitura":"2 minutos"},"schema":{"@context":"https:\/\/schema.org","@graph":[{"@type":"Article","@id":"https:\/\/portaltela.pt\/noticias\/2026\/01\/26\/cgtp-critica-ventura-e-pede-a-derrota-do-candidato\/#article","isPartOf":{"@id":"https:\/\/portaltela.pt\/noticias\/2026\/01\/26\/cgtp-critica-ventura-e-pede-a-derrota-do-candidato\/"},"author":{"name":"Telinha","@id":"https:\/\/portaltela.pt\/#\/schema\/person\/c4278d4a6028830caff9ee44b42d32ed"},"headline":"CGTP critica Ventura e pede a derrota do candidato","datePublished":"2026-01-26T20:43:00+00:00","mainEntityOfPage":{"@id":"https:\/\/portaltela.pt\/noticias\/2026\/01\/26\/cgtp-critica-ventura-e-pede-a-derrota-do-candidato\/"},"wordCount":334,"image":{"@id":"https:\/\/portaltela.pt\/noticias\/2026\/01\/26\/cgtp-critica-ventura-e-pede-a-derrota-do-candidato\/#primaryimage"},"thumbnailUrl":"https:\/\/portaltela.pt\/s.01k8rhncp4jt1\/2026\/01\/seguro_outline_cor-124.jpg","keywords":["CGTP","desigualdades salariais","direitos laborais","imigra\u00e7\u00e3o","pol\u00edtica","trabalho"],"articleSection":["Not\u00edcias"],"inLanguage":"pt-PT"},{"@type":"WebPage","@id":"https:\/\/portaltela.pt\/noticias\/2026\/01\/26\/cgtp-critica-ventura-e-pede-a-derrota-do-candidato\/","url":"https:\/\/portaltela.pt\/noticias\/2026\/01\/26\/cgtp-critica-ventura-e-pede-a-derrota-do-candidato\/","name":"CGTP critica Ventura e pede a derrota do candidato - Portal Tela Portugal","isPartOf":{"@id":"https:\/\/portaltela.pt\/#website"},"primaryImageOfPage":{"@id":"https:\/\/portaltela.pt\/noticias\/2026\/01\/26\/cgtp-critica-ventura-e-pede-a-derrota-do-candidato\/#primaryimage"},"image":{"@id":"https:\/\/portaltela.pt\/noticias\/2026\/01\/26\/cgtp-critica-ventura-e-pede-a-derrota-do-candidato\/#primaryimage"},"thumbnailUrl":"https:\/\/portaltela.pt\/s.01k8rhncp4jt1\/2026\/01\/seguro_outline_cor-124.jpg","datePublished":"2026-01-26T20:43:00+00:00","author":{"@id":"https:\/\/portaltela.pt\/#\/schema\/person\/c4278d4a6028830caff9ee44b42d32ed"},"breadcrumb":{"@id":"https:\/\/portaltela.pt\/noticias\/2026\/01\/26\/cgtp-critica-ventura-e-pede-a-derrota-do-candidato\/#breadcrumb"},"inLanguage":"pt-PT","potentialAction":[{"@type":"ReadAction","target":["https:\/\/portaltela.pt\/noticias\/2026\/01\/26\/cgtp-critica-ventura-e-pede-a-derrota-do-candidato\/"]}]},{"@type":"ImageObject","inLanguage":"pt-PT","@id":"https:\/\/portaltela.pt\/noticias\/2026\/01\/26\/cgtp-critica-ventura-e-pede-a-derrota-do-candidato\/#primaryimage","url":"https:\/\/portaltela.pt\/s.01k8rhncp4jt1\/2026\/01\/seguro_outline_cor-124.jpg","contentUrl":"https:\/\/portaltela.pt\/s.01k8rhncp4jt1\/2026\/01\/seguro_outline_cor-124.jpg","width":796,"height":448,"caption":"Photo"},{"@type":"BreadcrumbList","@id":"https:\/\/portaltela.pt\/noticias\/2026\/01\/26\/cgtp-critica-ventura-e-pede-a-derrota-do-candidato\/#breadcrumb","itemListElement":[{"@type":"ListItem","position":1,"name":"In\u00edcio","item":"https:\/\/portaltela.pt\/"},{"@type":"ListItem","position":2,"name":"CGTP critica Ventura e pede a derrota do candidato"}]},{"@type":"WebSite","@id":"https:\/\/portaltela.pt\/#website","url":"https:\/\/portaltela.pt\/","name":"Portal Tela Portugal","description":"","potentialAction":[{"@type":"SearchAction","target":{"@type":"EntryPoint","urlTemplate":"https:\/\/portaltela.pt\/?s={search_term_string}"},"query-input":{"@type":"PropertyValueSpecification","valueRequired":true,"valueName":"search_term_string"}}],"inLanguage":"pt-PT"},{"@type":"Person","@id":"https:\/\/portaltela.pt\/#\/schema\/person\/c4278d4a6028830caff9ee44b42d32ed","name":"Telinha","image":{"@type":"ImageObject","inLanguage":"pt-PT","@id":"https:\/\/portaltela.pt\/s.01k8rhncp4jt1\/2025\/11\/talking-bot-125x125.png","url":"https:\/\/portaltela.pt\/s.01k8rhncp4jt1\/2025\/11\/talking-bot-125x125.png","contentUrl":"https:\/\/portaltela.pt\/s.01k8rhncp4jt1\/2025\/11\/talking-bot-125x125.png","caption":"Telinha"},"sameAs":["https:\/\/portaltela.pt\/"],"url":"https:\/\/portaltela.pt\/por\/367410592786\/"}]}},"_links":{"self":[{"href":"https:\/\/portaltela.pt\/api\/wp\/v2\/posts\/175242","targetHints":{"allow":["GET"]}}],"collection":[{"href":"https:\/\/portaltela.pt\/api\/wp\/v2\/posts"}],"about":[{"href":"https:\/\/portaltela.pt\/api\/wp\/v2\/types\/post"}],"author":[{"embeddable":true,"href":"https:\/\/portaltela.pt\/api\/wp\/v2\/users\/2"}],"replies":[{"embeddable":true,"href":"https:\/\/portaltela.pt\/api\/wp\/v2\/comments?post=175242"}],"version-history":[{"count":0,"href":"https:\/\/portaltela.pt\/api\/wp\/v2\/posts\/175242\/revisions"}],"wp:featuredmedia":[{"embeddable":true,"href":"https:\/\/portaltela.pt\/api\/wp\/v2\/media\/175245"}],"wp:attachment":[{"href":"https:\/\/portaltela.pt\/api\/wp\/v2\/media?parent=175242"}],"wp:term":[{"taxonomy":"category","embeddable":true,"href":"https:\/\/portaltela.pt\/api\/wp\/v2\/categories?post=175242"},{"taxonomy":"post_tag","embeddable":true,"href":"https:\/\/portaltela.pt\/api\/wp\/v2\/tags?post=175242"}],"curies":[{"name":"wp","href":"https:\/\/api.w.org\/{rel}","templated":true}]}}