{"id":175234,"date":"2026-01-26T17:16:11","date_gmt":"2026-01-26T20:16:11","guid":{"rendered":"https:\/\/portaltela.pt\/noticias\/2026\/01\/26\/madalena-lajes-do-pico-e-santa-cruz-da-graciosa-fecham-vias-na-orla-costeira\/"},"modified":"2026-01-26T17:16:11","modified_gmt":"2026-01-26T20:16:11","slug":"madalena-lajes-do-pico-e-santa-cruz-da-graciosa-fecham-vias-na-orla-costeira","status":"publish","type":"post","link":"https:\/\/portaltela.pt\/noticias\/2026\/01\/26\/madalena-lajes-do-pico-e-santa-cruz-da-graciosa-fecham-vias-na-orla-costeira\/","title":{"rendered":"Madalena, Lajes do Pico e Santa Cruz da Graciosa fecham vias na orla costeira"},"content":{"rendered":"<p>As vias rodovi\u00e1rias junto \u00e0 orla costeira de Madalena, Lajes do Pico e Santa Cruz da Graciosa v\u00e3o permanecer encerradas temporariamente devido ao mau tempo provocado pela depress\u00e3o Joseph. As c\u00e2maras dos A\u00e7ores anunciaram as medidas nesta segunda-feira.<\/p>\n<p>Em Madalena, a circula\u00e7\u00e3o autom\u00f3vel ficou interrompida a partir de hoje nos acessos ao porto: Cais do Mourato, Barca, Areia Larga e Lajido da Cria\u00e7\u00e3o Velha. A autarquia aconselha evitar passeios costeiros e atividades \u00e0 beira-mar, com aten\u00e7\u00e3o ao risco de \u00e1gua atingir zonas consideradas seguras.<\/p>\n<p>Em Lajes do Pico, o encerramento temporal abrange o tro\u00e7o entre o Largo do Calhau da Piedade e o Caminho do Po\u00e7o. A medida vigora das 14h locais de hoje at\u00e9 \u00e0s 08h de quarta-feira, justificando-se pelo risco elevado para pessoas e bens devido \u00e0 forte agita\u00e7\u00e3o mar\u00edtima.<\/p>\n<h3>Medidas adicionais na ilha do Pico<\/h3>\n<p>S\u00e3o Roque do Pico n\u00e3o registou encerramentos rodovi\u00e1rios, mas a autarquia pediu refor\u00e7o na amarra\u00e7\u00e3o de embarca\u00e7\u00f5es e verifica\u00e7\u00e3o das condi\u00e7\u00f5es de seguran\u00e7a das linhas de atracagem. A popula\u00e7\u00e3o \u00e9 orientada a evitar atividades junto \u00e0 orla mar\u00edtima e a manter vigil\u00e2ncia constante.<\/p>\n<p>Na Graciosa, Santa Cruz da Graciosa decidiu encerrar ao tr\u00e2nsito as ruas Conselheiro Pedro Roberto Dias da Silva e do Degredo, entre as 23h de hoje e as 20h de ter\u00e7a-feira, at\u00e9 ao Pavilh\u00e3o Desportivo Municipal. O estacionamento no Largo Vasco da Gama fica proibido at\u00e9 quarta-feira ao fim da tarde.<\/p>\n<h3>Contexto meteorol\u00f3gico<\/h3>\n<p>A depress\u00e3o Joseph explica as condi\u00e7\u00f5es adversas que afetam os A\u00e7ores, Madeira e continente. O IPMA elevou para vermelho o aviso para os grupos Ocidental e Central, com ondas previstas at\u00e9 10 metros de altura e picos de 19 metros. O grupo Ocidental inclui Flores e Corvo, enquanto o Central abrange Graciosa, Pico, Terceira, S\u00e3o Jorge e Faial.<\/p>\n<p>Al\u00e9m do vermelho, continuam ativos avisos laranja e amarelo conforme cada ilha, refletindo riscos moderados a elevados para atividades dependentes do estado do mar e do vento. As autoridades mant\u00eam a monitoriza\u00e7\u00e3o e reiteram a necessidade de cumprimento da sinaliza\u00e7\u00e3o.<\/p>\n","protected":false},"excerpt":{"rendered":"<ul>\n<li>Madalena, Lajes do Pico e Santa Cruz da Graciosa fecham temporariamente vias na orla devido ao mau tempo causado pela depress\u00e3o Joseph, com avisos vermelhos do IPMA.<\/li>\n<li>Madalena: encerramento do acesso ao porto (Cais do Mourato, Barca, Areia Larga e Lajido da Cria\u00e7\u00e3o Velha) a partir de segunda-feira.<\/li>\n<li>Lajes do Pico: encerramento tempor\u00e1rio do tro\u00e7o entre Largo do Calhau da Piedade e Caminho do Po\u00e7o, das 14h locais de segunda-feira \u00e0s 08h de quarta-feira, por risco de agita\u00e7\u00e3o mar\u00edtima.<\/li>\n<li>Santa Cruz da Graciosa: encerramento ao tr\u00e2nsito entre 23h de segunda-feira e 20h de ter\u00e7a-feira, incluindo a restri\u00e7\u00e3o de estacionamento no Largo Vasco da Gama at\u00e9 quarta-feira \u00e0s 17h.<\/li>\n<li>S\u00e3o Roque do Pico n\u00e3o fechou vias, refor\u00e7ou amarra\u00e7\u00e3o de embarca\u00e7\u00f5es e pediu vigil\u00e2ncia; o IPMA mant\u00e9m avisos vermelhos para os grupos Ocidental e Central, com ondas at\u00e9 10 metros.<\/li>\n<\/ul>\n","protected":false},"author":2,"featured_media":175236,"comment_status":"closed","ping_status":"closed","sticky":false,"template":"","format":"standard","meta":{"footnotes":""},"categories":[1],"tags":[822,2048,1083,2791,1018,250],"class_list":["post-175234","post","type-post","status-publish","format-standard","has-post-thumbnail","hentry","category-noticias","tag-acores","tag-defesa-civil","tag-estradas","tag-graciosa","tag-pico","tag-seguranca-publica"],"yoast_head":"<!-- This site is optimized with the Yoast SEO plugin v27.2 - https:\/\/yoast.com\/product\/yoast-seo-wordpress\/ -->\n<title>Madalena, Lajes do Pico e Santa Cruz da Graciosa fecham vias na orla costeira - Portal Tela Portugal<\/title>\n<meta name=\"robots\" content=\"index, follow, max-snippet:-1, max-image-preview:large, max-video-preview:-1\" \/>\n<meta property=\"og:locale\" content=\"pt_PT\" \/>\n<meta property=\"og:type\" content=\"article\" \/>\n<meta property=\"og:title\" content=\"Madalena, Lajes do Pico e Santa Cruz da Graciosa fecham vias na orla costeira - Portal Tela Portugal\" \/>\n<meta property=\"og:description\" content=\"Madalena, Lajes do Pico e Santa Cruz da Graciosa fecham temporariamente vias na orla devido ao mau tempo causado pela depress\u00e3o Joseph, com avisos vermelhos do IPMA. Madalena: encerramento do acesso ao porto (Cais do Mourato, Barca, Areia Larga e Lajido da Cria\u00e7\u00e3o Velha) a partir de segunda-feira. Lajes do Pico: encerramento tempor\u00e1rio do tro\u00e7o entre Largo do Calhau da Piedade e Caminho do Po\u00e7o, das 14h locais de segunda-feira \u00e0s 08h de quarta-feira, por risco de agita\u00e7\u00e3o mar\u00edtima. Santa Cruz da Graciosa: encerramento ao tr\u00e2nsito entre 23h de segunda-feira e 20h de ter\u00e7a-feira, incluindo a restri\u00e7\u00e3o de estacionamento no Largo Vasco da Gama at\u00e9 quarta-feira \u00e0s 17h. S\u00e3o Roque do Pico n\u00e3o fechou vias, refor\u00e7ou amarra\u00e7\u00e3o de embarca\u00e7\u00f5es e pediu vigil\u00e2ncia; o IPMA mant\u00e9m avisos vermelhos para os grupos Ocidental e Central, com ondas at\u00e9 10 metros.\" \/>\n<meta property=\"og:url\" content=\"https:\/\/portaltela.pt\/noticias\/2026\/01\/26\/madalena-lajes-do-pico-e-santa-cruz-da-graciosa-fecham-vias-na-orla-costeira\/\" \/>\n<meta property=\"og:site_name\" content=\"Portal Tela Portugal\" \/>\n<meta property=\"article:published_time\" content=\"2026-01-26T20:16:11+00:00\" \/>\n<meta name=\"author\" content=\"Telinha\" \/>\n<meta name=\"twitter:card\" content=\"summary_large_image\" \/>\n<meta name=\"twitter:label1\" content=\"Escrito por\" \/>\n\t<meta name=\"twitter:data1\" content=\"Telinha\" \/>\n\t<meta name=\"twitter:label2\" content=\"Tempo estimado de leitura\" \/>\n\t<meta name=\"twitter:data2\" content=\"2 minutos\" \/>\n<script type=\"application\/ld+json\" class=\"yoast-schema-graph\">{\"@context\":\"https:\/\/schema.org\",\"@graph\":[{\"@type\":\"Article\",\"@id\":\"https:\/\/portaltela.pt\/noticias\/2026\/01\/26\/madalena-lajes-do-pico-e-santa-cruz-da-graciosa-fecham-vias-na-orla-costeira\/#article\",\"isPartOf\":{\"@id\":\"https:\/\/portaltela.pt\/noticias\/2026\/01\/26\/madalena-lajes-do-pico-e-santa-cruz-da-graciosa-fecham-vias-na-orla-costeira\/\"},\"author\":{\"name\":\"Telinha\",\"@id\":\"https:\/\/portaltela.pt\/#\/schema\/person\/c4278d4a6028830caff9ee44b42d32ed\"},\"headline\":\"Madalena, Lajes do Pico e Santa Cruz da Graciosa fecham vias na orla costeira\",\"datePublished\":\"2026-01-26T20:16:11+00:00\",\"mainEntityOfPage\":{\"@id\":\"https:\/\/portaltela.pt\/noticias\/2026\/01\/26\/madalena-lajes-do-pico-e-santa-cruz-da-graciosa-fecham-vias-na-orla-costeira\/\"},\"wordCount\":376,\"image\":{\"@id\":\"https:\/\/portaltela.pt\/noticias\/2026\/01\/26\/madalena-lajes-do-pico-e-santa-cruz-da-graciosa-fecham-vias-na-orla-costeira\/#primaryimage\"},\"thumbnailUrl\":\"https:\/\/portaltela.pt\/s.01k8rhncp4jt1\/2026\/01\/img_1500x1000uu2015-12-29-14-56-00-504661.jpg\",\"keywords\":[\"A\u00e7ores\",\"Defesa Civil\",\"estradas\",\"Graciosa\",\"Pico\",\"seguran\u00e7a p\u00fablica\"],\"articleSection\":[\"Not\u00edcias\"],\"inLanguage\":\"pt-PT\"},{\"@type\":\"WebPage\",\"@id\":\"https:\/\/portaltela.pt\/noticias\/2026\/01\/26\/madalena-lajes-do-pico-e-santa-cruz-da-graciosa-fecham-vias-na-orla-costeira\/\",\"url\":\"https:\/\/portaltela.pt\/noticias\/2026\/01\/26\/madalena-lajes-do-pico-e-santa-cruz-da-graciosa-fecham-vias-na-orla-costeira\/\",\"name\":\"Madalena, Lajes do Pico e Santa Cruz da Graciosa fecham vias na orla costeira - Portal Tela Portugal\",\"isPartOf\":{\"@id\":\"https:\/\/portaltela.pt\/#website\"},\"primaryImageOfPage\":{\"@id\":\"https:\/\/portaltela.pt\/noticias\/2026\/01\/26\/madalena-lajes-do-pico-e-santa-cruz-da-graciosa-fecham-vias-na-orla-costeira\/#primaryimage\"},\"image\":{\"@id\":\"https:\/\/portaltela.pt\/noticias\/2026\/01\/26\/madalena-lajes-do-pico-e-santa-cruz-da-graciosa-fecham-vias-na-orla-costeira\/#primaryimage\"},\"thumbnailUrl\":\"https:\/\/portaltela.pt\/s.01k8rhncp4jt1\/2026\/01\/img_1500x1000uu2015-12-29-14-56-00-504661.jpg\",\"datePublished\":\"2026-01-26T20:16:11+00:00\",\"author\":{\"@id\":\"https:\/\/portaltela.pt\/#\/schema\/person\/c4278d4a6028830caff9ee44b42d32ed\"},\"breadcrumb\":{\"@id\":\"https:\/\/portaltela.pt\/noticias\/2026\/01\/26\/madalena-lajes-do-pico-e-santa-cruz-da-graciosa-fecham-vias-na-orla-costeira\/#breadcrumb\"},\"inLanguage\":\"pt-PT\",\"potentialAction\":[{\"@type\":\"ReadAction\",\"target\":[\"https:\/\/portaltela.pt\/noticias\/2026\/01\/26\/madalena-lajes-do-pico-e-santa-cruz-da-graciosa-fecham-vias-na-orla-costeira\/\"]}]},{\"@type\":\"ImageObject\",\"inLanguage\":\"pt-PT\",\"@id\":\"https:\/\/portaltela.pt\/noticias\/2026\/01\/26\/madalena-lajes-do-pico-e-santa-cruz-da-graciosa-fecham-vias-na-orla-costeira\/#primaryimage\",\"url\":\"https:\/\/portaltela.pt\/s.01k8rhncp4jt1\/2026\/01\/img_1500x1000uu2015-12-29-14-56-00-504661.jpg\",\"contentUrl\":\"https:\/\/portaltela.pt\/s.01k8rhncp4jt1\/2026\/01\/img_1500x1000uu2015-12-29-14-56-00-504661.jpg\",\"width\":796,\"height\":448,\"caption\":\"Lajes do Pico\"},{\"@type\":\"BreadcrumbList\",\"@id\":\"https:\/\/portaltela.pt\/noticias\/2026\/01\/26\/madalena-lajes-do-pico-e-santa-cruz-da-graciosa-fecham-vias-na-orla-costeira\/#breadcrumb\",\"itemListElement\":[{\"@type\":\"ListItem\",\"position\":1,\"name\":\"In\u00edcio\",\"item\":\"https:\/\/portaltela.pt\/\"},{\"@type\":\"ListItem\",\"position\":2,\"name\":\"Madalena, Lajes do Pico e Santa Cruz da Graciosa fecham vias na orla costeira\"}]},{\"@type\":\"WebSite\",\"@id\":\"https:\/\/portaltela.pt\/#website\",\"url\":\"https:\/\/portaltela.pt\/\",\"name\":\"Portal Tela Portugal\",\"description\":\"\",\"potentialAction\":[{\"@type\":\"SearchAction\",\"target\":{\"@type\":\"EntryPoint\",\"urlTemplate\":\"https:\/\/portaltela.pt\/?s={search_term_string}\"},\"query-input\":{\"@type\":\"PropertyValueSpecification\",\"valueRequired\":true,\"valueName\":\"search_term_string\"}}],\"inLanguage\":\"pt-PT\"},{\"@type\":\"Person\",\"@id\":\"https:\/\/portaltela.pt\/#\/schema\/person\/c4278d4a6028830caff9ee44b42d32ed\",\"name\":\"Telinha\",\"image\":{\"@type\":\"ImageObject\",\"inLanguage\":\"pt-PT\",\"@id\":\"https:\/\/portaltela.pt\/s.01k8rhncp4jt1\/2025\/11\/talking-bot-125x125.png\",\"url\":\"https:\/\/portaltela.pt\/s.01k8rhncp4jt1\/2025\/11\/talking-bot-125x125.png\",\"contentUrl\":\"https:\/\/portaltela.pt\/s.01k8rhncp4jt1\/2025\/11\/talking-bot-125x125.png\",\"caption\":\"Telinha\"},\"sameAs\":[\"https:\/\/portaltela.pt\/\"],\"url\":\"https:\/\/portaltela.pt\/por\/367410592786\/\"}]}<\/script>\n<!-- \/ Yoast SEO plugin. -->","yoast_head_json":{"title":"Madalena, Lajes do Pico e Santa Cruz da Graciosa fecham vias na orla costeira - Portal Tela Portugal","robots":{"index":"index","follow":"follow","max-snippet":"max-snippet:-1","max-image-preview":"max-image-preview:large","max-video-preview":"max-video-preview:-1"},"og_locale":"pt_PT","og_type":"article","og_title":"Madalena, Lajes do Pico e Santa Cruz da Graciosa fecham vias na orla costeira - Portal Tela Portugal","og_description":"Madalena, Lajes do Pico e Santa Cruz da Graciosa fecham temporariamente vias na orla devido ao mau tempo causado pela depress\u00e3o Joseph, com avisos vermelhos do IPMA. Madalena: encerramento do acesso ao porto (Cais do Mourato, Barca, Areia Larga e Lajido da Cria\u00e7\u00e3o Velha) a partir de segunda-feira. Lajes do Pico: encerramento tempor\u00e1rio do tro\u00e7o entre Largo do Calhau da Piedade e Caminho do Po\u00e7o, das 14h locais de segunda-feira \u00e0s 08h de quarta-feira, por risco de agita\u00e7\u00e3o mar\u00edtima. Santa Cruz da Graciosa: encerramento ao tr\u00e2nsito entre 23h de segunda-feira e 20h de ter\u00e7a-feira, incluindo a restri\u00e7\u00e3o de estacionamento no Largo Vasco da Gama at\u00e9 quarta-feira \u00e0s 17h. S\u00e3o Roque do Pico n\u00e3o fechou vias, refor\u00e7ou amarra\u00e7\u00e3o de embarca\u00e7\u00f5es e pediu vigil\u00e2ncia; o IPMA mant\u00e9m avisos vermelhos para os grupos Ocidental e Central, com ondas at\u00e9 10 metros.","og_url":"https:\/\/portaltela.pt\/noticias\/2026\/01\/26\/madalena-lajes-do-pico-e-santa-cruz-da-graciosa-fecham-vias-na-orla-costeira\/","og_site_name":"Portal Tela Portugal","article_published_time":"2026-01-26T20:16:11+00:00","author":"Telinha","twitter_card":"summary_large_image","twitter_misc":{"Escrito por":"Telinha","Tempo estimado de leitura":"2 minutos"},"schema":{"@context":"https:\/\/schema.org","@graph":[{"@type":"Article","@id":"https:\/\/portaltela.pt\/noticias\/2026\/01\/26\/madalena-lajes-do-pico-e-santa-cruz-da-graciosa-fecham-vias-na-orla-costeira\/#article","isPartOf":{"@id":"https:\/\/portaltela.pt\/noticias\/2026\/01\/26\/madalena-lajes-do-pico-e-santa-cruz-da-graciosa-fecham-vias-na-orla-costeira\/"},"author":{"name":"Telinha","@id":"https:\/\/portaltela.pt\/#\/schema\/person\/c4278d4a6028830caff9ee44b42d32ed"},"headline":"Madalena, Lajes do Pico e Santa Cruz da Graciosa fecham vias na orla costeira","datePublished":"2026-01-26T20:16:11+00:00","mainEntityOfPage":{"@id":"https:\/\/portaltela.pt\/noticias\/2026\/01\/26\/madalena-lajes-do-pico-e-santa-cruz-da-graciosa-fecham-vias-na-orla-costeira\/"},"wordCount":376,"image":{"@id":"https:\/\/portaltela.pt\/noticias\/2026\/01\/26\/madalena-lajes-do-pico-e-santa-cruz-da-graciosa-fecham-vias-na-orla-costeira\/#primaryimage"},"thumbnailUrl":"https:\/\/portaltela.pt\/s.01k8rhncp4jt1\/2026\/01\/img_1500x1000uu2015-12-29-14-56-00-504661.jpg","keywords":["A\u00e7ores","Defesa Civil","estradas","Graciosa","Pico","seguran\u00e7a p\u00fablica"],"articleSection":["Not\u00edcias"],"inLanguage":"pt-PT"},{"@type":"WebPage","@id":"https:\/\/portaltela.pt\/noticias\/2026\/01\/26\/madalena-lajes-do-pico-e-santa-cruz-da-graciosa-fecham-vias-na-orla-costeira\/","url":"https:\/\/portaltela.pt\/noticias\/2026\/01\/26\/madalena-lajes-do-pico-e-santa-cruz-da-graciosa-fecham-vias-na-orla-costeira\/","name":"Madalena, Lajes do Pico e Santa Cruz da Graciosa fecham vias na orla costeira - Portal Tela Portugal","isPartOf":{"@id":"https:\/\/portaltela.pt\/#website"},"primaryImageOfPage":{"@id":"https:\/\/portaltela.pt\/noticias\/2026\/01\/26\/madalena-lajes-do-pico-e-santa-cruz-da-graciosa-fecham-vias-na-orla-costeira\/#primaryimage"},"image":{"@id":"https:\/\/portaltela.pt\/noticias\/2026\/01\/26\/madalena-lajes-do-pico-e-santa-cruz-da-graciosa-fecham-vias-na-orla-costeira\/#primaryimage"},"thumbnailUrl":"https:\/\/portaltela.pt\/s.01k8rhncp4jt1\/2026\/01\/img_1500x1000uu2015-12-29-14-56-00-504661.jpg","datePublished":"2026-01-26T20:16:11+00:00","author":{"@id":"https:\/\/portaltela.pt\/#\/schema\/person\/c4278d4a6028830caff9ee44b42d32ed"},"breadcrumb":{"@id":"https:\/\/portaltela.pt\/noticias\/2026\/01\/26\/madalena-lajes-do-pico-e-santa-cruz-da-graciosa-fecham-vias-na-orla-costeira\/#breadcrumb"},"inLanguage":"pt-PT","potentialAction":[{"@type":"ReadAction","target":["https:\/\/portaltela.pt\/noticias\/2026\/01\/26\/madalena-lajes-do-pico-e-santa-cruz-da-graciosa-fecham-vias-na-orla-costeira\/"]}]},{"@type":"ImageObject","inLanguage":"pt-PT","@id":"https:\/\/portaltela.pt\/noticias\/2026\/01\/26\/madalena-lajes-do-pico-e-santa-cruz-da-graciosa-fecham-vias-na-orla-costeira\/#primaryimage","url":"https:\/\/portaltela.pt\/s.01k8rhncp4jt1\/2026\/01\/img_1500x1000uu2015-12-29-14-56-00-504661.jpg","contentUrl":"https:\/\/portaltela.pt\/s.01k8rhncp4jt1\/2026\/01\/img_1500x1000uu2015-12-29-14-56-00-504661.jpg","width":796,"height":448,"caption":"Lajes do Pico"},{"@type":"BreadcrumbList","@id":"https:\/\/portaltela.pt\/noticias\/2026\/01\/26\/madalena-lajes-do-pico-e-santa-cruz-da-graciosa-fecham-vias-na-orla-costeira\/#breadcrumb","itemListElement":[{"@type":"ListItem","position":1,"name":"In\u00edcio","item":"https:\/\/portaltela.pt\/"},{"@type":"ListItem","position":2,"name":"Madalena, Lajes do Pico e Santa Cruz da Graciosa fecham vias na orla costeira"}]},{"@type":"WebSite","@id":"https:\/\/portaltela.pt\/#website","url":"https:\/\/portaltela.pt\/","name":"Portal Tela Portugal","description":"","potentialAction":[{"@type":"SearchAction","target":{"@type":"EntryPoint","urlTemplate":"https:\/\/portaltela.pt\/?s={search_term_string}"},"query-input":{"@type":"PropertyValueSpecification","valueRequired":true,"valueName":"search_term_string"}}],"inLanguage":"pt-PT"},{"@type":"Person","@id":"https:\/\/portaltela.pt\/#\/schema\/person\/c4278d4a6028830caff9ee44b42d32ed","name":"Telinha","image":{"@type":"ImageObject","inLanguage":"pt-PT","@id":"https:\/\/portaltela.pt\/s.01k8rhncp4jt1\/2025\/11\/talking-bot-125x125.png","url":"https:\/\/portaltela.pt\/s.01k8rhncp4jt1\/2025\/11\/talking-bot-125x125.png","contentUrl":"https:\/\/portaltela.pt\/s.01k8rhncp4jt1\/2025\/11\/talking-bot-125x125.png","caption":"Telinha"},"sameAs":["https:\/\/portaltela.pt\/"],"url":"https:\/\/portaltela.pt\/por\/367410592786\/"}]}},"_links":{"self":[{"href":"https:\/\/portaltela.pt\/api\/wp\/v2\/posts\/175234","targetHints":{"allow":["GET"]}}],"collection":[{"href":"https:\/\/portaltela.pt\/api\/wp\/v2\/posts"}],"about":[{"href":"https:\/\/portaltela.pt\/api\/wp\/v2\/types\/post"}],"author":[{"embeddable":true,"href":"https:\/\/portaltela.pt\/api\/wp\/v2\/users\/2"}],"replies":[{"embeddable":true,"href":"https:\/\/portaltela.pt\/api\/wp\/v2\/comments?post=175234"}],"version-history":[{"count":0,"href":"https:\/\/portaltela.pt\/api\/wp\/v2\/posts\/175234\/revisions"}],"wp:featuredmedia":[{"embeddable":true,"href":"https:\/\/portaltela.pt\/api\/wp\/v2\/media\/175236"}],"wp:attachment":[{"href":"https:\/\/portaltela.pt\/api\/wp\/v2\/media?parent=175234"}],"wp:term":[{"taxonomy":"category","embeddable":true,"href":"https:\/\/portaltela.pt\/api\/wp\/v2\/categories?post=175234"},{"taxonomy":"post_tag","embeddable":true,"href":"https:\/\/portaltela.pt\/api\/wp\/v2\/tags?post=175234"}],"curies":[{"name":"wp","href":"https:\/\/api.w.org\/{rel}","templated":true}]}}