{"id":175133,"date":"2026-01-26T16:00:00","date_gmt":"2026-01-26T19:00:00","guid":{"rendered":"https:\/\/portaltela.pt\/noticias\/2026\/01\/26\/deputado-do-chega-partilhou-autocarro-com-1143-nega-ligacoes-a-neonazis\/"},"modified":"2026-01-26T16:00:00","modified_gmt":"2026-01-26T19:00:00","slug":"deputado-do-chega-partilhou-autocarro-com-1143-nega-ligacoes-a-neonazis","status":"publish","type":"post","link":"https:\/\/portaltela.pt\/noticias\/2026\/01\/26\/deputado-do-chega-partilhou-autocarro-com-1143-nega-ligacoes-a-neonazis\/","title":{"rendered":"Deputado do Chega partilhou autocarro com 1143, nega liga\u00e7\u00f5es a neonazis"},"content":{"rendered":"<p>O deputado Rui Afonso, do Chega, viajou em setembro de 2024 num autocarro do partido que transportava membros do grupo 1143, mantendo que n\u00e3o tem liga\u00e7\u00f5es a neonazis.<\/p>\n<p>Afonso admitiu ter trocado opini\u00f5es pol\u00edticas durante a viagem, ouviu hinos patri\u00f3ticos no percurso e afirmou que algumas mulheres presentes partilharam riss\u00f3is.<\/p>\n<p>Ningu\u00e9m apresentou detalhes sobre o local exato da desloca\u00e7\u00e3o ou o contexto da visita, apenas que o epis\u00f3dio ocorreu durante atividades do Chega nesse m\u00eas.<\/p>\n<p>O pol\u00edtico rejeita qualquer associa\u00e7\u00e3o com o 1143, assegurando n\u00e3o ter liga\u00e7\u00f5es com o grupo, conforme o relato dispon\u00edvel.<\/p>\n","protected":false},"excerpt":{"rendered":"<ul>\n<li>O deputado Rui Afonso, do Chega, utilizou em setembro de 2024 um autocarro do partido em que seguiram membros do grupo 1143.<\/li>\n<li>O deputado nega quaisquer liga\u00e7\u00f5es a neonazis ou a apoios ao grupo 1143.<\/li>\n<li>Afirmou ter trocado opini\u00f5es pol\u00edticas durante a viagem e ter ouvido hinos patri\u00f3ticos.<\/li>\n<li>Contou ainda que mulheres partilharam riss\u00f3is durante o trajeto.<\/li>\n<li>Refere manter dist\u00e2ncia de qualquer associa\u00e7\u00e3o com o grupo 1143.<\/li>\n<\/ul>\n","protected":false},"author":2,"featured_media":175134,"comment_status":"closed","ping_status":"closed","sticky":false,"template":"","format":"standard","meta":{"footnotes":""},"categories":[1],"tags":[2142,3446,3296,1732,40,2832],"class_list":["post-175133","post","type-post","status-publish","format-standard","has-post-thumbnail","hentry","category-noticias","tag-chega","tag-extremismo","tag-extremismos","tag-partidos","tag-pessoas","tag-politica"],"yoast_head":"<!-- This site is optimized with the Yoast SEO plugin v27.2 - https:\/\/yoast.com\/product\/yoast-seo-wordpress\/ -->\n<title>Deputado do Chega partilhou autocarro com 1143, nega liga\u00e7\u00f5es a neonazis - Portal Tela Portugal<\/title>\n<meta name=\"robots\" content=\"index, follow, max-snippet:-1, max-image-preview:large, max-video-preview:-1\" \/>\n<meta property=\"og:locale\" content=\"pt_PT\" \/>\n<meta property=\"og:type\" content=\"article\" \/>\n<meta property=\"og:title\" content=\"Deputado do Chega partilhou autocarro com 1143, nega liga\u00e7\u00f5es a neonazis - Portal Tela Portugal\" \/>\n<meta property=\"og:description\" content=\"O deputado Rui Afonso, do Chega, utilizou em setembro de 2024 um autocarro do partido em que seguiram membros do grupo 1143. O deputado nega quaisquer liga\u00e7\u00f5es a neonazis ou a apoios ao grupo 1143. Afirmou ter trocado opini\u00f5es pol\u00edticas durante a viagem e ter ouvido hinos patri\u00f3ticos. Contou ainda que mulheres partilharam riss\u00f3is durante o trajeto. Refere manter dist\u00e2ncia de qualquer associa\u00e7\u00e3o com o grupo 1143.\" \/>\n<meta property=\"og:url\" content=\"https:\/\/portaltela.pt\/noticias\/2026\/01\/26\/deputado-do-chega-partilhou-autocarro-com-1143-nega-ligacoes-a-neonazis\/\" \/>\n<meta property=\"og:site_name\" content=\"Portal Tela Portugal\" \/>\n<meta property=\"article:published_time\" content=\"2026-01-26T19:00:00+00:00\" \/>\n<meta name=\"author\" content=\"Telinha\" \/>\n<meta name=\"twitter:card\" content=\"summary_large_image\" \/>\n<meta name=\"twitter:label1\" content=\"Escrito por\" \/>\n\t<meta name=\"twitter:data1\" content=\"Telinha\" \/>\n\t<meta name=\"twitter:label2\" content=\"Tempo estimado de leitura\" \/>\n\t<meta name=\"twitter:data2\" content=\"1 minuto\" \/>\n<script type=\"application\/ld+json\" class=\"yoast-schema-graph\">{\"@context\":\"https:\/\/schema.org\",\"@graph\":[{\"@type\":\"Article\",\"@id\":\"https:\/\/portaltela.pt\/noticias\/2026\/01\/26\/deputado-do-chega-partilhou-autocarro-com-1143-nega-ligacoes-a-neonazis\/#article\",\"isPartOf\":{\"@id\":\"https:\/\/portaltela.pt\/noticias\/2026\/01\/26\/deputado-do-chega-partilhou-autocarro-com-1143-nega-ligacoes-a-neonazis\/\"},\"author\":{\"name\":\"Telinha\",\"@id\":\"https:\/\/portaltela.pt\/#\/schema\/person\/c4278d4a6028830caff9ee44b42d32ed\"},\"headline\":\"Deputado do Chega partilhou autocarro com 1143, nega liga\u00e7\u00f5es a neonazis\",\"datePublished\":\"2026-01-26T19:00:00+00:00\",\"mainEntityOfPage\":{\"@id\":\"https:\/\/portaltela.pt\/noticias\/2026\/01\/26\/deputado-do-chega-partilhou-autocarro-com-1143-nega-ligacoes-a-neonazis\/\"},\"wordCount\":117,\"image\":{\"@id\":\"https:\/\/portaltela.pt\/noticias\/2026\/01\/26\/deputado-do-chega-partilhou-autocarro-com-1143-nega-ligacoes-a-neonazis\/#primaryimage\"},\"thumbnailUrl\":\"https:\/\/portaltela.pt\/s.01k8rhncp4jt1\/2026\/01\/2062033.jpg\",\"keywords\":[\"CHEGA\",\"extremismo\",\"extremismos\",\"partidos\",\"pessoas\",\"pol\u00edtica\"],\"articleSection\":[\"Not\u00edcias\"],\"inLanguage\":\"pt-PT\"},{\"@type\":\"WebPage\",\"@id\":\"https:\/\/portaltela.pt\/noticias\/2026\/01\/26\/deputado-do-chega-partilhou-autocarro-com-1143-nega-ligacoes-a-neonazis\/\",\"url\":\"https:\/\/portaltela.pt\/noticias\/2026\/01\/26\/deputado-do-chega-partilhou-autocarro-com-1143-nega-ligacoes-a-neonazis\/\",\"name\":\"Deputado do Chega partilhou autocarro com 1143, nega liga\u00e7\u00f5es a neonazis - Portal Tela Portugal\",\"isPartOf\":{\"@id\":\"https:\/\/portaltela.pt\/#website\"},\"primaryImageOfPage\":{\"@id\":\"https:\/\/portaltela.pt\/noticias\/2026\/01\/26\/deputado-do-chega-partilhou-autocarro-com-1143-nega-ligacoes-a-neonazis\/#primaryimage\"},\"image\":{\"@id\":\"https:\/\/portaltela.pt\/noticias\/2026\/01\/26\/deputado-do-chega-partilhou-autocarro-com-1143-nega-ligacoes-a-neonazis\/#primaryimage\"},\"thumbnailUrl\":\"https:\/\/portaltela.pt\/s.01k8rhncp4jt1\/2026\/01\/2062033.jpg\",\"datePublished\":\"2026-01-26T19:00:00+00:00\",\"author\":{\"@id\":\"https:\/\/portaltela.pt\/#\/schema\/person\/c4278d4a6028830caff9ee44b42d32ed\"},\"breadcrumb\":{\"@id\":\"https:\/\/portaltela.pt\/noticias\/2026\/01\/26\/deputado-do-chega-partilhou-autocarro-com-1143-nega-ligacoes-a-neonazis\/#breadcrumb\"},\"inLanguage\":\"pt-PT\",\"potentialAction\":[{\"@type\":\"ReadAction\",\"target\":[\"https:\/\/portaltela.pt\/noticias\/2026\/01\/26\/deputado-do-chega-partilhou-autocarro-com-1143-nega-ligacoes-a-neonazis\/\"]}]},{\"@type\":\"ImageObject\",\"inLanguage\":\"pt-PT\",\"@id\":\"https:\/\/portaltela.pt\/noticias\/2026\/01\/26\/deputado-do-chega-partilhou-autocarro-com-1143-nega-ligacoes-a-neonazis\/#primaryimage\",\"url\":\"https:\/\/portaltela.pt\/s.01k8rhncp4jt1\/2026\/01\/2062033.jpg\",\"contentUrl\":\"https:\/\/portaltela.pt\/s.01k8rhncp4jt1\/2026\/01\/2062033.jpg\",\"width\":796,\"height\":448,\"caption\":\"O presidente da Comiss\u00e3o de Or\u00e7amento, Finan\u00e7as e Administra\u00e7\u00e3o P\u00fablica, Rui Afonso, durante a vota\u00e7\u00e3o, na especialidade, da Proposta de Lei do Or\u00e7amento do Estado para 2026\"},{\"@type\":\"BreadcrumbList\",\"@id\":\"https:\/\/portaltela.pt\/noticias\/2026\/01\/26\/deputado-do-chega-partilhou-autocarro-com-1143-nega-ligacoes-a-neonazis\/#breadcrumb\",\"itemListElement\":[{\"@type\":\"ListItem\",\"position\":1,\"name\":\"In\u00edcio\",\"item\":\"https:\/\/portaltela.pt\/\"},{\"@type\":\"ListItem\",\"position\":2,\"name\":\"Deputado do Chega partilhou autocarro com 1143, nega liga\u00e7\u00f5es a neonazis\"}]},{\"@type\":\"WebSite\",\"@id\":\"https:\/\/portaltela.pt\/#website\",\"url\":\"https:\/\/portaltela.pt\/\",\"name\":\"Portal Tela Portugal\",\"description\":\"\",\"potentialAction\":[{\"@type\":\"SearchAction\",\"target\":{\"@type\":\"EntryPoint\",\"urlTemplate\":\"https:\/\/portaltela.pt\/?s={search_term_string}\"},\"query-input\":{\"@type\":\"PropertyValueSpecification\",\"valueRequired\":true,\"valueName\":\"search_term_string\"}}],\"inLanguage\":\"pt-PT\"},{\"@type\":\"Person\",\"@id\":\"https:\/\/portaltela.pt\/#\/schema\/person\/c4278d4a6028830caff9ee44b42d32ed\",\"name\":\"Telinha\",\"image\":{\"@type\":\"ImageObject\",\"inLanguage\":\"pt-PT\",\"@id\":\"https:\/\/portaltela.pt\/s.01k8rhncp4jt1\/2025\/11\/talking-bot-125x125.png\",\"url\":\"https:\/\/portaltela.pt\/s.01k8rhncp4jt1\/2025\/11\/talking-bot-125x125.png\",\"contentUrl\":\"https:\/\/portaltela.pt\/s.01k8rhncp4jt1\/2025\/11\/talking-bot-125x125.png\",\"caption\":\"Telinha\"},\"sameAs\":[\"https:\/\/portaltela.pt\/\"],\"url\":\"https:\/\/portaltela.pt\/por\/367410592786\/\"}]}<\/script>\n<!-- \/ Yoast SEO plugin. -->","yoast_head_json":{"title":"Deputado do Chega partilhou autocarro com 1143, nega liga\u00e7\u00f5es a neonazis - Portal Tela Portugal","robots":{"index":"index","follow":"follow","max-snippet":"max-snippet:-1","max-image-preview":"max-image-preview:large","max-video-preview":"max-video-preview:-1"},"og_locale":"pt_PT","og_type":"article","og_title":"Deputado do Chega partilhou autocarro com 1143, nega liga\u00e7\u00f5es a neonazis - Portal Tela Portugal","og_description":"O deputado Rui Afonso, do Chega, utilizou em setembro de 2024 um autocarro do partido em que seguiram membros do grupo 1143. O deputado nega quaisquer liga\u00e7\u00f5es a neonazis ou a apoios ao grupo 1143. Afirmou ter trocado opini\u00f5es pol\u00edticas durante a viagem e ter ouvido hinos patri\u00f3ticos. Contou ainda que mulheres partilharam riss\u00f3is durante o trajeto. Refere manter dist\u00e2ncia de qualquer associa\u00e7\u00e3o com o grupo 1143.","og_url":"https:\/\/portaltela.pt\/noticias\/2026\/01\/26\/deputado-do-chega-partilhou-autocarro-com-1143-nega-ligacoes-a-neonazis\/","og_site_name":"Portal Tela Portugal","article_published_time":"2026-01-26T19:00:00+00:00","author":"Telinha","twitter_card":"summary_large_image","twitter_misc":{"Escrito por":"Telinha","Tempo estimado de leitura":"1 minuto"},"schema":{"@context":"https:\/\/schema.org","@graph":[{"@type":"Article","@id":"https:\/\/portaltela.pt\/noticias\/2026\/01\/26\/deputado-do-chega-partilhou-autocarro-com-1143-nega-ligacoes-a-neonazis\/#article","isPartOf":{"@id":"https:\/\/portaltela.pt\/noticias\/2026\/01\/26\/deputado-do-chega-partilhou-autocarro-com-1143-nega-ligacoes-a-neonazis\/"},"author":{"name":"Telinha","@id":"https:\/\/portaltela.pt\/#\/schema\/person\/c4278d4a6028830caff9ee44b42d32ed"},"headline":"Deputado do Chega partilhou autocarro com 1143, nega liga\u00e7\u00f5es a neonazis","datePublished":"2026-01-26T19:00:00+00:00","mainEntityOfPage":{"@id":"https:\/\/portaltela.pt\/noticias\/2026\/01\/26\/deputado-do-chega-partilhou-autocarro-com-1143-nega-ligacoes-a-neonazis\/"},"wordCount":117,"image":{"@id":"https:\/\/portaltela.pt\/noticias\/2026\/01\/26\/deputado-do-chega-partilhou-autocarro-com-1143-nega-ligacoes-a-neonazis\/#primaryimage"},"thumbnailUrl":"https:\/\/portaltela.pt\/s.01k8rhncp4jt1\/2026\/01\/2062033.jpg","keywords":["CHEGA","extremismo","extremismos","partidos","pessoas","pol\u00edtica"],"articleSection":["Not\u00edcias"],"inLanguage":"pt-PT"},{"@type":"WebPage","@id":"https:\/\/portaltela.pt\/noticias\/2026\/01\/26\/deputado-do-chega-partilhou-autocarro-com-1143-nega-ligacoes-a-neonazis\/","url":"https:\/\/portaltela.pt\/noticias\/2026\/01\/26\/deputado-do-chega-partilhou-autocarro-com-1143-nega-ligacoes-a-neonazis\/","name":"Deputado do Chega partilhou autocarro com 1143, nega liga\u00e7\u00f5es a neonazis - Portal Tela Portugal","isPartOf":{"@id":"https:\/\/portaltela.pt\/#website"},"primaryImageOfPage":{"@id":"https:\/\/portaltela.pt\/noticias\/2026\/01\/26\/deputado-do-chega-partilhou-autocarro-com-1143-nega-ligacoes-a-neonazis\/#primaryimage"},"image":{"@id":"https:\/\/portaltela.pt\/noticias\/2026\/01\/26\/deputado-do-chega-partilhou-autocarro-com-1143-nega-ligacoes-a-neonazis\/#primaryimage"},"thumbnailUrl":"https:\/\/portaltela.pt\/s.01k8rhncp4jt1\/2026\/01\/2062033.jpg","datePublished":"2026-01-26T19:00:00+00:00","author":{"@id":"https:\/\/portaltela.pt\/#\/schema\/person\/c4278d4a6028830caff9ee44b42d32ed"},"breadcrumb":{"@id":"https:\/\/portaltela.pt\/noticias\/2026\/01\/26\/deputado-do-chega-partilhou-autocarro-com-1143-nega-ligacoes-a-neonazis\/#breadcrumb"},"inLanguage":"pt-PT","potentialAction":[{"@type":"ReadAction","target":["https:\/\/portaltela.pt\/noticias\/2026\/01\/26\/deputado-do-chega-partilhou-autocarro-com-1143-nega-ligacoes-a-neonazis\/"]}]},{"@type":"ImageObject","inLanguage":"pt-PT","@id":"https:\/\/portaltela.pt\/noticias\/2026\/01\/26\/deputado-do-chega-partilhou-autocarro-com-1143-nega-ligacoes-a-neonazis\/#primaryimage","url":"https:\/\/portaltela.pt\/s.01k8rhncp4jt1\/2026\/01\/2062033.jpg","contentUrl":"https:\/\/portaltela.pt\/s.01k8rhncp4jt1\/2026\/01\/2062033.jpg","width":796,"height":448,"caption":"O presidente da Comiss\u00e3o de Or\u00e7amento, Finan\u00e7as e Administra\u00e7\u00e3o P\u00fablica, Rui Afonso, durante a vota\u00e7\u00e3o, na especialidade, da Proposta de Lei do Or\u00e7amento do Estado para 2026"},{"@type":"BreadcrumbList","@id":"https:\/\/portaltela.pt\/noticias\/2026\/01\/26\/deputado-do-chega-partilhou-autocarro-com-1143-nega-ligacoes-a-neonazis\/#breadcrumb","itemListElement":[{"@type":"ListItem","position":1,"name":"In\u00edcio","item":"https:\/\/portaltela.pt\/"},{"@type":"ListItem","position":2,"name":"Deputado do Chega partilhou autocarro com 1143, nega liga\u00e7\u00f5es a neonazis"}]},{"@type":"WebSite","@id":"https:\/\/portaltela.pt\/#website","url":"https:\/\/portaltela.pt\/","name":"Portal Tela Portugal","description":"","potentialAction":[{"@type":"SearchAction","target":{"@type":"EntryPoint","urlTemplate":"https:\/\/portaltela.pt\/?s={search_term_string}"},"query-input":{"@type":"PropertyValueSpecification","valueRequired":true,"valueName":"search_term_string"}}],"inLanguage":"pt-PT"},{"@type":"Person","@id":"https:\/\/portaltela.pt\/#\/schema\/person\/c4278d4a6028830caff9ee44b42d32ed","name":"Telinha","image":{"@type":"ImageObject","inLanguage":"pt-PT","@id":"https:\/\/portaltela.pt\/s.01k8rhncp4jt1\/2025\/11\/talking-bot-125x125.png","url":"https:\/\/portaltela.pt\/s.01k8rhncp4jt1\/2025\/11\/talking-bot-125x125.png","contentUrl":"https:\/\/portaltela.pt\/s.01k8rhncp4jt1\/2025\/11\/talking-bot-125x125.png","caption":"Telinha"},"sameAs":["https:\/\/portaltela.pt\/"],"url":"https:\/\/portaltela.pt\/por\/367410592786\/"}]}},"_links":{"self":[{"href":"https:\/\/portaltela.pt\/api\/wp\/v2\/posts\/175133","targetHints":{"allow":["GET"]}}],"collection":[{"href":"https:\/\/portaltela.pt\/api\/wp\/v2\/posts"}],"about":[{"href":"https:\/\/portaltela.pt\/api\/wp\/v2\/types\/post"}],"author":[{"embeddable":true,"href":"https:\/\/portaltela.pt\/api\/wp\/v2\/users\/2"}],"replies":[{"embeddable":true,"href":"https:\/\/portaltela.pt\/api\/wp\/v2\/comments?post=175133"}],"version-history":[{"count":0,"href":"https:\/\/portaltela.pt\/api\/wp\/v2\/posts\/175133\/revisions"}],"wp:featuredmedia":[{"embeddable":true,"href":"https:\/\/portaltela.pt\/api\/wp\/v2\/media\/175134"}],"wp:attachment":[{"href":"https:\/\/portaltela.pt\/api\/wp\/v2\/media?parent=175133"}],"wp:term":[{"taxonomy":"category","embeddable":true,"href":"https:\/\/portaltela.pt\/api\/wp\/v2\/categories?post=175133"},{"taxonomy":"post_tag","embeddable":true,"href":"https:\/\/portaltela.pt\/api\/wp\/v2\/tags?post=175133"}],"curies":[{"name":"wp","href":"https:\/\/api.w.org\/{rel}","templated":true}]}}