{"id":175122,"date":"2026-01-26T15:49:00","date_gmt":"2026-01-26T18:49:00","guid":{"rendered":"https:\/\/portaltela.pt\/noticias\/2026\/01\/26\/porta-voz-da-casa-branca-afirma-que-ninguem-quer-ver-feridos-ou-mortos-nas-ruas\/"},"modified":"2026-01-26T15:49:00","modified_gmt":"2026-01-26T18:49:00","slug":"porta-voz-da-casa-branca-afirma-que-ninguem-quer-ver-feridos-ou-mortos-nas-ruas","status":"publish","type":"post","link":"https:\/\/portaltela.pt\/noticias\/internacional\/2026\/01\/26\/porta-voz-da-casa-branca-afirma-que-ninguem-quer-ver-feridos-ou-mortos-nas-ruas\/","title":{"rendered":"Porta-voz da Casa Branca afirma que ningu\u00e9m quer ver feridos ou mortos nas ruas"},"content":{"rendered":"<p>O tiroteio que levou \u00e0 morte de Alex Pretti, baleado por um agente federal, est\u00e1 a ser investigado pelas autoridades competentes, segundo declara\u00e7\u00f5es da Casa Branca. O incidente ocorreu no \u00faltimo fim de semana e est\u00e1 a ser analisado pelo FBI, pela ag\u00eancia de Seguran\u00e7a Interna e pela Alf\u00e2ndega e Prote\u00e7\u00e3o de Fronteiras.<\/p>\n<p>A porta-voz da Casa Branca, Karoline Leavitt, afirmou durante uma confer\u00eancia de imprensa que a Administra\u00e7\u00e3o n\u00e3o deseja ver feridos nem mortos nas ruas da Am\u00e9rica, incluindo cidad\u00e3os e membros da pol\u00edcia federal. A investiga\u00e7\u00e3o est\u00e1 a decorrer para apurar as circunst\u00e2ncias do tiroteio.<\/p>\n<p>Leavitt frisou que o ocorrido resulta de uma resist\u00eancia de l\u00edderes democratas de Minnesota nas \u00faltimas semanas, indicando cr\u00edticas dirigidas ao governador Tim Walz, ao prefeito de Minneapolis, Jacob Frey, e a outros democratas eleitos. Segundo a porta-voz, o epis\u00f3dio intensifica o debate sobre a atua\u00e7\u00e3o das for\u00e7as federais.<\/p>\n<p>A respons\u00e1vel mencionou ainda que Trump e Walz conversaram por telefone com o objetivo de trabalhar conjuntamente para restaurar a ordem no estado. N\u00e3o foram apresentadas conclus\u00f5es sobre responsabilidades ou motiva\u00e7\u00f5es pol\u00edticas associadas ao incidente.<\/p>\n<p>Entre as propostas referidas, a Casa Branca indicou medidas consideradas \u201csensatas\u201d para facilitar a coopera\u00e7\u00e3o entre autoridades federais e locais. Segundo o comunicado, o objetivo passa por facilitar a entrega de imigrantes ilegais detidos localmente \u00e0s autoridades federais, bem como acelerar a deten\u00e7\u00e3o de indiv\u00edduos procurados com antecedentes criminais.<\/p>\n<p>Caso essas medidas sejam aplicadas, a Alf\u00e2ndega e Prote\u00e7\u00e3o de Fronteiras poderia atuar com menor necessidade de complementar o trabalho do ICE em Minnesota, segundo as declara\u00e7\u00f5es. O conte\u00fado refletiu o esfor\u00e7o para melhorar a coordena\u00e7\u00e3o entre as diferentes esferas de seguran\u00e7a.<\/p>\n","protected":false},"excerpt":{"rendered":"<ul>\n<li>A porta-voz da Casa Branca, Karoline Leavitt, afirmou que nem o presidente Donald Trump quer ver feridos ou mortos nas ruas da Am\u00e9rica, citando o caso de Alex Pretti, morto por um agente federal, que est\u00e1 a ser investigado.<\/li>\n<li>O tiroteio fatal de s\u00e1bado, que vitimou Alex Pretti, est\u00e1 a ser investigado pelo FBI, pela seguran\u00e7a interna e pela autoridade de alf\u00e2ndega e prote\u00e7\u00e3o de fronteiras.<\/li>\n<li>Leavitt acusou l\u00edderes democratas de Minnesota de terem promovido resist\u00eancia e mentiras sobre os agentes federais, citando o governador Tim Walz e o prefeito Jacob Frey.<\/li>\n<li>A presidente Trump e o governador Walz falaram por telefone para tentarem restaurar a ordem no estado.<\/li>\n<li>A porta-voz pediu que os democratas entreguem \u00e0s autoridades federais imigrantes ilegais com antecedentes criminais ou mandados de pris\u00e3o, para deporta\u00e7\u00e3o imediata, e que cooperem na captura de estrangeiros procurados por crimes.<\/li>\n<\/ul>\n","protected":false},"author":2,"featured_media":175127,"comment_status":"closed","ping_status":"closed","sticky":false,"template":"","format":"standard","meta":{"footnotes":""},"categories":[4,1],"tags":[2231,147,4002,712,215,250],"class_list":["post-175122","post","type-post","status-publish","format-standard","has-post-thumbnail","hentry","category-internacional","category-noticias","tag-alfandega","tag-crime","tag-fronteiras","tag-imigracao","tag-investigacao","tag-seguranca-publica"],"yoast_head":"<!-- This site is optimized with the Yoast SEO plugin v27.2 - https:\/\/yoast.com\/product\/yoast-seo-wordpress\/ -->\n<title>Porta-voz da Casa Branca afirma que ningu\u00e9m quer ver feridos ou mortos nas ruas - Portal Tela Portugal<\/title>\n<meta name=\"robots\" content=\"index, follow, max-snippet:-1, max-image-preview:large, max-video-preview:-1\" \/>\n<meta property=\"og:locale\" content=\"pt_PT\" \/>\n<meta property=\"og:type\" content=\"article\" \/>\n<meta property=\"og:title\" content=\"Porta-voz da Casa Branca afirma que ningu\u00e9m quer ver feridos ou mortos nas ruas - Portal Tela Portugal\" \/>\n<meta property=\"og:description\" content=\"A porta-voz da Casa Branca, Karoline Leavitt, afirmou que nem o presidente Donald Trump quer ver feridos ou mortos nas ruas da Am\u00e9rica, citando o caso de Alex Pretti, morto por um agente federal, que est\u00e1 a ser investigado. O tiroteio fatal de s\u00e1bado, que vitimou Alex Pretti, est\u00e1 a ser investigado pelo FBI, pela seguran\u00e7a interna e pela autoridade de alf\u00e2ndega e prote\u00e7\u00e3o de fronteiras. Leavitt acusou l\u00edderes democratas de Minnesota de terem promovido resist\u00eancia e mentiras sobre os agentes federais, citando o governador Tim Walz e o prefeito Jacob Frey. A presidente Trump e o governador Walz falaram por telefone para tentarem restaurar a ordem no estado. A porta-voz pediu que os democratas entreguem \u00e0s autoridades federais imigrantes ilegais com antecedentes criminais ou mandados de pris\u00e3o, para deporta\u00e7\u00e3o imediata, e que cooperem na captura de estrangeiros procurados por crimes.\" \/>\n<meta property=\"og:url\" content=\"https:\/\/portaltela.pt\/noticias\/2026\/01\/26\/porta-voz-da-casa-branca-afirma-que-ninguem-quer-ver-feridos-ou-mortos-nas-ruas\/\" \/>\n<meta property=\"og:site_name\" content=\"Portal Tela Portugal\" \/>\n<meta property=\"article:published_time\" content=\"2026-01-26T18:49:00+00:00\" \/>\n<meta name=\"author\" content=\"Telinha\" \/>\n<meta name=\"twitter:card\" content=\"summary_large_image\" \/>\n<meta name=\"twitter:label1\" content=\"Escrito por\" \/>\n\t<meta name=\"twitter:data1\" content=\"Telinha\" \/>\n\t<meta name=\"twitter:label2\" content=\"Tempo estimado de leitura\" \/>\n\t<meta name=\"twitter:data2\" content=\"2 minutos\" \/>\n<script type=\"application\/ld+json\" class=\"yoast-schema-graph\">{\"@context\":\"https:\/\/schema.org\",\"@graph\":[{\"@type\":\"Article\",\"@id\":\"https:\/\/portaltela.pt\/noticias\/2026\/01\/26\/porta-voz-da-casa-branca-afirma-que-ninguem-quer-ver-feridos-ou-mortos-nas-ruas\/#article\",\"isPartOf\":{\"@id\":\"https:\/\/portaltela.pt\/noticias\/2026\/01\/26\/porta-voz-da-casa-branca-afirma-que-ninguem-quer-ver-feridos-ou-mortos-nas-ruas\/\"},\"author\":{\"name\":\"Telinha\",\"@id\":\"https:\/\/portaltela.pt\/#\/schema\/person\/c4278d4a6028830caff9ee44b42d32ed\"},\"headline\":\"Porta-voz da Casa Branca afirma que ningu\u00e9m quer ver feridos ou mortos nas ruas\",\"datePublished\":\"2026-01-26T18:49:00+00:00\",\"mainEntityOfPage\":{\"@id\":\"https:\/\/portaltela.pt\/noticias\/2026\/01\/26\/porta-voz-da-casa-branca-afirma-que-ninguem-quer-ver-feridos-ou-mortos-nas-ruas\/\"},\"wordCount\":320,\"image\":{\"@id\":\"https:\/\/portaltela.pt\/noticias\/2026\/01\/26\/porta-voz-da-casa-branca-afirma-que-ninguem-quer-ver-feridos-ou-mortos-nas-ruas\/#primaryimage\"},\"thumbnailUrl\":\"https:\/\/portaltela.pt\/s.01k8rhncp4jt1\/2026\/01\/img_1280x721uu2025-06-26-22-02-24-2218869.jpg\",\"keywords\":[\"Alf\u00e2ndega\",\"crime\",\"fronteiras\",\"imigra\u00e7\u00e3o\",\"investiga\u00e7\u00e3o\",\"seguran\u00e7a p\u00fablica\"],\"articleSection\":[\"Internacional\",\"Not\u00edcias\"],\"inLanguage\":\"pt-PT\"},{\"@type\":\"WebPage\",\"@id\":\"https:\/\/portaltela.pt\/noticias\/2026\/01\/26\/porta-voz-da-casa-branca-afirma-que-ninguem-quer-ver-feridos-ou-mortos-nas-ruas\/\",\"url\":\"https:\/\/portaltela.pt\/noticias\/2026\/01\/26\/porta-voz-da-casa-branca-afirma-que-ninguem-quer-ver-feridos-ou-mortos-nas-ruas\/\",\"name\":\"Porta-voz da Casa Branca afirma que ningu\u00e9m quer ver feridos ou mortos nas ruas - Portal Tela Portugal\",\"isPartOf\":{\"@id\":\"https:\/\/portaltela.pt\/#website\"},\"primaryImageOfPage\":{\"@id\":\"https:\/\/portaltela.pt\/noticias\/2026\/01\/26\/porta-voz-da-casa-branca-afirma-que-ninguem-quer-ver-feridos-ou-mortos-nas-ruas\/#primaryimage\"},\"image\":{\"@id\":\"https:\/\/portaltela.pt\/noticias\/2026\/01\/26\/porta-voz-da-casa-branca-afirma-que-ninguem-quer-ver-feridos-ou-mortos-nas-ruas\/#primaryimage\"},\"thumbnailUrl\":\"https:\/\/portaltela.pt\/s.01k8rhncp4jt1\/2026\/01\/img_1280x721uu2025-06-26-22-02-24-2218869.jpg\",\"datePublished\":\"2026-01-26T18:49:00+00:00\",\"author\":{\"@id\":\"https:\/\/portaltela.pt\/#\/schema\/person\/c4278d4a6028830caff9ee44b42d32ed\"},\"breadcrumb\":{\"@id\":\"https:\/\/portaltela.pt\/noticias\/2026\/01\/26\/porta-voz-da-casa-branca-afirma-que-ninguem-quer-ver-feridos-ou-mortos-nas-ruas\/#breadcrumb\"},\"inLanguage\":\"pt-PT\",\"potentialAction\":[{\"@type\":\"ReadAction\",\"target\":[\"https:\/\/portaltela.pt\/noticias\/2026\/01\/26\/porta-voz-da-casa-branca-afirma-que-ninguem-quer-ver-feridos-ou-mortos-nas-ruas\/\"]}]},{\"@type\":\"ImageObject\",\"inLanguage\":\"pt-PT\",\"@id\":\"https:\/\/portaltela.pt\/noticias\/2026\/01\/26\/porta-voz-da-casa-branca-afirma-que-ninguem-quer-ver-feridos-ou-mortos-nas-ruas\/#primaryimage\",\"url\":\"https:\/\/portaltela.pt\/s.01k8rhncp4jt1\/2026\/01\/img_1280x721uu2025-06-26-22-02-24-2218869.jpg\",\"contentUrl\":\"https:\/\/portaltela.pt\/s.01k8rhncp4jt1\/2026\/01\/img_1280x721uu2025-06-26-22-02-24-2218869.jpg\",\"width\":796,\"height\":448,\"caption\":\"Karoline Leavitt fala sobre poss\u00edvel adiamento de sobretaxas de Donald Trump\"},{\"@type\":\"BreadcrumbList\",\"@id\":\"https:\/\/portaltela.pt\/noticias\/2026\/01\/26\/porta-voz-da-casa-branca-afirma-que-ninguem-quer-ver-feridos-ou-mortos-nas-ruas\/#breadcrumb\",\"itemListElement\":[{\"@type\":\"ListItem\",\"position\":1,\"name\":\"In\u00edcio\",\"item\":\"https:\/\/portaltela.pt\/\"},{\"@type\":\"ListItem\",\"position\":2,\"name\":\"Porta-voz da Casa Branca afirma que ningu\u00e9m quer ver feridos ou mortos nas ruas\"}]},{\"@type\":\"WebSite\",\"@id\":\"https:\/\/portaltela.pt\/#website\",\"url\":\"https:\/\/portaltela.pt\/\",\"name\":\"Portal Tela Portugal\",\"description\":\"\",\"potentialAction\":[{\"@type\":\"SearchAction\",\"target\":{\"@type\":\"EntryPoint\",\"urlTemplate\":\"https:\/\/portaltela.pt\/?s={search_term_string}\"},\"query-input\":{\"@type\":\"PropertyValueSpecification\",\"valueRequired\":true,\"valueName\":\"search_term_string\"}}],\"inLanguage\":\"pt-PT\"},{\"@type\":\"Person\",\"@id\":\"https:\/\/portaltela.pt\/#\/schema\/person\/c4278d4a6028830caff9ee44b42d32ed\",\"name\":\"Telinha\",\"image\":{\"@type\":\"ImageObject\",\"inLanguage\":\"pt-PT\",\"@id\":\"https:\/\/portaltela.pt\/s.01k8rhncp4jt1\/2025\/11\/talking-bot-125x125.png\",\"url\":\"https:\/\/portaltela.pt\/s.01k8rhncp4jt1\/2025\/11\/talking-bot-125x125.png\",\"contentUrl\":\"https:\/\/portaltela.pt\/s.01k8rhncp4jt1\/2025\/11\/talking-bot-125x125.png\",\"caption\":\"Telinha\"},\"sameAs\":[\"https:\/\/portaltela.pt\/\"],\"url\":\"https:\/\/portaltela.pt\/por\/367410592786\/\"}]}<\/script>\n<!-- \/ Yoast SEO plugin. -->","yoast_head_json":{"title":"Porta-voz da Casa Branca afirma que ningu\u00e9m quer ver feridos ou mortos nas ruas - Portal Tela Portugal","robots":{"index":"index","follow":"follow","max-snippet":"max-snippet:-1","max-image-preview":"max-image-preview:large","max-video-preview":"max-video-preview:-1"},"og_locale":"pt_PT","og_type":"article","og_title":"Porta-voz da Casa Branca afirma que ningu\u00e9m quer ver feridos ou mortos nas ruas - Portal Tela Portugal","og_description":"A porta-voz da Casa Branca, Karoline Leavitt, afirmou que nem o presidente Donald Trump quer ver feridos ou mortos nas ruas da Am\u00e9rica, citando o caso de Alex Pretti, morto por um agente federal, que est\u00e1 a ser investigado. O tiroteio fatal de s\u00e1bado, que vitimou Alex Pretti, est\u00e1 a ser investigado pelo FBI, pela seguran\u00e7a interna e pela autoridade de alf\u00e2ndega e prote\u00e7\u00e3o de fronteiras. Leavitt acusou l\u00edderes democratas de Minnesota de terem promovido resist\u00eancia e mentiras sobre os agentes federais, citando o governador Tim Walz e o prefeito Jacob Frey. A presidente Trump e o governador Walz falaram por telefone para tentarem restaurar a ordem no estado. A porta-voz pediu que os democratas entreguem \u00e0s autoridades federais imigrantes ilegais com antecedentes criminais ou mandados de pris\u00e3o, para deporta\u00e7\u00e3o imediata, e que cooperem na captura de estrangeiros procurados por crimes.","og_url":"https:\/\/portaltela.pt\/noticias\/2026\/01\/26\/porta-voz-da-casa-branca-afirma-que-ninguem-quer-ver-feridos-ou-mortos-nas-ruas\/","og_site_name":"Portal Tela Portugal","article_published_time":"2026-01-26T18:49:00+00:00","author":"Telinha","twitter_card":"summary_large_image","twitter_misc":{"Escrito por":"Telinha","Tempo estimado de leitura":"2 minutos"},"schema":{"@context":"https:\/\/schema.org","@graph":[{"@type":"Article","@id":"https:\/\/portaltela.pt\/noticias\/2026\/01\/26\/porta-voz-da-casa-branca-afirma-que-ninguem-quer-ver-feridos-ou-mortos-nas-ruas\/#article","isPartOf":{"@id":"https:\/\/portaltela.pt\/noticias\/2026\/01\/26\/porta-voz-da-casa-branca-afirma-que-ninguem-quer-ver-feridos-ou-mortos-nas-ruas\/"},"author":{"name":"Telinha","@id":"https:\/\/portaltela.pt\/#\/schema\/person\/c4278d4a6028830caff9ee44b42d32ed"},"headline":"Porta-voz da Casa Branca afirma que ningu\u00e9m quer ver feridos ou mortos nas ruas","datePublished":"2026-01-26T18:49:00+00:00","mainEntityOfPage":{"@id":"https:\/\/portaltela.pt\/noticias\/2026\/01\/26\/porta-voz-da-casa-branca-afirma-que-ninguem-quer-ver-feridos-ou-mortos-nas-ruas\/"},"wordCount":320,"image":{"@id":"https:\/\/portaltela.pt\/noticias\/2026\/01\/26\/porta-voz-da-casa-branca-afirma-que-ninguem-quer-ver-feridos-ou-mortos-nas-ruas\/#primaryimage"},"thumbnailUrl":"https:\/\/portaltela.pt\/s.01k8rhncp4jt1\/2026\/01\/img_1280x721uu2025-06-26-22-02-24-2218869.jpg","keywords":["Alf\u00e2ndega","crime","fronteiras","imigra\u00e7\u00e3o","investiga\u00e7\u00e3o","seguran\u00e7a p\u00fablica"],"articleSection":["Internacional","Not\u00edcias"],"inLanguage":"pt-PT"},{"@type":"WebPage","@id":"https:\/\/portaltela.pt\/noticias\/2026\/01\/26\/porta-voz-da-casa-branca-afirma-que-ninguem-quer-ver-feridos-ou-mortos-nas-ruas\/","url":"https:\/\/portaltela.pt\/noticias\/2026\/01\/26\/porta-voz-da-casa-branca-afirma-que-ninguem-quer-ver-feridos-ou-mortos-nas-ruas\/","name":"Porta-voz da Casa Branca afirma que ningu\u00e9m quer ver feridos ou mortos nas ruas - Portal Tela Portugal","isPartOf":{"@id":"https:\/\/portaltela.pt\/#website"},"primaryImageOfPage":{"@id":"https:\/\/portaltela.pt\/noticias\/2026\/01\/26\/porta-voz-da-casa-branca-afirma-que-ninguem-quer-ver-feridos-ou-mortos-nas-ruas\/#primaryimage"},"image":{"@id":"https:\/\/portaltela.pt\/noticias\/2026\/01\/26\/porta-voz-da-casa-branca-afirma-que-ninguem-quer-ver-feridos-ou-mortos-nas-ruas\/#primaryimage"},"thumbnailUrl":"https:\/\/portaltela.pt\/s.01k8rhncp4jt1\/2026\/01\/img_1280x721uu2025-06-26-22-02-24-2218869.jpg","datePublished":"2026-01-26T18:49:00+00:00","author":{"@id":"https:\/\/portaltela.pt\/#\/schema\/person\/c4278d4a6028830caff9ee44b42d32ed"},"breadcrumb":{"@id":"https:\/\/portaltela.pt\/noticias\/2026\/01\/26\/porta-voz-da-casa-branca-afirma-que-ninguem-quer-ver-feridos-ou-mortos-nas-ruas\/#breadcrumb"},"inLanguage":"pt-PT","potentialAction":[{"@type":"ReadAction","target":["https:\/\/portaltela.pt\/noticias\/2026\/01\/26\/porta-voz-da-casa-branca-afirma-que-ninguem-quer-ver-feridos-ou-mortos-nas-ruas\/"]}]},{"@type":"ImageObject","inLanguage":"pt-PT","@id":"https:\/\/portaltela.pt\/noticias\/2026\/01\/26\/porta-voz-da-casa-branca-afirma-que-ninguem-quer-ver-feridos-ou-mortos-nas-ruas\/#primaryimage","url":"https:\/\/portaltela.pt\/s.01k8rhncp4jt1\/2026\/01\/img_1280x721uu2025-06-26-22-02-24-2218869.jpg","contentUrl":"https:\/\/portaltela.pt\/s.01k8rhncp4jt1\/2026\/01\/img_1280x721uu2025-06-26-22-02-24-2218869.jpg","width":796,"height":448,"caption":"Karoline Leavitt fala sobre poss\u00edvel adiamento de sobretaxas de Donald Trump"},{"@type":"BreadcrumbList","@id":"https:\/\/portaltela.pt\/noticias\/2026\/01\/26\/porta-voz-da-casa-branca-afirma-que-ninguem-quer-ver-feridos-ou-mortos-nas-ruas\/#breadcrumb","itemListElement":[{"@type":"ListItem","position":1,"name":"In\u00edcio","item":"https:\/\/portaltela.pt\/"},{"@type":"ListItem","position":2,"name":"Porta-voz da Casa Branca afirma que ningu\u00e9m quer ver feridos ou mortos nas ruas"}]},{"@type":"WebSite","@id":"https:\/\/portaltela.pt\/#website","url":"https:\/\/portaltela.pt\/","name":"Portal Tela Portugal","description":"","potentialAction":[{"@type":"SearchAction","target":{"@type":"EntryPoint","urlTemplate":"https:\/\/portaltela.pt\/?s={search_term_string}"},"query-input":{"@type":"PropertyValueSpecification","valueRequired":true,"valueName":"search_term_string"}}],"inLanguage":"pt-PT"},{"@type":"Person","@id":"https:\/\/portaltela.pt\/#\/schema\/person\/c4278d4a6028830caff9ee44b42d32ed","name":"Telinha","image":{"@type":"ImageObject","inLanguage":"pt-PT","@id":"https:\/\/portaltela.pt\/s.01k8rhncp4jt1\/2025\/11\/talking-bot-125x125.png","url":"https:\/\/portaltela.pt\/s.01k8rhncp4jt1\/2025\/11\/talking-bot-125x125.png","contentUrl":"https:\/\/portaltela.pt\/s.01k8rhncp4jt1\/2025\/11\/talking-bot-125x125.png","caption":"Telinha"},"sameAs":["https:\/\/portaltela.pt\/"],"url":"https:\/\/portaltela.pt\/por\/367410592786\/"}]}},"_links":{"self":[{"href":"https:\/\/portaltela.pt\/api\/wp\/v2\/posts\/175122","targetHints":{"allow":["GET"]}}],"collection":[{"href":"https:\/\/portaltela.pt\/api\/wp\/v2\/posts"}],"about":[{"href":"https:\/\/portaltela.pt\/api\/wp\/v2\/types\/post"}],"author":[{"embeddable":true,"href":"https:\/\/portaltela.pt\/api\/wp\/v2\/users\/2"}],"replies":[{"embeddable":true,"href":"https:\/\/portaltela.pt\/api\/wp\/v2\/comments?post=175122"}],"version-history":[{"count":0,"href":"https:\/\/portaltela.pt\/api\/wp\/v2\/posts\/175122\/revisions"}],"wp:featuredmedia":[{"embeddable":true,"href":"https:\/\/portaltela.pt\/api\/wp\/v2\/media\/175127"}],"wp:attachment":[{"href":"https:\/\/portaltela.pt\/api\/wp\/v2\/media?parent=175122"}],"wp:term":[{"taxonomy":"category","embeddable":true,"href":"https:\/\/portaltela.pt\/api\/wp\/v2\/categories?post=175122"},{"taxonomy":"post_tag","embeddable":true,"href":"https:\/\/portaltela.pt\/api\/wp\/v2\/tags?post=175122"}],"curies":[{"name":"wp","href":"https:\/\/api.w.org\/{rel}","templated":true}]}}