{"id":175113,"date":"2026-01-26T15:51:00","date_gmt":"2026-01-26T18:51:00","guid":{"rendered":"https:\/\/portaltela.pt\/noticias\/2026\/01\/26\/ex-chega-nao-comparece-a-primeira-sessao-de-julgamento\/"},"modified":"2026-01-26T15:51:00","modified_gmt":"2026-01-26T18:51:00","slug":"ex-chega-nao-comparece-a-primeira-sessao-de-julgamento","status":"publish","type":"post","link":"https:\/\/portaltela.pt\/noticias\/2026\/01\/26\/ex-chega-nao-comparece-a-primeira-sessao-de-julgamento\/","title":{"rendered":"Ex-Chega n\u00e3o comparece \u00e0 primeira sess\u00e3o de julgamento"},"content":{"rendered":"<p>Nuno Pardal Ribeiro, ex-dirigente do Chega, faltou \u00e0 primeira sess\u00e3o do julgamento em que \u00e9 acusado de dois crimes de recurso \u00e0 prostitui\u00e7\u00e3o de menores. A decis\u00e3o foi comunicada ao Observador por uma fonte judicial. O caso chegou ao Tribunal de Cascais nesta segunda-feira, numa sess\u00e3o realizada \u00e0 porta fechada com a presen\u00e7a apenas do segundo arguido.<\/p>\n<p>Na sala, a ju\u00edza informou os intervenientes de que, pela natureza dos crimes \u2014 relacionados com a liberdade e autodetermina\u00e7\u00e3o sexual \u2014 o julgamento seria privado. Antes do in\u00edcio, n\u00e3o existiam indica\u00e7\u00f5es p\u00fablicas de que o processo fosse a portas fechadas, mas a decis\u00e3o foi anunciada pouco antes do come\u00e7o da audi\u00eancia.<\/p>\n<p>Segundo o Expresso, Pardal Ribeiro tentou adiar o julgamento apresentando um atestado m\u00e9dico de um psiquiatra, alegando problemas de sa\u00fade mental associados aos factos em julgamento. O estado de sa\u00fade do arguido ter\u00e1 vindo a agravar-se e impede-o de depor nas pr\u00f3ximas semanas. O Observador confirmou apenas que o homem apresentou justifica\u00e7\u00e3o para a sua falta.<\/p>\n<p>Sem o ex-dirigente do Chega, a sess\u00e3o decorreu de forma r\u00e1pida, com o segundo arguido \u2014 um homem de 76 anos \u2014 a identificar-se e a prescindir da leitura da acusa\u00e7\u00e3o, n\u00e3o tendo feito declara\u00e7\u00f5es sobre os factos. O segundo arguido possui antecedentes judiciais por um crime distinto: em 2024 foi condenado pelo Tribunal da Rela\u00e7\u00e3o de Lisboa a uma pena suspensa de quatro anos de pris\u00e3o relacionada com a morte de duas pessoas numa aterragem for\u00e7ada na Praia de S\u00e3o Jo\u00e3o da Caparica.<\/p>\n<p>Face a outras faltas justificadas do assistente e da testemunha de acusa\u00e7\u00e3o, foi marcada nova sess\u00e3o para a tarde da pr\u00f3xima segunda-feira, 2 de fevereiro, para ouvir as declara\u00e7\u00f5es dessas duas pessoas. Os factos do ex-dirigente do Chega remontam a 2023, quando ter\u00e1 conhecido um jovem de 15 anos atrav\u00e9s da aplica\u00e7\u00e3o Grindr, destinada \u00e0 comunidade homossexual e supostamente apenas para maiores de 18 anos. Pardal Ribeiro ter\u00e1 combinado um encontro perto da esta\u00e7\u00e3o de S\u00e3o Jo\u00e3o do Estoril.<\/p>\n<p>O arguido supostamente recolheu o jovem e, segundo a acusa\u00e7\u00e3o do Minist\u00e9rio P\u00fablico, dirigiram-se num ve\u00edculo para uma zona de mato. No trajeto, o menor afirmou ter 15 anos; ap\u00f3s o encontro, que envolveu beijos e sexo oral, o antigo dirigente enviou mensagens sem resposta e acabou por admitir o pagamento por atos sexuais. O MP descreveu que o arguido sabia da menoridade e que atuou com o objetivo de satisfazer os seus impulsos libidinosos, mediante contrapartida financeira.<\/p>\n<p>Ap\u00f3s a divulga\u00e7\u00e3o da acusa\u00e7\u00e3o, Pardal Ribeiro renunciou ao mandato na Assembleia Municipal, ao cargo de vice-presidente da distrital de Lisboa e ao lugar de conselheiro nacional. Em v\u00e1rias declara\u00e7\u00f5es, o ex-pol\u00edtico reconheceu estar a esfor\u00e7ar-se para provar a sua inoc\u00eancia, afastando-se da vida p\u00fablica devido \u00e0 delicada situa\u00e7\u00e3o.<\/p>\n","protected":false},"excerpt":{"rendered":"<ul>\n<li>O ex-dirigente do Chega, Nuno Pardal Ribeiro, faltou \u00e0 primeira sess\u00e3o do julgamento em Cascais, acusado de dois crimes de recurso \u00e0 prostitui\u00e7\u00e3o de menores.<\/li>\n<li>A audi\u00eancia decorreu \u00e0 porta fechada, com a ju\u00edza a determinar a exclus\u00e3o de publicidade devido \u00e0 natureza dos crimes.<\/li>\n<li>Pardal Ribeiro apresentou justifica\u00e7\u00e3o de aus\u00eancia, com um atestado m\u00e9dico de psiquiatra alegando problemas mentais que teriam surgido h\u00e1 um ano.<\/li>\n<li>O segundo arguido, um homem de 76 anos, identificou-se, prescindiu da leitura da acusa\u00e7\u00e3o e n\u00e3o declarou sobre os factos; tem historial na justi\u00e7a por crime distinto.<\/li>\n<li>Foi agendada nova sess\u00e3o para 2 de fevereiro, para ouvir a assistente e a testemunha de acusa\u00e7\u00e3o; os factos remontam a 2023, envolvendo um jovem de 15 anos conhecido via Grindr.<\/li>\n<\/ul>\n","protected":false},"author":2,"featured_media":175115,"comment_status":"closed","ping_status":"closed","sticky":false,"template":"","format":"standard","meta":{"footnotes":""},"categories":[1],"tags":[1111,2142,147,4285,52],"class_list":["post-175113","post","type-post","status-publish","format-standard","has-post-thumbnail","hentry","category-noticias","tag-cascais","tag-chega","tag-crime","tag-prostituicao-de-menor-dependente-ou-em-situacao-vulneravel","tag-tribunal"],"yoast_head":"<!-- This site is optimized with the Yoast SEO plugin v27.2 - https:\/\/yoast.com\/product\/yoast-seo-wordpress\/ -->\n<title>Ex-Chega n\u00e3o comparece \u00e0 primeira sess\u00e3o de julgamento - Portal Tela Portugal<\/title>\n<meta name=\"robots\" content=\"index, follow, max-snippet:-1, max-image-preview:large, max-video-preview:-1\" \/>\n<meta property=\"og:locale\" content=\"pt_PT\" \/>\n<meta property=\"og:type\" content=\"article\" \/>\n<meta property=\"og:title\" content=\"Ex-Chega n\u00e3o comparece \u00e0 primeira sess\u00e3o de julgamento - Portal Tela Portugal\" \/>\n<meta property=\"og:description\" content=\"O ex-dirigente do Chega, Nuno Pardal Ribeiro, faltou \u00e0 primeira sess\u00e3o do julgamento em Cascais, acusado de dois crimes de recurso \u00e0 prostitui\u00e7\u00e3o de menores. A audi\u00eancia decorreu \u00e0 porta fechada, com a ju\u00edza a determinar a exclus\u00e3o de publicidade devido \u00e0 natureza dos crimes. Pardal Ribeiro apresentou justifica\u00e7\u00e3o de aus\u00eancia, com um atestado m\u00e9dico de psiquiatra alegando problemas mentais que teriam surgido h\u00e1 um ano. O segundo arguido, um homem de 76 anos, identificou-se, prescindiu da leitura da acusa\u00e7\u00e3o e n\u00e3o declarou sobre os factos; tem historial na justi\u00e7a por crime distinto. Foi agendada nova sess\u00e3o para 2 de fevereiro, para ouvir a assistente e a testemunha de acusa\u00e7\u00e3o; os factos remontam a 2023, envolvendo um jovem de 15 anos conhecido via Grindr.\" \/>\n<meta property=\"og:url\" content=\"https:\/\/portaltela.pt\/noticias\/2026\/01\/26\/ex-chega-nao-comparece-a-primeira-sessao-de-julgamento\/\" \/>\n<meta property=\"og:site_name\" content=\"Portal Tela Portugal\" \/>\n<meta property=\"article:published_time\" content=\"2026-01-26T18:51:00+00:00\" \/>\n<meta name=\"author\" content=\"Telinha\" \/>\n<meta name=\"twitter:card\" content=\"summary_large_image\" \/>\n<meta name=\"twitter:label1\" content=\"Escrito por\" \/>\n\t<meta name=\"twitter:data1\" content=\"Telinha\" \/>\n\t<meta name=\"twitter:label2\" content=\"Tempo estimado de leitura\" \/>\n\t<meta name=\"twitter:data2\" content=\"2 minutos\" \/>\n<script type=\"application\/ld+json\" class=\"yoast-schema-graph\">{\"@context\":\"https:\/\/schema.org\",\"@graph\":[{\"@type\":\"Article\",\"@id\":\"https:\/\/portaltela.pt\/noticias\/2026\/01\/26\/ex-chega-nao-comparece-a-primeira-sessao-de-julgamento\/#article\",\"isPartOf\":{\"@id\":\"https:\/\/portaltela.pt\/noticias\/2026\/01\/26\/ex-chega-nao-comparece-a-primeira-sessao-de-julgamento\/\"},\"author\":{\"name\":\"Telinha\",\"@id\":\"https:\/\/portaltela.pt\/#\/schema\/person\/c4278d4a6028830caff9ee44b42d32ed\"},\"headline\":\"Ex-Chega n\u00e3o comparece \u00e0 primeira sess\u00e3o de julgamento\",\"datePublished\":\"2026-01-26T18:51:00+00:00\",\"mainEntityOfPage\":{\"@id\":\"https:\/\/portaltela.pt\/noticias\/2026\/01\/26\/ex-chega-nao-comparece-a-primeira-sessao-de-julgamento\/\"},\"wordCount\":500,\"image\":{\"@id\":\"https:\/\/portaltela.pt\/noticias\/2026\/01\/26\/ex-chega-nao-comparece-a-primeira-sessao-de-julgamento\/#primaryimage\"},\"thumbnailUrl\":\"https:\/\/portaltela.pt\/s.01k8rhncp4jt1\/2026\/01\/nuno-pardal-2.jpg\",\"keywords\":[\"Cascais\",\"CHEGA\",\"crime\",\"prostitui\u00e7\u00e3o de menor dependente ou em situa\u00e7\u00e3o vulner\u00e1vel\",\"tribunal\"],\"articleSection\":[\"Not\u00edcias\"],\"inLanguage\":\"pt-PT\"},{\"@type\":\"WebPage\",\"@id\":\"https:\/\/portaltela.pt\/noticias\/2026\/01\/26\/ex-chega-nao-comparece-a-primeira-sessao-de-julgamento\/\",\"url\":\"https:\/\/portaltela.pt\/noticias\/2026\/01\/26\/ex-chega-nao-comparece-a-primeira-sessao-de-julgamento\/\",\"name\":\"Ex-Chega n\u00e3o comparece \u00e0 primeira sess\u00e3o de julgamento - Portal Tela Portugal\",\"isPartOf\":{\"@id\":\"https:\/\/portaltela.pt\/#website\"},\"primaryImageOfPage\":{\"@id\":\"https:\/\/portaltela.pt\/noticias\/2026\/01\/26\/ex-chega-nao-comparece-a-primeira-sessao-de-julgamento\/#primaryimage\"},\"image\":{\"@id\":\"https:\/\/portaltela.pt\/noticias\/2026\/01\/26\/ex-chega-nao-comparece-a-primeira-sessao-de-julgamento\/#primaryimage\"},\"thumbnailUrl\":\"https:\/\/portaltela.pt\/s.01k8rhncp4jt1\/2026\/01\/nuno-pardal-2.jpg\",\"datePublished\":\"2026-01-26T18:51:00+00:00\",\"author\":{\"@id\":\"https:\/\/portaltela.pt\/#\/schema\/person\/c4278d4a6028830caff9ee44b42d32ed\"},\"breadcrumb\":{\"@id\":\"https:\/\/portaltela.pt\/noticias\/2026\/01\/26\/ex-chega-nao-comparece-a-primeira-sessao-de-julgamento\/#breadcrumb\"},\"inLanguage\":\"pt-PT\",\"potentialAction\":[{\"@type\":\"ReadAction\",\"target\":[\"https:\/\/portaltela.pt\/noticias\/2026\/01\/26\/ex-chega-nao-comparece-a-primeira-sessao-de-julgamento\/\"]}]},{\"@type\":\"ImageObject\",\"inLanguage\":\"pt-PT\",\"@id\":\"https:\/\/portaltela.pt\/noticias\/2026\/01\/26\/ex-chega-nao-comparece-a-primeira-sessao-de-julgamento\/#primaryimage\",\"url\":\"https:\/\/portaltela.pt\/s.01k8rhncp4jt1\/2026\/01\/nuno-pardal-2.jpg\",\"contentUrl\":\"https:\/\/portaltela.pt\/s.01k8rhncp4jt1\/2026\/01\/nuno-pardal-2.jpg\",\"width\":796,\"height\":448,\"caption\":\"Photo\"},{\"@type\":\"BreadcrumbList\",\"@id\":\"https:\/\/portaltela.pt\/noticias\/2026\/01\/26\/ex-chega-nao-comparece-a-primeira-sessao-de-julgamento\/#breadcrumb\",\"itemListElement\":[{\"@type\":\"ListItem\",\"position\":1,\"name\":\"In\u00edcio\",\"item\":\"https:\/\/portaltela.pt\/\"},{\"@type\":\"ListItem\",\"position\":2,\"name\":\"Ex-Chega n\u00e3o comparece \u00e0 primeira sess\u00e3o de julgamento\"}]},{\"@type\":\"WebSite\",\"@id\":\"https:\/\/portaltela.pt\/#website\",\"url\":\"https:\/\/portaltela.pt\/\",\"name\":\"Portal Tela Portugal\",\"description\":\"\",\"potentialAction\":[{\"@type\":\"SearchAction\",\"target\":{\"@type\":\"EntryPoint\",\"urlTemplate\":\"https:\/\/portaltela.pt\/?s={search_term_string}\"},\"query-input\":{\"@type\":\"PropertyValueSpecification\",\"valueRequired\":true,\"valueName\":\"search_term_string\"}}],\"inLanguage\":\"pt-PT\"},{\"@type\":\"Person\",\"@id\":\"https:\/\/portaltela.pt\/#\/schema\/person\/c4278d4a6028830caff9ee44b42d32ed\",\"name\":\"Telinha\",\"image\":{\"@type\":\"ImageObject\",\"inLanguage\":\"pt-PT\",\"@id\":\"https:\/\/portaltela.pt\/s.01k8rhncp4jt1\/2025\/11\/talking-bot-125x125.png\",\"url\":\"https:\/\/portaltela.pt\/s.01k8rhncp4jt1\/2025\/11\/talking-bot-125x125.png\",\"contentUrl\":\"https:\/\/portaltela.pt\/s.01k8rhncp4jt1\/2025\/11\/talking-bot-125x125.png\",\"caption\":\"Telinha\"},\"sameAs\":[\"https:\/\/portaltela.pt\/\"],\"url\":\"https:\/\/portaltela.pt\/por\/367410592786\/\"}]}<\/script>\n<!-- \/ Yoast SEO plugin. -->","yoast_head_json":{"title":"Ex-Chega n\u00e3o comparece \u00e0 primeira sess\u00e3o de julgamento - Portal Tela Portugal","robots":{"index":"index","follow":"follow","max-snippet":"max-snippet:-1","max-image-preview":"max-image-preview:large","max-video-preview":"max-video-preview:-1"},"og_locale":"pt_PT","og_type":"article","og_title":"Ex-Chega n\u00e3o comparece \u00e0 primeira sess\u00e3o de julgamento - Portal Tela Portugal","og_description":"O ex-dirigente do Chega, Nuno Pardal Ribeiro, faltou \u00e0 primeira sess\u00e3o do julgamento em Cascais, acusado de dois crimes de recurso \u00e0 prostitui\u00e7\u00e3o de menores. A audi\u00eancia decorreu \u00e0 porta fechada, com a ju\u00edza a determinar a exclus\u00e3o de publicidade devido \u00e0 natureza dos crimes. Pardal Ribeiro apresentou justifica\u00e7\u00e3o de aus\u00eancia, com um atestado m\u00e9dico de psiquiatra alegando problemas mentais que teriam surgido h\u00e1 um ano. O segundo arguido, um homem de 76 anos, identificou-se, prescindiu da leitura da acusa\u00e7\u00e3o e n\u00e3o declarou sobre os factos; tem historial na justi\u00e7a por crime distinto. Foi agendada nova sess\u00e3o para 2 de fevereiro, para ouvir a assistente e a testemunha de acusa\u00e7\u00e3o; os factos remontam a 2023, envolvendo um jovem de 15 anos conhecido via Grindr.","og_url":"https:\/\/portaltela.pt\/noticias\/2026\/01\/26\/ex-chega-nao-comparece-a-primeira-sessao-de-julgamento\/","og_site_name":"Portal Tela Portugal","article_published_time":"2026-01-26T18:51:00+00:00","author":"Telinha","twitter_card":"summary_large_image","twitter_misc":{"Escrito por":"Telinha","Tempo estimado de leitura":"2 minutos"},"schema":{"@context":"https:\/\/schema.org","@graph":[{"@type":"Article","@id":"https:\/\/portaltela.pt\/noticias\/2026\/01\/26\/ex-chega-nao-comparece-a-primeira-sessao-de-julgamento\/#article","isPartOf":{"@id":"https:\/\/portaltela.pt\/noticias\/2026\/01\/26\/ex-chega-nao-comparece-a-primeira-sessao-de-julgamento\/"},"author":{"name":"Telinha","@id":"https:\/\/portaltela.pt\/#\/schema\/person\/c4278d4a6028830caff9ee44b42d32ed"},"headline":"Ex-Chega n\u00e3o comparece \u00e0 primeira sess\u00e3o de julgamento","datePublished":"2026-01-26T18:51:00+00:00","mainEntityOfPage":{"@id":"https:\/\/portaltela.pt\/noticias\/2026\/01\/26\/ex-chega-nao-comparece-a-primeira-sessao-de-julgamento\/"},"wordCount":500,"image":{"@id":"https:\/\/portaltela.pt\/noticias\/2026\/01\/26\/ex-chega-nao-comparece-a-primeira-sessao-de-julgamento\/#primaryimage"},"thumbnailUrl":"https:\/\/portaltela.pt\/s.01k8rhncp4jt1\/2026\/01\/nuno-pardal-2.jpg","keywords":["Cascais","CHEGA","crime","prostitui\u00e7\u00e3o de menor dependente ou em situa\u00e7\u00e3o vulner\u00e1vel","tribunal"],"articleSection":["Not\u00edcias"],"inLanguage":"pt-PT"},{"@type":"WebPage","@id":"https:\/\/portaltela.pt\/noticias\/2026\/01\/26\/ex-chega-nao-comparece-a-primeira-sessao-de-julgamento\/","url":"https:\/\/portaltela.pt\/noticias\/2026\/01\/26\/ex-chega-nao-comparece-a-primeira-sessao-de-julgamento\/","name":"Ex-Chega n\u00e3o comparece \u00e0 primeira sess\u00e3o de julgamento - Portal Tela Portugal","isPartOf":{"@id":"https:\/\/portaltela.pt\/#website"},"primaryImageOfPage":{"@id":"https:\/\/portaltela.pt\/noticias\/2026\/01\/26\/ex-chega-nao-comparece-a-primeira-sessao-de-julgamento\/#primaryimage"},"image":{"@id":"https:\/\/portaltela.pt\/noticias\/2026\/01\/26\/ex-chega-nao-comparece-a-primeira-sessao-de-julgamento\/#primaryimage"},"thumbnailUrl":"https:\/\/portaltela.pt\/s.01k8rhncp4jt1\/2026\/01\/nuno-pardal-2.jpg","datePublished":"2026-01-26T18:51:00+00:00","author":{"@id":"https:\/\/portaltela.pt\/#\/schema\/person\/c4278d4a6028830caff9ee44b42d32ed"},"breadcrumb":{"@id":"https:\/\/portaltela.pt\/noticias\/2026\/01\/26\/ex-chega-nao-comparece-a-primeira-sessao-de-julgamento\/#breadcrumb"},"inLanguage":"pt-PT","potentialAction":[{"@type":"ReadAction","target":["https:\/\/portaltela.pt\/noticias\/2026\/01\/26\/ex-chega-nao-comparece-a-primeira-sessao-de-julgamento\/"]}]},{"@type":"ImageObject","inLanguage":"pt-PT","@id":"https:\/\/portaltela.pt\/noticias\/2026\/01\/26\/ex-chega-nao-comparece-a-primeira-sessao-de-julgamento\/#primaryimage","url":"https:\/\/portaltela.pt\/s.01k8rhncp4jt1\/2026\/01\/nuno-pardal-2.jpg","contentUrl":"https:\/\/portaltela.pt\/s.01k8rhncp4jt1\/2026\/01\/nuno-pardal-2.jpg","width":796,"height":448,"caption":"Photo"},{"@type":"BreadcrumbList","@id":"https:\/\/portaltela.pt\/noticias\/2026\/01\/26\/ex-chega-nao-comparece-a-primeira-sessao-de-julgamento\/#breadcrumb","itemListElement":[{"@type":"ListItem","position":1,"name":"In\u00edcio","item":"https:\/\/portaltela.pt\/"},{"@type":"ListItem","position":2,"name":"Ex-Chega n\u00e3o comparece \u00e0 primeira sess\u00e3o de julgamento"}]},{"@type":"WebSite","@id":"https:\/\/portaltela.pt\/#website","url":"https:\/\/portaltela.pt\/","name":"Portal Tela Portugal","description":"","potentialAction":[{"@type":"SearchAction","target":{"@type":"EntryPoint","urlTemplate":"https:\/\/portaltela.pt\/?s={search_term_string}"},"query-input":{"@type":"PropertyValueSpecification","valueRequired":true,"valueName":"search_term_string"}}],"inLanguage":"pt-PT"},{"@type":"Person","@id":"https:\/\/portaltela.pt\/#\/schema\/person\/c4278d4a6028830caff9ee44b42d32ed","name":"Telinha","image":{"@type":"ImageObject","inLanguage":"pt-PT","@id":"https:\/\/portaltela.pt\/s.01k8rhncp4jt1\/2025\/11\/talking-bot-125x125.png","url":"https:\/\/portaltela.pt\/s.01k8rhncp4jt1\/2025\/11\/talking-bot-125x125.png","contentUrl":"https:\/\/portaltela.pt\/s.01k8rhncp4jt1\/2025\/11\/talking-bot-125x125.png","caption":"Telinha"},"sameAs":["https:\/\/portaltela.pt\/"],"url":"https:\/\/portaltela.pt\/por\/367410592786\/"}]}},"_links":{"self":[{"href":"https:\/\/portaltela.pt\/api\/wp\/v2\/posts\/175113","targetHints":{"allow":["GET"]}}],"collection":[{"href":"https:\/\/portaltela.pt\/api\/wp\/v2\/posts"}],"about":[{"href":"https:\/\/portaltela.pt\/api\/wp\/v2\/types\/post"}],"author":[{"embeddable":true,"href":"https:\/\/portaltela.pt\/api\/wp\/v2\/users\/2"}],"replies":[{"embeddable":true,"href":"https:\/\/portaltela.pt\/api\/wp\/v2\/comments?post=175113"}],"version-history":[{"count":0,"href":"https:\/\/portaltela.pt\/api\/wp\/v2\/posts\/175113\/revisions"}],"wp:featuredmedia":[{"embeddable":true,"href":"https:\/\/portaltela.pt\/api\/wp\/v2\/media\/175115"}],"wp:attachment":[{"href":"https:\/\/portaltela.pt\/api\/wp\/v2\/media?parent=175113"}],"wp:term":[{"taxonomy":"category","embeddable":true,"href":"https:\/\/portaltela.pt\/api\/wp\/v2\/categories?post=175113"},{"taxonomy":"post_tag","embeddable":true,"href":"https:\/\/portaltela.pt\/api\/wp\/v2\/tags?post=175113"}],"curies":[{"name":"wp","href":"https:\/\/api.w.org\/{rel}","templated":true}]}}