{"id":175094,"date":"2026-01-26T15:31:00","date_gmt":"2026-01-26T18:31:00","guid":{"rendered":"https:\/\/portaltela.pt\/noticias\/2026\/01\/26\/candidato-afirma-foco-em-vitoria-real-nao-em-promessas\/"},"modified":"2026-01-26T15:31:00","modified_gmt":"2026-01-26T18:31:00","slug":"candidato-afirma-foco-em-vitoria-real-nao-em-promessas","status":"publish","type":"post","link":"https:\/\/portaltela.pt\/desporto\/2026\/01\/26\/candidato-afirma-foco-em-vitoria-real-nao-em-promessas\/","title":{"rendered":"Candidato afirma foco em vit\u00f3ria real, n\u00e3o em promessas"},"content":{"rendered":"<p>Jo\u00e3o Almeida encerrou 2025 como um dos grandes protagonistas do ciclismo. O portugu\u00eas venceu a Volta \u00e0 Su\u00ed\u00e7a, a Volta ao Pa\u00eds Basco e a Volta \u00e0 Romandia, somando ainda um 2\u00ba lugar na Volta a Espanha e boas exibi\u00e7\u00f5es na Volta ao Algarve e na Volta \u00e0 Comunidade Valenciana. O ano ficou marcado pela queda que o levou a abandonar o Tour.<\/p>\n<p>Com 27 anos, o corredor de A-dos-Francos ascendeu a refer\u00eancia da Emirates e tornou-se figura habitual entre os favoritos das grandes voltas. O seu desempenho levou a que, em 2026, tivesse liberdade para ajustar o pr\u00f3prio calend\u00e1rio.<\/p>\n<p>Ap\u00f3s dois anos consecutivos de participa\u00e7\u00e3o no Tour, Almeida optou por regressar ao Giro d\u2019Italia, deixando de fora a Volta a Espanha prevista para este ano. A decis\u00e3o ocorreu ap\u00f3s negocia\u00e7\u00e3o com a equipa, que concordou com o regresso ao Giro para tentar a vit\u00f3ria ou, na melhor das hip\u00f3teses, ficar muito perto do copeiro.<\/p>\n<h3>Calend\u00e1rio e ambi\u00e7\u00f5es para 2026<\/h3>\n<p>A temporada de 2026 arrancar\u00e1 na Volta \u00e0 Comunidade Valenciana, a partir de 4 de fevereiro, onde Almeida ficou no 2\u00ba lugar em 2025. Em seguida segue-se a Volta ao Algarve, entre 18 e 22 de fevereiro, com participa\u00e7\u00e3o esperada ao lado de Juan Ayuso na luta pela vit\u00f3ria.<\/p>\n<p>Ap\u00f3s o Algarve, o calend\u00e1rio prev\u00ea o Paris-Nice e a Volta \u00e0 Catalunha, antes do Giro d\u2019Italia, que come\u00e7a a 8 de maio. O ciclista planeia ainda uma passagem pela Volta a Burgos, antes de a Vuelta a Espanha arrancar a 22 de agosto.<\/p>\n<p>Sobre o objetivo principal, Almeida afirma que pretende ganhar uma Grande Volta, reconhecendo que o Giro oferece um conjunto de fatores imprevis\u00edveis. Aposta numa prepara\u00e7\u00e3o cont\u00ednua e na experi\u00eancia adquirida nos \u00faltimos anos para enfrentar a corrida italiana.<\/p>\n<h3>Avalia\u00e7\u00e3o do percurso anterior<\/h3>\n<p>Almeida considera 2025 a melhor temporada da carreira, apesar da queda no Tour. Lembra que a vit\u00f3ria na Volta \u00e0 Su\u00ed\u00e7a, a Verde de Basileia, e o desempenho consistente ao longo da \u00e9poca foram determinantes para o seu estatuto atual. Afirmou ainda que superar esse patamar exigiria manter a consist\u00eancia e o foco.<\/p>\n<p>O ciclista refor\u00e7a que a mudan\u00e7a de foco para o Giro tem o objetivo claro de vencer a corrida ou lutar pela vit\u00f3ria pr\u00f3xima. A competi\u00e7\u00e3o com advers\u00e1rios fortes, incluindo Jonas Vingegaard, ser\u00e1 vista como est\u00edmulo para elevar o rendimento.<\/p>\n","protected":false},"excerpt":{"rendered":"<ul>\n<li>Jo\u00e3o Almeida terminou 2025 como a melhor temporada da carreira, com vit\u00f3rias na Volta \u00e0 Su\u00ed\u00e7a, Volta ao Pa\u00eds Basco e Volta \u00e0 Romandia, e 2.\u00ba lugar na Volta a Espanha, igualando recorde de Joaquim Agostinho em 1974.<\/li>\n<li>Em 2026, o ciclista portugu\u00eas volta a apostar na Volta a Giro, deixando de fora o Tour, ap\u00f3s discutir com a equipa Emirates.<\/li>\n<li>A campanha come\u00e7a na Volta \u00e0 Comunidade Valenciana (4 de fevereiro), segue-se o Volta ao Algarve (18 a 22 de fevereiro) e inclui Paris-Nice e Volta \u00e0 Catalunha, antes do Giro, que come\u00e7a a 8 de maio.<\/li>\n<li>Almeida pretende vencer o Giro ou ficar o mais perto poss\u00edvel, mesmo com a presen\u00e7a de Jonas Vingegaard a competir na It\u00e1lia.<\/li>\n<li>O objetivo de carreira continua a ser vencer uma grande volta; reconhece que a queda no Tour 2025 foi azar, mas considera a temporada hist\u00f3rica e \u00fatil para 2026.<\/li>\n<\/ul>\n","protected":false},"author":2,"featured_media":175098,"comment_status":"closed","ping_status":"closed","sticky":false,"template":"","format":"standard","meta":{"footnotes":""},"categories":[21],"tags":[923,152,1014,4376,2235,4375],"class_list":["post-175094","post","type-post","status-publish","format-standard","has-post-thumbnail","hentry","category-desporto","tag-ciclismo","tag-desporto","tag-portugal","tag-volta-a-espanha","tag-volta-a-portugal","tag-volta-ao-algarve"],"yoast_head":"<!-- This site is optimized with the Yoast SEO plugin v27.2 - https:\/\/yoast.com\/product\/yoast-seo-wordpress\/ -->\n<title>Candidato afirma foco em vit\u00f3ria real, n\u00e3o em promessas - Portal Tela Portugal<\/title>\n<meta name=\"robots\" content=\"index, follow, max-snippet:-1, max-image-preview:large, max-video-preview:-1\" \/>\n<meta property=\"og:locale\" content=\"pt_PT\" \/>\n<meta property=\"og:type\" content=\"article\" \/>\n<meta property=\"og:title\" content=\"Candidato afirma foco em vit\u00f3ria real, n\u00e3o em promessas - Portal Tela Portugal\" \/>\n<meta property=\"og:description\" content=\"Jo\u00e3o Almeida terminou 2025 como a melhor temporada da carreira, com vit\u00f3rias na Volta \u00e0 Su\u00ed\u00e7a, Volta ao Pa\u00eds Basco e Volta \u00e0 Romandia, e 2.\u00ba lugar na Volta a Espanha, igualando recorde de Joaquim Agostinho em 1974. Em 2026, o ciclista portugu\u00eas volta a apostar na Volta a Giro, deixando de fora o Tour, ap\u00f3s discutir com a equipa Emirates. A campanha come\u00e7a na Volta \u00e0 Comunidade Valenciana (4 de fevereiro), segue-se o Volta ao Algarve (18 a 22 de fevereiro) e inclui Paris-Nice e Volta \u00e0 Catalunha, antes do Giro, que come\u00e7a a 8 de maio. Almeida pretende vencer o Giro ou ficar o mais perto poss\u00edvel, mesmo com a presen\u00e7a de Jonas Vingegaard a competir na It\u00e1lia. O objetivo de carreira continua a ser vencer uma grande volta; reconhece que a queda no Tour 2025 foi azar, mas considera a temporada hist\u00f3rica e \u00fatil para 2026.\" \/>\n<meta property=\"og:url\" content=\"https:\/\/portaltela.pt\/noticias\/2026\/01\/26\/candidato-afirma-foco-em-vitoria-real-nao-em-promessas\/\" \/>\n<meta property=\"og:site_name\" content=\"Portal Tela Portugal\" \/>\n<meta property=\"article:published_time\" content=\"2026-01-26T18:31:00+00:00\" \/>\n<meta name=\"author\" content=\"Telinha\" \/>\n<meta name=\"twitter:card\" content=\"summary_large_image\" \/>\n<meta name=\"twitter:label1\" content=\"Escrito por\" \/>\n\t<meta name=\"twitter:data1\" content=\"Telinha\" \/>\n\t<meta name=\"twitter:label2\" content=\"Tempo estimado de leitura\" \/>\n\t<meta name=\"twitter:data2\" content=\"2 minutos\" \/>\n<script type=\"application\/ld+json\" class=\"yoast-schema-graph\">{\"@context\":\"https:\/\/schema.org\",\"@graph\":[{\"@type\":\"Article\",\"@id\":\"https:\/\/portaltela.pt\/noticias\/2026\/01\/26\/candidato-afirma-foco-em-vitoria-real-nao-em-promessas\/#article\",\"isPartOf\":{\"@id\":\"https:\/\/portaltela.pt\/noticias\/2026\/01\/26\/candidato-afirma-foco-em-vitoria-real-nao-em-promessas\/\"},\"author\":{\"name\":\"Telinha\",\"@id\":\"https:\/\/portaltela.pt\/#\/schema\/person\/c4278d4a6028830caff9ee44b42d32ed\"},\"headline\":\"Candidato afirma foco em vit\u00f3ria real, n\u00e3o em promessas\",\"datePublished\":\"2026-01-26T18:31:00+00:00\",\"mainEntityOfPage\":{\"@id\":\"https:\/\/portaltela.pt\/noticias\/2026\/01\/26\/candidato-afirma-foco-em-vitoria-real-nao-em-promessas\/\"},\"wordCount\":418,\"image\":{\"@id\":\"https:\/\/portaltela.pt\/noticias\/2026\/01\/26\/candidato-afirma-foco-em-vitoria-real-nao-em-promessas\/#primaryimage\"},\"thumbnailUrl\":\"https:\/\/portaltela.pt\/s.01k8rhncp4jt1\/2026\/01\/gettyimages-2233858176.jpg\",\"keywords\":[\"ciclismo\",\"desporto\",\"Portugal\",\"Volta a Espanha\",\"Volta a Portugal\",\"Volta ao Algarve\"],\"articleSection\":[\"Desporto\"],\"inLanguage\":\"pt-PT\"},{\"@type\":\"WebPage\",\"@id\":\"https:\/\/portaltela.pt\/noticias\/2026\/01\/26\/candidato-afirma-foco-em-vitoria-real-nao-em-promessas\/\",\"url\":\"https:\/\/portaltela.pt\/noticias\/2026\/01\/26\/candidato-afirma-foco-em-vitoria-real-nao-em-promessas\/\",\"name\":\"Candidato afirma foco em vit\u00f3ria real, n\u00e3o em promessas - Portal Tela Portugal\",\"isPartOf\":{\"@id\":\"https:\/\/portaltela.pt\/#website\"},\"primaryImageOfPage\":{\"@id\":\"https:\/\/portaltela.pt\/noticias\/2026\/01\/26\/candidato-afirma-foco-em-vitoria-real-nao-em-promessas\/#primaryimage\"},\"image\":{\"@id\":\"https:\/\/portaltela.pt\/noticias\/2026\/01\/26\/candidato-afirma-foco-em-vitoria-real-nao-em-promessas\/#primaryimage\"},\"thumbnailUrl\":\"https:\/\/portaltela.pt\/s.01k8rhncp4jt1\/2026\/01\/gettyimages-2233858176.jpg\",\"datePublished\":\"2026-01-26T18:31:00+00:00\",\"author\":{\"@id\":\"https:\/\/portaltela.pt\/#\/schema\/person\/c4278d4a6028830caff9ee44b42d32ed\"},\"breadcrumb\":{\"@id\":\"https:\/\/portaltela.pt\/noticias\/2026\/01\/26\/candidato-afirma-foco-em-vitoria-real-nao-em-promessas\/#breadcrumb\"},\"inLanguage\":\"pt-PT\",\"potentialAction\":[{\"@type\":\"ReadAction\",\"target\":[\"https:\/\/portaltela.pt\/noticias\/2026\/01\/26\/candidato-afirma-foco-em-vitoria-real-nao-em-promessas\/\"]}]},{\"@type\":\"ImageObject\",\"inLanguage\":\"pt-PT\",\"@id\":\"https:\/\/portaltela.pt\/noticias\/2026\/01\/26\/candidato-afirma-foco-em-vitoria-real-nao-em-promessas\/#primaryimage\",\"url\":\"https:\/\/portaltela.pt\/s.01k8rhncp4jt1\/2026\/01\/gettyimages-2233858176.jpg\",\"contentUrl\":\"https:\/\/portaltela.pt\/s.01k8rhncp4jt1\/2026\/01\/gettyimages-2233858176.jpg\",\"width\":796,\"height\":448,\"caption\":\"\u25b2 Ciclista portugu\u00eas venceu duas etapas da Vuelta no ano passado, incluindo a da m\u00edtica subida ao Angliru\"},{\"@type\":\"BreadcrumbList\",\"@id\":\"https:\/\/portaltela.pt\/noticias\/2026\/01\/26\/candidato-afirma-foco-em-vitoria-real-nao-em-promessas\/#breadcrumb\",\"itemListElement\":[{\"@type\":\"ListItem\",\"position\":1,\"name\":\"In\u00edcio\",\"item\":\"https:\/\/portaltela.pt\/\"},{\"@type\":\"ListItem\",\"position\":2,\"name\":\"Candidato afirma foco em vit\u00f3ria real, n\u00e3o em promessas\"}]},{\"@type\":\"WebSite\",\"@id\":\"https:\/\/portaltela.pt\/#website\",\"url\":\"https:\/\/portaltela.pt\/\",\"name\":\"Portal Tela Portugal\",\"description\":\"\",\"potentialAction\":[{\"@type\":\"SearchAction\",\"target\":{\"@type\":\"EntryPoint\",\"urlTemplate\":\"https:\/\/portaltela.pt\/?s={search_term_string}\"},\"query-input\":{\"@type\":\"PropertyValueSpecification\",\"valueRequired\":true,\"valueName\":\"search_term_string\"}}],\"inLanguage\":\"pt-PT\"},{\"@type\":\"Person\",\"@id\":\"https:\/\/portaltela.pt\/#\/schema\/person\/c4278d4a6028830caff9ee44b42d32ed\",\"name\":\"Telinha\",\"image\":{\"@type\":\"ImageObject\",\"inLanguage\":\"pt-PT\",\"@id\":\"https:\/\/portaltela.pt\/s.01k8rhncp4jt1\/2025\/11\/talking-bot-125x125.png\",\"url\":\"https:\/\/portaltela.pt\/s.01k8rhncp4jt1\/2025\/11\/talking-bot-125x125.png\",\"contentUrl\":\"https:\/\/portaltela.pt\/s.01k8rhncp4jt1\/2025\/11\/talking-bot-125x125.png\",\"caption\":\"Telinha\"},\"sameAs\":[\"https:\/\/portaltela.pt\/\"],\"url\":\"https:\/\/portaltela.pt\/por\/367410592786\/\"}]}<\/script>\n<!-- \/ Yoast SEO plugin. -->","yoast_head_json":{"title":"Candidato afirma foco em vit\u00f3ria real, n\u00e3o em promessas - Portal Tela Portugal","robots":{"index":"index","follow":"follow","max-snippet":"max-snippet:-1","max-image-preview":"max-image-preview:large","max-video-preview":"max-video-preview:-1"},"og_locale":"pt_PT","og_type":"article","og_title":"Candidato afirma foco em vit\u00f3ria real, n\u00e3o em promessas - Portal Tela Portugal","og_description":"Jo\u00e3o Almeida terminou 2025 como a melhor temporada da carreira, com vit\u00f3rias na Volta \u00e0 Su\u00ed\u00e7a, Volta ao Pa\u00eds Basco e Volta \u00e0 Romandia, e 2.\u00ba lugar na Volta a Espanha, igualando recorde de Joaquim Agostinho em 1974. Em 2026, o ciclista portugu\u00eas volta a apostar na Volta a Giro, deixando de fora o Tour, ap\u00f3s discutir com a equipa Emirates. A campanha come\u00e7a na Volta \u00e0 Comunidade Valenciana (4 de fevereiro), segue-se o Volta ao Algarve (18 a 22 de fevereiro) e inclui Paris-Nice e Volta \u00e0 Catalunha, antes do Giro, que come\u00e7a a 8 de maio. Almeida pretende vencer o Giro ou ficar o mais perto poss\u00edvel, mesmo com a presen\u00e7a de Jonas Vingegaard a competir na It\u00e1lia. O objetivo de carreira continua a ser vencer uma grande volta; reconhece que a queda no Tour 2025 foi azar, mas considera a temporada hist\u00f3rica e \u00fatil para 2026.","og_url":"https:\/\/portaltela.pt\/noticias\/2026\/01\/26\/candidato-afirma-foco-em-vitoria-real-nao-em-promessas\/","og_site_name":"Portal Tela Portugal","article_published_time":"2026-01-26T18:31:00+00:00","author":"Telinha","twitter_card":"summary_large_image","twitter_misc":{"Escrito por":"Telinha","Tempo estimado de leitura":"2 minutos"},"schema":{"@context":"https:\/\/schema.org","@graph":[{"@type":"Article","@id":"https:\/\/portaltela.pt\/noticias\/2026\/01\/26\/candidato-afirma-foco-em-vitoria-real-nao-em-promessas\/#article","isPartOf":{"@id":"https:\/\/portaltela.pt\/noticias\/2026\/01\/26\/candidato-afirma-foco-em-vitoria-real-nao-em-promessas\/"},"author":{"name":"Telinha","@id":"https:\/\/portaltela.pt\/#\/schema\/person\/c4278d4a6028830caff9ee44b42d32ed"},"headline":"Candidato afirma foco em vit\u00f3ria real, n\u00e3o em promessas","datePublished":"2026-01-26T18:31:00+00:00","mainEntityOfPage":{"@id":"https:\/\/portaltela.pt\/noticias\/2026\/01\/26\/candidato-afirma-foco-em-vitoria-real-nao-em-promessas\/"},"wordCount":418,"image":{"@id":"https:\/\/portaltela.pt\/noticias\/2026\/01\/26\/candidato-afirma-foco-em-vitoria-real-nao-em-promessas\/#primaryimage"},"thumbnailUrl":"https:\/\/portaltela.pt\/s.01k8rhncp4jt1\/2026\/01\/gettyimages-2233858176.jpg","keywords":["ciclismo","desporto","Portugal","Volta a Espanha","Volta a Portugal","Volta ao Algarve"],"articleSection":["Desporto"],"inLanguage":"pt-PT"},{"@type":"WebPage","@id":"https:\/\/portaltela.pt\/noticias\/2026\/01\/26\/candidato-afirma-foco-em-vitoria-real-nao-em-promessas\/","url":"https:\/\/portaltela.pt\/noticias\/2026\/01\/26\/candidato-afirma-foco-em-vitoria-real-nao-em-promessas\/","name":"Candidato afirma foco em vit\u00f3ria real, n\u00e3o em promessas - Portal Tela Portugal","isPartOf":{"@id":"https:\/\/portaltela.pt\/#website"},"primaryImageOfPage":{"@id":"https:\/\/portaltela.pt\/noticias\/2026\/01\/26\/candidato-afirma-foco-em-vitoria-real-nao-em-promessas\/#primaryimage"},"image":{"@id":"https:\/\/portaltela.pt\/noticias\/2026\/01\/26\/candidato-afirma-foco-em-vitoria-real-nao-em-promessas\/#primaryimage"},"thumbnailUrl":"https:\/\/portaltela.pt\/s.01k8rhncp4jt1\/2026\/01\/gettyimages-2233858176.jpg","datePublished":"2026-01-26T18:31:00+00:00","author":{"@id":"https:\/\/portaltela.pt\/#\/schema\/person\/c4278d4a6028830caff9ee44b42d32ed"},"breadcrumb":{"@id":"https:\/\/portaltela.pt\/noticias\/2026\/01\/26\/candidato-afirma-foco-em-vitoria-real-nao-em-promessas\/#breadcrumb"},"inLanguage":"pt-PT","potentialAction":[{"@type":"ReadAction","target":["https:\/\/portaltela.pt\/noticias\/2026\/01\/26\/candidato-afirma-foco-em-vitoria-real-nao-em-promessas\/"]}]},{"@type":"ImageObject","inLanguage":"pt-PT","@id":"https:\/\/portaltela.pt\/noticias\/2026\/01\/26\/candidato-afirma-foco-em-vitoria-real-nao-em-promessas\/#primaryimage","url":"https:\/\/portaltela.pt\/s.01k8rhncp4jt1\/2026\/01\/gettyimages-2233858176.jpg","contentUrl":"https:\/\/portaltela.pt\/s.01k8rhncp4jt1\/2026\/01\/gettyimages-2233858176.jpg","width":796,"height":448,"caption":"\u25b2 Ciclista portugu\u00eas venceu duas etapas da Vuelta no ano passado, incluindo a da m\u00edtica subida ao Angliru"},{"@type":"BreadcrumbList","@id":"https:\/\/portaltela.pt\/noticias\/2026\/01\/26\/candidato-afirma-foco-em-vitoria-real-nao-em-promessas\/#breadcrumb","itemListElement":[{"@type":"ListItem","position":1,"name":"In\u00edcio","item":"https:\/\/portaltela.pt\/"},{"@type":"ListItem","position":2,"name":"Candidato afirma foco em vit\u00f3ria real, n\u00e3o em promessas"}]},{"@type":"WebSite","@id":"https:\/\/portaltela.pt\/#website","url":"https:\/\/portaltela.pt\/","name":"Portal Tela Portugal","description":"","potentialAction":[{"@type":"SearchAction","target":{"@type":"EntryPoint","urlTemplate":"https:\/\/portaltela.pt\/?s={search_term_string}"},"query-input":{"@type":"PropertyValueSpecification","valueRequired":true,"valueName":"search_term_string"}}],"inLanguage":"pt-PT"},{"@type":"Person","@id":"https:\/\/portaltela.pt\/#\/schema\/person\/c4278d4a6028830caff9ee44b42d32ed","name":"Telinha","image":{"@type":"ImageObject","inLanguage":"pt-PT","@id":"https:\/\/portaltela.pt\/s.01k8rhncp4jt1\/2025\/11\/talking-bot-125x125.png","url":"https:\/\/portaltela.pt\/s.01k8rhncp4jt1\/2025\/11\/talking-bot-125x125.png","contentUrl":"https:\/\/portaltela.pt\/s.01k8rhncp4jt1\/2025\/11\/talking-bot-125x125.png","caption":"Telinha"},"sameAs":["https:\/\/portaltela.pt\/"],"url":"https:\/\/portaltela.pt\/por\/367410592786\/"}]}},"_links":{"self":[{"href":"https:\/\/portaltela.pt\/api\/wp\/v2\/posts\/175094","targetHints":{"allow":["GET"]}}],"collection":[{"href":"https:\/\/portaltela.pt\/api\/wp\/v2\/posts"}],"about":[{"href":"https:\/\/portaltela.pt\/api\/wp\/v2\/types\/post"}],"author":[{"embeddable":true,"href":"https:\/\/portaltela.pt\/api\/wp\/v2\/users\/2"}],"replies":[{"embeddable":true,"href":"https:\/\/portaltela.pt\/api\/wp\/v2\/comments?post=175094"}],"version-history":[{"count":0,"href":"https:\/\/portaltela.pt\/api\/wp\/v2\/posts\/175094\/revisions"}],"wp:featuredmedia":[{"embeddable":true,"href":"https:\/\/portaltela.pt\/api\/wp\/v2\/media\/175098"}],"wp:attachment":[{"href":"https:\/\/portaltela.pt\/api\/wp\/v2\/media?parent=175094"}],"wp:term":[{"taxonomy":"category","embeddable":true,"href":"https:\/\/portaltela.pt\/api\/wp\/v2\/categories?post=175094"},{"taxonomy":"post_tag","embeddable":true,"href":"https:\/\/portaltela.pt\/api\/wp\/v2\/tags?post=175094"}],"curies":[{"name":"wp","href":"https:\/\/api.w.org\/{rel}","templated":true}]}}