{"id":175080,"date":"2026-01-26T15:42:09","date_gmt":"2026-01-26T18:42:09","guid":{"rendered":"https:\/\/portaltela.pt\/noticias\/2026\/01\/26\/uls-medio-tejo-lanca-unidades-moveis-para-reforcar-proximidade\/"},"modified":"2026-01-26T15:42:09","modified_gmt":"2026-01-26T18:42:09","slug":"uls-medio-tejo-lanca-unidades-moveis-para-reforcar-proximidade","status":"publish","type":"post","link":"https:\/\/portaltela.pt\/noticias\/2026\/01\/26\/uls-medio-tejo-lanca-unidades-moveis-para-reforcar-proximidade\/","title":{"rendered":"ULS M\u00e9dio Tejo lan\u00e7a unidades m\u00f3veis para refor\u00e7ar proximidade"},"content":{"rendered":"<p>Duas unidades m\u00f3veis de sa\u00fade v\u00e3o percorrer sete concelhos da regi\u00e3o do M\u00e9dio Tejo a partir de fevereiro, ampliando o acesso a cuidados de enfermagem, tratamentos e telemedicina. A iniciativa parte da Unidade Local de Sa\u00fade (ULS) M\u00e9dio Tejo, com sede em Torres Novas, Santar\u00e9m.<\/p>\n<p>As carrinhas foram financiadas pelo Plano de Recupera\u00e7\u00e3o e Resili\u00eancia (PRR) e v\u00e3o atuar nos concelhos de Abrantes, Alcanena, Ma\u00e7\u00e3o, Sardoal, Tomar, Torres Novas e Vila de Rei. O objetivo \u00e9 chegar a popula\u00e7\u00f5es em zonas com menor densidade populacional e dificuldades de acesso.<\/p>\n<p>Cada ve\u00edculo est\u00e1 equipado com espa\u00e7o cl\u00ednico e material para tratamentos e consultas de enfermagem, segundo a ULS M\u00e9dio Tejo. A opera\u00e7\u00e3o prioriza o contacto pr\u00f3ximo com as pessoas que vivem longe dos servi\u00e7os de sa\u00fade.<\/p>\n<h3>Estrutura e objetivo<\/h3>\n<p>O projeto inicia em fevereiro e pretende facilitar o acesso a pessoas com mobilidade reduzida e ligar os utentes ao SNS, assegurando registo e continuidade de cuidados. As unidades v\u00e3o concentrar a atividade em cuidados de enfermagem e na vigil\u00e2ncia de condi\u00e7\u00f5es cr\u00f3nicas.<\/p>\n<p>A programa\u00e7\u00e3o inicial prev\u00ea rotas regulares por concelho, em parceria com os cuidados de sa\u00fade prim\u00e1rios. Uma carrinha vai atender Vila de Rei, Sardoal e Ma\u00e7\u00e3o; a outra cobre Alcanena, Tomar e Torres Novas, com teleconsulta quando necess\u00e1rio.<\/p>\n<p>Cada equipa \u00e9 composta por um enfermeiro e um assistente operacional. As carrinhas v\u00e3o tamb\u00e9m apoiar vacina\u00e7\u00e3o, controlo de medica\u00e7\u00e3o e rastreios, segundo a institui\u00e7\u00e3o.<\/p>\n<h3>Contexto institucional<\/h3>\n<p>A cadeia de unidades m\u00f3veis insere-se numa estrat\u00e9gia de proximidade que a ULS descreve como complementaridade aos m\u00e9dicos de fam\u00edlia, sem substitu\u00ed-los. O presidente do Conselho de Administra\u00e7\u00e3o, Casimiro Ramos, sublinha a proximidade com as comunidades.<\/p>\n<p>A ULS M\u00e9dio Tejo gere tr\u00eas hospitais \u2014 Abrantes, Tomar e Torres Novas \u2014 e 35 unidades de cuidados de sa\u00fade prim\u00e1rios. A rede atende cerca de 170 mil utentes dos distritos de Santar\u00e9m e Castelo Branco.<\/p>\n","protected":false},"excerpt":{"rendered":"<ul>\n<li>As unidades m\u00f3veis v\u00e3o iniciar em fevereiro e percorrer sete concelhos da regi\u00e3o do M\u00e9dio Tejo para prestar cuidados de enfermagem, tratamentos e telemedicina.<\/li>\n<li>Abrantes, Alcanena, Ma\u00e7\u00e3o, Sardoal, Tomar, Torres Novas e Vila de Rei s\u00e3o os concelhos de atua\u00e7\u00e3o, com foco em popula\u00e7\u00f5es em zonas mais afastadas e de menor densidade populacional.<\/li>\n<li>Cada carrinha inclui espa\u00e7o cl\u00ednico e material para consultas, tratamentos e cuidados de enfermagem, com uma equipa composta por enfermeiro e assistente operacional.<\/li>\n<li>O projeto, financiado pelo Plano de Recupera\u00e7\u00e3o e Resili\u00eancia (PRR), visa facilitar o acesso a pessoas com mobilidade reduzida e ligar os utentes ao Servi\u00e7o Nacional de Sa\u00fade.<\/li>\n<li>A ULS M\u00e9dio Tejo esclarece que as unidades n\u00e3o substituem o m\u00e9dico de fam\u00edlia, mas refor\u00e7am a proximidade dos cuidados, com programa\u00e7\u00e3o regular por concelho e teleconsulta quando necess\u00e1rio.<\/li>\n<\/ul>\n","protected":false},"author":2,"featured_media":175085,"comment_status":"closed","ping_status":"closed","sticky":false,"template":"","format":"standard","meta":{"footnotes":""},"categories":[1],"tags":[1263,2654,2662,3709,1741,3949],"class_list":["post-175080","post","type-post","status-publish","format-standard","has-post-thumbnail","hentry","category-noticias","tag-abrantes","tag-cuidados-de-saude-primarios","tag-enfermagem","tag-medio-tejo","tag-torres-novas","tag-vacinacoes"],"yoast_head":"<!-- This site is optimized with the Yoast SEO plugin v27.2 - https:\/\/yoast.com\/product\/yoast-seo-wordpress\/ -->\n<title>ULS M\u00e9dio Tejo lan\u00e7a unidades m\u00f3veis para refor\u00e7ar proximidade - Portal Tela Portugal<\/title>\n<meta name=\"robots\" content=\"index, follow, max-snippet:-1, max-image-preview:large, max-video-preview:-1\" \/>\n<meta property=\"og:locale\" content=\"pt_PT\" \/>\n<meta property=\"og:type\" content=\"article\" \/>\n<meta property=\"og:title\" content=\"ULS M\u00e9dio Tejo lan\u00e7a unidades m\u00f3veis para refor\u00e7ar proximidade - Portal Tela Portugal\" \/>\n<meta property=\"og:description\" content=\"As unidades m\u00f3veis v\u00e3o iniciar em fevereiro e percorrer sete concelhos da regi\u00e3o do M\u00e9dio Tejo para prestar cuidados de enfermagem, tratamentos e telemedicina. Abrantes, Alcanena, Ma\u00e7\u00e3o, Sardoal, Tomar, Torres Novas e Vila de Rei s\u00e3o os concelhos de atua\u00e7\u00e3o, com foco em popula\u00e7\u00f5es em zonas mais afastadas e de menor densidade populacional. Cada carrinha inclui espa\u00e7o cl\u00ednico e material para consultas, tratamentos e cuidados de enfermagem, com uma equipa composta por enfermeiro e assistente operacional. O projeto, financiado pelo Plano de Recupera\u00e7\u00e3o e Resili\u00eancia (PRR), visa facilitar o acesso a pessoas com mobilidade reduzida e ligar os utentes ao Servi\u00e7o Nacional de Sa\u00fade. A ULS M\u00e9dio Tejo esclarece que as unidades n\u00e3o substituem o m\u00e9dico de fam\u00edlia, mas refor\u00e7am a proximidade dos cuidados, com programa\u00e7\u00e3o regular por concelho e teleconsulta quando necess\u00e1rio.\" \/>\n<meta property=\"og:url\" content=\"https:\/\/portaltela.pt\/noticias\/2026\/01\/26\/uls-medio-tejo-lanca-unidades-moveis-para-reforcar-proximidade\/\" \/>\n<meta property=\"og:site_name\" content=\"Portal Tela Portugal\" \/>\n<meta property=\"article:published_time\" content=\"2026-01-26T18:42:09+00:00\" \/>\n<meta name=\"author\" content=\"Telinha\" \/>\n<meta name=\"twitter:card\" content=\"summary_large_image\" \/>\n<meta name=\"twitter:label1\" content=\"Escrito por\" \/>\n\t<meta name=\"twitter:data1\" content=\"Telinha\" \/>\n\t<meta name=\"twitter:label2\" content=\"Tempo estimado de leitura\" \/>\n\t<meta name=\"twitter:data2\" content=\"2 minutos\" \/>\n<script type=\"application\/ld+json\" class=\"yoast-schema-graph\">{\"@context\":\"https:\/\/schema.org\",\"@graph\":[{\"@type\":\"Article\",\"@id\":\"https:\/\/portaltela.pt\/noticias\/2026\/01\/26\/uls-medio-tejo-lanca-unidades-moveis-para-reforcar-proximidade\/#article\",\"isPartOf\":{\"@id\":\"https:\/\/portaltela.pt\/noticias\/2026\/01\/26\/uls-medio-tejo-lanca-unidades-moveis-para-reforcar-proximidade\/\"},\"author\":{\"name\":\"Telinha\",\"@id\":\"https:\/\/portaltela.pt\/#\/schema\/person\/c4278d4a6028830caff9ee44b42d32ed\"},\"headline\":\"ULS M\u00e9dio Tejo lan\u00e7a unidades m\u00f3veis para refor\u00e7ar proximidade\",\"datePublished\":\"2026-01-26T18:42:09+00:00\",\"mainEntityOfPage\":{\"@id\":\"https:\/\/portaltela.pt\/noticias\/2026\/01\/26\/uls-medio-tejo-lanca-unidades-moveis-para-reforcar-proximidade\/\"},\"wordCount\":362,\"image\":{\"@id\":\"https:\/\/portaltela.pt\/noticias\/2026\/01\/26\/uls-medio-tejo-lanca-unidades-moveis-para-reforcar-proximidade\/#primaryimage\"},\"thumbnailUrl\":\"https:\/\/portaltela.pt\/s.01k8rhncp4jt1\/2026\/01\/img_1280x721uu2017-08-19-00-52-00-659916.jpg\",\"keywords\":[\"Abrantes\",\"Cuidados de Sa\u00fade Prim\u00e1rios\",\"Enfermagem\",\"M\u00e9dio Tejo\",\"Torres Novas\",\"vacina\u00e7\u00f5es\"],\"articleSection\":[\"Not\u00edcias\"],\"inLanguage\":\"pt-PT\"},{\"@type\":\"WebPage\",\"@id\":\"https:\/\/portaltela.pt\/noticias\/2026\/01\/26\/uls-medio-tejo-lanca-unidades-moveis-para-reforcar-proximidade\/\",\"url\":\"https:\/\/portaltela.pt\/noticias\/2026\/01\/26\/uls-medio-tejo-lanca-unidades-moveis-para-reforcar-proximidade\/\",\"name\":\"ULS M\u00e9dio Tejo lan\u00e7a unidades m\u00f3veis para refor\u00e7ar proximidade - Portal Tela Portugal\",\"isPartOf\":{\"@id\":\"https:\/\/portaltela.pt\/#website\"},\"primaryImageOfPage\":{\"@id\":\"https:\/\/portaltela.pt\/noticias\/2026\/01\/26\/uls-medio-tejo-lanca-unidades-moveis-para-reforcar-proximidade\/#primaryimage\"},\"image\":{\"@id\":\"https:\/\/portaltela.pt\/noticias\/2026\/01\/26\/uls-medio-tejo-lanca-unidades-moveis-para-reforcar-proximidade\/#primaryimage\"},\"thumbnailUrl\":\"https:\/\/portaltela.pt\/s.01k8rhncp4jt1\/2026\/01\/img_1280x721uu2017-08-19-00-52-00-659916.jpg\",\"datePublished\":\"2026-01-26T18:42:09+00:00\",\"author\":{\"@id\":\"https:\/\/portaltela.pt\/#\/schema\/person\/c4278d4a6028830caff9ee44b42d32ed\"},\"breadcrumb\":{\"@id\":\"https:\/\/portaltela.pt\/noticias\/2026\/01\/26\/uls-medio-tejo-lanca-unidades-moveis-para-reforcar-proximidade\/#breadcrumb\"},\"inLanguage\":\"pt-PT\",\"potentialAction\":[{\"@type\":\"ReadAction\",\"target\":[\"https:\/\/portaltela.pt\/noticias\/2026\/01\/26\/uls-medio-tejo-lanca-unidades-moveis-para-reforcar-proximidade\/\"]}]},{\"@type\":\"ImageObject\",\"inLanguage\":\"pt-PT\",\"@id\":\"https:\/\/portaltela.pt\/noticias\/2026\/01\/26\/uls-medio-tejo-lanca-unidades-moveis-para-reforcar-proximidade\/#primaryimage\",\"url\":\"https:\/\/portaltela.pt\/s.01k8rhncp4jt1\/2026\/01\/img_1280x721uu2017-08-19-00-52-00-659916.jpg\",\"contentUrl\":\"https:\/\/portaltela.pt\/s.01k8rhncp4jt1\/2026\/01\/img_1280x721uu2017-08-19-00-52-00-659916.jpg\",\"width\":796,\"height\":448,\"caption\":\"M\u00e9dicos\"},{\"@type\":\"BreadcrumbList\",\"@id\":\"https:\/\/portaltela.pt\/noticias\/2026\/01\/26\/uls-medio-tejo-lanca-unidades-moveis-para-reforcar-proximidade\/#breadcrumb\",\"itemListElement\":[{\"@type\":\"ListItem\",\"position\":1,\"name\":\"In\u00edcio\",\"item\":\"https:\/\/portaltela.pt\/\"},{\"@type\":\"ListItem\",\"position\":2,\"name\":\"ULS M\u00e9dio Tejo lan\u00e7a unidades m\u00f3veis para refor\u00e7ar proximidade\"}]},{\"@type\":\"WebSite\",\"@id\":\"https:\/\/portaltela.pt\/#website\",\"url\":\"https:\/\/portaltela.pt\/\",\"name\":\"Portal Tela Portugal\",\"description\":\"\",\"potentialAction\":[{\"@type\":\"SearchAction\",\"target\":{\"@type\":\"EntryPoint\",\"urlTemplate\":\"https:\/\/portaltela.pt\/?s={search_term_string}\"},\"query-input\":{\"@type\":\"PropertyValueSpecification\",\"valueRequired\":true,\"valueName\":\"search_term_string\"}}],\"inLanguage\":\"pt-PT\"},{\"@type\":\"Person\",\"@id\":\"https:\/\/portaltela.pt\/#\/schema\/person\/c4278d4a6028830caff9ee44b42d32ed\",\"name\":\"Telinha\",\"image\":{\"@type\":\"ImageObject\",\"inLanguage\":\"pt-PT\",\"@id\":\"https:\/\/portaltela.pt\/s.01k8rhncp4jt1\/2025\/11\/talking-bot-125x125.png\",\"url\":\"https:\/\/portaltela.pt\/s.01k8rhncp4jt1\/2025\/11\/talking-bot-125x125.png\",\"contentUrl\":\"https:\/\/portaltela.pt\/s.01k8rhncp4jt1\/2025\/11\/talking-bot-125x125.png\",\"caption\":\"Telinha\"},\"sameAs\":[\"https:\/\/portaltela.pt\/\"],\"url\":\"https:\/\/portaltela.pt\/por\/367410592786\/\"}]}<\/script>\n<!-- \/ Yoast SEO plugin. -->","yoast_head_json":{"title":"ULS M\u00e9dio Tejo lan\u00e7a unidades m\u00f3veis para refor\u00e7ar proximidade - Portal Tela Portugal","robots":{"index":"index","follow":"follow","max-snippet":"max-snippet:-1","max-image-preview":"max-image-preview:large","max-video-preview":"max-video-preview:-1"},"og_locale":"pt_PT","og_type":"article","og_title":"ULS M\u00e9dio Tejo lan\u00e7a unidades m\u00f3veis para refor\u00e7ar proximidade - Portal Tela Portugal","og_description":"As unidades m\u00f3veis v\u00e3o iniciar em fevereiro e percorrer sete concelhos da regi\u00e3o do M\u00e9dio Tejo para prestar cuidados de enfermagem, tratamentos e telemedicina. Abrantes, Alcanena, Ma\u00e7\u00e3o, Sardoal, Tomar, Torres Novas e Vila de Rei s\u00e3o os concelhos de atua\u00e7\u00e3o, com foco em popula\u00e7\u00f5es em zonas mais afastadas e de menor densidade populacional. Cada carrinha inclui espa\u00e7o cl\u00ednico e material para consultas, tratamentos e cuidados de enfermagem, com uma equipa composta por enfermeiro e assistente operacional. O projeto, financiado pelo Plano de Recupera\u00e7\u00e3o e Resili\u00eancia (PRR), visa facilitar o acesso a pessoas com mobilidade reduzida e ligar os utentes ao Servi\u00e7o Nacional de Sa\u00fade. A ULS M\u00e9dio Tejo esclarece que as unidades n\u00e3o substituem o m\u00e9dico de fam\u00edlia, mas refor\u00e7am a proximidade dos cuidados, com programa\u00e7\u00e3o regular por concelho e teleconsulta quando necess\u00e1rio.","og_url":"https:\/\/portaltela.pt\/noticias\/2026\/01\/26\/uls-medio-tejo-lanca-unidades-moveis-para-reforcar-proximidade\/","og_site_name":"Portal Tela Portugal","article_published_time":"2026-01-26T18:42:09+00:00","author":"Telinha","twitter_card":"summary_large_image","twitter_misc":{"Escrito por":"Telinha","Tempo estimado de leitura":"2 minutos"},"schema":{"@context":"https:\/\/schema.org","@graph":[{"@type":"Article","@id":"https:\/\/portaltela.pt\/noticias\/2026\/01\/26\/uls-medio-tejo-lanca-unidades-moveis-para-reforcar-proximidade\/#article","isPartOf":{"@id":"https:\/\/portaltela.pt\/noticias\/2026\/01\/26\/uls-medio-tejo-lanca-unidades-moveis-para-reforcar-proximidade\/"},"author":{"name":"Telinha","@id":"https:\/\/portaltela.pt\/#\/schema\/person\/c4278d4a6028830caff9ee44b42d32ed"},"headline":"ULS M\u00e9dio Tejo lan\u00e7a unidades m\u00f3veis para refor\u00e7ar proximidade","datePublished":"2026-01-26T18:42:09+00:00","mainEntityOfPage":{"@id":"https:\/\/portaltela.pt\/noticias\/2026\/01\/26\/uls-medio-tejo-lanca-unidades-moveis-para-reforcar-proximidade\/"},"wordCount":362,"image":{"@id":"https:\/\/portaltela.pt\/noticias\/2026\/01\/26\/uls-medio-tejo-lanca-unidades-moveis-para-reforcar-proximidade\/#primaryimage"},"thumbnailUrl":"https:\/\/portaltela.pt\/s.01k8rhncp4jt1\/2026\/01\/img_1280x721uu2017-08-19-00-52-00-659916.jpg","keywords":["Abrantes","Cuidados de Sa\u00fade Prim\u00e1rios","Enfermagem","M\u00e9dio Tejo","Torres Novas","vacina\u00e7\u00f5es"],"articleSection":["Not\u00edcias"],"inLanguage":"pt-PT"},{"@type":"WebPage","@id":"https:\/\/portaltela.pt\/noticias\/2026\/01\/26\/uls-medio-tejo-lanca-unidades-moveis-para-reforcar-proximidade\/","url":"https:\/\/portaltela.pt\/noticias\/2026\/01\/26\/uls-medio-tejo-lanca-unidades-moveis-para-reforcar-proximidade\/","name":"ULS M\u00e9dio Tejo lan\u00e7a unidades m\u00f3veis para refor\u00e7ar proximidade - Portal Tela Portugal","isPartOf":{"@id":"https:\/\/portaltela.pt\/#website"},"primaryImageOfPage":{"@id":"https:\/\/portaltela.pt\/noticias\/2026\/01\/26\/uls-medio-tejo-lanca-unidades-moveis-para-reforcar-proximidade\/#primaryimage"},"image":{"@id":"https:\/\/portaltela.pt\/noticias\/2026\/01\/26\/uls-medio-tejo-lanca-unidades-moveis-para-reforcar-proximidade\/#primaryimage"},"thumbnailUrl":"https:\/\/portaltela.pt\/s.01k8rhncp4jt1\/2026\/01\/img_1280x721uu2017-08-19-00-52-00-659916.jpg","datePublished":"2026-01-26T18:42:09+00:00","author":{"@id":"https:\/\/portaltela.pt\/#\/schema\/person\/c4278d4a6028830caff9ee44b42d32ed"},"breadcrumb":{"@id":"https:\/\/portaltela.pt\/noticias\/2026\/01\/26\/uls-medio-tejo-lanca-unidades-moveis-para-reforcar-proximidade\/#breadcrumb"},"inLanguage":"pt-PT","potentialAction":[{"@type":"ReadAction","target":["https:\/\/portaltela.pt\/noticias\/2026\/01\/26\/uls-medio-tejo-lanca-unidades-moveis-para-reforcar-proximidade\/"]}]},{"@type":"ImageObject","inLanguage":"pt-PT","@id":"https:\/\/portaltela.pt\/noticias\/2026\/01\/26\/uls-medio-tejo-lanca-unidades-moveis-para-reforcar-proximidade\/#primaryimage","url":"https:\/\/portaltela.pt\/s.01k8rhncp4jt1\/2026\/01\/img_1280x721uu2017-08-19-00-52-00-659916.jpg","contentUrl":"https:\/\/portaltela.pt\/s.01k8rhncp4jt1\/2026\/01\/img_1280x721uu2017-08-19-00-52-00-659916.jpg","width":796,"height":448,"caption":"M\u00e9dicos"},{"@type":"BreadcrumbList","@id":"https:\/\/portaltela.pt\/noticias\/2026\/01\/26\/uls-medio-tejo-lanca-unidades-moveis-para-reforcar-proximidade\/#breadcrumb","itemListElement":[{"@type":"ListItem","position":1,"name":"In\u00edcio","item":"https:\/\/portaltela.pt\/"},{"@type":"ListItem","position":2,"name":"ULS M\u00e9dio Tejo lan\u00e7a unidades m\u00f3veis para refor\u00e7ar proximidade"}]},{"@type":"WebSite","@id":"https:\/\/portaltela.pt\/#website","url":"https:\/\/portaltela.pt\/","name":"Portal Tela Portugal","description":"","potentialAction":[{"@type":"SearchAction","target":{"@type":"EntryPoint","urlTemplate":"https:\/\/portaltela.pt\/?s={search_term_string}"},"query-input":{"@type":"PropertyValueSpecification","valueRequired":true,"valueName":"search_term_string"}}],"inLanguage":"pt-PT"},{"@type":"Person","@id":"https:\/\/portaltela.pt\/#\/schema\/person\/c4278d4a6028830caff9ee44b42d32ed","name":"Telinha","image":{"@type":"ImageObject","inLanguage":"pt-PT","@id":"https:\/\/portaltela.pt\/s.01k8rhncp4jt1\/2025\/11\/talking-bot-125x125.png","url":"https:\/\/portaltela.pt\/s.01k8rhncp4jt1\/2025\/11\/talking-bot-125x125.png","contentUrl":"https:\/\/portaltela.pt\/s.01k8rhncp4jt1\/2025\/11\/talking-bot-125x125.png","caption":"Telinha"},"sameAs":["https:\/\/portaltela.pt\/"],"url":"https:\/\/portaltela.pt\/por\/367410592786\/"}]}},"_links":{"self":[{"href":"https:\/\/portaltela.pt\/api\/wp\/v2\/posts\/175080","targetHints":{"allow":["GET"]}}],"collection":[{"href":"https:\/\/portaltela.pt\/api\/wp\/v2\/posts"}],"about":[{"href":"https:\/\/portaltela.pt\/api\/wp\/v2\/types\/post"}],"author":[{"embeddable":true,"href":"https:\/\/portaltela.pt\/api\/wp\/v2\/users\/2"}],"replies":[{"embeddable":true,"href":"https:\/\/portaltela.pt\/api\/wp\/v2\/comments?post=175080"}],"version-history":[{"count":0,"href":"https:\/\/portaltela.pt\/api\/wp\/v2\/posts\/175080\/revisions"}],"wp:featuredmedia":[{"embeddable":true,"href":"https:\/\/portaltela.pt\/api\/wp\/v2\/media\/175085"}],"wp:attachment":[{"href":"https:\/\/portaltela.pt\/api\/wp\/v2\/media?parent=175080"}],"wp:term":[{"taxonomy":"category","embeddable":true,"href":"https:\/\/portaltela.pt\/api\/wp\/v2\/categories?post=175080"},{"taxonomy":"post_tag","embeddable":true,"href":"https:\/\/portaltela.pt\/api\/wp\/v2\/tags?post=175080"}],"curies":[{"name":"wp","href":"https:\/\/api.w.org\/{rel}","templated":true}]}}