{"id":175059,"date":"2026-01-26T15:07:00","date_gmt":"2026-01-26T18:07:00","guid":{"rendered":"https:\/\/portaltela.pt\/noticias\/2026\/01\/26\/erc-considera-servico-publico-de-media-fundamental\/"},"modified":"2026-01-26T15:07:00","modified_gmt":"2026-01-26T18:07:00","slug":"erc-considera-servico-publico-de-media-fundamental","status":"publish","type":"post","link":"https:\/\/portaltela.pt\/noticias\/2026\/01\/26\/erc-considera-servico-publico-de-media-fundamental\/","title":{"rendered":"ERC considera servi\u00e7o p\u00fablico de m\u00e9dia fundamental"},"content":{"rendered":"<p>O relat\u00f3rio da ERC afirma que o servi\u00e7o p\u00fablico de media \u00e9 fundamental na literacia medi\u00e1tica. Destaca a RTP como base estrutural para uso cr\u00edtico e respons\u00e1vel dos media, no contexto do segundo Relat\u00f3rio Nacional sobre Literacia Medi\u00e1tica.<\/p>\n<p>A ERC aponta que a revis\u00e3o do Contrato de Concess\u00e3o do Servi\u00e7o P\u00fablico de Media, entre 2022 e 2025, consolidou obriga\u00e7\u00f5es da RTP em literacia medi\u00e1tica. A meta envolve iniciativas transversais para p\u00fablicos diversificados e acessibilidade de conte\u00fados, com l\u00edngua gestual portuguesa e legendagem.<\/p>\n<p>A oferta da RTP \u00e9 descrita como vasta e diversificada, com incid\u00eancia nos p\u00fablicos infantojuvenis. Programas como Radar XS, Descomplica, R\u00e1dio ZigZag, RTP Play e RTP Ensina aparecem entre as iniciativas relevantes.<\/p>\n<p>As atividades abrangem jornalismo, distin\u00e7\u00e3o entre factos e opini\u00f5es, verifica\u00e7\u00e3o de informa\u00e7\u00e3o, combate \u00e0 desinforma\u00e7\u00e3o, riscos das plataformas digitais e impacto da intelig\u00eancia artificial. A avalia\u00e7\u00e3o do impacto das medidas \u00e9 apontada como um desafio.<\/p>\n<p>Apesar da diversidade, o relat\u00f3rio ressalva dificuldades na sistematiza\u00e7\u00e3o interna das a\u00e7\u00f5es de literacia medi\u00e1tica da RTP e na medi\u00e7\u00e3o do seu efeito efetivo. O papel do servi\u00e7o p\u00fablico \u00e9 apresentado dentro de uma l\u00f3gica de interesse geral, articulando com entidades p\u00fablicas, educativas e culturais.<\/p>\n<p>O estudo real\u00e7a que a literacia medi\u00e1tica marca a miss\u00e3o do servi\u00e7o p\u00fablico, ligando-a \u00e0 cidadania, ao pluralismo e \u00e0 resili\u00eancia democr\u00e1tica frente \u00e0 desinforma\u00e7\u00e3o. O enquadramento jur\u00eddico refor\u00e7a a import\u00e2ncia do setor como um todo.<\/p>\n<p>Na an\u00e1lise tamb\u00e9m \u00e9 destacada a atua\u00e7\u00e3o da ag\u00eancia Lusa, com atividades de literacia medi\u00e1tica em coopera\u00e7\u00e3o com escolas, universidades e outras entidades. Foram identificadas v\u00e1rias a\u00e7\u00f5es, incluindo recursos informativos, visitas e workshops.<\/p>\n<p>Quanto aos p\u00fablicos-alvo, a Lusa indica estudantes, adultos, mulheres, comunidade LGBTQI+ e o p\u00fablico interno da ag\u00eancia. As avalia\u00e7\u00f5es realizadas incluem resultados (alcance e objetivos) e avalia\u00e7\u00f5es preliminares (antes das atividades).<\/p>\n<p>Este retrato sugere que o envolvimento de \u00f3rg\u00e3os de comunica\u00e7\u00e3o social em literacia medi\u00e1tica tem aumentado, al\u00e9m dos projetos inicialmente mapeados. A ERC v\u00ea um refor\u00e7o do servi\u00e7o p\u00fablico como elemento-chave das pol\u00edticas nacionais.<\/p>\n<p>Conclui-se que, num cen\u00e1rio de transforma\u00e7\u00e3o informacional e de retra\u00e7\u00e3o de alguns operadores privados, o refor\u00e7o do servi\u00e7o p\u00fablico \u00e9 determinante para uma abordagem estruturada, cont\u00ednua e com alcance nacional.<\/p>\n","protected":false},"excerpt":{"rendered":"<ul>\n<li>O relat\u00f3rio da Entidade Reguladora para a Comunica\u00e7\u00e3o Social (ERC) afirma que o servi\u00e7o p\u00fablico de media \u00e9 fundamental para a literacia medi\u00e1tica, com a RTP como refer\u00eancia.<\/li>\n<li>A revis\u00e3o do Contrato de Concess\u00e3o do Servi\u00e7o P\u00fablico de Media definiu obriga\u00e7\u00f5es mais claras, incluindo a\u00e7\u00f5es transversais para p\u00fablicos diversos e acessibilidade (l\u00edngua gestual portuguesa e legendagem).<\/li>\n<li>A oferta da RTP \u00e9 ampla e diversificada, com foco em p\u00fablicos infantojuvenis atrav\u00e9s de Radar XS, Descomplica e conte\u00fado dispon\u00edvel na ZigZag, RTP Play e RTP Ensina.<\/li>\n<li>A Lusa tamb\u00e9m promove literacia medi\u00e1tica, com atividades junto de escolas, universidades e comunidades, incluindo recursos informativos, visitas, workshops e avalia\u00e7\u00f5es de resultados e preliminares.<\/li>\n<li>O relat\u00f3rio conclui que, num contexto de mudan\u00e7as informacionais, o refor\u00e7o do servi\u00e7o p\u00fablico \u00e9 crucial para assegurar informa\u00e7\u00e3o cred\u00edvel, contextualizada, pluralismo e resili\u00eancia democr\u00e1tica.<\/li>\n<\/ul>\n","protected":false},"author":2,"featured_media":175069,"comment_status":"closed","ping_status":"closed","sticky":false,"template":"","format":"standard","meta":{"footnotes":""},"categories":[1],"tags":[1469,163,2629,4371,4370,4369],"class_list":["post-175059","post","type-post","status-publish","format-standard","has-post-thumbnail","hentry","category-noticias","tag-desinformacao","tag-educacao","tag-literacia-digital","tag-radar-xs","tag-radio-zigzag","tag-rtp-play"],"yoast_head":"<!-- This site is optimized with the Yoast SEO plugin v27.2 - https:\/\/yoast.com\/product\/yoast-seo-wordpress\/ -->\n<title>ERC considera servi\u00e7o p\u00fablico de m\u00e9dia fundamental - Portal Tela Portugal<\/title>\n<meta name=\"robots\" content=\"index, follow, max-snippet:-1, max-image-preview:large, max-video-preview:-1\" \/>\n<meta property=\"og:locale\" content=\"pt_PT\" \/>\n<meta property=\"og:type\" content=\"article\" \/>\n<meta property=\"og:title\" content=\"ERC considera servi\u00e7o p\u00fablico de m\u00e9dia fundamental - Portal Tela Portugal\" \/>\n<meta property=\"og:description\" content=\"O relat\u00f3rio da Entidade Reguladora para a Comunica\u00e7\u00e3o Social (ERC) afirma que o servi\u00e7o p\u00fablico de media \u00e9 fundamental para a literacia medi\u00e1tica, com a RTP como refer\u00eancia. A revis\u00e3o do Contrato de Concess\u00e3o do Servi\u00e7o P\u00fablico de Media definiu obriga\u00e7\u00f5es mais claras, incluindo a\u00e7\u00f5es transversais para p\u00fablicos diversos e acessibilidade (l\u00edngua gestual portuguesa e legendagem). A oferta da RTP \u00e9 ampla e diversificada, com foco em p\u00fablicos infantojuvenis atrav\u00e9s de Radar XS, Descomplica e conte\u00fado dispon\u00edvel na ZigZag, RTP Play e RTP Ensina. A Lusa tamb\u00e9m promove literacia medi\u00e1tica, com atividades junto de escolas, universidades e comunidades, incluindo recursos informativos, visitas, workshops e avalia\u00e7\u00f5es de resultados e preliminares. O relat\u00f3rio conclui que, num contexto de mudan\u00e7as informacionais, o refor\u00e7o do servi\u00e7o p\u00fablico \u00e9 crucial para assegurar informa\u00e7\u00e3o cred\u00edvel, contextualizada, pluralismo e resili\u00eancia democr\u00e1tica.\" \/>\n<meta property=\"og:url\" content=\"https:\/\/portaltela.pt\/noticias\/2026\/01\/26\/erc-considera-servico-publico-de-media-fundamental\/\" \/>\n<meta property=\"og:site_name\" content=\"Portal Tela Portugal\" \/>\n<meta property=\"article:published_time\" content=\"2026-01-26T18:07:00+00:00\" \/>\n<meta name=\"author\" content=\"Telinha\" \/>\n<meta name=\"twitter:card\" content=\"summary_large_image\" \/>\n<meta name=\"twitter:label1\" content=\"Escrito por\" \/>\n\t<meta name=\"twitter:data1\" content=\"Telinha\" \/>\n\t<meta name=\"twitter:label2\" content=\"Tempo estimado de leitura\" \/>\n\t<meta name=\"twitter:data2\" content=\"2 minutos\" \/>\n<script type=\"application\/ld+json\" class=\"yoast-schema-graph\">{\"@context\":\"https:\/\/schema.org\",\"@graph\":[{\"@type\":\"Article\",\"@id\":\"https:\/\/portaltela.pt\/noticias\/2026\/01\/26\/erc-considera-servico-publico-de-media-fundamental\/#article\",\"isPartOf\":{\"@id\":\"https:\/\/portaltela.pt\/noticias\/2026\/01\/26\/erc-considera-servico-publico-de-media-fundamental\/\"},\"author\":{\"name\":\"Telinha\",\"@id\":\"https:\/\/portaltela.pt\/#\/schema\/person\/c4278d4a6028830caff9ee44b42d32ed\"},\"headline\":\"ERC considera servi\u00e7o p\u00fablico de m\u00e9dia fundamental\",\"datePublished\":\"2026-01-26T18:07:00+00:00\",\"mainEntityOfPage\":{\"@id\":\"https:\/\/portaltela.pt\/noticias\/2026\/01\/26\/erc-considera-servico-publico-de-media-fundamental\/\"},\"wordCount\":431,\"image\":{\"@id\":\"https:\/\/portaltela.pt\/noticias\/2026\/01\/26\/erc-considera-servico-publico-de-media-fundamental\/#primaryimage\"},\"thumbnailUrl\":\"https:\/\/portaltela.pt\/s.01k8rhncp4jt1\/2026\/01\/unnamed-file-5377.jpg\",\"keywords\":[\"desinforma\u00e7\u00e3o\",\"educa\u00e7\u00e3o\",\"literacia digital\",\"Radar XS\",\"R\u00e1dio ZigZag\",\"RTP Play\"],\"articleSection\":[\"Not\u00edcias\"],\"inLanguage\":\"pt-PT\"},{\"@type\":\"WebPage\",\"@id\":\"https:\/\/portaltela.pt\/noticias\/2026\/01\/26\/erc-considera-servico-publico-de-media-fundamental\/\",\"url\":\"https:\/\/portaltela.pt\/noticias\/2026\/01\/26\/erc-considera-servico-publico-de-media-fundamental\/\",\"name\":\"ERC considera servi\u00e7o p\u00fablico de m\u00e9dia fundamental - Portal Tela Portugal\",\"isPartOf\":{\"@id\":\"https:\/\/portaltela.pt\/#website\"},\"primaryImageOfPage\":{\"@id\":\"https:\/\/portaltela.pt\/noticias\/2026\/01\/26\/erc-considera-servico-publico-de-media-fundamental\/#primaryimage\"},\"image\":{\"@id\":\"https:\/\/portaltela.pt\/noticias\/2026\/01\/26\/erc-considera-servico-publico-de-media-fundamental\/#primaryimage\"},\"thumbnailUrl\":\"https:\/\/portaltela.pt\/s.01k8rhncp4jt1\/2026\/01\/unnamed-file-5377.jpg\",\"datePublished\":\"2026-01-26T18:07:00+00:00\",\"author\":{\"@id\":\"https:\/\/portaltela.pt\/#\/schema\/person\/c4278d4a6028830caff9ee44b42d32ed\"},\"breadcrumb\":{\"@id\":\"https:\/\/portaltela.pt\/noticias\/2026\/01\/26\/erc-considera-servico-publico-de-media-fundamental\/#breadcrumb\"},\"inLanguage\":\"pt-PT\",\"potentialAction\":[{\"@type\":\"ReadAction\",\"target\":[\"https:\/\/portaltela.pt\/noticias\/2026\/01\/26\/erc-considera-servico-publico-de-media-fundamental\/\"]}]},{\"@type\":\"ImageObject\",\"inLanguage\":\"pt-PT\",\"@id\":\"https:\/\/portaltela.pt\/noticias\/2026\/01\/26\/erc-considera-servico-publico-de-media-fundamental\/#primaryimage\",\"url\":\"https:\/\/portaltela.pt\/s.01k8rhncp4jt1\/2026\/01\/unnamed-file-5377.jpg\",\"contentUrl\":\"https:\/\/portaltela.pt\/s.01k8rhncp4jt1\/2026\/01\/unnamed-file-5377.jpg\",\"width\":796,\"height\":448,\"caption\":\"A promo\u00e7\u00e3o da literacia medi\u00e1tica \u00e9 apresentada como uma dimens\u00e3o indissoci\u00e1vel da miss\u00e3o do servi\u00e7o p\u00fablico, enquanto instrumento de refor\u00e7o da cidadania, do pluralismo e da resili\u00eancia democr\u00e1tica face \u00e0 desinforma\u00e7\u00e3o\"},{\"@type\":\"BreadcrumbList\",\"@id\":\"https:\/\/portaltela.pt\/noticias\/2026\/01\/26\/erc-considera-servico-publico-de-media-fundamental\/#breadcrumb\",\"itemListElement\":[{\"@type\":\"ListItem\",\"position\":1,\"name\":\"In\u00edcio\",\"item\":\"https:\/\/portaltela.pt\/\"},{\"@type\":\"ListItem\",\"position\":2,\"name\":\"ERC considera servi\u00e7o p\u00fablico de m\u00e9dia fundamental\"}]},{\"@type\":\"WebSite\",\"@id\":\"https:\/\/portaltela.pt\/#website\",\"url\":\"https:\/\/portaltela.pt\/\",\"name\":\"Portal Tela Portugal\",\"description\":\"\",\"potentialAction\":[{\"@type\":\"SearchAction\",\"target\":{\"@type\":\"EntryPoint\",\"urlTemplate\":\"https:\/\/portaltela.pt\/?s={search_term_string}\"},\"query-input\":{\"@type\":\"PropertyValueSpecification\",\"valueRequired\":true,\"valueName\":\"search_term_string\"}}],\"inLanguage\":\"pt-PT\"},{\"@type\":\"Person\",\"@id\":\"https:\/\/portaltela.pt\/#\/schema\/person\/c4278d4a6028830caff9ee44b42d32ed\",\"name\":\"Telinha\",\"image\":{\"@type\":\"ImageObject\",\"inLanguage\":\"pt-PT\",\"@id\":\"https:\/\/portaltela.pt\/s.01k8rhncp4jt1\/2025\/11\/talking-bot-125x125.png\",\"url\":\"https:\/\/portaltela.pt\/s.01k8rhncp4jt1\/2025\/11\/talking-bot-125x125.png\",\"contentUrl\":\"https:\/\/portaltela.pt\/s.01k8rhncp4jt1\/2025\/11\/talking-bot-125x125.png\",\"caption\":\"Telinha\"},\"sameAs\":[\"https:\/\/portaltela.pt\/\"],\"url\":\"https:\/\/portaltela.pt\/por\/367410592786\/\"}]}<\/script>\n<!-- \/ Yoast SEO plugin. -->","yoast_head_json":{"title":"ERC considera servi\u00e7o p\u00fablico de m\u00e9dia fundamental - Portal Tela Portugal","robots":{"index":"index","follow":"follow","max-snippet":"max-snippet:-1","max-image-preview":"max-image-preview:large","max-video-preview":"max-video-preview:-1"},"og_locale":"pt_PT","og_type":"article","og_title":"ERC considera servi\u00e7o p\u00fablico de m\u00e9dia fundamental - Portal Tela Portugal","og_description":"O relat\u00f3rio da Entidade Reguladora para a Comunica\u00e7\u00e3o Social (ERC) afirma que o servi\u00e7o p\u00fablico de media \u00e9 fundamental para a literacia medi\u00e1tica, com a RTP como refer\u00eancia. A revis\u00e3o do Contrato de Concess\u00e3o do Servi\u00e7o P\u00fablico de Media definiu obriga\u00e7\u00f5es mais claras, incluindo a\u00e7\u00f5es transversais para p\u00fablicos diversos e acessibilidade (l\u00edngua gestual portuguesa e legendagem). A oferta da RTP \u00e9 ampla e diversificada, com foco em p\u00fablicos infantojuvenis atrav\u00e9s de Radar XS, Descomplica e conte\u00fado dispon\u00edvel na ZigZag, RTP Play e RTP Ensina. A Lusa tamb\u00e9m promove literacia medi\u00e1tica, com atividades junto de escolas, universidades e comunidades, incluindo recursos informativos, visitas, workshops e avalia\u00e7\u00f5es de resultados e preliminares. O relat\u00f3rio conclui que, num contexto de mudan\u00e7as informacionais, o refor\u00e7o do servi\u00e7o p\u00fablico \u00e9 crucial para assegurar informa\u00e7\u00e3o cred\u00edvel, contextualizada, pluralismo e resili\u00eancia democr\u00e1tica.","og_url":"https:\/\/portaltela.pt\/noticias\/2026\/01\/26\/erc-considera-servico-publico-de-media-fundamental\/","og_site_name":"Portal Tela Portugal","article_published_time":"2026-01-26T18:07:00+00:00","author":"Telinha","twitter_card":"summary_large_image","twitter_misc":{"Escrito por":"Telinha","Tempo estimado de leitura":"2 minutos"},"schema":{"@context":"https:\/\/schema.org","@graph":[{"@type":"Article","@id":"https:\/\/portaltela.pt\/noticias\/2026\/01\/26\/erc-considera-servico-publico-de-media-fundamental\/#article","isPartOf":{"@id":"https:\/\/portaltela.pt\/noticias\/2026\/01\/26\/erc-considera-servico-publico-de-media-fundamental\/"},"author":{"name":"Telinha","@id":"https:\/\/portaltela.pt\/#\/schema\/person\/c4278d4a6028830caff9ee44b42d32ed"},"headline":"ERC considera servi\u00e7o p\u00fablico de m\u00e9dia fundamental","datePublished":"2026-01-26T18:07:00+00:00","mainEntityOfPage":{"@id":"https:\/\/portaltela.pt\/noticias\/2026\/01\/26\/erc-considera-servico-publico-de-media-fundamental\/"},"wordCount":431,"image":{"@id":"https:\/\/portaltela.pt\/noticias\/2026\/01\/26\/erc-considera-servico-publico-de-media-fundamental\/#primaryimage"},"thumbnailUrl":"https:\/\/portaltela.pt\/s.01k8rhncp4jt1\/2026\/01\/unnamed-file-5377.jpg","keywords":["desinforma\u00e7\u00e3o","educa\u00e7\u00e3o","literacia digital","Radar XS","R\u00e1dio ZigZag","RTP Play"],"articleSection":["Not\u00edcias"],"inLanguage":"pt-PT"},{"@type":"WebPage","@id":"https:\/\/portaltela.pt\/noticias\/2026\/01\/26\/erc-considera-servico-publico-de-media-fundamental\/","url":"https:\/\/portaltela.pt\/noticias\/2026\/01\/26\/erc-considera-servico-publico-de-media-fundamental\/","name":"ERC considera servi\u00e7o p\u00fablico de m\u00e9dia fundamental - Portal Tela Portugal","isPartOf":{"@id":"https:\/\/portaltela.pt\/#website"},"primaryImageOfPage":{"@id":"https:\/\/portaltela.pt\/noticias\/2026\/01\/26\/erc-considera-servico-publico-de-media-fundamental\/#primaryimage"},"image":{"@id":"https:\/\/portaltela.pt\/noticias\/2026\/01\/26\/erc-considera-servico-publico-de-media-fundamental\/#primaryimage"},"thumbnailUrl":"https:\/\/portaltela.pt\/s.01k8rhncp4jt1\/2026\/01\/unnamed-file-5377.jpg","datePublished":"2026-01-26T18:07:00+00:00","author":{"@id":"https:\/\/portaltela.pt\/#\/schema\/person\/c4278d4a6028830caff9ee44b42d32ed"},"breadcrumb":{"@id":"https:\/\/portaltela.pt\/noticias\/2026\/01\/26\/erc-considera-servico-publico-de-media-fundamental\/#breadcrumb"},"inLanguage":"pt-PT","potentialAction":[{"@type":"ReadAction","target":["https:\/\/portaltela.pt\/noticias\/2026\/01\/26\/erc-considera-servico-publico-de-media-fundamental\/"]}]},{"@type":"ImageObject","inLanguage":"pt-PT","@id":"https:\/\/portaltela.pt\/noticias\/2026\/01\/26\/erc-considera-servico-publico-de-media-fundamental\/#primaryimage","url":"https:\/\/portaltela.pt\/s.01k8rhncp4jt1\/2026\/01\/unnamed-file-5377.jpg","contentUrl":"https:\/\/portaltela.pt\/s.01k8rhncp4jt1\/2026\/01\/unnamed-file-5377.jpg","width":796,"height":448,"caption":"A promo\u00e7\u00e3o da literacia medi\u00e1tica \u00e9 apresentada como uma dimens\u00e3o indissoci\u00e1vel da miss\u00e3o do servi\u00e7o p\u00fablico, enquanto instrumento de refor\u00e7o da cidadania, do pluralismo e da resili\u00eancia democr\u00e1tica face \u00e0 desinforma\u00e7\u00e3o"},{"@type":"BreadcrumbList","@id":"https:\/\/portaltela.pt\/noticias\/2026\/01\/26\/erc-considera-servico-publico-de-media-fundamental\/#breadcrumb","itemListElement":[{"@type":"ListItem","position":1,"name":"In\u00edcio","item":"https:\/\/portaltela.pt\/"},{"@type":"ListItem","position":2,"name":"ERC considera servi\u00e7o p\u00fablico de m\u00e9dia fundamental"}]},{"@type":"WebSite","@id":"https:\/\/portaltela.pt\/#website","url":"https:\/\/portaltela.pt\/","name":"Portal Tela Portugal","description":"","potentialAction":[{"@type":"SearchAction","target":{"@type":"EntryPoint","urlTemplate":"https:\/\/portaltela.pt\/?s={search_term_string}"},"query-input":{"@type":"PropertyValueSpecification","valueRequired":true,"valueName":"search_term_string"}}],"inLanguage":"pt-PT"},{"@type":"Person","@id":"https:\/\/portaltela.pt\/#\/schema\/person\/c4278d4a6028830caff9ee44b42d32ed","name":"Telinha","image":{"@type":"ImageObject","inLanguage":"pt-PT","@id":"https:\/\/portaltela.pt\/s.01k8rhncp4jt1\/2025\/11\/talking-bot-125x125.png","url":"https:\/\/portaltela.pt\/s.01k8rhncp4jt1\/2025\/11\/talking-bot-125x125.png","contentUrl":"https:\/\/portaltela.pt\/s.01k8rhncp4jt1\/2025\/11\/talking-bot-125x125.png","caption":"Telinha"},"sameAs":["https:\/\/portaltela.pt\/"],"url":"https:\/\/portaltela.pt\/por\/367410592786\/"}]}},"_links":{"self":[{"href":"https:\/\/portaltela.pt\/api\/wp\/v2\/posts\/175059","targetHints":{"allow":["GET"]}}],"collection":[{"href":"https:\/\/portaltela.pt\/api\/wp\/v2\/posts"}],"about":[{"href":"https:\/\/portaltela.pt\/api\/wp\/v2\/types\/post"}],"author":[{"embeddable":true,"href":"https:\/\/portaltela.pt\/api\/wp\/v2\/users\/2"}],"replies":[{"embeddable":true,"href":"https:\/\/portaltela.pt\/api\/wp\/v2\/comments?post=175059"}],"version-history":[{"count":0,"href":"https:\/\/portaltela.pt\/api\/wp\/v2\/posts\/175059\/revisions"}],"wp:featuredmedia":[{"embeddable":true,"href":"https:\/\/portaltela.pt\/api\/wp\/v2\/media\/175069"}],"wp:attachment":[{"href":"https:\/\/portaltela.pt\/api\/wp\/v2\/media?parent=175059"}],"wp:term":[{"taxonomy":"category","embeddable":true,"href":"https:\/\/portaltela.pt\/api\/wp\/v2\/categories?post=175059"},{"taxonomy":"post_tag","embeddable":true,"href":"https:\/\/portaltela.pt\/api\/wp\/v2\/tags?post=175059"}],"curies":[{"name":"wp","href":"https:\/\/api.w.org\/{rel}","templated":true}]}}