{"id":175049,"date":"2026-01-26T15:07:00","date_gmt":"2026-01-26T18:07:00","guid":{"rendered":"https:\/\/portaltela.pt\/noticias\/2026\/01\/26\/ministra-da-saude-apresenta-balanco-da-mortalidade-no-fim-do-inverno-2\/"},"modified":"2026-01-26T15:07:00","modified_gmt":"2026-01-26T18:07:00","slug":"ministra-da-saude-apresenta-balanco-da-mortalidade-no-fim-do-inverno-2","status":"publish","type":"post","link":"https:\/\/portaltela.pt\/noticias\/2026\/01\/26\/ministra-da-saude-apresenta-balanco-da-mortalidade-no-fim-do-inverno-2\/","title":{"rendered":"Ministra da Sa\u00fade apresenta balan\u00e7o da mortalidade no fim do inverno"},"content":{"rendered":"<p>A ministra da Sa\u00fade afirmou esta segunda-feira no Algarve que s\u00f3 no final do inverno ser\u00e1 poss\u00edvel fazer um balan\u00e7o do excesso de mortalidade relacionado com a gripe e o frio. Ana Paula Martins explicou que ainda n\u00e3o terminou o per\u00edodo sazonal e apenas passadas algumas semanas se poder\u00e1 ver o pico a descer, formando o chamado planalto.<\/p>\n<p>O Instituto Nacional de Sa\u00fade Doutor Ricardo Jorge (Insa) indicou recentemente que a atividade gripal epid\u00e9mica est\u00e1 a abrandar em Portugal, com menos casos de gripe e de infec\u00e7\u00f5es graves, embora o excesso de \u00f3bitos persista. O boletim de vigil\u00e2ncia abrange a semana de 12 a 18 de janeiro.<\/p>\n<p>Segundo o Insa, desde 29 de setembro de 2025, data de in\u00edcio da \u00e9poca gripal, os laborat\u00f3rios notificaram 73.292 infe\u00e7\u00f5es respirat\u00f3rias e identificaram 14.243 casos de gripe. Na semana analisada, foram identificados 495 casos de gripe, menos 258 em rela\u00e7\u00e3o \u00e0 semana anterior.<\/p>\n<p>Ainda de acordo com o relat\u00f3rio, 75 casos de infe\u00e7\u00e3o respirat\u00f3ria aguda grave (SARI) foram admitidos nas Unidades Locais de Sa\u00fade, menos cinco, resultando numa taxa de 9,6 casos por 100.000 habitantes. O Insa tamb\u00e9m ressalva que duas ULS reportaram dados com varia\u00e7\u00f5es muito d\u00edspares.<\/p>\n<p>A ministra salientou que Portugal n\u00e3o est\u00e1 isolado e que outros pa\u00edses europeus tamb\u00e9m registam excesso de mortalidade, nomeadamente Espanha, It\u00e1lia, Gr\u00e9cia e Dinamarca. O Governo pretende manter a monitoriza\u00e7\u00e3o estreita para perceber a evolu\u00e7\u00e3o durante o restante do inverno.<\/p>\n<p>O estudo do Insa indica que, apesar da tend\u00eancia decrescente, a incid\u00eancia de SARI permanece mais elevada entre pessoas com 65 ou mais anos, o que continua a exigir vigil\u00e2ncia e medidas adequadas.<\/p>\n","protected":false},"excerpt":{"rendered":"<ul>\n<li>A ministra da Sa\u00fade afirmou que s\u00f3 no final do inverno ser\u00e1 poss\u00edvel fazer um balan\u00e7o do excesso de mortalidade associado \u00e0 gripe e ao frio.<\/li>\n<li>O Insa indica que a atividade gripal est\u00e1 a abrandar em Portugal, mas o excesso de \u00f3bitos continua.<\/li>\n<li>Na semana de 12 a 18 de janeiro, foram detectados 495 casos de gripe, menos 258 que a semana anterior, e 75 casos de infe\u00e7\u00e3o respirat\u00f3ria aguda grave (SARI) foram admitidos nas ULS.<\/li>\n<li>Desde o in\u00edcio da \u00e9poca gripal, a 29 de setembro de 2025, j\u00e1 foram notificados 73.292 casos de infe\u00e7\u00e3o respirat\u00f3ria e identificados 14.243 casos de gripe.<\/li>\n<li>A incid\u00eancia de SARI permanece mais elevada entre as pessoas com 65 ou mais anos, com a tend\u00eancia global de queda nas semanas recentes.<\/li>\n<\/ul>\n","protected":false},"author":2,"featured_media":175057,"comment_status":"closed","ping_status":"closed","sticky":false,"template":"","format":"standard","meta":{"footnotes":""},"categories":[1],"tags":[1905,2736,2342,4367,1014,271],"class_list":["post-175049","post","type-post","status-publish","format-standard","has-post-thumbnail","hentry","category-noticias","tag-gripe","tag-idosos","tag-infeccao-respiratoria-aguda","tag-infeccao-respiratoria-aguda-grave","tag-portugal","tag-saude-publica"],"yoast_head":"<!-- This site is optimized with the Yoast SEO plugin v27.2 - https:\/\/yoast.com\/product\/yoast-seo-wordpress\/ -->\n<title>Ministra da Sa\u00fade apresenta balan\u00e7o da mortalidade no fim do inverno - Portal Tela Portugal<\/title>\n<meta name=\"robots\" content=\"index, follow, max-snippet:-1, max-image-preview:large, max-video-preview:-1\" \/>\n<meta property=\"og:locale\" content=\"pt_PT\" \/>\n<meta property=\"og:type\" content=\"article\" \/>\n<meta property=\"og:title\" content=\"Ministra da Sa\u00fade apresenta balan\u00e7o da mortalidade no fim do inverno - Portal Tela Portugal\" \/>\n<meta property=\"og:description\" content=\"A ministra da Sa\u00fade afirmou que s\u00f3 no final do inverno ser\u00e1 poss\u00edvel fazer um balan\u00e7o do excesso de mortalidade associado \u00e0 gripe e ao frio. O Insa indica que a atividade gripal est\u00e1 a abrandar em Portugal, mas o excesso de \u00f3bitos continua. Na semana de 12 a 18 de janeiro, foram detectados 495 casos de gripe, menos 258 que a semana anterior, e 75 casos de infe\u00e7\u00e3o respirat\u00f3ria aguda grave (SARI) foram admitidos nas ULS. Desde o in\u00edcio da \u00e9poca gripal, a 29 de setembro de 2025, j\u00e1 foram notificados 73.292 casos de infe\u00e7\u00e3o respirat\u00f3ria e identificados 14.243 casos de gripe. A incid\u00eancia de SARI permanece mais elevada entre as pessoas com 65 ou mais anos, com a tend\u00eancia global de queda nas semanas recentes.\" \/>\n<meta property=\"og:url\" content=\"https:\/\/portaltela.pt\/noticias\/2026\/01\/26\/ministra-da-saude-apresenta-balanco-da-mortalidade-no-fim-do-inverno-2\/\" \/>\n<meta property=\"og:site_name\" content=\"Portal Tela Portugal\" \/>\n<meta property=\"article:published_time\" content=\"2026-01-26T18:07:00+00:00\" \/>\n<meta name=\"author\" content=\"Telinha\" \/>\n<meta name=\"twitter:card\" content=\"summary_large_image\" \/>\n<meta name=\"twitter:label1\" content=\"Escrito por\" \/>\n\t<meta name=\"twitter:data1\" content=\"Telinha\" \/>\n\t<meta name=\"twitter:label2\" content=\"Tempo estimado de leitura\" \/>\n\t<meta name=\"twitter:data2\" content=\"1 minuto\" \/>\n<script type=\"application\/ld+json\" class=\"yoast-schema-graph\">{\"@context\":\"https:\/\/schema.org\",\"@graph\":[{\"@type\":\"Article\",\"@id\":\"https:\/\/portaltela.pt\/noticias\/2026\/01\/26\/ministra-da-saude-apresenta-balanco-da-mortalidade-no-fim-do-inverno-2\/#article\",\"isPartOf\":{\"@id\":\"https:\/\/portaltela.pt\/noticias\/2026\/01\/26\/ministra-da-saude-apresenta-balanco-da-mortalidade-no-fim-do-inverno-2\/\"},\"author\":{\"name\":\"Telinha\",\"@id\":\"https:\/\/portaltela.pt\/#\/schema\/person\/c4278d4a6028830caff9ee44b42d32ed\"},\"headline\":\"Ministra da Sa\u00fade apresenta balan\u00e7o da mortalidade no fim do inverno\",\"datePublished\":\"2026-01-26T18:07:00+00:00\",\"mainEntityOfPage\":{\"@id\":\"https:\/\/portaltela.pt\/noticias\/2026\/01\/26\/ministra-da-saude-apresenta-balanco-da-mortalidade-no-fim-do-inverno-2\/\"},\"wordCount\":299,\"image\":{\"@id\":\"https:\/\/portaltela.pt\/noticias\/2026\/01\/26\/ministra-da-saude-apresenta-balanco-da-mortalidade-no-fim-do-inverno-2\/#primaryimage\"},\"thumbnailUrl\":\"https:\/\/portaltela.pt\/s.01k8rhncp4jt1\/2026\/01\/unnamed-file-5373.jpg\",\"keywords\":[\"gripe\",\"idosos\",\"infec\u00e7\u00e3o respirat\u00f3ria aguda\",\"infec\u00e7\u00e3o respirat\u00f3ria aguda grave\",\"Portugal\",\"sa\u00fade p\u00fablica\"],\"articleSection\":[\"Not\u00edcias\"],\"inLanguage\":\"pt-PT\"},{\"@type\":\"WebPage\",\"@id\":\"https:\/\/portaltela.pt\/noticias\/2026\/01\/26\/ministra-da-saude-apresenta-balanco-da-mortalidade-no-fim-do-inverno-2\/\",\"url\":\"https:\/\/portaltela.pt\/noticias\/2026\/01\/26\/ministra-da-saude-apresenta-balanco-da-mortalidade-no-fim-do-inverno-2\/\",\"name\":\"Ministra da Sa\u00fade apresenta balan\u00e7o da mortalidade no fim do inverno - Portal Tela Portugal\",\"isPartOf\":{\"@id\":\"https:\/\/portaltela.pt\/#website\"},\"primaryImageOfPage\":{\"@id\":\"https:\/\/portaltela.pt\/noticias\/2026\/01\/26\/ministra-da-saude-apresenta-balanco-da-mortalidade-no-fim-do-inverno-2\/#primaryimage\"},\"image\":{\"@id\":\"https:\/\/portaltela.pt\/noticias\/2026\/01\/26\/ministra-da-saude-apresenta-balanco-da-mortalidade-no-fim-do-inverno-2\/#primaryimage\"},\"thumbnailUrl\":\"https:\/\/portaltela.pt\/s.01k8rhncp4jt1\/2026\/01\/unnamed-file-5373.jpg\",\"datePublished\":\"2026-01-26T18:07:00+00:00\",\"author\":{\"@id\":\"https:\/\/portaltela.pt\/#\/schema\/person\/c4278d4a6028830caff9ee44b42d32ed\"},\"breadcrumb\":{\"@id\":\"https:\/\/portaltela.pt\/noticias\/2026\/01\/26\/ministra-da-saude-apresenta-balanco-da-mortalidade-no-fim-do-inverno-2\/#breadcrumb\"},\"inLanguage\":\"pt-PT\",\"potentialAction\":[{\"@type\":\"ReadAction\",\"target\":[\"https:\/\/portaltela.pt\/noticias\/2026\/01\/26\/ministra-da-saude-apresenta-balanco-da-mortalidade-no-fim-do-inverno-2\/\"]}]},{\"@type\":\"ImageObject\",\"inLanguage\":\"pt-PT\",\"@id\":\"https:\/\/portaltela.pt\/noticias\/2026\/01\/26\/ministra-da-saude-apresenta-balanco-da-mortalidade-no-fim-do-inverno-2\/#primaryimage\",\"url\":\"https:\/\/portaltela.pt\/s.01k8rhncp4jt1\/2026\/01\/unnamed-file-5373.jpg\",\"contentUrl\":\"https:\/\/portaltela.pt\/s.01k8rhncp4jt1\/2026\/01\/unnamed-file-5373.jpg\",\"width\":796,\"height\":448,\"caption\":\"A ministra da Sa\u00fade afirmou que apenas no final do inverno ser\u00e1 poss\u00edvel fazer um balan\u00e7o do atual excesso de \u00f3bitos associados, principalmente, \u00e0 epidemia de gripe e ao frio\"},{\"@type\":\"BreadcrumbList\",\"@id\":\"https:\/\/portaltela.pt\/noticias\/2026\/01\/26\/ministra-da-saude-apresenta-balanco-da-mortalidade-no-fim-do-inverno-2\/#breadcrumb\",\"itemListElement\":[{\"@type\":\"ListItem\",\"position\":1,\"name\":\"In\u00edcio\",\"item\":\"https:\/\/portaltela.pt\/\"},{\"@type\":\"ListItem\",\"position\":2,\"name\":\"Ministra da Sa\u00fade apresenta balan\u00e7o da mortalidade no fim do inverno\"}]},{\"@type\":\"WebSite\",\"@id\":\"https:\/\/portaltela.pt\/#website\",\"url\":\"https:\/\/portaltela.pt\/\",\"name\":\"Portal Tela Portugal\",\"description\":\"\",\"potentialAction\":[{\"@type\":\"SearchAction\",\"target\":{\"@type\":\"EntryPoint\",\"urlTemplate\":\"https:\/\/portaltela.pt\/?s={search_term_string}\"},\"query-input\":{\"@type\":\"PropertyValueSpecification\",\"valueRequired\":true,\"valueName\":\"search_term_string\"}}],\"inLanguage\":\"pt-PT\"},{\"@type\":\"Person\",\"@id\":\"https:\/\/portaltela.pt\/#\/schema\/person\/c4278d4a6028830caff9ee44b42d32ed\",\"name\":\"Telinha\",\"image\":{\"@type\":\"ImageObject\",\"inLanguage\":\"pt-PT\",\"@id\":\"https:\/\/portaltela.pt\/s.01k8rhncp4jt1\/2025\/11\/talking-bot-125x125.png\",\"url\":\"https:\/\/portaltela.pt\/s.01k8rhncp4jt1\/2025\/11\/talking-bot-125x125.png\",\"contentUrl\":\"https:\/\/portaltela.pt\/s.01k8rhncp4jt1\/2025\/11\/talking-bot-125x125.png\",\"caption\":\"Telinha\"},\"sameAs\":[\"https:\/\/portaltela.pt\/\"],\"url\":\"https:\/\/portaltela.pt\/por\/367410592786\/\"}]}<\/script>\n<!-- \/ Yoast SEO plugin. -->","yoast_head_json":{"title":"Ministra da Sa\u00fade apresenta balan\u00e7o da mortalidade no fim do inverno - Portal Tela Portugal","robots":{"index":"index","follow":"follow","max-snippet":"max-snippet:-1","max-image-preview":"max-image-preview:large","max-video-preview":"max-video-preview:-1"},"og_locale":"pt_PT","og_type":"article","og_title":"Ministra da Sa\u00fade apresenta balan\u00e7o da mortalidade no fim do inverno - Portal Tela Portugal","og_description":"A ministra da Sa\u00fade afirmou que s\u00f3 no final do inverno ser\u00e1 poss\u00edvel fazer um balan\u00e7o do excesso de mortalidade associado \u00e0 gripe e ao frio. O Insa indica que a atividade gripal est\u00e1 a abrandar em Portugal, mas o excesso de \u00f3bitos continua. Na semana de 12 a 18 de janeiro, foram detectados 495 casos de gripe, menos 258 que a semana anterior, e 75 casos de infe\u00e7\u00e3o respirat\u00f3ria aguda grave (SARI) foram admitidos nas ULS. Desde o in\u00edcio da \u00e9poca gripal, a 29 de setembro de 2025, j\u00e1 foram notificados 73.292 casos de infe\u00e7\u00e3o respirat\u00f3ria e identificados 14.243 casos de gripe. A incid\u00eancia de SARI permanece mais elevada entre as pessoas com 65 ou mais anos, com a tend\u00eancia global de queda nas semanas recentes.","og_url":"https:\/\/portaltela.pt\/noticias\/2026\/01\/26\/ministra-da-saude-apresenta-balanco-da-mortalidade-no-fim-do-inverno-2\/","og_site_name":"Portal Tela Portugal","article_published_time":"2026-01-26T18:07:00+00:00","author":"Telinha","twitter_card":"summary_large_image","twitter_misc":{"Escrito por":"Telinha","Tempo estimado de leitura":"1 minuto"},"schema":{"@context":"https:\/\/schema.org","@graph":[{"@type":"Article","@id":"https:\/\/portaltela.pt\/noticias\/2026\/01\/26\/ministra-da-saude-apresenta-balanco-da-mortalidade-no-fim-do-inverno-2\/#article","isPartOf":{"@id":"https:\/\/portaltela.pt\/noticias\/2026\/01\/26\/ministra-da-saude-apresenta-balanco-da-mortalidade-no-fim-do-inverno-2\/"},"author":{"name":"Telinha","@id":"https:\/\/portaltela.pt\/#\/schema\/person\/c4278d4a6028830caff9ee44b42d32ed"},"headline":"Ministra da Sa\u00fade apresenta balan\u00e7o da mortalidade no fim do inverno","datePublished":"2026-01-26T18:07:00+00:00","mainEntityOfPage":{"@id":"https:\/\/portaltela.pt\/noticias\/2026\/01\/26\/ministra-da-saude-apresenta-balanco-da-mortalidade-no-fim-do-inverno-2\/"},"wordCount":299,"image":{"@id":"https:\/\/portaltela.pt\/noticias\/2026\/01\/26\/ministra-da-saude-apresenta-balanco-da-mortalidade-no-fim-do-inverno-2\/#primaryimage"},"thumbnailUrl":"https:\/\/portaltela.pt\/s.01k8rhncp4jt1\/2026\/01\/unnamed-file-5373.jpg","keywords":["gripe","idosos","infec\u00e7\u00e3o respirat\u00f3ria aguda","infec\u00e7\u00e3o respirat\u00f3ria aguda grave","Portugal","sa\u00fade p\u00fablica"],"articleSection":["Not\u00edcias"],"inLanguage":"pt-PT"},{"@type":"WebPage","@id":"https:\/\/portaltela.pt\/noticias\/2026\/01\/26\/ministra-da-saude-apresenta-balanco-da-mortalidade-no-fim-do-inverno-2\/","url":"https:\/\/portaltela.pt\/noticias\/2026\/01\/26\/ministra-da-saude-apresenta-balanco-da-mortalidade-no-fim-do-inverno-2\/","name":"Ministra da Sa\u00fade apresenta balan\u00e7o da mortalidade no fim do inverno - Portal Tela Portugal","isPartOf":{"@id":"https:\/\/portaltela.pt\/#website"},"primaryImageOfPage":{"@id":"https:\/\/portaltela.pt\/noticias\/2026\/01\/26\/ministra-da-saude-apresenta-balanco-da-mortalidade-no-fim-do-inverno-2\/#primaryimage"},"image":{"@id":"https:\/\/portaltela.pt\/noticias\/2026\/01\/26\/ministra-da-saude-apresenta-balanco-da-mortalidade-no-fim-do-inverno-2\/#primaryimage"},"thumbnailUrl":"https:\/\/portaltela.pt\/s.01k8rhncp4jt1\/2026\/01\/unnamed-file-5373.jpg","datePublished":"2026-01-26T18:07:00+00:00","author":{"@id":"https:\/\/portaltela.pt\/#\/schema\/person\/c4278d4a6028830caff9ee44b42d32ed"},"breadcrumb":{"@id":"https:\/\/portaltela.pt\/noticias\/2026\/01\/26\/ministra-da-saude-apresenta-balanco-da-mortalidade-no-fim-do-inverno-2\/#breadcrumb"},"inLanguage":"pt-PT","potentialAction":[{"@type":"ReadAction","target":["https:\/\/portaltela.pt\/noticias\/2026\/01\/26\/ministra-da-saude-apresenta-balanco-da-mortalidade-no-fim-do-inverno-2\/"]}]},{"@type":"ImageObject","inLanguage":"pt-PT","@id":"https:\/\/portaltela.pt\/noticias\/2026\/01\/26\/ministra-da-saude-apresenta-balanco-da-mortalidade-no-fim-do-inverno-2\/#primaryimage","url":"https:\/\/portaltela.pt\/s.01k8rhncp4jt1\/2026\/01\/unnamed-file-5373.jpg","contentUrl":"https:\/\/portaltela.pt\/s.01k8rhncp4jt1\/2026\/01\/unnamed-file-5373.jpg","width":796,"height":448,"caption":"A ministra da Sa\u00fade afirmou que apenas no final do inverno ser\u00e1 poss\u00edvel fazer um balan\u00e7o do atual excesso de \u00f3bitos associados, principalmente, \u00e0 epidemia de gripe e ao frio"},{"@type":"BreadcrumbList","@id":"https:\/\/portaltela.pt\/noticias\/2026\/01\/26\/ministra-da-saude-apresenta-balanco-da-mortalidade-no-fim-do-inverno-2\/#breadcrumb","itemListElement":[{"@type":"ListItem","position":1,"name":"In\u00edcio","item":"https:\/\/portaltela.pt\/"},{"@type":"ListItem","position":2,"name":"Ministra da Sa\u00fade apresenta balan\u00e7o da mortalidade no fim do inverno"}]},{"@type":"WebSite","@id":"https:\/\/portaltela.pt\/#website","url":"https:\/\/portaltela.pt\/","name":"Portal Tela Portugal","description":"","potentialAction":[{"@type":"SearchAction","target":{"@type":"EntryPoint","urlTemplate":"https:\/\/portaltela.pt\/?s={search_term_string}"},"query-input":{"@type":"PropertyValueSpecification","valueRequired":true,"valueName":"search_term_string"}}],"inLanguage":"pt-PT"},{"@type":"Person","@id":"https:\/\/portaltela.pt\/#\/schema\/person\/c4278d4a6028830caff9ee44b42d32ed","name":"Telinha","image":{"@type":"ImageObject","inLanguage":"pt-PT","@id":"https:\/\/portaltela.pt\/s.01k8rhncp4jt1\/2025\/11\/talking-bot-125x125.png","url":"https:\/\/portaltela.pt\/s.01k8rhncp4jt1\/2025\/11\/talking-bot-125x125.png","contentUrl":"https:\/\/portaltela.pt\/s.01k8rhncp4jt1\/2025\/11\/talking-bot-125x125.png","caption":"Telinha"},"sameAs":["https:\/\/portaltela.pt\/"],"url":"https:\/\/portaltela.pt\/por\/367410592786\/"}]}},"_links":{"self":[{"href":"https:\/\/portaltela.pt\/api\/wp\/v2\/posts\/175049","targetHints":{"allow":["GET"]}}],"collection":[{"href":"https:\/\/portaltela.pt\/api\/wp\/v2\/posts"}],"about":[{"href":"https:\/\/portaltela.pt\/api\/wp\/v2\/types\/post"}],"author":[{"embeddable":true,"href":"https:\/\/portaltela.pt\/api\/wp\/v2\/users\/2"}],"replies":[{"embeddable":true,"href":"https:\/\/portaltela.pt\/api\/wp\/v2\/comments?post=175049"}],"version-history":[{"count":0,"href":"https:\/\/portaltela.pt\/api\/wp\/v2\/posts\/175049\/revisions"}],"wp:featuredmedia":[{"embeddable":true,"href":"https:\/\/portaltela.pt\/api\/wp\/v2\/media\/175057"}],"wp:attachment":[{"href":"https:\/\/portaltela.pt\/api\/wp\/v2\/media?parent=175049"}],"wp:term":[{"taxonomy":"category","embeddable":true,"href":"https:\/\/portaltela.pt\/api\/wp\/v2\/categories?post=175049"},{"taxonomy":"post_tag","embeddable":true,"href":"https:\/\/portaltela.pt\/api\/wp\/v2\/tags?post=175049"}],"curies":[{"name":"wp","href":"https:\/\/api.w.org\/{rel}","templated":true}]}}