{"id":175015,"date":"2026-01-26T14:51:00","date_gmt":"2026-01-26T17:51:00","guid":{"rendered":"https:\/\/portaltela.pt\/noticias\/2026\/01\/26\/judocas-albicastrenses-em-destaque-nos-nacionais\/"},"modified":"2026-01-26T14:51:00","modified_gmt":"2026-01-26T17:51:00","slug":"judocas-albicastrenses-em-destaque-nos-nacionais","status":"publish","type":"post","link":"https:\/\/portaltela.pt\/desporto\/2026\/01\/26\/judocas-albicastrenses-em-destaque-nos-nacionais\/","title":{"rendered":"Judocas albicastrenses em destaque nos Nacionais"},"content":{"rendered":"<p>O Judocas da Escola de Judo Ana Hormigo, de Castelo Branco, estiveram em evid\u00eancia em Aveiro, na Nave da Caixa Universit\u00e1ria, durante o Campeonato Nacional de Cadetes (Sub-18) e o Campeonato Nacional de Equipas de Cadetes. O evento reuniu os melhores atletas do pa\u00eds com idades entre 15 e 17 anos. Beatriz Grecu destacou-se ao vencer a luta para manter a posi\u00e7\u00e3o de cabe\u00e7a de s\u00e9rie n\u00famero 1, ap\u00f3s o t\u00edtulo de vice-campionato na \u00e9poca anterior, confirmando o t\u00edtulo de vice-campe\u00e3 nacional na categoria -48 kg.<\/p>\n<p>Martim Louro tamb\u00e9m brilhou, ao conquistar bronze na categoria -60 kg, numa competi\u00e7\u00e3o com 31 atletas. Entre os restantes atletas do clube albicastrense, participaram Beatriz Barata (-48 kg), Madalena Cruz (-57 kg), Alexandre Silva (-50 kg), Rodrigo Cal\u00e7as (-73 kg), Daniel Ribeiro (-90 kg) e Tom\u00e1s Dias (+90 kg).<\/p>\n<h3>Resultados individuais<\/h3>\n<p>Nas provas por equipas, a forma\u00e7\u00e3o feminina contou com Beatriz Grecu, Beatriz Barata, Madalena Cruz, Lav\u00ednia Souza e Giovana Aznar, enquanto a equipa masculina alinhou com Alexandre Silva, Martim Louro, Rodrigo Cal\u00e7as, Filipe Campos, Tom\u00e1s Dias e Daniel Ribeiro. Ambas as forma\u00e7\u00f5es n\u00e3o passaram do primeiro encontro e, nas repescagens, voltaram a perder.<\/p>\n<p>Apesar dos resultados coletivos, o clube avaliou o balan\u00e7o como muito positivo, destacando o desempenho individual com duas medalhas. Os judocas albicastrenses situam-se na \u00f3rbita da Sele\u00e7\u00e3o Nacional, com objetivo de treinar rumo ao pr\u00f3ximo m\u00eas de fevereiro. O apuramento para a Ta\u00e7a da Europa, marcada para maio em Portugal, foi tamb\u00e9m visto como passo importante de qualifica\u00e7\u00e3o para os Campeonatos da Europa e do Mundo.<\/p>\n<h3>Treinadores e perspetivas<\/h3>\n<p>Os atletas foram acompanhados pelos treinadores Ana Hormigo e Abel Louro, que refor\u00e7aram o foco na prepara\u00e7\u00e3o para futuras competi\u00e7\u00f5es de alto n\u00edvel. A participa\u00e7\u00e3o no Nacional de Cadetes consolida o papel da escola no panorama nacional de judo.<\/p>\n","protected":false},"excerpt":{"rendered":"<ul>\n<li>Em Aveiro, na Nave da Caixa Universit\u00e1ria, realizou-se o Campeonato Nacional de Cadetes (Sub-18) e o Campeonato Nacional de Equipas de Cadetes, com a participa\u00e7\u00e3o da Escola de Judo Ana Hormigo de Castelo Branco.<\/li>\n<li>Beatriz Grecu entrou como cabe\u00e7a de s\u00e9rie n\u00famero 1 e sagrou-se vice-campe\u00e3 nacional na categoria de -48 kg.<\/li>\n<li>Martim Louro conquistou a medalha de bronze na categoria -60 kg, numa prova com 31 atletas.<\/li>\n<li>Na lista de atletas da escola estiveram Beatriz Barata (-48 kg), Madalena Cruz (-57 kg), Alexandre Silva (-50 kg), Rodrigo Cal\u00e7as (-73 kg), Daniel Ribeiro (-90 kg) e Tom\u00e1s Dias (+90 kg).<\/li>\n<li>Apesar de as equipas femininas e masculinas terem ficado aqu\u00e9m na fase inicial, o balan\u00e7o final \u00e9 muito positivo, com as duas medalhas no nacional individual, perspetiva de integra\u00e7\u00e3o na Sele\u00e7\u00e3o Nacional em fevereiro e apuramento para a Ta\u00e7a da Europa em maio, em Portugal. Treinadores: Ana Hormigo e Abel Louro.<\/li>\n<\/ul>\n","protected":false},"author":2,"featured_media":175045,"comment_status":"closed","ping_status":"closed","sticky":false,"template":"","format":"standard","meta":{"footnotes":""},"categories":[21],"tags":[4225,1059,4162,1112,152,2057],"class_list":["post-175015","post","type-post","status-publish","format-standard","has-post-thumbnail","hentry","category-desporto","tag-albicastrense","tag-aveiro","tag-cadetes","tag-castelo-branco","tag-desporto","tag-selecao-nacional"],"yoast_head":"<!-- This site is optimized with the Yoast SEO plugin v27.2 - https:\/\/yoast.com\/product\/yoast-seo-wordpress\/ -->\n<title>Judocas albicastrenses em destaque nos Nacionais - Portal Tela Portugal<\/title>\n<meta name=\"robots\" content=\"index, follow, max-snippet:-1, max-image-preview:large, max-video-preview:-1\" \/>\n<meta property=\"og:locale\" content=\"pt_PT\" \/>\n<meta property=\"og:type\" content=\"article\" \/>\n<meta property=\"og:title\" content=\"Judocas albicastrenses em destaque nos Nacionais - Portal Tela Portugal\" \/>\n<meta property=\"og:description\" content=\"Em Aveiro, na Nave da Caixa Universit\u00e1ria, realizou-se o Campeonato Nacional de Cadetes (Sub-18) e o Campeonato Nacional de Equipas de Cadetes, com a participa\u00e7\u00e3o da Escola de Judo Ana Hormigo de Castelo Branco. Beatriz Grecu entrou como cabe\u00e7a de s\u00e9rie n\u00famero 1 e sagrou-se vice-campe\u00e3 nacional na categoria de -48 kg. Martim Louro conquistou a medalha de bronze na categoria -60 kg, numa prova com 31 atletas. Na lista de atletas da escola estiveram Beatriz Barata (-48 kg), Madalena Cruz (-57 kg), Alexandre Silva (-50 kg), Rodrigo Cal\u00e7as (-73 kg), Daniel Ribeiro (-90 kg) e Tom\u00e1s Dias (+90 kg). Apesar de as equipas femininas e masculinas terem ficado aqu\u00e9m na fase inicial, o balan\u00e7o final \u00e9 muito positivo, com as duas medalhas no nacional individual, perspetiva de integra\u00e7\u00e3o na Sele\u00e7\u00e3o Nacional em fevereiro e apuramento para a Ta\u00e7a da Europa em maio, em Portugal. Treinadores: Ana Hormigo e Abel Louro.\" \/>\n<meta property=\"og:url\" content=\"https:\/\/portaltela.pt\/noticias\/2026\/01\/26\/judocas-albicastrenses-em-destaque-nos-nacionais\/\" \/>\n<meta property=\"og:site_name\" content=\"Portal Tela Portugal\" \/>\n<meta property=\"article:published_time\" content=\"2026-01-26T17:51:00+00:00\" \/>\n<meta name=\"author\" content=\"Telinha\" \/>\n<meta name=\"twitter:card\" content=\"summary_large_image\" \/>\n<meta name=\"twitter:label1\" content=\"Escrito por\" \/>\n\t<meta name=\"twitter:data1\" content=\"Telinha\" \/>\n\t<meta name=\"twitter:label2\" content=\"Tempo estimado de leitura\" \/>\n\t<meta name=\"twitter:data2\" content=\"2 minutos\" \/>\n<script type=\"application\/ld+json\" class=\"yoast-schema-graph\">{\"@context\":\"https:\/\/schema.org\",\"@graph\":[{\"@type\":\"Article\",\"@id\":\"https:\/\/portaltela.pt\/noticias\/2026\/01\/26\/judocas-albicastrenses-em-destaque-nos-nacionais\/#article\",\"isPartOf\":{\"@id\":\"https:\/\/portaltela.pt\/noticias\/2026\/01\/26\/judocas-albicastrenses-em-destaque-nos-nacionais\/\"},\"author\":{\"name\":\"Telinha\",\"@id\":\"https:\/\/portaltela.pt\/#\/schema\/person\/c4278d4a6028830caff9ee44b42d32ed\"},\"headline\":\"Judocas albicastrenses em destaque nos Nacionais\",\"datePublished\":\"2026-01-26T17:51:00+00:00\",\"mainEntityOfPage\":{\"@id\":\"https:\/\/portaltela.pt\/noticias\/2026\/01\/26\/judocas-albicastrenses-em-destaque-nos-nacionais\/\"},\"wordCount\":331,\"image\":{\"@id\":\"https:\/\/portaltela.pt\/noticias\/2026\/01\/26\/judocas-albicastrenses-em-destaque-nos-nacionais\/#primaryimage\"},\"thumbnailUrl\":\"https:\/\/portaltela.pt\/s.01k8rhncp4jt1\/2026\/01\/unnamed-file-5372.jpg\",\"keywords\":[\"Albicastrense\",\"Aveiro\",\"cadetes\",\"Castelo Branco\",\"desporto\",\"Sele\u00e7\u00e3o Nacional\"],\"articleSection\":[\"Desporto\"],\"inLanguage\":\"pt-PT\"},{\"@type\":\"WebPage\",\"@id\":\"https:\/\/portaltela.pt\/noticias\/2026\/01\/26\/judocas-albicastrenses-em-destaque-nos-nacionais\/\",\"url\":\"https:\/\/portaltela.pt\/noticias\/2026\/01\/26\/judocas-albicastrenses-em-destaque-nos-nacionais\/\",\"name\":\"Judocas albicastrenses em destaque nos Nacionais - Portal Tela Portugal\",\"isPartOf\":{\"@id\":\"https:\/\/portaltela.pt\/#website\"},\"primaryImageOfPage\":{\"@id\":\"https:\/\/portaltela.pt\/noticias\/2026\/01\/26\/judocas-albicastrenses-em-destaque-nos-nacionais\/#primaryimage\"},\"image\":{\"@id\":\"https:\/\/portaltela.pt\/noticias\/2026\/01\/26\/judocas-albicastrenses-em-destaque-nos-nacionais\/#primaryimage\"},\"thumbnailUrl\":\"https:\/\/portaltela.pt\/s.01k8rhncp4jt1\/2026\/01\/unnamed-file-5372.jpg\",\"datePublished\":\"2026-01-26T17:51:00+00:00\",\"author\":{\"@id\":\"https:\/\/portaltela.pt\/#\/schema\/person\/c4278d4a6028830caff9ee44b42d32ed\"},\"breadcrumb\":{\"@id\":\"https:\/\/portaltela.pt\/noticias\/2026\/01\/26\/judocas-albicastrenses-em-destaque-nos-nacionais\/#breadcrumb\"},\"inLanguage\":\"pt-PT\",\"potentialAction\":[{\"@type\":\"ReadAction\",\"target\":[\"https:\/\/portaltela.pt\/noticias\/2026\/01\/26\/judocas-albicastrenses-em-destaque-nos-nacionais\/\"]}]},{\"@type\":\"ImageObject\",\"inLanguage\":\"pt-PT\",\"@id\":\"https:\/\/portaltela.pt\/noticias\/2026\/01\/26\/judocas-albicastrenses-em-destaque-nos-nacionais\/#primaryimage\",\"url\":\"https:\/\/portaltela.pt\/s.01k8rhncp4jt1\/2026\/01\/unnamed-file-5372.jpg\",\"contentUrl\":\"https:\/\/portaltela.pt\/s.01k8rhncp4jt1\/2026\/01\/unnamed-file-5372.jpg\",\"width\":796,\"height\":448,\"caption\":\"Judocas albicastrenses em destaque nos Nacionais\"},{\"@type\":\"BreadcrumbList\",\"@id\":\"https:\/\/portaltela.pt\/noticias\/2026\/01\/26\/judocas-albicastrenses-em-destaque-nos-nacionais\/#breadcrumb\",\"itemListElement\":[{\"@type\":\"ListItem\",\"position\":1,\"name\":\"In\u00edcio\",\"item\":\"https:\/\/portaltela.pt\/\"},{\"@type\":\"ListItem\",\"position\":2,\"name\":\"Judocas albicastrenses em destaque nos Nacionais\"}]},{\"@type\":\"WebSite\",\"@id\":\"https:\/\/portaltela.pt\/#website\",\"url\":\"https:\/\/portaltela.pt\/\",\"name\":\"Portal Tela Portugal\",\"description\":\"\",\"potentialAction\":[{\"@type\":\"SearchAction\",\"target\":{\"@type\":\"EntryPoint\",\"urlTemplate\":\"https:\/\/portaltela.pt\/?s={search_term_string}\"},\"query-input\":{\"@type\":\"PropertyValueSpecification\",\"valueRequired\":true,\"valueName\":\"search_term_string\"}}],\"inLanguage\":\"pt-PT\"},{\"@type\":\"Person\",\"@id\":\"https:\/\/portaltela.pt\/#\/schema\/person\/c4278d4a6028830caff9ee44b42d32ed\",\"name\":\"Telinha\",\"image\":{\"@type\":\"ImageObject\",\"inLanguage\":\"pt-PT\",\"@id\":\"https:\/\/portaltela.pt\/s.01k8rhncp4jt1\/2025\/11\/talking-bot-125x125.png\",\"url\":\"https:\/\/portaltela.pt\/s.01k8rhncp4jt1\/2025\/11\/talking-bot-125x125.png\",\"contentUrl\":\"https:\/\/portaltela.pt\/s.01k8rhncp4jt1\/2025\/11\/talking-bot-125x125.png\",\"caption\":\"Telinha\"},\"sameAs\":[\"https:\/\/portaltela.pt\/\"],\"url\":\"https:\/\/portaltela.pt\/por\/367410592786\/\"}]}<\/script>\n<!-- \/ Yoast SEO plugin. -->","yoast_head_json":{"title":"Judocas albicastrenses em destaque nos Nacionais - Portal Tela Portugal","robots":{"index":"index","follow":"follow","max-snippet":"max-snippet:-1","max-image-preview":"max-image-preview:large","max-video-preview":"max-video-preview:-1"},"og_locale":"pt_PT","og_type":"article","og_title":"Judocas albicastrenses em destaque nos Nacionais - Portal Tela Portugal","og_description":"Em Aveiro, na Nave da Caixa Universit\u00e1ria, realizou-se o Campeonato Nacional de Cadetes (Sub-18) e o Campeonato Nacional de Equipas de Cadetes, com a participa\u00e7\u00e3o da Escola de Judo Ana Hormigo de Castelo Branco. Beatriz Grecu entrou como cabe\u00e7a de s\u00e9rie n\u00famero 1 e sagrou-se vice-campe\u00e3 nacional na categoria de -48 kg. Martim Louro conquistou a medalha de bronze na categoria -60 kg, numa prova com 31 atletas. Na lista de atletas da escola estiveram Beatriz Barata (-48 kg), Madalena Cruz (-57 kg), Alexandre Silva (-50 kg), Rodrigo Cal\u00e7as (-73 kg), Daniel Ribeiro (-90 kg) e Tom\u00e1s Dias (+90 kg). Apesar de as equipas femininas e masculinas terem ficado aqu\u00e9m na fase inicial, o balan\u00e7o final \u00e9 muito positivo, com as duas medalhas no nacional individual, perspetiva de integra\u00e7\u00e3o na Sele\u00e7\u00e3o Nacional em fevereiro e apuramento para a Ta\u00e7a da Europa em maio, em Portugal. Treinadores: Ana Hormigo e Abel Louro.","og_url":"https:\/\/portaltela.pt\/noticias\/2026\/01\/26\/judocas-albicastrenses-em-destaque-nos-nacionais\/","og_site_name":"Portal Tela Portugal","article_published_time":"2026-01-26T17:51:00+00:00","author":"Telinha","twitter_card":"summary_large_image","twitter_misc":{"Escrito por":"Telinha","Tempo estimado de leitura":"2 minutos"},"schema":{"@context":"https:\/\/schema.org","@graph":[{"@type":"Article","@id":"https:\/\/portaltela.pt\/noticias\/2026\/01\/26\/judocas-albicastrenses-em-destaque-nos-nacionais\/#article","isPartOf":{"@id":"https:\/\/portaltela.pt\/noticias\/2026\/01\/26\/judocas-albicastrenses-em-destaque-nos-nacionais\/"},"author":{"name":"Telinha","@id":"https:\/\/portaltela.pt\/#\/schema\/person\/c4278d4a6028830caff9ee44b42d32ed"},"headline":"Judocas albicastrenses em destaque nos Nacionais","datePublished":"2026-01-26T17:51:00+00:00","mainEntityOfPage":{"@id":"https:\/\/portaltela.pt\/noticias\/2026\/01\/26\/judocas-albicastrenses-em-destaque-nos-nacionais\/"},"wordCount":331,"image":{"@id":"https:\/\/portaltela.pt\/noticias\/2026\/01\/26\/judocas-albicastrenses-em-destaque-nos-nacionais\/#primaryimage"},"thumbnailUrl":"https:\/\/portaltela.pt\/s.01k8rhncp4jt1\/2026\/01\/unnamed-file-5372.jpg","keywords":["Albicastrense","Aveiro","cadetes","Castelo Branco","desporto","Sele\u00e7\u00e3o Nacional"],"articleSection":["Desporto"],"inLanguage":"pt-PT"},{"@type":"WebPage","@id":"https:\/\/portaltela.pt\/noticias\/2026\/01\/26\/judocas-albicastrenses-em-destaque-nos-nacionais\/","url":"https:\/\/portaltela.pt\/noticias\/2026\/01\/26\/judocas-albicastrenses-em-destaque-nos-nacionais\/","name":"Judocas albicastrenses em destaque nos Nacionais - Portal Tela Portugal","isPartOf":{"@id":"https:\/\/portaltela.pt\/#website"},"primaryImageOfPage":{"@id":"https:\/\/portaltela.pt\/noticias\/2026\/01\/26\/judocas-albicastrenses-em-destaque-nos-nacionais\/#primaryimage"},"image":{"@id":"https:\/\/portaltela.pt\/noticias\/2026\/01\/26\/judocas-albicastrenses-em-destaque-nos-nacionais\/#primaryimage"},"thumbnailUrl":"https:\/\/portaltela.pt\/s.01k8rhncp4jt1\/2026\/01\/unnamed-file-5372.jpg","datePublished":"2026-01-26T17:51:00+00:00","author":{"@id":"https:\/\/portaltela.pt\/#\/schema\/person\/c4278d4a6028830caff9ee44b42d32ed"},"breadcrumb":{"@id":"https:\/\/portaltela.pt\/noticias\/2026\/01\/26\/judocas-albicastrenses-em-destaque-nos-nacionais\/#breadcrumb"},"inLanguage":"pt-PT","potentialAction":[{"@type":"ReadAction","target":["https:\/\/portaltela.pt\/noticias\/2026\/01\/26\/judocas-albicastrenses-em-destaque-nos-nacionais\/"]}]},{"@type":"ImageObject","inLanguage":"pt-PT","@id":"https:\/\/portaltela.pt\/noticias\/2026\/01\/26\/judocas-albicastrenses-em-destaque-nos-nacionais\/#primaryimage","url":"https:\/\/portaltela.pt\/s.01k8rhncp4jt1\/2026\/01\/unnamed-file-5372.jpg","contentUrl":"https:\/\/portaltela.pt\/s.01k8rhncp4jt1\/2026\/01\/unnamed-file-5372.jpg","width":796,"height":448,"caption":"Judocas albicastrenses em destaque nos Nacionais"},{"@type":"BreadcrumbList","@id":"https:\/\/portaltela.pt\/noticias\/2026\/01\/26\/judocas-albicastrenses-em-destaque-nos-nacionais\/#breadcrumb","itemListElement":[{"@type":"ListItem","position":1,"name":"In\u00edcio","item":"https:\/\/portaltela.pt\/"},{"@type":"ListItem","position":2,"name":"Judocas albicastrenses em destaque nos Nacionais"}]},{"@type":"WebSite","@id":"https:\/\/portaltela.pt\/#website","url":"https:\/\/portaltela.pt\/","name":"Portal Tela Portugal","description":"","potentialAction":[{"@type":"SearchAction","target":{"@type":"EntryPoint","urlTemplate":"https:\/\/portaltela.pt\/?s={search_term_string}"},"query-input":{"@type":"PropertyValueSpecification","valueRequired":true,"valueName":"search_term_string"}}],"inLanguage":"pt-PT"},{"@type":"Person","@id":"https:\/\/portaltela.pt\/#\/schema\/person\/c4278d4a6028830caff9ee44b42d32ed","name":"Telinha","image":{"@type":"ImageObject","inLanguage":"pt-PT","@id":"https:\/\/portaltela.pt\/s.01k8rhncp4jt1\/2025\/11\/talking-bot-125x125.png","url":"https:\/\/portaltela.pt\/s.01k8rhncp4jt1\/2025\/11\/talking-bot-125x125.png","contentUrl":"https:\/\/portaltela.pt\/s.01k8rhncp4jt1\/2025\/11\/talking-bot-125x125.png","caption":"Telinha"},"sameAs":["https:\/\/portaltela.pt\/"],"url":"https:\/\/portaltela.pt\/por\/367410592786\/"}]}},"_links":{"self":[{"href":"https:\/\/portaltela.pt\/api\/wp\/v2\/posts\/175015","targetHints":{"allow":["GET"]}}],"collection":[{"href":"https:\/\/portaltela.pt\/api\/wp\/v2\/posts"}],"about":[{"href":"https:\/\/portaltela.pt\/api\/wp\/v2\/types\/post"}],"author":[{"embeddable":true,"href":"https:\/\/portaltela.pt\/api\/wp\/v2\/users\/2"}],"replies":[{"embeddable":true,"href":"https:\/\/portaltela.pt\/api\/wp\/v2\/comments?post=175015"}],"version-history":[{"count":0,"href":"https:\/\/portaltela.pt\/api\/wp\/v2\/posts\/175015\/revisions"}],"wp:featuredmedia":[{"embeddable":true,"href":"https:\/\/portaltela.pt\/api\/wp\/v2\/media\/175045"}],"wp:attachment":[{"href":"https:\/\/portaltela.pt\/api\/wp\/v2\/media?parent=175015"}],"wp:term":[{"taxonomy":"category","embeddable":true,"href":"https:\/\/portaltela.pt\/api\/wp\/v2\/categories?post=175015"},{"taxonomy":"post_tag","embeddable":true,"href":"https:\/\/portaltela.pt\/api\/wp\/v2\/tags?post=175015"}],"curies":[{"name":"wp","href":"https:\/\/api.w.org\/{rel}","templated":true}]}}