{"id":174986,"date":"2026-01-26T14:57:57","date_gmt":"2026-01-26T17:57:57","guid":{"rendered":"https:\/\/portaltela.pt\/noticias\/2026\/01\/26\/bombeiros-de-sever-do-vouga-apontam-falhas-e-criticam-nova-direcao-da-associacao\/"},"modified":"2026-01-26T14:57:57","modified_gmt":"2026-01-26T17:57:57","slug":"bombeiros-de-sever-do-vouga-apontam-falhas-e-criticam-nova-direcao-da-associacao","status":"publish","type":"post","link":"https:\/\/portaltela.pt\/noticias\/2026\/01\/26\/bombeiros-de-sever-do-vouga-apontam-falhas-e-criticam-nova-direcao-da-associacao\/","title":{"rendered":"Bombeiros de Sever do Vouga apontam falhas e criticam nova dire\u00e7\u00e3o da Associa\u00e7\u00e3o"},"content":{"rendered":"<p>Dezenas de bombeiros de Sever do Vouga, no distrito de Aveiro, escreveram uma carta aberta a pedir a substitui\u00e7\u00e3o da atual dire\u00e7\u00e3o da Associa\u00e7\u00e3o Humanit\u00e1ria. O documento, datado de sexta-feira e assinado por 71 bombeiros, incluindo nove do quadro de honra, aponta um momento cr\u00edtico para o corpo.<\/p>\n<p>Entre as cr\u00edticas est\u00e3o falhas organizacionais e condi\u00e7\u00f5es operacionais, que, segundo a missiva, afectam as din\u00e2micas do corpo. \u00c9 mencionada a car\u00eancia de equipamentos de prote\u00e7\u00e3o individual para inc\u00eandios estruturais e equipamentos obsoletos.<\/p>\n<p>Os signat\u00e1rios referem que o parque de viaturas de socorro \u00e9 dos menos qualificados e mais degradados do pa\u00eds, com avarias frequentes resultantes de desgaste e falta de manuten\u00e7\u00e3o preventiva. Tamb\u00e9m apontam m\u00e1s condi\u00e7\u00f5es no quartel, como a falta de climatiza\u00e7\u00e3o e a aus\u00eancia de arm\u00e1rios.<\/p>\n<h3>Cr\u00edticas \u00e0 gest\u00e3o e condi\u00e7\u00f5es<\/h3>\n<p>No plano organizacional, a carta acusa interfer\u00eancia da dire\u00e7\u00e3o em quest\u00f5es operacionais, com ordens diretas a bombeiros e inger\u00eancia na resposta ao socorro. A central de telecomunica\u00e7\u00f5es tamb\u00e9m estaria a gerar instabilidade na din\u00e2mica operacional.<\/p>\n<p>Apesar das cr\u00edticas, os signat\u00e1rios reconhecem o contributo da dire\u00e7\u00e3o liderada por Joaquim Amaral de Macedo, defendendo, contudo, a inclus\u00e3o de pessoas com dinamismo e vis\u00e3o de futuro. Apelam \u00e0 mobiliza\u00e7\u00e3o da sociedade severense para uma solu\u00e7\u00e3o de governa\u00e7\u00e3o.<\/p>\n<p>Em finais de 2025, Miguel Matos demitiu-se do cargo de comandante, alegando motivos pessoais. O cargo tem estado com Telmo Asensio, no papel de substituto. O presidente da Associa\u00e7\u00e3o, Joaquim Amaral de Macedo, n\u00e3o comentou a carta aberta \u00e0 Lusa.<\/p>\n","protected":false},"excerpt":{"rendered":"<ul>\n<li>71 bombeiros de Sever do Vouga assinam uma carta aberta a pedir a substitui\u00e7\u00e3o da atual dire\u00e7\u00e3o da Associa\u00e7\u00e3o Humanit\u00e1ria, alegando falhas na organiza\u00e7\u00e3o e condi\u00e7\u00f5es operacionais.<\/li>\n<li>A missiva aponta car\u00eancias em equipamentos de prote\u00e7\u00e3o individual, viaturas obsoletas e problemas de manuten\u00e7\u00e3o, bem como m\u00e1s condi\u00e7\u00f5es de conforto no quartel.<\/li>\n<li>Critica ainda interfer\u00eancia direta da dire\u00e7\u00e3o em quest\u00f5es operacionais, gest\u00e3o da central de telecomunica\u00e7\u00f5es e decis\u00f5es que afectam as din\u00e2micas do corpo de bombeiros.<\/li>\n<li>Os signat\u00e1rios reconhecem o contributo da atual dire\u00e7\u00e3o, mas defendem a necessidade de pessoas com dinamismo para orientar o corpo, apelando \u00e0 mobiliza\u00e7\u00e3o da comunidade.<\/li>\n<li>O comandante Miguel Matos deixou o cargo no final de 2025, sendo substitu\u00eddo temporariamente pelo segundo comandante Telmo Asensio; a dire\u00e7\u00e3o n\u00e3o comentou a carta.<\/li>\n<\/ul>\n","protected":false},"author":2,"featured_media":175000,"comment_status":"closed","ping_status":"closed","sticky":false,"template":"","format":"standard","meta":{"footnotes":""},"categories":[1],"tags":[168,1059,971,2415,1961],"class_list":["post-174986","post","type-post","status-publish","format-standard","has-post-thumbnail","hentry","category-noticias","tag-administracao-publica","tag-aveiro","tag-bombeiros","tag-gestao","tag-operacionais"],"yoast_head":"<!-- This site is optimized with the Yoast SEO plugin v27.2 - https:\/\/yoast.com\/product\/yoast-seo-wordpress\/ -->\n<title>Bombeiros de Sever do Vouga apontam falhas e criticam nova dire\u00e7\u00e3o da Associa\u00e7\u00e3o - Portal Tela Portugal<\/title>\n<meta name=\"robots\" content=\"index, follow, max-snippet:-1, max-image-preview:large, max-video-preview:-1\" \/>\n<meta property=\"og:locale\" content=\"pt_PT\" \/>\n<meta property=\"og:type\" content=\"article\" \/>\n<meta property=\"og:title\" content=\"Bombeiros de Sever do Vouga apontam falhas e criticam nova dire\u00e7\u00e3o da Associa\u00e7\u00e3o - Portal Tela Portugal\" \/>\n<meta property=\"og:description\" content=\"71 bombeiros de Sever do Vouga assinam uma carta aberta a pedir a substitui\u00e7\u00e3o da atual dire\u00e7\u00e3o da Associa\u00e7\u00e3o Humanit\u00e1ria, alegando falhas na organiza\u00e7\u00e3o e condi\u00e7\u00f5es operacionais. A missiva aponta car\u00eancias em equipamentos de prote\u00e7\u00e3o individual, viaturas obsoletas e problemas de manuten\u00e7\u00e3o, bem como m\u00e1s condi\u00e7\u00f5es de conforto no quartel. Critica ainda interfer\u00eancia direta da dire\u00e7\u00e3o em quest\u00f5es operacionais, gest\u00e3o da central de telecomunica\u00e7\u00f5es e decis\u00f5es que afectam as din\u00e2micas do corpo de bombeiros. Os signat\u00e1rios reconhecem o contributo da atual dire\u00e7\u00e3o, mas defendem a necessidade de pessoas com dinamismo para orientar o corpo, apelando \u00e0 mobiliza\u00e7\u00e3o da comunidade. O comandante Miguel Matos deixou o cargo no final de 2025, sendo substitu\u00eddo temporariamente pelo segundo comandante Telmo Asensio; a dire\u00e7\u00e3o n\u00e3o comentou a carta.\" \/>\n<meta property=\"og:url\" content=\"https:\/\/portaltela.pt\/noticias\/2026\/01\/26\/bombeiros-de-sever-do-vouga-apontam-falhas-e-criticam-nova-direcao-da-associacao\/\" \/>\n<meta property=\"og:site_name\" content=\"Portal Tela Portugal\" \/>\n<meta property=\"article:published_time\" content=\"2026-01-26T17:57:57+00:00\" \/>\n<meta name=\"author\" content=\"Telinha\" \/>\n<meta name=\"twitter:card\" content=\"summary_large_image\" \/>\n<meta name=\"twitter:label1\" content=\"Escrito por\" \/>\n\t<meta name=\"twitter:data1\" content=\"Telinha\" \/>\n\t<meta name=\"twitter:label2\" content=\"Tempo estimado de leitura\" \/>\n\t<meta name=\"twitter:data2\" content=\"1 minuto\" \/>\n<script type=\"application\/ld+json\" class=\"yoast-schema-graph\">{\"@context\":\"https:\/\/schema.org\",\"@graph\":[{\"@type\":\"Article\",\"@id\":\"https:\/\/portaltela.pt\/noticias\/2026\/01\/26\/bombeiros-de-sever-do-vouga-apontam-falhas-e-criticam-nova-direcao-da-associacao\/#article\",\"isPartOf\":{\"@id\":\"https:\/\/portaltela.pt\/noticias\/2026\/01\/26\/bombeiros-de-sever-do-vouga-apontam-falhas-e-criticam-nova-direcao-da-associacao\/\"},\"author\":{\"name\":\"Telinha\",\"@id\":\"https:\/\/portaltela.pt\/#\/schema\/person\/c4278d4a6028830caff9ee44b42d32ed\"},\"headline\":\"Bombeiros de Sever do Vouga apontam falhas e criticam nova dire\u00e7\u00e3o da Associa\u00e7\u00e3o\",\"datePublished\":\"2026-01-26T17:57:57+00:00\",\"mainEntityOfPage\":{\"@id\":\"https:\/\/portaltela.pt\/noticias\/2026\/01\/26\/bombeiros-de-sever-do-vouga-apontam-falhas-e-criticam-nova-direcao-da-associacao\/\"},\"wordCount\":295,\"image\":{\"@id\":\"https:\/\/portaltela.pt\/noticias\/2026\/01\/26\/bombeiros-de-sever-do-vouga-apontam-falhas-e-criticam-nova-direcao-da-associacao\/#primaryimage\"},\"thumbnailUrl\":\"https:\/\/portaltela.pt\/s.01k8rhncp4jt1\/2026\/01\/img_1500x1000uu2020-05-27-23-55-37-945284.jpg\",\"keywords\":[\"administra\u00e7\u00e3o p\u00fablica\",\"Aveiro\",\"bombeiros\",\"gest\u00e3o\",\"operacionais\"],\"articleSection\":[\"Not\u00edcias\"],\"inLanguage\":\"pt-PT\"},{\"@type\":\"WebPage\",\"@id\":\"https:\/\/portaltela.pt\/noticias\/2026\/01\/26\/bombeiros-de-sever-do-vouga-apontam-falhas-e-criticam-nova-direcao-da-associacao\/\",\"url\":\"https:\/\/portaltela.pt\/noticias\/2026\/01\/26\/bombeiros-de-sever-do-vouga-apontam-falhas-e-criticam-nova-direcao-da-associacao\/\",\"name\":\"Bombeiros de Sever do Vouga apontam falhas e criticam nova dire\u00e7\u00e3o da Associa\u00e7\u00e3o - Portal Tela Portugal\",\"isPartOf\":{\"@id\":\"https:\/\/portaltela.pt\/#website\"},\"primaryImageOfPage\":{\"@id\":\"https:\/\/portaltela.pt\/noticias\/2026\/01\/26\/bombeiros-de-sever-do-vouga-apontam-falhas-e-criticam-nova-direcao-da-associacao\/#primaryimage\"},\"image\":{\"@id\":\"https:\/\/portaltela.pt\/noticias\/2026\/01\/26\/bombeiros-de-sever-do-vouga-apontam-falhas-e-criticam-nova-direcao-da-associacao\/#primaryimage\"},\"thumbnailUrl\":\"https:\/\/portaltela.pt\/s.01k8rhncp4jt1\/2026\/01\/img_1500x1000uu2020-05-27-23-55-37-945284.jpg\",\"datePublished\":\"2026-01-26T17:57:57+00:00\",\"author\":{\"@id\":\"https:\/\/portaltela.pt\/#\/schema\/person\/c4278d4a6028830caff9ee44b42d32ed\"},\"breadcrumb\":{\"@id\":\"https:\/\/portaltela.pt\/noticias\/2026\/01\/26\/bombeiros-de-sever-do-vouga-apontam-falhas-e-criticam-nova-direcao-da-associacao\/#breadcrumb\"},\"inLanguage\":\"pt-PT\",\"potentialAction\":[{\"@type\":\"ReadAction\",\"target\":[\"https:\/\/portaltela.pt\/noticias\/2026\/01\/26\/bombeiros-de-sever-do-vouga-apontam-falhas-e-criticam-nova-direcao-da-associacao\/\"]}]},{\"@type\":\"ImageObject\",\"inLanguage\":\"pt-PT\",\"@id\":\"https:\/\/portaltela.pt\/noticias\/2026\/01\/26\/bombeiros-de-sever-do-vouga-apontam-falhas-e-criticam-nova-direcao-da-associacao\/#primaryimage\",\"url\":\"https:\/\/portaltela.pt\/s.01k8rhncp4jt1\/2026\/01\/img_1500x1000uu2020-05-27-23-55-37-945284.jpg\",\"contentUrl\":\"https:\/\/portaltela.pt\/s.01k8rhncp4jt1\/2026\/01\/img_1500x1000uu2020-05-27-23-55-37-945284.jpg\",\"width\":796,\"height\":448,\"caption\":\"Carta foi assinada por 71 membros da corpora\u00e7\u00e3o\"},{\"@type\":\"BreadcrumbList\",\"@id\":\"https:\/\/portaltela.pt\/noticias\/2026\/01\/26\/bombeiros-de-sever-do-vouga-apontam-falhas-e-criticam-nova-direcao-da-associacao\/#breadcrumb\",\"itemListElement\":[{\"@type\":\"ListItem\",\"position\":1,\"name\":\"In\u00edcio\",\"item\":\"https:\/\/portaltela.pt\/\"},{\"@type\":\"ListItem\",\"position\":2,\"name\":\"Bombeiros de Sever do Vouga apontam falhas e criticam nova dire\u00e7\u00e3o da Associa\u00e7\u00e3o\"}]},{\"@type\":\"WebSite\",\"@id\":\"https:\/\/portaltela.pt\/#website\",\"url\":\"https:\/\/portaltela.pt\/\",\"name\":\"Portal Tela Portugal\",\"description\":\"\",\"potentialAction\":[{\"@type\":\"SearchAction\",\"target\":{\"@type\":\"EntryPoint\",\"urlTemplate\":\"https:\/\/portaltela.pt\/?s={search_term_string}\"},\"query-input\":{\"@type\":\"PropertyValueSpecification\",\"valueRequired\":true,\"valueName\":\"search_term_string\"}}],\"inLanguage\":\"pt-PT\"},{\"@type\":\"Person\",\"@id\":\"https:\/\/portaltela.pt\/#\/schema\/person\/c4278d4a6028830caff9ee44b42d32ed\",\"name\":\"Telinha\",\"image\":{\"@type\":\"ImageObject\",\"inLanguage\":\"pt-PT\",\"@id\":\"https:\/\/portaltela.pt\/s.01k8rhncp4jt1\/2025\/11\/talking-bot-125x125.png\",\"url\":\"https:\/\/portaltela.pt\/s.01k8rhncp4jt1\/2025\/11\/talking-bot-125x125.png\",\"contentUrl\":\"https:\/\/portaltela.pt\/s.01k8rhncp4jt1\/2025\/11\/talking-bot-125x125.png\",\"caption\":\"Telinha\"},\"sameAs\":[\"https:\/\/portaltela.pt\/\"],\"url\":\"https:\/\/portaltela.pt\/por\/367410592786\/\"}]}<\/script>\n<!-- \/ Yoast SEO plugin. -->","yoast_head_json":{"title":"Bombeiros de Sever do Vouga apontam falhas e criticam nova dire\u00e7\u00e3o da Associa\u00e7\u00e3o - Portal Tela Portugal","robots":{"index":"index","follow":"follow","max-snippet":"max-snippet:-1","max-image-preview":"max-image-preview:large","max-video-preview":"max-video-preview:-1"},"og_locale":"pt_PT","og_type":"article","og_title":"Bombeiros de Sever do Vouga apontam falhas e criticam nova dire\u00e7\u00e3o da Associa\u00e7\u00e3o - Portal Tela Portugal","og_description":"71 bombeiros de Sever do Vouga assinam uma carta aberta a pedir a substitui\u00e7\u00e3o da atual dire\u00e7\u00e3o da Associa\u00e7\u00e3o Humanit\u00e1ria, alegando falhas na organiza\u00e7\u00e3o e condi\u00e7\u00f5es operacionais. A missiva aponta car\u00eancias em equipamentos de prote\u00e7\u00e3o individual, viaturas obsoletas e problemas de manuten\u00e7\u00e3o, bem como m\u00e1s condi\u00e7\u00f5es de conforto no quartel. Critica ainda interfer\u00eancia direta da dire\u00e7\u00e3o em quest\u00f5es operacionais, gest\u00e3o da central de telecomunica\u00e7\u00f5es e decis\u00f5es que afectam as din\u00e2micas do corpo de bombeiros. Os signat\u00e1rios reconhecem o contributo da atual dire\u00e7\u00e3o, mas defendem a necessidade de pessoas com dinamismo para orientar o corpo, apelando \u00e0 mobiliza\u00e7\u00e3o da comunidade. O comandante Miguel Matos deixou o cargo no final de 2025, sendo substitu\u00eddo temporariamente pelo segundo comandante Telmo Asensio; a dire\u00e7\u00e3o n\u00e3o comentou a carta.","og_url":"https:\/\/portaltela.pt\/noticias\/2026\/01\/26\/bombeiros-de-sever-do-vouga-apontam-falhas-e-criticam-nova-direcao-da-associacao\/","og_site_name":"Portal Tela Portugal","article_published_time":"2026-01-26T17:57:57+00:00","author":"Telinha","twitter_card":"summary_large_image","twitter_misc":{"Escrito por":"Telinha","Tempo estimado de leitura":"1 minuto"},"schema":{"@context":"https:\/\/schema.org","@graph":[{"@type":"Article","@id":"https:\/\/portaltela.pt\/noticias\/2026\/01\/26\/bombeiros-de-sever-do-vouga-apontam-falhas-e-criticam-nova-direcao-da-associacao\/#article","isPartOf":{"@id":"https:\/\/portaltela.pt\/noticias\/2026\/01\/26\/bombeiros-de-sever-do-vouga-apontam-falhas-e-criticam-nova-direcao-da-associacao\/"},"author":{"name":"Telinha","@id":"https:\/\/portaltela.pt\/#\/schema\/person\/c4278d4a6028830caff9ee44b42d32ed"},"headline":"Bombeiros de Sever do Vouga apontam falhas e criticam nova dire\u00e7\u00e3o da Associa\u00e7\u00e3o","datePublished":"2026-01-26T17:57:57+00:00","mainEntityOfPage":{"@id":"https:\/\/portaltela.pt\/noticias\/2026\/01\/26\/bombeiros-de-sever-do-vouga-apontam-falhas-e-criticam-nova-direcao-da-associacao\/"},"wordCount":295,"image":{"@id":"https:\/\/portaltela.pt\/noticias\/2026\/01\/26\/bombeiros-de-sever-do-vouga-apontam-falhas-e-criticam-nova-direcao-da-associacao\/#primaryimage"},"thumbnailUrl":"https:\/\/portaltela.pt\/s.01k8rhncp4jt1\/2026\/01\/img_1500x1000uu2020-05-27-23-55-37-945284.jpg","keywords":["administra\u00e7\u00e3o p\u00fablica","Aveiro","bombeiros","gest\u00e3o","operacionais"],"articleSection":["Not\u00edcias"],"inLanguage":"pt-PT"},{"@type":"WebPage","@id":"https:\/\/portaltela.pt\/noticias\/2026\/01\/26\/bombeiros-de-sever-do-vouga-apontam-falhas-e-criticam-nova-direcao-da-associacao\/","url":"https:\/\/portaltela.pt\/noticias\/2026\/01\/26\/bombeiros-de-sever-do-vouga-apontam-falhas-e-criticam-nova-direcao-da-associacao\/","name":"Bombeiros de Sever do Vouga apontam falhas e criticam nova dire\u00e7\u00e3o da Associa\u00e7\u00e3o - Portal Tela Portugal","isPartOf":{"@id":"https:\/\/portaltela.pt\/#website"},"primaryImageOfPage":{"@id":"https:\/\/portaltela.pt\/noticias\/2026\/01\/26\/bombeiros-de-sever-do-vouga-apontam-falhas-e-criticam-nova-direcao-da-associacao\/#primaryimage"},"image":{"@id":"https:\/\/portaltela.pt\/noticias\/2026\/01\/26\/bombeiros-de-sever-do-vouga-apontam-falhas-e-criticam-nova-direcao-da-associacao\/#primaryimage"},"thumbnailUrl":"https:\/\/portaltela.pt\/s.01k8rhncp4jt1\/2026\/01\/img_1500x1000uu2020-05-27-23-55-37-945284.jpg","datePublished":"2026-01-26T17:57:57+00:00","author":{"@id":"https:\/\/portaltela.pt\/#\/schema\/person\/c4278d4a6028830caff9ee44b42d32ed"},"breadcrumb":{"@id":"https:\/\/portaltela.pt\/noticias\/2026\/01\/26\/bombeiros-de-sever-do-vouga-apontam-falhas-e-criticam-nova-direcao-da-associacao\/#breadcrumb"},"inLanguage":"pt-PT","potentialAction":[{"@type":"ReadAction","target":["https:\/\/portaltela.pt\/noticias\/2026\/01\/26\/bombeiros-de-sever-do-vouga-apontam-falhas-e-criticam-nova-direcao-da-associacao\/"]}]},{"@type":"ImageObject","inLanguage":"pt-PT","@id":"https:\/\/portaltela.pt\/noticias\/2026\/01\/26\/bombeiros-de-sever-do-vouga-apontam-falhas-e-criticam-nova-direcao-da-associacao\/#primaryimage","url":"https:\/\/portaltela.pt\/s.01k8rhncp4jt1\/2026\/01\/img_1500x1000uu2020-05-27-23-55-37-945284.jpg","contentUrl":"https:\/\/portaltela.pt\/s.01k8rhncp4jt1\/2026\/01\/img_1500x1000uu2020-05-27-23-55-37-945284.jpg","width":796,"height":448,"caption":"Carta foi assinada por 71 membros da corpora\u00e7\u00e3o"},{"@type":"BreadcrumbList","@id":"https:\/\/portaltela.pt\/noticias\/2026\/01\/26\/bombeiros-de-sever-do-vouga-apontam-falhas-e-criticam-nova-direcao-da-associacao\/#breadcrumb","itemListElement":[{"@type":"ListItem","position":1,"name":"In\u00edcio","item":"https:\/\/portaltela.pt\/"},{"@type":"ListItem","position":2,"name":"Bombeiros de Sever do Vouga apontam falhas e criticam nova dire\u00e7\u00e3o da Associa\u00e7\u00e3o"}]},{"@type":"WebSite","@id":"https:\/\/portaltela.pt\/#website","url":"https:\/\/portaltela.pt\/","name":"Portal Tela Portugal","description":"","potentialAction":[{"@type":"SearchAction","target":{"@type":"EntryPoint","urlTemplate":"https:\/\/portaltela.pt\/?s={search_term_string}"},"query-input":{"@type":"PropertyValueSpecification","valueRequired":true,"valueName":"search_term_string"}}],"inLanguage":"pt-PT"},{"@type":"Person","@id":"https:\/\/portaltela.pt\/#\/schema\/person\/c4278d4a6028830caff9ee44b42d32ed","name":"Telinha","image":{"@type":"ImageObject","inLanguage":"pt-PT","@id":"https:\/\/portaltela.pt\/s.01k8rhncp4jt1\/2025\/11\/talking-bot-125x125.png","url":"https:\/\/portaltela.pt\/s.01k8rhncp4jt1\/2025\/11\/talking-bot-125x125.png","contentUrl":"https:\/\/portaltela.pt\/s.01k8rhncp4jt1\/2025\/11\/talking-bot-125x125.png","caption":"Telinha"},"sameAs":["https:\/\/portaltela.pt\/"],"url":"https:\/\/portaltela.pt\/por\/367410592786\/"}]}},"_links":{"self":[{"href":"https:\/\/portaltela.pt\/api\/wp\/v2\/posts\/174986","targetHints":{"allow":["GET"]}}],"collection":[{"href":"https:\/\/portaltela.pt\/api\/wp\/v2\/posts"}],"about":[{"href":"https:\/\/portaltela.pt\/api\/wp\/v2\/types\/post"}],"author":[{"embeddable":true,"href":"https:\/\/portaltela.pt\/api\/wp\/v2\/users\/2"}],"replies":[{"embeddable":true,"href":"https:\/\/portaltela.pt\/api\/wp\/v2\/comments?post=174986"}],"version-history":[{"count":0,"href":"https:\/\/portaltela.pt\/api\/wp\/v2\/posts\/174986\/revisions"}],"wp:featuredmedia":[{"embeddable":true,"href":"https:\/\/portaltela.pt\/api\/wp\/v2\/media\/175000"}],"wp:attachment":[{"href":"https:\/\/portaltela.pt\/api\/wp\/v2\/media?parent=174986"}],"wp:term":[{"taxonomy":"category","embeddable":true,"href":"https:\/\/portaltela.pt\/api\/wp\/v2\/categories?post=174986"},{"taxonomy":"post_tag","embeddable":true,"href":"https:\/\/portaltela.pt\/api\/wp\/v2\/tags?post=174986"}],"curies":[{"name":"wp","href":"https:\/\/api.w.org\/{rel}","templated":true}]}}