{"id":174926,"date":"2026-01-26T14:05:39","date_gmt":"2026-01-26T17:05:39","guid":{"rendered":"https:\/\/portaltela.pt\/noticias\/2026\/01\/26\/novo-cd-do-rancho-da-fajarda-perpetua-cultura-e-memoria-da-regiao\/"},"modified":"2026-01-26T14:05:39","modified_gmt":"2026-01-26T17:05:39","slug":"novo-cd-do-rancho-da-fajarda-perpetua-cultura-e-memoria-da-regiao","status":"publish","type":"post","link":"https:\/\/portaltela.pt\/noticias\/2026\/01\/26\/novo-cd-do-rancho-da-fajarda-perpetua-cultura-e-memoria-da-regiao\/","title":{"rendered":"Novo CD do Rancho da Fajarda perp\u00e9tua cultura e mem\u00f3ria da regi\u00e3o"},"content":{"rendered":"<p>O Rancho Folcl\u00f3rico da Fajarda lan\u00e7ou um novo CD, apresentado este s\u00e1bado no Audit\u00f3rio da Fajarda. O lan\u00e7amento marca o in\u00edcio do ano para o grupo e integra a colet\u00e2nea nacional Folclore Portugu\u00eas, editada pela A\u00c7OR. O projeto junta grupos de v\u00e1rias regi\u00f5es para salvaguardar tradi\u00e7\u00f5es populares.<\/p>\n<h3>Participa\u00e7\u00e3o e significado<\/h3>\n<p>O rancho representou o concelho de Coruche na colet\u00e2nea nacional, que valoriza a identidade local sem repeti\u00e7\u00e3o deconcelhos. A dire\u00e7\u00e3o do grupo viu no convite uma oportunidade \u00fanica, reconhecendo o peso hist\u00f3rico de entrar numa sele\u00e7\u00e3o de refer\u00eancia no folclore.<\/p>\n<h3>Registo e grava\u00e7\u00e3o<\/h3>\n<p>As grava\u00e7\u00f5es decorreram na Fajarda, num est\u00fadio montado provisoriamente no pr\u00f3prio audit\u00f3rio ao longo de dois dias. Para muitos, foi a estreia num est\u00fadio, destacando a import\u00e2ncia das cantigas, da percuss\u00e3o e da din\u00e2mica da dan\u00e7a no conjunto.<\/p>\n<h3>Conte\u00fados e objetivos<\/h3>\n<p>O CD inclui tamb\u00e9m cantigas recolhidas recentemente pelo grupo, registando composi\u00e7\u00f5es a capela que enriquecem o repert\u00f3rio. O objetivo central \u00e9 preservar a tradi\u00e7\u00e3o, incluindo a oralidade e as formas de express\u00e3o da aldeia, sem criar novo imagin\u00e1rio.<\/p>\n<h3>Contexto e impacto local<\/h3>\n<p>Telmo Ferreira, presidente do Rancho, sublinhou que o projeto envolve um grupo representativo de cada concelho, sem repeti\u00e7\u00f5es. A edi\u00e7\u00e3o fica marcada na hist\u00f3ria do rancho e refor\u00e7a o papel do folclore como patrim\u00f3nio vivo da comunidade.<\/p>\n<h3>Desafios e futuro<\/h3>\n<p>O dirigente lembrou as dificuldades associadas ao movimento associativo, como custos de trajes e desloca\u00e7\u00f5es. A venda de CDs surge como apoio essencial, embora o prop\u00f3sito principal seja levar a cultura da Fajarda \u00e0s pessoas, em casa.<\/p>\n<p>Os CDs j\u00e1 podem ser adquiridos junto dos elementos do Rancho Folcl\u00f3rico da Fajarda, permitindo aos interessados manterem viva a mem\u00f3ria e a identidade da vila.<\/p>\n","protected":false},"excerpt":{"rendered":"<ul>\n<li>O Rancho Folcl\u00f3rico da Fajarda lan\u00e7ou um novo CD, integrado na colet\u00e2nea nacional \u201cFolclore Portugu\u00eas\u201d editada pela Associa\u00e7\u00e3o de Concelhos de Tradi\u00e7\u00f5es (A\u00c7OR).<\/li>\n<li>As grava\u00e7\u00f5es decorreram na Fajarda, com um est\u00fadio tempor\u00e1rio montado no audit\u00f3rio, em dois dias de trabalho.<\/li>\n<li>O disco inclui tr\u00eas cantigas recolhidas recentemente pelo grupo, cantadas \u00e0 capela e reunidas na edi\u00e7\u00e3o.<\/li>\n<li>Telmo Ferreira, presidente do rancho, destacou o convite nacional e o objetivo de salvaguardar a tradi\u00e7\u00e3o, a oralidade e o cancioneiro locais.<\/li>\n<li>O lan\u00e7amento visa tamb\u00e9m apoiar financeiramente o grupo, cuja venda dos CDs permite manter o funcionamento e levar a cultura da Fajarda para casa.<\/li>\n<\/ul>\n","protected":false},"author":2,"featured_media":174935,"comment_status":"closed","ping_status":"closed","sticky":false,"template":"","format":"standard","meta":{"footnotes":""},"categories":[1],"tags":[373,4127,145,4179,122,1175],"class_list":["post-174926","post","type-post","status-publish","format-standard","has-post-thumbnail","hentry","category-noticias","tag-concelhos","tag-coruche","tag-cultura","tag-movimento-associativo","tag-musica","tag-patrimonio-cultural"],"yoast_head":"<!-- This site is optimized with the Yoast SEO plugin v27.2 - https:\/\/yoast.com\/product\/yoast-seo-wordpress\/ -->\n<title>Novo CD do Rancho da Fajarda perp\u00e9tua cultura e mem\u00f3ria da regi\u00e3o - Portal Tela Portugal<\/title>\n<meta name=\"robots\" content=\"index, follow, max-snippet:-1, max-image-preview:large, max-video-preview:-1\" \/>\n<meta property=\"og:locale\" content=\"pt_PT\" \/>\n<meta property=\"og:type\" content=\"article\" \/>\n<meta property=\"og:title\" content=\"Novo CD do Rancho da Fajarda perp\u00e9tua cultura e mem\u00f3ria da regi\u00e3o - Portal Tela Portugal\" \/>\n<meta property=\"og:description\" content=\"O Rancho Folcl\u00f3rico da Fajarda lan\u00e7ou um novo CD, integrado na colet\u00e2nea nacional \u201cFolclore Portugu\u00eas\u201d editada pela Associa\u00e7\u00e3o de Concelhos de Tradi\u00e7\u00f5es (A\u00c7OR). As grava\u00e7\u00f5es decorreram na Fajarda, com um est\u00fadio tempor\u00e1rio montado no audit\u00f3rio, em dois dias de trabalho. O disco inclui tr\u00eas cantigas recolhidas recentemente pelo grupo, cantadas \u00e0 capela e reunidas na edi\u00e7\u00e3o. Telmo Ferreira, presidente do rancho, destacou o convite nacional e o objetivo de salvaguardar a tradi\u00e7\u00e3o, a oralidade e o cancioneiro locais. O lan\u00e7amento visa tamb\u00e9m apoiar financeiramente o grupo, cuja venda dos CDs permite manter o funcionamento e levar a cultura da Fajarda para casa.\" \/>\n<meta property=\"og:url\" content=\"https:\/\/portaltela.pt\/noticias\/2026\/01\/26\/novo-cd-do-rancho-da-fajarda-perpetua-cultura-e-memoria-da-regiao\/\" \/>\n<meta property=\"og:site_name\" content=\"Portal Tela Portugal\" \/>\n<meta property=\"article:published_time\" content=\"2026-01-26T17:05:39+00:00\" \/>\n<meta name=\"author\" content=\"Telinha\" \/>\n<meta name=\"twitter:card\" content=\"summary_large_image\" \/>\n<meta name=\"twitter:label1\" content=\"Escrito por\" \/>\n\t<meta name=\"twitter:data1\" content=\"Telinha\" \/>\n\t<meta name=\"twitter:label2\" content=\"Tempo estimado de leitura\" \/>\n\t<meta name=\"twitter:data2\" content=\"2 minutos\" \/>\n<script type=\"application\/ld+json\" class=\"yoast-schema-graph\">{\"@context\":\"https:\/\/schema.org\",\"@graph\":[{\"@type\":\"Article\",\"@id\":\"https:\/\/portaltela.pt\/noticias\/2026\/01\/26\/novo-cd-do-rancho-da-fajarda-perpetua-cultura-e-memoria-da-regiao\/#article\",\"isPartOf\":{\"@id\":\"https:\/\/portaltela.pt\/noticias\/2026\/01\/26\/novo-cd-do-rancho-da-fajarda-perpetua-cultura-e-memoria-da-regiao\/\"},\"author\":{\"name\":\"Telinha\",\"@id\":\"https:\/\/portaltela.pt\/#\/schema\/person\/c4278d4a6028830caff9ee44b42d32ed\"},\"headline\":\"Novo CD do Rancho da Fajarda perp\u00e9tua cultura e mem\u00f3ria da regi\u00e3o\",\"datePublished\":\"2026-01-26T17:05:39+00:00\",\"mainEntityOfPage\":{\"@id\":\"https:\/\/portaltela.pt\/noticias\/2026\/01\/26\/novo-cd-do-rancho-da-fajarda-perpetua-cultura-e-memoria-da-regiao\/\"},\"wordCount\":338,\"image\":{\"@id\":\"https:\/\/portaltela.pt\/noticias\/2026\/01\/26\/novo-cd-do-rancho-da-fajarda-perpetua-cultura-e-memoria-da-regiao\/#primaryimage\"},\"thumbnailUrl\":\"https:\/\/portaltela.pt\/s.01k8rhncp4jt1\/2026\/01\/CD_Rancho_Folclorico_Fajarda_20012026-18.jpg\",\"keywords\":[\"concelhos\",\"Coruche\",\"cultura\",\"movimento associativo\",\"m\u00fasica\",\"Patrim\u00f3nio Cultural\"],\"articleSection\":[\"Not\u00edcias\"],\"inLanguage\":\"pt-PT\"},{\"@type\":\"WebPage\",\"@id\":\"https:\/\/portaltela.pt\/noticias\/2026\/01\/26\/novo-cd-do-rancho-da-fajarda-perpetua-cultura-e-memoria-da-regiao\/\",\"url\":\"https:\/\/portaltela.pt\/noticias\/2026\/01\/26\/novo-cd-do-rancho-da-fajarda-perpetua-cultura-e-memoria-da-regiao\/\",\"name\":\"Novo CD do Rancho da Fajarda perp\u00e9tua cultura e mem\u00f3ria da regi\u00e3o - Portal Tela Portugal\",\"isPartOf\":{\"@id\":\"https:\/\/portaltela.pt\/#website\"},\"primaryImageOfPage\":{\"@id\":\"https:\/\/portaltela.pt\/noticias\/2026\/01\/26\/novo-cd-do-rancho-da-fajarda-perpetua-cultura-e-memoria-da-regiao\/#primaryimage\"},\"image\":{\"@id\":\"https:\/\/portaltela.pt\/noticias\/2026\/01\/26\/novo-cd-do-rancho-da-fajarda-perpetua-cultura-e-memoria-da-regiao\/#primaryimage\"},\"thumbnailUrl\":\"https:\/\/portaltela.pt\/s.01k8rhncp4jt1\/2026\/01\/CD_Rancho_Folclorico_Fajarda_20012026-18.jpg\",\"datePublished\":\"2026-01-26T17:05:39+00:00\",\"author\":{\"@id\":\"https:\/\/portaltela.pt\/#\/schema\/person\/c4278d4a6028830caff9ee44b42d32ed\"},\"breadcrumb\":{\"@id\":\"https:\/\/portaltela.pt\/noticias\/2026\/01\/26\/novo-cd-do-rancho-da-fajarda-perpetua-cultura-e-memoria-da-regiao\/#breadcrumb\"},\"inLanguage\":\"pt-PT\",\"potentialAction\":[{\"@type\":\"ReadAction\",\"target\":[\"https:\/\/portaltela.pt\/noticias\/2026\/01\/26\/novo-cd-do-rancho-da-fajarda-perpetua-cultura-e-memoria-da-regiao\/\"]}]},{\"@type\":\"ImageObject\",\"inLanguage\":\"pt-PT\",\"@id\":\"https:\/\/portaltela.pt\/noticias\/2026\/01\/26\/novo-cd-do-rancho-da-fajarda-perpetua-cultura-e-memoria-da-regiao\/#primaryimage\",\"url\":\"https:\/\/portaltela.pt\/s.01k8rhncp4jt1\/2026\/01\/CD_Rancho_Folclorico_Fajarda_20012026-18.jpg\",\"contentUrl\":\"https:\/\/portaltela.pt\/s.01k8rhncp4jt1\/2026\/01\/CD_Rancho_Folclorico_Fajarda_20012026-18.jpg\",\"width\":796,\"height\":448,\"caption\":\"Novo CD do Rancho da Fajarda eterniza a cultura e a mem\u00f3ria da terra\"},{\"@type\":\"BreadcrumbList\",\"@id\":\"https:\/\/portaltela.pt\/noticias\/2026\/01\/26\/novo-cd-do-rancho-da-fajarda-perpetua-cultura-e-memoria-da-regiao\/#breadcrumb\",\"itemListElement\":[{\"@type\":\"ListItem\",\"position\":1,\"name\":\"In\u00edcio\",\"item\":\"https:\/\/portaltela.pt\/\"},{\"@type\":\"ListItem\",\"position\":2,\"name\":\"Novo CD do Rancho da Fajarda perp\u00e9tua cultura e mem\u00f3ria da regi\u00e3o\"}]},{\"@type\":\"WebSite\",\"@id\":\"https:\/\/portaltela.pt\/#website\",\"url\":\"https:\/\/portaltela.pt\/\",\"name\":\"Portal Tela Portugal\",\"description\":\"\",\"potentialAction\":[{\"@type\":\"SearchAction\",\"target\":{\"@type\":\"EntryPoint\",\"urlTemplate\":\"https:\/\/portaltela.pt\/?s={search_term_string}\"},\"query-input\":{\"@type\":\"PropertyValueSpecification\",\"valueRequired\":true,\"valueName\":\"search_term_string\"}}],\"inLanguage\":\"pt-PT\"},{\"@type\":\"Person\",\"@id\":\"https:\/\/portaltela.pt\/#\/schema\/person\/c4278d4a6028830caff9ee44b42d32ed\",\"name\":\"Telinha\",\"image\":{\"@type\":\"ImageObject\",\"inLanguage\":\"pt-PT\",\"@id\":\"https:\/\/portaltela.pt\/s.01k8rhncp4jt1\/2025\/11\/talking-bot-125x125.png\",\"url\":\"https:\/\/portaltela.pt\/s.01k8rhncp4jt1\/2025\/11\/talking-bot-125x125.png\",\"contentUrl\":\"https:\/\/portaltela.pt\/s.01k8rhncp4jt1\/2025\/11\/talking-bot-125x125.png\",\"caption\":\"Telinha\"},\"sameAs\":[\"https:\/\/portaltela.pt\/\"],\"url\":\"https:\/\/portaltela.pt\/por\/367410592786\/\"}]}<\/script>\n<!-- \/ Yoast SEO plugin. -->","yoast_head_json":{"title":"Novo CD do Rancho da Fajarda perp\u00e9tua cultura e mem\u00f3ria da regi\u00e3o - Portal Tela Portugal","robots":{"index":"index","follow":"follow","max-snippet":"max-snippet:-1","max-image-preview":"max-image-preview:large","max-video-preview":"max-video-preview:-1"},"og_locale":"pt_PT","og_type":"article","og_title":"Novo CD do Rancho da Fajarda perp\u00e9tua cultura e mem\u00f3ria da regi\u00e3o - Portal Tela Portugal","og_description":"O Rancho Folcl\u00f3rico da Fajarda lan\u00e7ou um novo CD, integrado na colet\u00e2nea nacional \u201cFolclore Portugu\u00eas\u201d editada pela Associa\u00e7\u00e3o de Concelhos de Tradi\u00e7\u00f5es (A\u00c7OR). As grava\u00e7\u00f5es decorreram na Fajarda, com um est\u00fadio tempor\u00e1rio montado no audit\u00f3rio, em dois dias de trabalho. O disco inclui tr\u00eas cantigas recolhidas recentemente pelo grupo, cantadas \u00e0 capela e reunidas na edi\u00e7\u00e3o. Telmo Ferreira, presidente do rancho, destacou o convite nacional e o objetivo de salvaguardar a tradi\u00e7\u00e3o, a oralidade e o cancioneiro locais. O lan\u00e7amento visa tamb\u00e9m apoiar financeiramente o grupo, cuja venda dos CDs permite manter o funcionamento e levar a cultura da Fajarda para casa.","og_url":"https:\/\/portaltela.pt\/noticias\/2026\/01\/26\/novo-cd-do-rancho-da-fajarda-perpetua-cultura-e-memoria-da-regiao\/","og_site_name":"Portal Tela Portugal","article_published_time":"2026-01-26T17:05:39+00:00","author":"Telinha","twitter_card":"summary_large_image","twitter_misc":{"Escrito por":"Telinha","Tempo estimado de leitura":"2 minutos"},"schema":{"@context":"https:\/\/schema.org","@graph":[{"@type":"Article","@id":"https:\/\/portaltela.pt\/noticias\/2026\/01\/26\/novo-cd-do-rancho-da-fajarda-perpetua-cultura-e-memoria-da-regiao\/#article","isPartOf":{"@id":"https:\/\/portaltela.pt\/noticias\/2026\/01\/26\/novo-cd-do-rancho-da-fajarda-perpetua-cultura-e-memoria-da-regiao\/"},"author":{"name":"Telinha","@id":"https:\/\/portaltela.pt\/#\/schema\/person\/c4278d4a6028830caff9ee44b42d32ed"},"headline":"Novo CD do Rancho da Fajarda perp\u00e9tua cultura e mem\u00f3ria da regi\u00e3o","datePublished":"2026-01-26T17:05:39+00:00","mainEntityOfPage":{"@id":"https:\/\/portaltela.pt\/noticias\/2026\/01\/26\/novo-cd-do-rancho-da-fajarda-perpetua-cultura-e-memoria-da-regiao\/"},"wordCount":338,"image":{"@id":"https:\/\/portaltela.pt\/noticias\/2026\/01\/26\/novo-cd-do-rancho-da-fajarda-perpetua-cultura-e-memoria-da-regiao\/#primaryimage"},"thumbnailUrl":"https:\/\/portaltela.pt\/s.01k8rhncp4jt1\/2026\/01\/CD_Rancho_Folclorico_Fajarda_20012026-18.jpg","keywords":["concelhos","Coruche","cultura","movimento associativo","m\u00fasica","Patrim\u00f3nio Cultural"],"articleSection":["Not\u00edcias"],"inLanguage":"pt-PT"},{"@type":"WebPage","@id":"https:\/\/portaltela.pt\/noticias\/2026\/01\/26\/novo-cd-do-rancho-da-fajarda-perpetua-cultura-e-memoria-da-regiao\/","url":"https:\/\/portaltela.pt\/noticias\/2026\/01\/26\/novo-cd-do-rancho-da-fajarda-perpetua-cultura-e-memoria-da-regiao\/","name":"Novo CD do Rancho da Fajarda perp\u00e9tua cultura e mem\u00f3ria da regi\u00e3o - Portal Tela Portugal","isPartOf":{"@id":"https:\/\/portaltela.pt\/#website"},"primaryImageOfPage":{"@id":"https:\/\/portaltela.pt\/noticias\/2026\/01\/26\/novo-cd-do-rancho-da-fajarda-perpetua-cultura-e-memoria-da-regiao\/#primaryimage"},"image":{"@id":"https:\/\/portaltela.pt\/noticias\/2026\/01\/26\/novo-cd-do-rancho-da-fajarda-perpetua-cultura-e-memoria-da-regiao\/#primaryimage"},"thumbnailUrl":"https:\/\/portaltela.pt\/s.01k8rhncp4jt1\/2026\/01\/CD_Rancho_Folclorico_Fajarda_20012026-18.jpg","datePublished":"2026-01-26T17:05:39+00:00","author":{"@id":"https:\/\/portaltela.pt\/#\/schema\/person\/c4278d4a6028830caff9ee44b42d32ed"},"breadcrumb":{"@id":"https:\/\/portaltela.pt\/noticias\/2026\/01\/26\/novo-cd-do-rancho-da-fajarda-perpetua-cultura-e-memoria-da-regiao\/#breadcrumb"},"inLanguage":"pt-PT","potentialAction":[{"@type":"ReadAction","target":["https:\/\/portaltela.pt\/noticias\/2026\/01\/26\/novo-cd-do-rancho-da-fajarda-perpetua-cultura-e-memoria-da-regiao\/"]}]},{"@type":"ImageObject","inLanguage":"pt-PT","@id":"https:\/\/portaltela.pt\/noticias\/2026\/01\/26\/novo-cd-do-rancho-da-fajarda-perpetua-cultura-e-memoria-da-regiao\/#primaryimage","url":"https:\/\/portaltela.pt\/s.01k8rhncp4jt1\/2026\/01\/CD_Rancho_Folclorico_Fajarda_20012026-18.jpg","contentUrl":"https:\/\/portaltela.pt\/s.01k8rhncp4jt1\/2026\/01\/CD_Rancho_Folclorico_Fajarda_20012026-18.jpg","width":796,"height":448,"caption":"Novo CD do Rancho da Fajarda eterniza a cultura e a mem\u00f3ria da terra"},{"@type":"BreadcrumbList","@id":"https:\/\/portaltela.pt\/noticias\/2026\/01\/26\/novo-cd-do-rancho-da-fajarda-perpetua-cultura-e-memoria-da-regiao\/#breadcrumb","itemListElement":[{"@type":"ListItem","position":1,"name":"In\u00edcio","item":"https:\/\/portaltela.pt\/"},{"@type":"ListItem","position":2,"name":"Novo CD do Rancho da Fajarda perp\u00e9tua cultura e mem\u00f3ria da regi\u00e3o"}]},{"@type":"WebSite","@id":"https:\/\/portaltela.pt\/#website","url":"https:\/\/portaltela.pt\/","name":"Portal Tela Portugal","description":"","potentialAction":[{"@type":"SearchAction","target":{"@type":"EntryPoint","urlTemplate":"https:\/\/portaltela.pt\/?s={search_term_string}"},"query-input":{"@type":"PropertyValueSpecification","valueRequired":true,"valueName":"search_term_string"}}],"inLanguage":"pt-PT"},{"@type":"Person","@id":"https:\/\/portaltela.pt\/#\/schema\/person\/c4278d4a6028830caff9ee44b42d32ed","name":"Telinha","image":{"@type":"ImageObject","inLanguage":"pt-PT","@id":"https:\/\/portaltela.pt\/s.01k8rhncp4jt1\/2025\/11\/talking-bot-125x125.png","url":"https:\/\/portaltela.pt\/s.01k8rhncp4jt1\/2025\/11\/talking-bot-125x125.png","contentUrl":"https:\/\/portaltela.pt\/s.01k8rhncp4jt1\/2025\/11\/talking-bot-125x125.png","caption":"Telinha"},"sameAs":["https:\/\/portaltela.pt\/"],"url":"https:\/\/portaltela.pt\/por\/367410592786\/"}]}},"_links":{"self":[{"href":"https:\/\/portaltela.pt\/api\/wp\/v2\/posts\/174926","targetHints":{"allow":["GET"]}}],"collection":[{"href":"https:\/\/portaltela.pt\/api\/wp\/v2\/posts"}],"about":[{"href":"https:\/\/portaltela.pt\/api\/wp\/v2\/types\/post"}],"author":[{"embeddable":true,"href":"https:\/\/portaltela.pt\/api\/wp\/v2\/users\/2"}],"replies":[{"embeddable":true,"href":"https:\/\/portaltela.pt\/api\/wp\/v2\/comments?post=174926"}],"version-history":[{"count":0,"href":"https:\/\/portaltela.pt\/api\/wp\/v2\/posts\/174926\/revisions"}],"wp:featuredmedia":[{"embeddable":true,"href":"https:\/\/portaltela.pt\/api\/wp\/v2\/media\/174935"}],"wp:attachment":[{"href":"https:\/\/portaltela.pt\/api\/wp\/v2\/media?parent=174926"}],"wp:term":[{"taxonomy":"category","embeddable":true,"href":"https:\/\/portaltela.pt\/api\/wp\/v2\/categories?post=174926"},{"taxonomy":"post_tag","embeddable":true,"href":"https:\/\/portaltela.pt\/api\/wp\/v2\/tags?post=174926"}],"curies":[{"name":"wp","href":"https:\/\/api.w.org\/{rel}","templated":true}]}}