{"id":174876,"date":"2026-01-26T14:04:10","date_gmt":"2026-01-26T17:04:10","guid":{"rendered":"https:\/\/portaltela.pt\/noticias\/2026\/01\/26\/ladrao-detido-por-nove-assaltos-a-casas-e-carros-no-estoril-e-cascais\/"},"modified":"2026-01-26T14:04:10","modified_gmt":"2026-01-26T17:04:10","slug":"ladrao-detido-por-nove-assaltos-a-casas-e-carros-no-estoril-e-cascais","status":"publish","type":"post","link":"https:\/\/portaltela.pt\/noticias\/2026\/01\/26\/ladrao-detido-por-nove-assaltos-a-casas-e-carros-no-estoril-e-cascais\/","title":{"rendered":"Ladr\u00e3o detido por nove assaltos a casas e carros no Estoril e Cascais"},"content":{"rendered":"<p>A PSP de Cascais deteve um homem de 36 anos suspeito de pelo menos nove assaltos a casas, estabelecimentos comerciais e carros nas \u00faltimas semanas, no Estoril e Cascais. Sem resid\u00eancia fixa, o suspeito recorria ao escalamento ou arrombamento.<\/p>\n<p>Conforme a PSP, foram apreendidos v\u00e1rios objetos avaliados em centenas de euros, furtados no concelho, designadamente na uni\u00e3o de Cascais e Estoril.<\/p>\n<p>Para al\u00e9m dos nove assaltos, o homem \u00e9 ainda indiciado por abuso de cart\u00e3o banc\u00e1rio utilizado ap\u00f3s os crimes. Em um epis\u00f3dio, entrou numa habita\u00e7\u00e3o pela escalada do muro, arrombou um acesso e furtou artigos, incluindo dois ve\u00edculos que estavam no interior.<\/p>\n<p>A PSP acredita ter posto fim a um acr\u00e9scimo anormal de furtos na \u00e1rea da Divis\u00e3o Policial de Cascais.<\/p>\n<p>Presentes em tribunal, o suspeito ficou em pris\u00e3o preventiva.<\/p>\n","protected":false},"excerpt":{"rendered":"<ul>\n<li>A PSP de Cascais deteve um homem de 36 anos suspeito de nove assaltos a casas, estabelecimentos e carros nas \u00faltimas semanas, no Estoril e Cascais.<\/li>\n<li>O arguido, sem resid\u00eancia fixa, recorria a escalamento ou arrombamento para subtrair objetos avaliados em v\u00e1rias centenas de euros, na uni\u00e3o das freguesias de Cascais e Estoril.<\/li>\n<li>Para al\u00e9m dos nove assaltos, est\u00e1 indiciado por abuso de cart\u00e3o banc\u00e1rio utilizado ap\u00f3s os crimes.<\/li>\n<li>Numa ocorr\u00eancia, entrou na habita\u00e7\u00e3o pelo muro, arrombou um ponto de acesso e furtou artigos, incluindo dois ve\u00edculos motorizados que se encontravam no interior.<\/li>\n<li>A PSP acredita ter p\u00f4s fim a um acr\u00e9scimo anormal de furtos na \u00e1rea da Divis\u00e3o Policial de Cascais; o suspeito ficou em pris\u00e3o preventiva.<\/li>\n<\/ul>\n","protected":false},"author":2,"featured_media":174877,"comment_status":"closed","ping_status":"closed","sticky":false,"template":"","format":"standard","meta":{"footnotes":""},"categories":[1],"tags":[2623,1111,147,3686,1381,203],"class_list":["post-174876","post","type-post","status-publish","format-standard","has-post-thumbnail","hentry","category-noticias","tag-abuso-de-cartao","tag-cascais","tag-crime","tag-furtos","tag-psp","tag-roubo"],"yoast_head":"<!-- This site is optimized with the Yoast SEO plugin v27.2 - https:\/\/yoast.com\/product\/yoast-seo-wordpress\/ -->\n<title>Ladr\u00e3o detido por nove assaltos a casas e carros no Estoril e Cascais - Portal Tela Portugal<\/title>\n<meta name=\"robots\" content=\"index, follow, max-snippet:-1, max-image-preview:large, max-video-preview:-1\" \/>\n<meta property=\"og:locale\" content=\"pt_PT\" \/>\n<meta property=\"og:type\" content=\"article\" \/>\n<meta property=\"og:title\" content=\"Ladr\u00e3o detido por nove assaltos a casas e carros no Estoril e Cascais - Portal Tela Portugal\" \/>\n<meta property=\"og:description\" content=\"A PSP de Cascais deteve um homem de 36 anos suspeito de nove assaltos a casas, estabelecimentos e carros nas \u00faltimas semanas, no Estoril e Cascais. O arguido, sem resid\u00eancia fixa, recorria a escalamento ou arrombamento para subtrair objetos avaliados em v\u00e1rias centenas de euros, na uni\u00e3o das freguesias de Cascais e Estoril. Para al\u00e9m dos nove assaltos, est\u00e1 indiciado por abuso de cart\u00e3o banc\u00e1rio utilizado ap\u00f3s os crimes. Numa ocorr\u00eancia, entrou na habita\u00e7\u00e3o pelo muro, arrombou um ponto de acesso e furtou artigos, incluindo dois ve\u00edculos motorizados que se encontravam no interior. A PSP acredita ter p\u00f4s fim a um acr\u00e9scimo anormal de furtos na \u00e1rea da Divis\u00e3o Policial de Cascais; o suspeito ficou em pris\u00e3o preventiva.\" \/>\n<meta property=\"og:url\" content=\"https:\/\/portaltela.pt\/noticias\/2026\/01\/26\/ladrao-detido-por-nove-assaltos-a-casas-e-carros-no-estoril-e-cascais\/\" \/>\n<meta property=\"og:site_name\" content=\"Portal Tela Portugal\" \/>\n<meta property=\"article:published_time\" content=\"2026-01-26T17:04:10+00:00\" \/>\n<meta name=\"author\" content=\"Telinha\" \/>\n<meta name=\"twitter:card\" content=\"summary_large_image\" \/>\n<meta name=\"twitter:label1\" content=\"Escrito por\" \/>\n\t<meta name=\"twitter:data1\" content=\"Telinha\" \/>\n\t<meta name=\"twitter:label2\" content=\"Tempo estimado de leitura\" \/>\n\t<meta name=\"twitter:data2\" content=\"1 minuto\" \/>\n<script type=\"application\/ld+json\" class=\"yoast-schema-graph\">{\"@context\":\"https:\/\/schema.org\",\"@graph\":[{\"@type\":\"Article\",\"@id\":\"https:\/\/portaltela.pt\/noticias\/2026\/01\/26\/ladrao-detido-por-nove-assaltos-a-casas-e-carros-no-estoril-e-cascais\/#article\",\"isPartOf\":{\"@id\":\"https:\/\/portaltela.pt\/noticias\/2026\/01\/26\/ladrao-detido-por-nove-assaltos-a-casas-e-carros-no-estoril-e-cascais\/\"},\"author\":{\"name\":\"Telinha\",\"@id\":\"https:\/\/portaltela.pt\/#\/schema\/person\/c4278d4a6028830caff9ee44b42d32ed\"},\"headline\":\"Ladr\u00e3o detido por nove assaltos a casas e carros no Estoril e Cascais\",\"datePublished\":\"2026-01-26T17:04:10+00:00\",\"mainEntityOfPage\":{\"@id\":\"https:\/\/portaltela.pt\/noticias\/2026\/01\/26\/ladrao-detido-por-nove-assaltos-a-casas-e-carros-no-estoril-e-cascais\/\"},\"wordCount\":156,\"image\":{\"@id\":\"https:\/\/portaltela.pt\/noticias\/2026\/01\/26\/ladrao-detido-por-nove-assaltos-a-casas-e-carros-no-estoril-e-cascais\/#primaryimage\"},\"thumbnailUrl\":\"https:\/\/portaltela.pt\/s.01k8rhncp4jt1\/2026\/01\/img_1500x1000uu2025-03-27-22-00-54-2200629.jpg\",\"keywords\":[\"abuso de cart\u00e3o\",\"Cascais\",\"crime\",\"furtos\",\"PSP\",\"roubo\"],\"articleSection\":[\"Not\u00edcias\"],\"inLanguage\":\"pt-PT\"},{\"@type\":\"WebPage\",\"@id\":\"https:\/\/portaltela.pt\/noticias\/2026\/01\/26\/ladrao-detido-por-nove-assaltos-a-casas-e-carros-no-estoril-e-cascais\/\",\"url\":\"https:\/\/portaltela.pt\/noticias\/2026\/01\/26\/ladrao-detido-por-nove-assaltos-a-casas-e-carros-no-estoril-e-cascais\/\",\"name\":\"Ladr\u00e3o detido por nove assaltos a casas e carros no Estoril e Cascais - Portal Tela Portugal\",\"isPartOf\":{\"@id\":\"https:\/\/portaltela.pt\/#website\"},\"primaryImageOfPage\":{\"@id\":\"https:\/\/portaltela.pt\/noticias\/2026\/01\/26\/ladrao-detido-por-nove-assaltos-a-casas-e-carros-no-estoril-e-cascais\/#primaryimage\"},\"image\":{\"@id\":\"https:\/\/portaltela.pt\/noticias\/2026\/01\/26\/ladrao-detido-por-nove-assaltos-a-casas-e-carros-no-estoril-e-cascais\/#primaryimage\"},\"thumbnailUrl\":\"https:\/\/portaltela.pt\/s.01k8rhncp4jt1\/2026\/01\/img_1500x1000uu2025-03-27-22-00-54-2200629.jpg\",\"datePublished\":\"2026-01-26T17:04:10+00:00\",\"author\":{\"@id\":\"https:\/\/portaltela.pt\/#\/schema\/person\/c4278d4a6028830caff9ee44b42d32ed\"},\"breadcrumb\":{\"@id\":\"https:\/\/portaltela.pt\/noticias\/2026\/01\/26\/ladrao-detido-por-nove-assaltos-a-casas-e-carros-no-estoril-e-cascais\/#breadcrumb\"},\"inLanguage\":\"pt-PT\",\"potentialAction\":[{\"@type\":\"ReadAction\",\"target\":[\"https:\/\/portaltela.pt\/noticias\/2026\/01\/26\/ladrao-detido-por-nove-assaltos-a-casas-e-carros-no-estoril-e-cascais\/\"]}]},{\"@type\":\"ImageObject\",\"inLanguage\":\"pt-PT\",\"@id\":\"https:\/\/portaltela.pt\/noticias\/2026\/01\/26\/ladrao-detido-por-nove-assaltos-a-casas-e-carros-no-estoril-e-cascais\/#primaryimage\",\"url\":\"https:\/\/portaltela.pt\/s.01k8rhncp4jt1\/2026\/01\/img_1500x1000uu2025-03-27-22-00-54-2200629.jpg\",\"contentUrl\":\"https:\/\/portaltela.pt\/s.01k8rhncp4jt1\/2026\/01\/img_1500x1000uu2025-03-27-22-00-54-2200629.jpg\",\"width\":796,\"height\":448,\"caption\":\"Assaltantes foram detidas pela PSP de Cascais e colocadas em pris\u00e3o preventiva\"},{\"@type\":\"BreadcrumbList\",\"@id\":\"https:\/\/portaltela.pt\/noticias\/2026\/01\/26\/ladrao-detido-por-nove-assaltos-a-casas-e-carros-no-estoril-e-cascais\/#breadcrumb\",\"itemListElement\":[{\"@type\":\"ListItem\",\"position\":1,\"name\":\"In\u00edcio\",\"item\":\"https:\/\/portaltela.pt\/\"},{\"@type\":\"ListItem\",\"position\":2,\"name\":\"Ladr\u00e3o detido por nove assaltos a casas e carros no Estoril e Cascais\"}]},{\"@type\":\"WebSite\",\"@id\":\"https:\/\/portaltela.pt\/#website\",\"url\":\"https:\/\/portaltela.pt\/\",\"name\":\"Portal Tela Portugal\",\"description\":\"\",\"potentialAction\":[{\"@type\":\"SearchAction\",\"target\":{\"@type\":\"EntryPoint\",\"urlTemplate\":\"https:\/\/portaltela.pt\/?s={search_term_string}\"},\"query-input\":{\"@type\":\"PropertyValueSpecification\",\"valueRequired\":true,\"valueName\":\"search_term_string\"}}],\"inLanguage\":\"pt-PT\"},{\"@type\":\"Person\",\"@id\":\"https:\/\/portaltela.pt\/#\/schema\/person\/c4278d4a6028830caff9ee44b42d32ed\",\"name\":\"Telinha\",\"image\":{\"@type\":\"ImageObject\",\"inLanguage\":\"pt-PT\",\"@id\":\"https:\/\/portaltela.pt\/s.01k8rhncp4jt1\/2025\/11\/talking-bot-125x125.png\",\"url\":\"https:\/\/portaltela.pt\/s.01k8rhncp4jt1\/2025\/11\/talking-bot-125x125.png\",\"contentUrl\":\"https:\/\/portaltela.pt\/s.01k8rhncp4jt1\/2025\/11\/talking-bot-125x125.png\",\"caption\":\"Telinha\"},\"sameAs\":[\"https:\/\/portaltela.pt\/\"],\"url\":\"https:\/\/portaltela.pt\/por\/367410592786\/\"}]}<\/script>\n<!-- \/ Yoast SEO plugin. -->","yoast_head_json":{"title":"Ladr\u00e3o detido por nove assaltos a casas e carros no Estoril e Cascais - Portal Tela Portugal","robots":{"index":"index","follow":"follow","max-snippet":"max-snippet:-1","max-image-preview":"max-image-preview:large","max-video-preview":"max-video-preview:-1"},"og_locale":"pt_PT","og_type":"article","og_title":"Ladr\u00e3o detido por nove assaltos a casas e carros no Estoril e Cascais - Portal Tela Portugal","og_description":"A PSP de Cascais deteve um homem de 36 anos suspeito de nove assaltos a casas, estabelecimentos e carros nas \u00faltimas semanas, no Estoril e Cascais. O arguido, sem resid\u00eancia fixa, recorria a escalamento ou arrombamento para subtrair objetos avaliados em v\u00e1rias centenas de euros, na uni\u00e3o das freguesias de Cascais e Estoril. Para al\u00e9m dos nove assaltos, est\u00e1 indiciado por abuso de cart\u00e3o banc\u00e1rio utilizado ap\u00f3s os crimes. Numa ocorr\u00eancia, entrou na habita\u00e7\u00e3o pelo muro, arrombou um ponto de acesso e furtou artigos, incluindo dois ve\u00edculos motorizados que se encontravam no interior. A PSP acredita ter p\u00f4s fim a um acr\u00e9scimo anormal de furtos na \u00e1rea da Divis\u00e3o Policial de Cascais; o suspeito ficou em pris\u00e3o preventiva.","og_url":"https:\/\/portaltela.pt\/noticias\/2026\/01\/26\/ladrao-detido-por-nove-assaltos-a-casas-e-carros-no-estoril-e-cascais\/","og_site_name":"Portal Tela Portugal","article_published_time":"2026-01-26T17:04:10+00:00","author":"Telinha","twitter_card":"summary_large_image","twitter_misc":{"Escrito por":"Telinha","Tempo estimado de leitura":"1 minuto"},"schema":{"@context":"https:\/\/schema.org","@graph":[{"@type":"Article","@id":"https:\/\/portaltela.pt\/noticias\/2026\/01\/26\/ladrao-detido-por-nove-assaltos-a-casas-e-carros-no-estoril-e-cascais\/#article","isPartOf":{"@id":"https:\/\/portaltela.pt\/noticias\/2026\/01\/26\/ladrao-detido-por-nove-assaltos-a-casas-e-carros-no-estoril-e-cascais\/"},"author":{"name":"Telinha","@id":"https:\/\/portaltela.pt\/#\/schema\/person\/c4278d4a6028830caff9ee44b42d32ed"},"headline":"Ladr\u00e3o detido por nove assaltos a casas e carros no Estoril e Cascais","datePublished":"2026-01-26T17:04:10+00:00","mainEntityOfPage":{"@id":"https:\/\/portaltela.pt\/noticias\/2026\/01\/26\/ladrao-detido-por-nove-assaltos-a-casas-e-carros-no-estoril-e-cascais\/"},"wordCount":156,"image":{"@id":"https:\/\/portaltela.pt\/noticias\/2026\/01\/26\/ladrao-detido-por-nove-assaltos-a-casas-e-carros-no-estoril-e-cascais\/#primaryimage"},"thumbnailUrl":"https:\/\/portaltela.pt\/s.01k8rhncp4jt1\/2026\/01\/img_1500x1000uu2025-03-27-22-00-54-2200629.jpg","keywords":["abuso de cart\u00e3o","Cascais","crime","furtos","PSP","roubo"],"articleSection":["Not\u00edcias"],"inLanguage":"pt-PT"},{"@type":"WebPage","@id":"https:\/\/portaltela.pt\/noticias\/2026\/01\/26\/ladrao-detido-por-nove-assaltos-a-casas-e-carros-no-estoril-e-cascais\/","url":"https:\/\/portaltela.pt\/noticias\/2026\/01\/26\/ladrao-detido-por-nove-assaltos-a-casas-e-carros-no-estoril-e-cascais\/","name":"Ladr\u00e3o detido por nove assaltos a casas e carros no Estoril e Cascais - Portal Tela Portugal","isPartOf":{"@id":"https:\/\/portaltela.pt\/#website"},"primaryImageOfPage":{"@id":"https:\/\/portaltela.pt\/noticias\/2026\/01\/26\/ladrao-detido-por-nove-assaltos-a-casas-e-carros-no-estoril-e-cascais\/#primaryimage"},"image":{"@id":"https:\/\/portaltela.pt\/noticias\/2026\/01\/26\/ladrao-detido-por-nove-assaltos-a-casas-e-carros-no-estoril-e-cascais\/#primaryimage"},"thumbnailUrl":"https:\/\/portaltela.pt\/s.01k8rhncp4jt1\/2026\/01\/img_1500x1000uu2025-03-27-22-00-54-2200629.jpg","datePublished":"2026-01-26T17:04:10+00:00","author":{"@id":"https:\/\/portaltela.pt\/#\/schema\/person\/c4278d4a6028830caff9ee44b42d32ed"},"breadcrumb":{"@id":"https:\/\/portaltela.pt\/noticias\/2026\/01\/26\/ladrao-detido-por-nove-assaltos-a-casas-e-carros-no-estoril-e-cascais\/#breadcrumb"},"inLanguage":"pt-PT","potentialAction":[{"@type":"ReadAction","target":["https:\/\/portaltela.pt\/noticias\/2026\/01\/26\/ladrao-detido-por-nove-assaltos-a-casas-e-carros-no-estoril-e-cascais\/"]}]},{"@type":"ImageObject","inLanguage":"pt-PT","@id":"https:\/\/portaltela.pt\/noticias\/2026\/01\/26\/ladrao-detido-por-nove-assaltos-a-casas-e-carros-no-estoril-e-cascais\/#primaryimage","url":"https:\/\/portaltela.pt\/s.01k8rhncp4jt1\/2026\/01\/img_1500x1000uu2025-03-27-22-00-54-2200629.jpg","contentUrl":"https:\/\/portaltela.pt\/s.01k8rhncp4jt1\/2026\/01\/img_1500x1000uu2025-03-27-22-00-54-2200629.jpg","width":796,"height":448,"caption":"Assaltantes foram detidas pela PSP de Cascais e colocadas em pris\u00e3o preventiva"},{"@type":"BreadcrumbList","@id":"https:\/\/portaltela.pt\/noticias\/2026\/01\/26\/ladrao-detido-por-nove-assaltos-a-casas-e-carros-no-estoril-e-cascais\/#breadcrumb","itemListElement":[{"@type":"ListItem","position":1,"name":"In\u00edcio","item":"https:\/\/portaltela.pt\/"},{"@type":"ListItem","position":2,"name":"Ladr\u00e3o detido por nove assaltos a casas e carros no Estoril e Cascais"}]},{"@type":"WebSite","@id":"https:\/\/portaltela.pt\/#website","url":"https:\/\/portaltela.pt\/","name":"Portal Tela Portugal","description":"","potentialAction":[{"@type":"SearchAction","target":{"@type":"EntryPoint","urlTemplate":"https:\/\/portaltela.pt\/?s={search_term_string}"},"query-input":{"@type":"PropertyValueSpecification","valueRequired":true,"valueName":"search_term_string"}}],"inLanguage":"pt-PT"},{"@type":"Person","@id":"https:\/\/portaltela.pt\/#\/schema\/person\/c4278d4a6028830caff9ee44b42d32ed","name":"Telinha","image":{"@type":"ImageObject","inLanguage":"pt-PT","@id":"https:\/\/portaltela.pt\/s.01k8rhncp4jt1\/2025\/11\/talking-bot-125x125.png","url":"https:\/\/portaltela.pt\/s.01k8rhncp4jt1\/2025\/11\/talking-bot-125x125.png","contentUrl":"https:\/\/portaltela.pt\/s.01k8rhncp4jt1\/2025\/11\/talking-bot-125x125.png","caption":"Telinha"},"sameAs":["https:\/\/portaltela.pt\/"],"url":"https:\/\/portaltela.pt\/por\/367410592786\/"}]}},"_links":{"self":[{"href":"https:\/\/portaltela.pt\/api\/wp\/v2\/posts\/174876","targetHints":{"allow":["GET"]}}],"collection":[{"href":"https:\/\/portaltela.pt\/api\/wp\/v2\/posts"}],"about":[{"href":"https:\/\/portaltela.pt\/api\/wp\/v2\/types\/post"}],"author":[{"embeddable":true,"href":"https:\/\/portaltela.pt\/api\/wp\/v2\/users\/2"}],"replies":[{"embeddable":true,"href":"https:\/\/portaltela.pt\/api\/wp\/v2\/comments?post=174876"}],"version-history":[{"count":0,"href":"https:\/\/portaltela.pt\/api\/wp\/v2\/posts\/174876\/revisions"}],"wp:featuredmedia":[{"embeddable":true,"href":"https:\/\/portaltela.pt\/api\/wp\/v2\/media\/174877"}],"wp:attachment":[{"href":"https:\/\/portaltela.pt\/api\/wp\/v2\/media?parent=174876"}],"wp:term":[{"taxonomy":"category","embeddable":true,"href":"https:\/\/portaltela.pt\/api\/wp\/v2\/categories?post=174876"},{"taxonomy":"post_tag","embeddable":true,"href":"https:\/\/portaltela.pt\/api\/wp\/v2\/tags?post=174876"}],"curies":[{"name":"wp","href":"https:\/\/api.w.org\/{rel}","templated":true}]}}