{"id":174828,"date":"2026-01-26T13:43:00","date_gmt":"2026-01-26T16:43:00","guid":{"rendered":"https:\/\/portaltela.pt\/noticias\/2026\/01\/26\/celebridades-anunciaram-voto-em-ventura-nas-redes-sociais\/"},"modified":"2026-01-26T13:43:00","modified_gmt":"2026-01-26T16:43:00","slug":"celebridades-anunciaram-voto-em-ventura-nas-redes-sociais","status":"publish","type":"post","link":"https:\/\/portaltela.pt\/noticias\/politica\/2026\/01\/26\/celebridades-anunciaram-voto-em-ventura-nas-redes-sociais\/","title":{"rendered":"Celebridades anunciaram voto em Ventura nas redes sociais"},"content":{"rendered":"<p>Numa onda de boatos nas redes, fotografias com a legenda \u201cEu voto Andr\u00e9 Ventura\u201d e \u201cPortugueses primeiro\u201d come\u00e7aram a circular, associadas a figuras p\u00fablicas. O conte\u00fado sugere apoio de celebridades \u00e0 candidatura do Chega na segunda volta.<\/p>\n<p>Entre os visados est\u00e3o Pedro Passos Coelho, Lili Cane\u00e7as, Jorge Jesus e Herman Jos\u00e9, com imagens partilhadas em plataformas como Facebook. Os textos indicam apoio ao candidato Andr\u00e9 Ventura, sem confirma\u00e7\u00e3o oficial dessas endosses.<\/p>\n<p>Pedro Passos Coelho j\u00e1 tinha afirmado, na primeira volta, que n\u00e3o iria comentar as elei\u00e7\u00f5es. Para a segunda volta, mant\u00e9m o sil\u00eancio, recusando declara\u00e7\u00f5es p\u00fablicas sobre os candidatos. Lili Cane\u00e7as n\u00e3o endossou Ventura publicamente at\u00e9 ao momento.<\/p>\n<p>Herman Jos\u00e9 ainda n\u00e3o se posicionou publicamente sobre o voto na segunda volta. Em 2020, o humorista mencionou ter espa\u00e7o para o l\u00edder do Chega, mas n\u00e3o houve confirma\u00e7\u00e3o de apoio nesta altura. Cristiano Ronaldo e Jorge Jesus tamb\u00e9m n\u00e3o declararam voto em Ventura.<\/p>\n<p>Nenhum dos visados revelou, nas redes ou na imprensa, qualquer sentido de voto em Ventura. A exposi\u00e7\u00e3o m\u00e9dia de cada uma das figuras torna improv\u00e1vel tal endosso sem registo p\u00fablico. Tamb\u00e9m se verificou que circulavam boatos anteriores sobre liga\u00e7\u00f5es entre Ronaldo e Ventura, j\u00e1 desmentidos.<\/p>\n<p>Conforme o Observador, as fotografias em causa s\u00e3o falsas. N\u00e3o existem declara\u00e7\u00f5es p\u00fablicas ou mensagens oficiais confirmando o apoio a Ventura por parte das personalidades citadas. O conte\u00fado foi classificado como errado no sistema de verifica\u00e7\u00e3o do Observador e como falso no de plataformas associadas.<\/p>\n<p>Este caso evidencia dificuldades de fiabilidade de conte\u00fados nas redes sociais, onde imagens com legendas podem induzir em erro sem qualquer confirma\u00e7\u00e3o institucional. As informa\u00e7\u00f5es permanecem n\u00e3o verificadas at\u00e9 serem apresentadas fontes cred\u00edveis.<\/p>\n","protected":false},"excerpt":{"rendered":"<ul>\n<li>Circulam fotografias nas redes sociais com frases como \u201cEu voto Andr\u00e9 Ventura\u201d e \u201cPortugueses primeiro\u201d, associadas a figuras p\u00fablicas, mas n\u00e3o h\u00e1 confirma\u00e7\u00e3o de apoio.<\/li>\n<li>Pedro Passos Coelho mant\u00e9m sil\u00eancio sobre a segunda volta e n\u00e3o declarou apoio a nenhum candidato.<\/li>\n<li>Lili Cane\u00e7as n\u00e3o fez declara\u00e7\u00f5es p\u00fablicas para endossar Ventura; tinha apoiado Jo\u00e3o Cotrim Figueiredo na primeira volta.<\/li>\n<li>Herman Jos\u00e9 tamb\u00e9m n\u00e3o mostrou apoio p\u00fablico a Ventura; n\u00e3o houve men\u00e7\u00e3o nas redes sociais ou na imprensa.<\/li>\n<li>Cristiano Ronaldo e Jorge Jesus n\u00e3o declararam voto em Ventura; o conte\u00fado \u00e9 considerado falso pelos verificadores, com classifica\u00e7\u00e3o Observador: ERRADO e Facebook: FALSO.<\/li>\n<\/ul>\n","protected":false},"author":2,"featured_media":174830,"comment_status":"closed","ping_status":"closed","sticky":false,"template":"","format":"standard","meta":{"footnotes":""},"categories":[1,5],"tags":[76,1469,68,1216,2832,88],"class_list":["post-174828","post","type-post","status-publish","format-standard","has-post-thumbnail","hentry","category-noticias","category-politica","tag-celebridades","tag-desinformacao","tag-eleicoes","tag-falsa-comunicacao-de-crime","tag-politica","tag-redes-sociais"],"yoast_head":"<!-- This site is optimized with the Yoast SEO plugin v27.2 - https:\/\/yoast.com\/product\/yoast-seo-wordpress\/ -->\n<title>Celebridades anunciaram voto em Ventura nas redes sociais - Portal Tela Portugal<\/title>\n<meta name=\"robots\" content=\"index, follow, max-snippet:-1, max-image-preview:large, max-video-preview:-1\" \/>\n<meta property=\"og:locale\" content=\"pt_PT\" \/>\n<meta property=\"og:type\" content=\"article\" \/>\n<meta property=\"og:title\" content=\"Celebridades anunciaram voto em Ventura nas redes sociais - Portal Tela Portugal\" \/>\n<meta property=\"og:description\" content=\"Circulam fotografias nas redes sociais com frases como \u201cEu voto Andr\u00e9 Ventura\u201d e \u201cPortugueses primeiro\u201d, associadas a figuras p\u00fablicas, mas n\u00e3o h\u00e1 confirma\u00e7\u00e3o de apoio. Pedro Passos Coelho mant\u00e9m sil\u00eancio sobre a segunda volta e n\u00e3o declarou apoio a nenhum candidato. Lili Cane\u00e7as n\u00e3o fez declara\u00e7\u00f5es p\u00fablicas para endossar Ventura; tinha apoiado Jo\u00e3o Cotrim Figueiredo na primeira volta. Herman Jos\u00e9 tamb\u00e9m n\u00e3o mostrou apoio p\u00fablico a Ventura; n\u00e3o houve men\u00e7\u00e3o nas redes sociais ou na imprensa. Cristiano Ronaldo e Jorge Jesus n\u00e3o declararam voto em Ventura; o conte\u00fado \u00e9 considerado falso pelos verificadores, com classifica\u00e7\u00e3o Observador: ERRADO e Facebook: FALSO.\" \/>\n<meta property=\"og:url\" content=\"https:\/\/portaltela.pt\/noticias\/2026\/01\/26\/celebridades-anunciaram-voto-em-ventura-nas-redes-sociais\/\" \/>\n<meta property=\"og:site_name\" content=\"Portal Tela Portugal\" \/>\n<meta property=\"article:published_time\" content=\"2026-01-26T16:43:00+00:00\" \/>\n<meta name=\"author\" content=\"Telinha\" \/>\n<meta name=\"twitter:card\" content=\"summary_large_image\" \/>\n<meta name=\"twitter:label1\" content=\"Escrito por\" \/>\n\t<meta name=\"twitter:data1\" content=\"Telinha\" \/>\n\t<meta name=\"twitter:label2\" content=\"Tempo estimado de leitura\" \/>\n\t<meta name=\"twitter:data2\" content=\"2 minutos\" \/>\n<script type=\"application\/ld+json\" class=\"yoast-schema-graph\">{\"@context\":\"https:\/\/schema.org\",\"@graph\":[{\"@type\":\"Article\",\"@id\":\"https:\/\/portaltela.pt\/noticias\/2026\/01\/26\/celebridades-anunciaram-voto-em-ventura-nas-redes-sociais\/#article\",\"isPartOf\":{\"@id\":\"https:\/\/portaltela.pt\/noticias\/2026\/01\/26\/celebridades-anunciaram-voto-em-ventura-nas-redes-sociais\/\"},\"author\":{\"name\":\"Telinha\",\"@id\":\"https:\/\/portaltela.pt\/#\/schema\/person\/c4278d4a6028830caff9ee44b42d32ed\"},\"headline\":\"Celebridades anunciaram voto em Ventura nas redes sociais\",\"datePublished\":\"2026-01-26T16:43:00+00:00\",\"mainEntityOfPage\":{\"@id\":\"https:\/\/portaltela.pt\/noticias\/2026\/01\/26\/celebridades-anunciaram-voto-em-ventura-nas-redes-sociais\/\"},\"wordCount\":319,\"image\":{\"@id\":\"https:\/\/portaltela.pt\/noticias\/2026\/01\/26\/celebridades-anunciaram-voto-em-ventura-nas-redes-sociais\/#primaryimage\"},\"thumbnailUrl\":\"https:\/\/portaltela.pt\/s.01k8rhncp4jt1\/2026\/01\/captura-de-ecra-2026-01-22-as-212137.jpg\",\"keywords\":[\"celebridades\",\"desinforma\u00e7\u00e3o\",\"elei\u00e7\u00f5es\",\"falsa comunica\u00e7\u00e3o de crime\",\"pol\u00edtica\",\"redes sociais\"],\"articleSection\":[\"Not\u00edcias\",\"Pol\u00edtica\"],\"inLanguage\":\"pt-PT\"},{\"@type\":\"WebPage\",\"@id\":\"https:\/\/portaltela.pt\/noticias\/2026\/01\/26\/celebridades-anunciaram-voto-em-ventura-nas-redes-sociais\/\",\"url\":\"https:\/\/portaltela.pt\/noticias\/2026\/01\/26\/celebridades-anunciaram-voto-em-ventura-nas-redes-sociais\/\",\"name\":\"Celebridades anunciaram voto em Ventura nas redes sociais - Portal Tela Portugal\",\"isPartOf\":{\"@id\":\"https:\/\/portaltela.pt\/#website\"},\"primaryImageOfPage\":{\"@id\":\"https:\/\/portaltela.pt\/noticias\/2026\/01\/26\/celebridades-anunciaram-voto-em-ventura-nas-redes-sociais\/#primaryimage\"},\"image\":{\"@id\":\"https:\/\/portaltela.pt\/noticias\/2026\/01\/26\/celebridades-anunciaram-voto-em-ventura-nas-redes-sociais\/#primaryimage\"},\"thumbnailUrl\":\"https:\/\/portaltela.pt\/s.01k8rhncp4jt1\/2026\/01\/captura-de-ecra-2026-01-22-as-212137.jpg\",\"datePublished\":\"2026-01-26T16:43:00+00:00\",\"author\":{\"@id\":\"https:\/\/portaltela.pt\/#\/schema\/person\/c4278d4a6028830caff9ee44b42d32ed\"},\"breadcrumb\":{\"@id\":\"https:\/\/portaltela.pt\/noticias\/2026\/01\/26\/celebridades-anunciaram-voto-em-ventura-nas-redes-sociais\/#breadcrumb\"},\"inLanguage\":\"pt-PT\",\"potentialAction\":[{\"@type\":\"ReadAction\",\"target\":[\"https:\/\/portaltela.pt\/noticias\/2026\/01\/26\/celebridades-anunciaram-voto-em-ventura-nas-redes-sociais\/\"]}]},{\"@type\":\"ImageObject\",\"inLanguage\":\"pt-PT\",\"@id\":\"https:\/\/portaltela.pt\/noticias\/2026\/01\/26\/celebridades-anunciaram-voto-em-ventura-nas-redes-sociais\/#primaryimage\",\"url\":\"https:\/\/portaltela.pt\/s.01k8rhncp4jt1\/2026\/01\/captura-de-ecra-2026-01-22-as-212137.jpg\",\"contentUrl\":\"https:\/\/portaltela.pt\/s.01k8rhncp4jt1\/2026\/01\/captura-de-ecra-2026-01-22-as-212137.jpg\",\"width\":796,\"height\":448,\"caption\":\"Photo\"},{\"@type\":\"BreadcrumbList\",\"@id\":\"https:\/\/portaltela.pt\/noticias\/2026\/01\/26\/celebridades-anunciaram-voto-em-ventura-nas-redes-sociais\/#breadcrumb\",\"itemListElement\":[{\"@type\":\"ListItem\",\"position\":1,\"name\":\"In\u00edcio\",\"item\":\"https:\/\/portaltela.pt\/\"},{\"@type\":\"ListItem\",\"position\":2,\"name\":\"Celebridades anunciaram voto em Ventura nas redes sociais\"}]},{\"@type\":\"WebSite\",\"@id\":\"https:\/\/portaltela.pt\/#website\",\"url\":\"https:\/\/portaltela.pt\/\",\"name\":\"Portal Tela Portugal\",\"description\":\"\",\"potentialAction\":[{\"@type\":\"SearchAction\",\"target\":{\"@type\":\"EntryPoint\",\"urlTemplate\":\"https:\/\/portaltela.pt\/?s={search_term_string}\"},\"query-input\":{\"@type\":\"PropertyValueSpecification\",\"valueRequired\":true,\"valueName\":\"search_term_string\"}}],\"inLanguage\":\"pt-PT\"},{\"@type\":\"Person\",\"@id\":\"https:\/\/portaltela.pt\/#\/schema\/person\/c4278d4a6028830caff9ee44b42d32ed\",\"name\":\"Telinha\",\"image\":{\"@type\":\"ImageObject\",\"inLanguage\":\"pt-PT\",\"@id\":\"https:\/\/portaltela.pt\/s.01k8rhncp4jt1\/2025\/11\/talking-bot-125x125.png\",\"url\":\"https:\/\/portaltela.pt\/s.01k8rhncp4jt1\/2025\/11\/talking-bot-125x125.png\",\"contentUrl\":\"https:\/\/portaltela.pt\/s.01k8rhncp4jt1\/2025\/11\/talking-bot-125x125.png\",\"caption\":\"Telinha\"},\"sameAs\":[\"https:\/\/portaltela.pt\/\"],\"url\":\"https:\/\/portaltela.pt\/por\/367410592786\/\"}]}<\/script>\n<!-- \/ Yoast SEO plugin. -->","yoast_head_json":{"title":"Celebridades anunciaram voto em Ventura nas redes sociais - Portal Tela Portugal","robots":{"index":"index","follow":"follow","max-snippet":"max-snippet:-1","max-image-preview":"max-image-preview:large","max-video-preview":"max-video-preview:-1"},"og_locale":"pt_PT","og_type":"article","og_title":"Celebridades anunciaram voto em Ventura nas redes sociais - Portal Tela Portugal","og_description":"Circulam fotografias nas redes sociais com frases como \u201cEu voto Andr\u00e9 Ventura\u201d e \u201cPortugueses primeiro\u201d, associadas a figuras p\u00fablicas, mas n\u00e3o h\u00e1 confirma\u00e7\u00e3o de apoio. Pedro Passos Coelho mant\u00e9m sil\u00eancio sobre a segunda volta e n\u00e3o declarou apoio a nenhum candidato. Lili Cane\u00e7as n\u00e3o fez declara\u00e7\u00f5es p\u00fablicas para endossar Ventura; tinha apoiado Jo\u00e3o Cotrim Figueiredo na primeira volta. Herman Jos\u00e9 tamb\u00e9m n\u00e3o mostrou apoio p\u00fablico a Ventura; n\u00e3o houve men\u00e7\u00e3o nas redes sociais ou na imprensa. Cristiano Ronaldo e Jorge Jesus n\u00e3o declararam voto em Ventura; o conte\u00fado \u00e9 considerado falso pelos verificadores, com classifica\u00e7\u00e3o Observador: ERRADO e Facebook: FALSO.","og_url":"https:\/\/portaltela.pt\/noticias\/2026\/01\/26\/celebridades-anunciaram-voto-em-ventura-nas-redes-sociais\/","og_site_name":"Portal Tela Portugal","article_published_time":"2026-01-26T16:43:00+00:00","author":"Telinha","twitter_card":"summary_large_image","twitter_misc":{"Escrito por":"Telinha","Tempo estimado de leitura":"2 minutos"},"schema":{"@context":"https:\/\/schema.org","@graph":[{"@type":"Article","@id":"https:\/\/portaltela.pt\/noticias\/2026\/01\/26\/celebridades-anunciaram-voto-em-ventura-nas-redes-sociais\/#article","isPartOf":{"@id":"https:\/\/portaltela.pt\/noticias\/2026\/01\/26\/celebridades-anunciaram-voto-em-ventura-nas-redes-sociais\/"},"author":{"name":"Telinha","@id":"https:\/\/portaltela.pt\/#\/schema\/person\/c4278d4a6028830caff9ee44b42d32ed"},"headline":"Celebridades anunciaram voto em Ventura nas redes sociais","datePublished":"2026-01-26T16:43:00+00:00","mainEntityOfPage":{"@id":"https:\/\/portaltela.pt\/noticias\/2026\/01\/26\/celebridades-anunciaram-voto-em-ventura-nas-redes-sociais\/"},"wordCount":319,"image":{"@id":"https:\/\/portaltela.pt\/noticias\/2026\/01\/26\/celebridades-anunciaram-voto-em-ventura-nas-redes-sociais\/#primaryimage"},"thumbnailUrl":"https:\/\/portaltela.pt\/s.01k8rhncp4jt1\/2026\/01\/captura-de-ecra-2026-01-22-as-212137.jpg","keywords":["celebridades","desinforma\u00e7\u00e3o","elei\u00e7\u00f5es","falsa comunica\u00e7\u00e3o de crime","pol\u00edtica","redes sociais"],"articleSection":["Not\u00edcias","Pol\u00edtica"],"inLanguage":"pt-PT"},{"@type":"WebPage","@id":"https:\/\/portaltela.pt\/noticias\/2026\/01\/26\/celebridades-anunciaram-voto-em-ventura-nas-redes-sociais\/","url":"https:\/\/portaltela.pt\/noticias\/2026\/01\/26\/celebridades-anunciaram-voto-em-ventura-nas-redes-sociais\/","name":"Celebridades anunciaram voto em Ventura nas redes sociais - Portal Tela Portugal","isPartOf":{"@id":"https:\/\/portaltela.pt\/#website"},"primaryImageOfPage":{"@id":"https:\/\/portaltela.pt\/noticias\/2026\/01\/26\/celebridades-anunciaram-voto-em-ventura-nas-redes-sociais\/#primaryimage"},"image":{"@id":"https:\/\/portaltela.pt\/noticias\/2026\/01\/26\/celebridades-anunciaram-voto-em-ventura-nas-redes-sociais\/#primaryimage"},"thumbnailUrl":"https:\/\/portaltela.pt\/s.01k8rhncp4jt1\/2026\/01\/captura-de-ecra-2026-01-22-as-212137.jpg","datePublished":"2026-01-26T16:43:00+00:00","author":{"@id":"https:\/\/portaltela.pt\/#\/schema\/person\/c4278d4a6028830caff9ee44b42d32ed"},"breadcrumb":{"@id":"https:\/\/portaltela.pt\/noticias\/2026\/01\/26\/celebridades-anunciaram-voto-em-ventura-nas-redes-sociais\/#breadcrumb"},"inLanguage":"pt-PT","potentialAction":[{"@type":"ReadAction","target":["https:\/\/portaltela.pt\/noticias\/2026\/01\/26\/celebridades-anunciaram-voto-em-ventura-nas-redes-sociais\/"]}]},{"@type":"ImageObject","inLanguage":"pt-PT","@id":"https:\/\/portaltela.pt\/noticias\/2026\/01\/26\/celebridades-anunciaram-voto-em-ventura-nas-redes-sociais\/#primaryimage","url":"https:\/\/portaltela.pt\/s.01k8rhncp4jt1\/2026\/01\/captura-de-ecra-2026-01-22-as-212137.jpg","contentUrl":"https:\/\/portaltela.pt\/s.01k8rhncp4jt1\/2026\/01\/captura-de-ecra-2026-01-22-as-212137.jpg","width":796,"height":448,"caption":"Photo"},{"@type":"BreadcrumbList","@id":"https:\/\/portaltela.pt\/noticias\/2026\/01\/26\/celebridades-anunciaram-voto-em-ventura-nas-redes-sociais\/#breadcrumb","itemListElement":[{"@type":"ListItem","position":1,"name":"In\u00edcio","item":"https:\/\/portaltela.pt\/"},{"@type":"ListItem","position":2,"name":"Celebridades anunciaram voto em Ventura nas redes sociais"}]},{"@type":"WebSite","@id":"https:\/\/portaltela.pt\/#website","url":"https:\/\/portaltela.pt\/","name":"Portal Tela Portugal","description":"","potentialAction":[{"@type":"SearchAction","target":{"@type":"EntryPoint","urlTemplate":"https:\/\/portaltela.pt\/?s={search_term_string}"},"query-input":{"@type":"PropertyValueSpecification","valueRequired":true,"valueName":"search_term_string"}}],"inLanguage":"pt-PT"},{"@type":"Person","@id":"https:\/\/portaltela.pt\/#\/schema\/person\/c4278d4a6028830caff9ee44b42d32ed","name":"Telinha","image":{"@type":"ImageObject","inLanguage":"pt-PT","@id":"https:\/\/portaltela.pt\/s.01k8rhncp4jt1\/2025\/11\/talking-bot-125x125.png","url":"https:\/\/portaltela.pt\/s.01k8rhncp4jt1\/2025\/11\/talking-bot-125x125.png","contentUrl":"https:\/\/portaltela.pt\/s.01k8rhncp4jt1\/2025\/11\/talking-bot-125x125.png","caption":"Telinha"},"sameAs":["https:\/\/portaltela.pt\/"],"url":"https:\/\/portaltela.pt\/por\/367410592786\/"}]}},"_links":{"self":[{"href":"https:\/\/portaltela.pt\/api\/wp\/v2\/posts\/174828","targetHints":{"allow":["GET"]}}],"collection":[{"href":"https:\/\/portaltela.pt\/api\/wp\/v2\/posts"}],"about":[{"href":"https:\/\/portaltela.pt\/api\/wp\/v2\/types\/post"}],"author":[{"embeddable":true,"href":"https:\/\/portaltela.pt\/api\/wp\/v2\/users\/2"}],"replies":[{"embeddable":true,"href":"https:\/\/portaltela.pt\/api\/wp\/v2\/comments?post=174828"}],"version-history":[{"count":0,"href":"https:\/\/portaltela.pt\/api\/wp\/v2\/posts\/174828\/revisions"}],"wp:featuredmedia":[{"embeddable":true,"href":"https:\/\/portaltela.pt\/api\/wp\/v2\/media\/174830"}],"wp:attachment":[{"href":"https:\/\/portaltela.pt\/api\/wp\/v2\/media?parent=174828"}],"wp:term":[{"taxonomy":"category","embeddable":true,"href":"https:\/\/portaltela.pt\/api\/wp\/v2\/categories?post=174828"},{"taxonomy":"post_tag","embeddable":true,"href":"https:\/\/portaltela.pt\/api\/wp\/v2\/tags?post=174828"}],"curies":[{"name":"wp","href":"https:\/\/api.w.org\/{rel}","templated":true}]}}