{"id":174826,"date":"2026-01-26T13:55:00","date_gmt":"2026-01-26T16:55:00","guid":{"rendered":"https:\/\/portaltela.pt\/noticias\/2026\/01\/26\/joao-almeida-quer-continuar-a-pedalar-da-mesma-forma\/"},"modified":"2026-01-26T13:55:00","modified_gmt":"2026-01-26T16:55:00","slug":"joao-almeida-quer-continuar-a-pedalar-da-mesma-forma","status":"publish","type":"post","link":"https:\/\/portaltela.pt\/desporto\/2026\/01\/26\/joao-almeida-quer-continuar-a-pedalar-da-mesma-forma\/","title":{"rendered":"Jo\u00e3o Almeida quer continuar a pedalar da mesma forma"},"content":{"rendered":"<p>Jo\u00e3o Almeida, ciclista portugu\u00eas da Emirates, respondeu ao P\u00daBLICO sobre o que poder\u00e1 motivar a sua postura nas provas futuras. O atleta afirma que Pogacar poder\u00e1 sentir-se triste por participar no Tour sem ele, destacando uma leitura pessoal da situa\u00e7\u00e3o entre ambos.<\/p>\n<p>O corredor portugu\u00eas admite que, sem Ayuso, ganha outro estatuto dentro do pelot\u00e3o. Essa mudan\u00e7a de posi\u00e7\u00e3o influencia tamb\u00e9m a decis\u00e3o de n\u00e3o seguir o esloveno em determinados duelos, segundo as declara\u00e7\u00f5es recolhidas pela entrevista.<\/p>\n<p>Almeida \u00e9 conhecido pela sua forma de correr: perde terreno nas subidas, mas recupera rapidamente. Esta abordagem tem sido associada \u00e0 sua estrat\u00e9gia de gest\u00e3o de esfor\u00e7o e de respostas r\u00e1pidas a ataques.<\/p>\n<p>A entrevista foi partilhada ao P\u00daBLICO, mantendo o foco na leitura de cen\u00e1rios e decis\u00f5es de carreira do ciclista que representa Portugal no pelot\u00e3o internacional. A\u00e7\u00e3o, contexto e motiva\u00e7\u00f5es s\u00e3o apresentados sem ju\u00edzos de valor.<\/p>\n","protected":false},"excerpt":{"rendered":"<ul>\n<li>O ciclista portugu\u00eas Jo\u00e3o Almeida, da Emirates, respondeu ao P\u00daBLICO e diz que Pogacar fica triste por ir ao Tour sem ele.<\/li>\n<li>Almeida afirma que, sem Ayuso, tem outro estatuto e por isso decidiu n\u00e3o seguir com o esloveno.<\/li>\n<li>O atleta tem uma forma de correr em que perde terreno nas subidas, mas costuma recuperar depois.<\/li>\n<li>Esse estilo de atacar nas ascens\u00f5es tornou\u2011se uma marca conhecida e, apesar de arriscado, n\u00e3o o preocupa.<\/li>\n<li>O foco do corredor mant\u00e9m\u2011se na consist\u00eancia do seu ritmo e das decis\u00f5es ao longo da temporada.<\/li>\n<\/ul>\n","protected":false},"author":2,"featured_media":174827,"comment_status":"closed","ping_status":"closed","sticky":false,"template":"","format":"standard","meta":{"footnotes":""},"categories":[21],"tags":[923,1285,152,80,81,1014],"class_list":["post-174826","post","type-post","status-publish","format-standard","has-post-thumbnail","hentry","category-desporto","tag-ciclismo","tag-competicao","tag-desporto","tag-esportes-individuais","tag-internacionais","tag-portugal"],"yoast_head":"<!-- This site is optimized with the Yoast SEO plugin v27.2 - https:\/\/yoast.com\/product\/yoast-seo-wordpress\/ -->\n<title>Jo\u00e3o Almeida quer continuar a pedalar da mesma forma - Portal Tela Portugal<\/title>\n<meta name=\"robots\" content=\"index, follow, max-snippet:-1, max-image-preview:large, max-video-preview:-1\" \/>\n<meta property=\"og:locale\" content=\"pt_PT\" \/>\n<meta property=\"og:type\" content=\"article\" \/>\n<meta property=\"og:title\" content=\"Jo\u00e3o Almeida quer continuar a pedalar da mesma forma - Portal Tela Portugal\" \/>\n<meta property=\"og:description\" content=\"O ciclista portugu\u00eas Jo\u00e3o Almeida, da Emirates, respondeu ao P\u00daBLICO e diz que Pogacar fica triste por ir ao Tour sem ele. Almeida afirma que, sem Ayuso, tem outro estatuto e por isso decidiu n\u00e3o seguir com o esloveno. O atleta tem uma forma de correr em que perde terreno nas subidas, mas costuma recuperar depois. Esse estilo de atacar nas ascens\u00f5es tornou\u2011se uma marca conhecida e, apesar de arriscado, n\u00e3o o preocupa. O foco do corredor mant\u00e9m\u2011se na consist\u00eancia do seu ritmo e das decis\u00f5es ao longo da temporada.\" \/>\n<meta property=\"og:url\" content=\"https:\/\/portaltela.pt\/noticias\/2026\/01\/26\/joao-almeida-quer-continuar-a-pedalar-da-mesma-forma\/\" \/>\n<meta property=\"og:site_name\" content=\"Portal Tela Portugal\" \/>\n<meta property=\"article:published_time\" content=\"2026-01-26T16:55:00+00:00\" \/>\n<meta name=\"author\" content=\"Telinha\" \/>\n<meta name=\"twitter:card\" content=\"summary_large_image\" \/>\n<meta name=\"twitter:label1\" content=\"Escrito por\" \/>\n\t<meta name=\"twitter:data1\" content=\"Telinha\" \/>\n\t<meta name=\"twitter:label2\" content=\"Tempo estimado de leitura\" \/>\n\t<meta name=\"twitter:data2\" content=\"1 minuto\" \/>\n<script type=\"application\/ld+json\" class=\"yoast-schema-graph\">{\"@context\":\"https:\/\/schema.org\",\"@graph\":[{\"@type\":\"Article\",\"@id\":\"https:\/\/portaltela.pt\/noticias\/2026\/01\/26\/joao-almeida-quer-continuar-a-pedalar-da-mesma-forma\/#article\",\"isPartOf\":{\"@id\":\"https:\/\/portaltela.pt\/noticias\/2026\/01\/26\/joao-almeida-quer-continuar-a-pedalar-da-mesma-forma\/\"},\"author\":{\"name\":\"Telinha\",\"@id\":\"https:\/\/portaltela.pt\/#\/schema\/person\/c4278d4a6028830caff9ee44b42d32ed\"},\"headline\":\"Jo\u00e3o Almeida quer continuar a pedalar da mesma forma\",\"datePublished\":\"2026-01-26T16:55:00+00:00\",\"mainEntityOfPage\":{\"@id\":\"https:\/\/portaltela.pt\/noticias\/2026\/01\/26\/joao-almeida-quer-continuar-a-pedalar-da-mesma-forma\/\"},\"wordCount\":177,\"image\":{\"@id\":\"https:\/\/portaltela.pt\/noticias\/2026\/01\/26\/joao-almeida-quer-continuar-a-pedalar-da-mesma-forma\/#primaryimage\"},\"thumbnailUrl\":\"https:\/\/portaltela.pt\/s.01k8rhncp4jt1\/2026\/01\/2062010.jpg\",\"keywords\":[\"ciclismo\",\"competi\u00e7\u00e3o\",\"desporto\",\"esportes individuais\",\"internacionais\",\"Portugal\"],\"articleSection\":[\"Desporto\"],\"inLanguage\":\"pt-PT\"},{\"@type\":\"WebPage\",\"@id\":\"https:\/\/portaltela.pt\/noticias\/2026\/01\/26\/joao-almeida-quer-continuar-a-pedalar-da-mesma-forma\/\",\"url\":\"https:\/\/portaltela.pt\/noticias\/2026\/01\/26\/joao-almeida-quer-continuar-a-pedalar-da-mesma-forma\/\",\"name\":\"Jo\u00e3o Almeida quer continuar a pedalar da mesma forma - Portal Tela Portugal\",\"isPartOf\":{\"@id\":\"https:\/\/portaltela.pt\/#website\"},\"primaryImageOfPage\":{\"@id\":\"https:\/\/portaltela.pt\/noticias\/2026\/01\/26\/joao-almeida-quer-continuar-a-pedalar-da-mesma-forma\/#primaryimage\"},\"image\":{\"@id\":\"https:\/\/portaltela.pt\/noticias\/2026\/01\/26\/joao-almeida-quer-continuar-a-pedalar-da-mesma-forma\/#primaryimage\"},\"thumbnailUrl\":\"https:\/\/portaltela.pt\/s.01k8rhncp4jt1\/2026\/01\/2062010.jpg\",\"datePublished\":\"2026-01-26T16:55:00+00:00\",\"author\":{\"@id\":\"https:\/\/portaltela.pt\/#\/schema\/person\/c4278d4a6028830caff9ee44b42d32ed\"},\"breadcrumb\":{\"@id\":\"https:\/\/portaltela.pt\/noticias\/2026\/01\/26\/joao-almeida-quer-continuar-a-pedalar-da-mesma-forma\/#breadcrumb\"},\"inLanguage\":\"pt-PT\",\"potentialAction\":[{\"@type\":\"ReadAction\",\"target\":[\"https:\/\/portaltela.pt\/noticias\/2026\/01\/26\/joao-almeida-quer-continuar-a-pedalar-da-mesma-forma\/\"]}]},{\"@type\":\"ImageObject\",\"inLanguage\":\"pt-PT\",\"@id\":\"https:\/\/portaltela.pt\/noticias\/2026\/01\/26\/joao-almeida-quer-continuar-a-pedalar-da-mesma-forma\/#primaryimage\",\"url\":\"https:\/\/portaltela.pt\/s.01k8rhncp4jt1\/2026\/01\/2062010.jpg\",\"contentUrl\":\"https:\/\/portaltela.pt\/s.01k8rhncp4jt1\/2026\/01\/2062010.jpg\",\"width\":796,\"height\":448,\"caption\":\"Jo\u00e3o Almeida, ciclista portugu\u00eas\"},{\"@type\":\"BreadcrumbList\",\"@id\":\"https:\/\/portaltela.pt\/noticias\/2026\/01\/26\/joao-almeida-quer-continuar-a-pedalar-da-mesma-forma\/#breadcrumb\",\"itemListElement\":[{\"@type\":\"ListItem\",\"position\":1,\"name\":\"In\u00edcio\",\"item\":\"https:\/\/portaltela.pt\/\"},{\"@type\":\"ListItem\",\"position\":2,\"name\":\"Jo\u00e3o Almeida quer continuar a pedalar da mesma forma\"}]},{\"@type\":\"WebSite\",\"@id\":\"https:\/\/portaltela.pt\/#website\",\"url\":\"https:\/\/portaltela.pt\/\",\"name\":\"Portal Tela Portugal\",\"description\":\"\",\"potentialAction\":[{\"@type\":\"SearchAction\",\"target\":{\"@type\":\"EntryPoint\",\"urlTemplate\":\"https:\/\/portaltela.pt\/?s={search_term_string}\"},\"query-input\":{\"@type\":\"PropertyValueSpecification\",\"valueRequired\":true,\"valueName\":\"search_term_string\"}}],\"inLanguage\":\"pt-PT\"},{\"@type\":\"Person\",\"@id\":\"https:\/\/portaltela.pt\/#\/schema\/person\/c4278d4a6028830caff9ee44b42d32ed\",\"name\":\"Telinha\",\"image\":{\"@type\":\"ImageObject\",\"inLanguage\":\"pt-PT\",\"@id\":\"https:\/\/portaltela.pt\/s.01k8rhncp4jt1\/2025\/11\/talking-bot-125x125.png\",\"url\":\"https:\/\/portaltela.pt\/s.01k8rhncp4jt1\/2025\/11\/talking-bot-125x125.png\",\"contentUrl\":\"https:\/\/portaltela.pt\/s.01k8rhncp4jt1\/2025\/11\/talking-bot-125x125.png\",\"caption\":\"Telinha\"},\"sameAs\":[\"https:\/\/portaltela.pt\/\"],\"url\":\"https:\/\/portaltela.pt\/por\/367410592786\/\"}]}<\/script>\n<!-- \/ Yoast SEO plugin. -->","yoast_head_json":{"title":"Jo\u00e3o Almeida quer continuar a pedalar da mesma forma - Portal Tela Portugal","robots":{"index":"index","follow":"follow","max-snippet":"max-snippet:-1","max-image-preview":"max-image-preview:large","max-video-preview":"max-video-preview:-1"},"og_locale":"pt_PT","og_type":"article","og_title":"Jo\u00e3o Almeida quer continuar a pedalar da mesma forma - Portal Tela Portugal","og_description":"O ciclista portugu\u00eas Jo\u00e3o Almeida, da Emirates, respondeu ao P\u00daBLICO e diz que Pogacar fica triste por ir ao Tour sem ele. Almeida afirma que, sem Ayuso, tem outro estatuto e por isso decidiu n\u00e3o seguir com o esloveno. O atleta tem uma forma de correr em que perde terreno nas subidas, mas costuma recuperar depois. Esse estilo de atacar nas ascens\u00f5es tornou\u2011se uma marca conhecida e, apesar de arriscado, n\u00e3o o preocupa. O foco do corredor mant\u00e9m\u2011se na consist\u00eancia do seu ritmo e das decis\u00f5es ao longo da temporada.","og_url":"https:\/\/portaltela.pt\/noticias\/2026\/01\/26\/joao-almeida-quer-continuar-a-pedalar-da-mesma-forma\/","og_site_name":"Portal Tela Portugal","article_published_time":"2026-01-26T16:55:00+00:00","author":"Telinha","twitter_card":"summary_large_image","twitter_misc":{"Escrito por":"Telinha","Tempo estimado de leitura":"1 minuto"},"schema":{"@context":"https:\/\/schema.org","@graph":[{"@type":"Article","@id":"https:\/\/portaltela.pt\/noticias\/2026\/01\/26\/joao-almeida-quer-continuar-a-pedalar-da-mesma-forma\/#article","isPartOf":{"@id":"https:\/\/portaltela.pt\/noticias\/2026\/01\/26\/joao-almeida-quer-continuar-a-pedalar-da-mesma-forma\/"},"author":{"name":"Telinha","@id":"https:\/\/portaltela.pt\/#\/schema\/person\/c4278d4a6028830caff9ee44b42d32ed"},"headline":"Jo\u00e3o Almeida quer continuar a pedalar da mesma forma","datePublished":"2026-01-26T16:55:00+00:00","mainEntityOfPage":{"@id":"https:\/\/portaltela.pt\/noticias\/2026\/01\/26\/joao-almeida-quer-continuar-a-pedalar-da-mesma-forma\/"},"wordCount":177,"image":{"@id":"https:\/\/portaltela.pt\/noticias\/2026\/01\/26\/joao-almeida-quer-continuar-a-pedalar-da-mesma-forma\/#primaryimage"},"thumbnailUrl":"https:\/\/portaltela.pt\/s.01k8rhncp4jt1\/2026\/01\/2062010.jpg","keywords":["ciclismo","competi\u00e7\u00e3o","desporto","esportes individuais","internacionais","Portugal"],"articleSection":["Desporto"],"inLanguage":"pt-PT"},{"@type":"WebPage","@id":"https:\/\/portaltela.pt\/noticias\/2026\/01\/26\/joao-almeida-quer-continuar-a-pedalar-da-mesma-forma\/","url":"https:\/\/portaltela.pt\/noticias\/2026\/01\/26\/joao-almeida-quer-continuar-a-pedalar-da-mesma-forma\/","name":"Jo\u00e3o Almeida quer continuar a pedalar da mesma forma - Portal Tela Portugal","isPartOf":{"@id":"https:\/\/portaltela.pt\/#website"},"primaryImageOfPage":{"@id":"https:\/\/portaltela.pt\/noticias\/2026\/01\/26\/joao-almeida-quer-continuar-a-pedalar-da-mesma-forma\/#primaryimage"},"image":{"@id":"https:\/\/portaltela.pt\/noticias\/2026\/01\/26\/joao-almeida-quer-continuar-a-pedalar-da-mesma-forma\/#primaryimage"},"thumbnailUrl":"https:\/\/portaltela.pt\/s.01k8rhncp4jt1\/2026\/01\/2062010.jpg","datePublished":"2026-01-26T16:55:00+00:00","author":{"@id":"https:\/\/portaltela.pt\/#\/schema\/person\/c4278d4a6028830caff9ee44b42d32ed"},"breadcrumb":{"@id":"https:\/\/portaltela.pt\/noticias\/2026\/01\/26\/joao-almeida-quer-continuar-a-pedalar-da-mesma-forma\/#breadcrumb"},"inLanguage":"pt-PT","potentialAction":[{"@type":"ReadAction","target":["https:\/\/portaltela.pt\/noticias\/2026\/01\/26\/joao-almeida-quer-continuar-a-pedalar-da-mesma-forma\/"]}]},{"@type":"ImageObject","inLanguage":"pt-PT","@id":"https:\/\/portaltela.pt\/noticias\/2026\/01\/26\/joao-almeida-quer-continuar-a-pedalar-da-mesma-forma\/#primaryimage","url":"https:\/\/portaltela.pt\/s.01k8rhncp4jt1\/2026\/01\/2062010.jpg","contentUrl":"https:\/\/portaltela.pt\/s.01k8rhncp4jt1\/2026\/01\/2062010.jpg","width":796,"height":448,"caption":"Jo\u00e3o Almeida, ciclista portugu\u00eas"},{"@type":"BreadcrumbList","@id":"https:\/\/portaltela.pt\/noticias\/2026\/01\/26\/joao-almeida-quer-continuar-a-pedalar-da-mesma-forma\/#breadcrumb","itemListElement":[{"@type":"ListItem","position":1,"name":"In\u00edcio","item":"https:\/\/portaltela.pt\/"},{"@type":"ListItem","position":2,"name":"Jo\u00e3o Almeida quer continuar a pedalar da mesma forma"}]},{"@type":"WebSite","@id":"https:\/\/portaltela.pt\/#website","url":"https:\/\/portaltela.pt\/","name":"Portal Tela Portugal","description":"","potentialAction":[{"@type":"SearchAction","target":{"@type":"EntryPoint","urlTemplate":"https:\/\/portaltela.pt\/?s={search_term_string}"},"query-input":{"@type":"PropertyValueSpecification","valueRequired":true,"valueName":"search_term_string"}}],"inLanguage":"pt-PT"},{"@type":"Person","@id":"https:\/\/portaltela.pt\/#\/schema\/person\/c4278d4a6028830caff9ee44b42d32ed","name":"Telinha","image":{"@type":"ImageObject","inLanguage":"pt-PT","@id":"https:\/\/portaltela.pt\/s.01k8rhncp4jt1\/2025\/11\/talking-bot-125x125.png","url":"https:\/\/portaltela.pt\/s.01k8rhncp4jt1\/2025\/11\/talking-bot-125x125.png","contentUrl":"https:\/\/portaltela.pt\/s.01k8rhncp4jt1\/2025\/11\/talking-bot-125x125.png","caption":"Telinha"},"sameAs":["https:\/\/portaltela.pt\/"],"url":"https:\/\/portaltela.pt\/por\/367410592786\/"}]}},"_links":{"self":[{"href":"https:\/\/portaltela.pt\/api\/wp\/v2\/posts\/174826","targetHints":{"allow":["GET"]}}],"collection":[{"href":"https:\/\/portaltela.pt\/api\/wp\/v2\/posts"}],"about":[{"href":"https:\/\/portaltela.pt\/api\/wp\/v2\/types\/post"}],"author":[{"embeddable":true,"href":"https:\/\/portaltela.pt\/api\/wp\/v2\/users\/2"}],"replies":[{"embeddable":true,"href":"https:\/\/portaltela.pt\/api\/wp\/v2\/comments?post=174826"}],"version-history":[{"count":0,"href":"https:\/\/portaltela.pt\/api\/wp\/v2\/posts\/174826\/revisions"}],"wp:featuredmedia":[{"embeddable":true,"href":"https:\/\/portaltela.pt\/api\/wp\/v2\/media\/174827"}],"wp:attachment":[{"href":"https:\/\/portaltela.pt\/api\/wp\/v2\/media?parent=174826"}],"wp:term":[{"taxonomy":"category","embeddable":true,"href":"https:\/\/portaltela.pt\/api\/wp\/v2\/categories?post=174826"},{"taxonomy":"post_tag","embeddable":true,"href":"https:\/\/portaltela.pt\/api\/wp\/v2\/tags?post=174826"}],"curies":[{"name":"wp","href":"https:\/\/api.w.org\/{rel}","templated":true}]}}