{"id":174817,"date":"2026-01-26T13:37:23","date_gmt":"2026-01-26T16:37:23","guid":{"rendered":"https:\/\/portaltela.pt\/noticias\/2026\/01\/26\/ponte-romanica-em-caminha-com-circulacao-cortada-por-aumento-do-caudal-do-coura\/"},"modified":"2026-01-26T13:37:23","modified_gmt":"2026-01-26T16:37:23","slug":"ponte-romanica-em-caminha-com-circulacao-cortada-por-aumento-do-caudal-do-coura","status":"publish","type":"post","link":"https:\/\/portaltela.pt\/noticias\/2026\/01\/26\/ponte-romanica-em-caminha-com-circulacao-cortada-por-aumento-do-caudal-do-coura\/","title":{"rendered":"Ponte Rom\u00e2nica em Caminha com circula\u00e7\u00e3o cortada por aumento do caudal do Coura"},"content":{"rendered":"<p>A Ponte Rom\u00e2nica em Vilar de Mouros, no concelho de Caminha, est\u00e1 temporariamente encerrada devido ao aumento do caudal do rio Coura. A C\u00e2mara Municipal informou a p\u00fablico que a circula\u00e7\u00e3o n\u00e3o \u00e9 segura e que o tr\u00e2nsito permanecer\u00e1 fechado at\u00e9 reunirem as condi\u00e7\u00f5es adequadas.<\/p>\n<p>A decis\u00e3o \u00e9 acompanhada pela prote\u00e7\u00e3o civil municipal, que segue a situa\u00e7\u00e3o de perto. O objetivo \u00e9 evitar riscos aos utentes e permitir reposi\u00e7\u00e3o da normal circula\u00e7\u00e3o assim que for poss\u00edvel.<\/p>\n<p>Em Ponte de Lima, o rio Estor\u00e3os galgou as margens, levando ao encerramento da ponte da freguesia e de uma estrada municipal, indicou o comandante dos Bombeiros Volunt\u00e1rios \u00e0 Lusa. Em Arcozelo, a ponte de Santa Marinha e a Rua da Oliveirinha ficaram submersas.<\/p>\n<p>O rio Lima tamb\u00e9m deixou o seu leito e inundou a zona do areal junto ao centro hist\u00f3rico, entre as duas pontes do concelho, conforme o relato local.<\/p>\n<h3>Situa\u00e7\u00e3o meteorol\u00f3gica e previs\u00f5es<\/h3>\n<p>Ap\u00f3s a depress\u00e3o Ingrid, Portugal continental regista, desde esta segunda-feira, a influ\u00eancia da depress\u00e3o Joseph, com chuva, neve, vento e agita\u00e7\u00e3o mar\u00edtima no Minho e Douro Litoral, segundo o IPMA.<\/p>\n<p>Os efeitos da depress\u00e3o Joseph devem estender-se de forma gradual \u00e0s restantes regi\u00f5es de Portugal continental durante a noite de segunda para ter\u00e7a-feira, com ondula\u00e7\u00f5es frontais a manter-se pelo menos at\u00e9 ao fim de semana, acrescenta o IPMA.<\/p>\n","protected":false},"excerpt":{"rendered":"<ul>\n<li>A Ponte Rom\u00e2nica em Vilar de Mouros, Caminha, fica fechada temporariamente por aumento do caudal do rio Coura, segundo a C\u00e2mara Municipal.<\/li>\n<li>A situa\u00e7\u00e3o impede a circula\u00e7\u00e3o segura e a via permanecer\u00e1 encerrada at\u00e9 haver condi\u00e7\u00f5es adequadas, com acompanhamento da prote\u00e7\u00e3o civil municipal.<\/li>\n<li>Em Ponte de Lima, o rio Estor\u00e3os galgou as margens, encerrando a ponte da freguesia e uma estrada municipal.<\/li>\n<li>Em Arcozelo, a ponte de Santa Marinha e a Rua da Oliveirinha est\u00e3o submersas devido ao caudal do rio Labruja, e o rio Lima inundou a zona do areal junto ao centro hist\u00f3rico entre as duas pontes.<\/li>\n<li>Depois da depress\u00e3o Ingrid, Joseph traz chuva, neve, vento e agita\u00e7\u00e3o mar\u00edtima no Minho e Douro Litoral; efeitos devem prolongar-se at\u00e9 ao fim de semana, segundo o IPMA.<\/li>\n<\/ul>\n","protected":false},"author":2,"featured_media":174822,"comment_status":"closed","ping_status":"closed","sticky":false,"template":"","format":"standard","meta":{"footnotes":""},"categories":[1],"tags":[4351,1525,2293,3968,4210,320],"class_list":["post-174817","post","type-post","status-publish","format-standard","has-post-thumbnail","hentry","category-noticias","tag-bombeiros-voluntarios","tag-caminha","tag-inundacoes","tag-ipma","tag-ponte-de-lima","tag-protecao-civil"],"yoast_head":"<!-- This site is optimized with the Yoast SEO plugin v27.2 - https:\/\/yoast.com\/product\/yoast-seo-wordpress\/ -->\n<title>Ponte Rom\u00e2nica em Caminha com circula\u00e7\u00e3o cortada por aumento do caudal do Coura - Portal Tela Portugal<\/title>\n<meta name=\"robots\" content=\"index, follow, max-snippet:-1, max-image-preview:large, max-video-preview:-1\" \/>\n<meta property=\"og:locale\" content=\"pt_PT\" \/>\n<meta property=\"og:type\" content=\"article\" \/>\n<meta property=\"og:title\" content=\"Ponte Rom\u00e2nica em Caminha com circula\u00e7\u00e3o cortada por aumento do caudal do Coura - Portal Tela Portugal\" \/>\n<meta property=\"og:description\" content=\"A Ponte Rom\u00e2nica em Vilar de Mouros, Caminha, fica fechada temporariamente por aumento do caudal do rio Coura, segundo a C\u00e2mara Municipal. A situa\u00e7\u00e3o impede a circula\u00e7\u00e3o segura e a via permanecer\u00e1 encerrada at\u00e9 haver condi\u00e7\u00f5es adequadas, com acompanhamento da prote\u00e7\u00e3o civil municipal. Em Ponte de Lima, o rio Estor\u00e3os galgou as margens, encerrando a ponte da freguesia e uma estrada municipal. Em Arcozelo, a ponte de Santa Marinha e a Rua da Oliveirinha est\u00e3o submersas devido ao caudal do rio Labruja, e o rio Lima inundou a zona do areal junto ao centro hist\u00f3rico entre as duas pontes. Depois da depress\u00e3o Ingrid, Joseph traz chuva, neve, vento e agita\u00e7\u00e3o mar\u00edtima no Minho e Douro Litoral; efeitos devem prolongar-se at\u00e9 ao fim de semana, segundo o IPMA.\" \/>\n<meta property=\"og:url\" content=\"https:\/\/portaltela.pt\/noticias\/2026\/01\/26\/ponte-romanica-em-caminha-com-circulacao-cortada-por-aumento-do-caudal-do-coura\/\" \/>\n<meta property=\"og:site_name\" content=\"Portal Tela Portugal\" \/>\n<meta property=\"article:published_time\" content=\"2026-01-26T16:37:23+00:00\" \/>\n<meta name=\"author\" content=\"Telinha\" \/>\n<meta name=\"twitter:card\" content=\"summary_large_image\" \/>\n<meta name=\"twitter:label1\" content=\"Escrito por\" \/>\n\t<meta name=\"twitter:data1\" content=\"Telinha\" \/>\n\t<meta name=\"twitter:label2\" content=\"Tempo estimado de leitura\" \/>\n\t<meta name=\"twitter:data2\" content=\"1 minuto\" \/>\n<script type=\"application\/ld+json\" class=\"yoast-schema-graph\">{\"@context\":\"https:\/\/schema.org\",\"@graph\":[{\"@type\":\"Article\",\"@id\":\"https:\/\/portaltela.pt\/noticias\/2026\/01\/26\/ponte-romanica-em-caminha-com-circulacao-cortada-por-aumento-do-caudal-do-coura\/#article\",\"isPartOf\":{\"@id\":\"https:\/\/portaltela.pt\/noticias\/2026\/01\/26\/ponte-romanica-em-caminha-com-circulacao-cortada-por-aumento-do-caudal-do-coura\/\"},\"author\":{\"name\":\"Telinha\",\"@id\":\"https:\/\/portaltela.pt\/#\/schema\/person\/c4278d4a6028830caff9ee44b42d32ed\"},\"headline\":\"Ponte Rom\u00e2nica em Caminha com circula\u00e7\u00e3o cortada por aumento do caudal do Coura\",\"datePublished\":\"2026-01-26T16:37:23+00:00\",\"mainEntityOfPage\":{\"@id\":\"https:\/\/portaltela.pt\/noticias\/2026\/01\/26\/ponte-romanica-em-caminha-com-circulacao-cortada-por-aumento-do-caudal-do-coura\/\"},\"wordCount\":261,\"image\":{\"@id\":\"https:\/\/portaltela.pt\/noticias\/2026\/01\/26\/ponte-romanica-em-caminha-com-circulacao-cortada-por-aumento-do-caudal-do-coura\/#primaryimage\"},\"thumbnailUrl\":\"https:\/\/portaltela.pt\/s.01k8rhncp4jt1\/2026\/01\/img_1500x1000uu2018-03-23-00-33-00-721690.jpg\",\"keywords\":[\"Bombeiros Volunt\u00e1rios\",\"Caminha\",\"inunda\u00e7\u00f5es\",\"IPMA\",\"Ponte de Lima\",\"prote\u00e7\u00e3o civil\"],\"articleSection\":[\"Not\u00edcias\"],\"inLanguage\":\"pt-PT\"},{\"@type\":\"WebPage\",\"@id\":\"https:\/\/portaltela.pt\/noticias\/2026\/01\/26\/ponte-romanica-em-caminha-com-circulacao-cortada-por-aumento-do-caudal-do-coura\/\",\"url\":\"https:\/\/portaltela.pt\/noticias\/2026\/01\/26\/ponte-romanica-em-caminha-com-circulacao-cortada-por-aumento-do-caudal-do-coura\/\",\"name\":\"Ponte Rom\u00e2nica em Caminha com circula\u00e7\u00e3o cortada por aumento do caudal do Coura - Portal Tela Portugal\",\"isPartOf\":{\"@id\":\"https:\/\/portaltela.pt\/#website\"},\"primaryImageOfPage\":{\"@id\":\"https:\/\/portaltela.pt\/noticias\/2026\/01\/26\/ponte-romanica-em-caminha-com-circulacao-cortada-por-aumento-do-caudal-do-coura\/#primaryimage\"},\"image\":{\"@id\":\"https:\/\/portaltela.pt\/noticias\/2026\/01\/26\/ponte-romanica-em-caminha-com-circulacao-cortada-por-aumento-do-caudal-do-coura\/#primaryimage\"},\"thumbnailUrl\":\"https:\/\/portaltela.pt\/s.01k8rhncp4jt1\/2026\/01\/img_1500x1000uu2018-03-23-00-33-00-721690.jpg\",\"datePublished\":\"2026-01-26T16:37:23+00:00\",\"author\":{\"@id\":\"https:\/\/portaltela.pt\/#\/schema\/person\/c4278d4a6028830caff9ee44b42d32ed\"},\"breadcrumb\":{\"@id\":\"https:\/\/portaltela.pt\/noticias\/2026\/01\/26\/ponte-romanica-em-caminha-com-circulacao-cortada-por-aumento-do-caudal-do-coura\/#breadcrumb\"},\"inLanguage\":\"pt-PT\",\"potentialAction\":[{\"@type\":\"ReadAction\",\"target\":[\"https:\/\/portaltela.pt\/noticias\/2026\/01\/26\/ponte-romanica-em-caminha-com-circulacao-cortada-por-aumento-do-caudal-do-coura\/\"]}]},{\"@type\":\"ImageObject\",\"inLanguage\":\"pt-PT\",\"@id\":\"https:\/\/portaltela.pt\/noticias\/2026\/01\/26\/ponte-romanica-em-caminha-com-circulacao-cortada-por-aumento-do-caudal-do-coura\/#primaryimage\",\"url\":\"https:\/\/portaltela.pt\/s.01k8rhncp4jt1\/2026\/01\/img_1500x1000uu2018-03-23-00-33-00-721690.jpg\",\"contentUrl\":\"https:\/\/portaltela.pt\/s.01k8rhncp4jt1\/2026\/01\/img_1500x1000uu2018-03-23-00-33-00-721690.jpg\",\"width\":796,\"height\":448,\"caption\":\"V\u00edtima estaria a pescar no rio Coura\"},{\"@type\":\"BreadcrumbList\",\"@id\":\"https:\/\/portaltela.pt\/noticias\/2026\/01\/26\/ponte-romanica-em-caminha-com-circulacao-cortada-por-aumento-do-caudal-do-coura\/#breadcrumb\",\"itemListElement\":[{\"@type\":\"ListItem\",\"position\":1,\"name\":\"In\u00edcio\",\"item\":\"https:\/\/portaltela.pt\/\"},{\"@type\":\"ListItem\",\"position\":2,\"name\":\"Ponte Rom\u00e2nica em Caminha com circula\u00e7\u00e3o cortada por aumento do caudal do Coura\"}]},{\"@type\":\"WebSite\",\"@id\":\"https:\/\/portaltela.pt\/#website\",\"url\":\"https:\/\/portaltela.pt\/\",\"name\":\"Portal Tela Portugal\",\"description\":\"\",\"potentialAction\":[{\"@type\":\"SearchAction\",\"target\":{\"@type\":\"EntryPoint\",\"urlTemplate\":\"https:\/\/portaltela.pt\/?s={search_term_string}\"},\"query-input\":{\"@type\":\"PropertyValueSpecification\",\"valueRequired\":true,\"valueName\":\"search_term_string\"}}],\"inLanguage\":\"pt-PT\"},{\"@type\":\"Person\",\"@id\":\"https:\/\/portaltela.pt\/#\/schema\/person\/c4278d4a6028830caff9ee44b42d32ed\",\"name\":\"Telinha\",\"image\":{\"@type\":\"ImageObject\",\"inLanguage\":\"pt-PT\",\"@id\":\"https:\/\/portaltela.pt\/s.01k8rhncp4jt1\/2025\/11\/talking-bot-125x125.png\",\"url\":\"https:\/\/portaltela.pt\/s.01k8rhncp4jt1\/2025\/11\/talking-bot-125x125.png\",\"contentUrl\":\"https:\/\/portaltela.pt\/s.01k8rhncp4jt1\/2025\/11\/talking-bot-125x125.png\",\"caption\":\"Telinha\"},\"sameAs\":[\"https:\/\/portaltela.pt\/\"],\"url\":\"https:\/\/portaltela.pt\/por\/367410592786\/\"}]}<\/script>\n<!-- \/ Yoast SEO plugin. -->","yoast_head_json":{"title":"Ponte Rom\u00e2nica em Caminha com circula\u00e7\u00e3o cortada por aumento do caudal do Coura - Portal Tela Portugal","robots":{"index":"index","follow":"follow","max-snippet":"max-snippet:-1","max-image-preview":"max-image-preview:large","max-video-preview":"max-video-preview:-1"},"og_locale":"pt_PT","og_type":"article","og_title":"Ponte Rom\u00e2nica em Caminha com circula\u00e7\u00e3o cortada por aumento do caudal do Coura - Portal Tela Portugal","og_description":"A Ponte Rom\u00e2nica em Vilar de Mouros, Caminha, fica fechada temporariamente por aumento do caudal do rio Coura, segundo a C\u00e2mara Municipal. A situa\u00e7\u00e3o impede a circula\u00e7\u00e3o segura e a via permanecer\u00e1 encerrada at\u00e9 haver condi\u00e7\u00f5es adequadas, com acompanhamento da prote\u00e7\u00e3o civil municipal. Em Ponte de Lima, o rio Estor\u00e3os galgou as margens, encerrando a ponte da freguesia e uma estrada municipal. Em Arcozelo, a ponte de Santa Marinha e a Rua da Oliveirinha est\u00e3o submersas devido ao caudal do rio Labruja, e o rio Lima inundou a zona do areal junto ao centro hist\u00f3rico entre as duas pontes. Depois da depress\u00e3o Ingrid, Joseph traz chuva, neve, vento e agita\u00e7\u00e3o mar\u00edtima no Minho e Douro Litoral; efeitos devem prolongar-se at\u00e9 ao fim de semana, segundo o IPMA.","og_url":"https:\/\/portaltela.pt\/noticias\/2026\/01\/26\/ponte-romanica-em-caminha-com-circulacao-cortada-por-aumento-do-caudal-do-coura\/","og_site_name":"Portal Tela Portugal","article_published_time":"2026-01-26T16:37:23+00:00","author":"Telinha","twitter_card":"summary_large_image","twitter_misc":{"Escrito por":"Telinha","Tempo estimado de leitura":"1 minuto"},"schema":{"@context":"https:\/\/schema.org","@graph":[{"@type":"Article","@id":"https:\/\/portaltela.pt\/noticias\/2026\/01\/26\/ponte-romanica-em-caminha-com-circulacao-cortada-por-aumento-do-caudal-do-coura\/#article","isPartOf":{"@id":"https:\/\/portaltela.pt\/noticias\/2026\/01\/26\/ponte-romanica-em-caminha-com-circulacao-cortada-por-aumento-do-caudal-do-coura\/"},"author":{"name":"Telinha","@id":"https:\/\/portaltela.pt\/#\/schema\/person\/c4278d4a6028830caff9ee44b42d32ed"},"headline":"Ponte Rom\u00e2nica em Caminha com circula\u00e7\u00e3o cortada por aumento do caudal do Coura","datePublished":"2026-01-26T16:37:23+00:00","mainEntityOfPage":{"@id":"https:\/\/portaltela.pt\/noticias\/2026\/01\/26\/ponte-romanica-em-caminha-com-circulacao-cortada-por-aumento-do-caudal-do-coura\/"},"wordCount":261,"image":{"@id":"https:\/\/portaltela.pt\/noticias\/2026\/01\/26\/ponte-romanica-em-caminha-com-circulacao-cortada-por-aumento-do-caudal-do-coura\/#primaryimage"},"thumbnailUrl":"https:\/\/portaltela.pt\/s.01k8rhncp4jt1\/2026\/01\/img_1500x1000uu2018-03-23-00-33-00-721690.jpg","keywords":["Bombeiros Volunt\u00e1rios","Caminha","inunda\u00e7\u00f5es","IPMA","Ponte de Lima","prote\u00e7\u00e3o civil"],"articleSection":["Not\u00edcias"],"inLanguage":"pt-PT"},{"@type":"WebPage","@id":"https:\/\/portaltela.pt\/noticias\/2026\/01\/26\/ponte-romanica-em-caminha-com-circulacao-cortada-por-aumento-do-caudal-do-coura\/","url":"https:\/\/portaltela.pt\/noticias\/2026\/01\/26\/ponte-romanica-em-caminha-com-circulacao-cortada-por-aumento-do-caudal-do-coura\/","name":"Ponte Rom\u00e2nica em Caminha com circula\u00e7\u00e3o cortada por aumento do caudal do Coura - Portal Tela Portugal","isPartOf":{"@id":"https:\/\/portaltela.pt\/#website"},"primaryImageOfPage":{"@id":"https:\/\/portaltela.pt\/noticias\/2026\/01\/26\/ponte-romanica-em-caminha-com-circulacao-cortada-por-aumento-do-caudal-do-coura\/#primaryimage"},"image":{"@id":"https:\/\/portaltela.pt\/noticias\/2026\/01\/26\/ponte-romanica-em-caminha-com-circulacao-cortada-por-aumento-do-caudal-do-coura\/#primaryimage"},"thumbnailUrl":"https:\/\/portaltela.pt\/s.01k8rhncp4jt1\/2026\/01\/img_1500x1000uu2018-03-23-00-33-00-721690.jpg","datePublished":"2026-01-26T16:37:23+00:00","author":{"@id":"https:\/\/portaltela.pt\/#\/schema\/person\/c4278d4a6028830caff9ee44b42d32ed"},"breadcrumb":{"@id":"https:\/\/portaltela.pt\/noticias\/2026\/01\/26\/ponte-romanica-em-caminha-com-circulacao-cortada-por-aumento-do-caudal-do-coura\/#breadcrumb"},"inLanguage":"pt-PT","potentialAction":[{"@type":"ReadAction","target":["https:\/\/portaltela.pt\/noticias\/2026\/01\/26\/ponte-romanica-em-caminha-com-circulacao-cortada-por-aumento-do-caudal-do-coura\/"]}]},{"@type":"ImageObject","inLanguage":"pt-PT","@id":"https:\/\/portaltela.pt\/noticias\/2026\/01\/26\/ponte-romanica-em-caminha-com-circulacao-cortada-por-aumento-do-caudal-do-coura\/#primaryimage","url":"https:\/\/portaltela.pt\/s.01k8rhncp4jt1\/2026\/01\/img_1500x1000uu2018-03-23-00-33-00-721690.jpg","contentUrl":"https:\/\/portaltela.pt\/s.01k8rhncp4jt1\/2026\/01\/img_1500x1000uu2018-03-23-00-33-00-721690.jpg","width":796,"height":448,"caption":"V\u00edtima estaria a pescar no rio Coura"},{"@type":"BreadcrumbList","@id":"https:\/\/portaltela.pt\/noticias\/2026\/01\/26\/ponte-romanica-em-caminha-com-circulacao-cortada-por-aumento-do-caudal-do-coura\/#breadcrumb","itemListElement":[{"@type":"ListItem","position":1,"name":"In\u00edcio","item":"https:\/\/portaltela.pt\/"},{"@type":"ListItem","position":2,"name":"Ponte Rom\u00e2nica em Caminha com circula\u00e7\u00e3o cortada por aumento do caudal do Coura"}]},{"@type":"WebSite","@id":"https:\/\/portaltela.pt\/#website","url":"https:\/\/portaltela.pt\/","name":"Portal Tela Portugal","description":"","potentialAction":[{"@type":"SearchAction","target":{"@type":"EntryPoint","urlTemplate":"https:\/\/portaltela.pt\/?s={search_term_string}"},"query-input":{"@type":"PropertyValueSpecification","valueRequired":true,"valueName":"search_term_string"}}],"inLanguage":"pt-PT"},{"@type":"Person","@id":"https:\/\/portaltela.pt\/#\/schema\/person\/c4278d4a6028830caff9ee44b42d32ed","name":"Telinha","image":{"@type":"ImageObject","inLanguage":"pt-PT","@id":"https:\/\/portaltela.pt\/s.01k8rhncp4jt1\/2025\/11\/talking-bot-125x125.png","url":"https:\/\/portaltela.pt\/s.01k8rhncp4jt1\/2025\/11\/talking-bot-125x125.png","contentUrl":"https:\/\/portaltela.pt\/s.01k8rhncp4jt1\/2025\/11\/talking-bot-125x125.png","caption":"Telinha"},"sameAs":["https:\/\/portaltela.pt\/"],"url":"https:\/\/portaltela.pt\/por\/367410592786\/"}]}},"_links":{"self":[{"href":"https:\/\/portaltela.pt\/api\/wp\/v2\/posts\/174817","targetHints":{"allow":["GET"]}}],"collection":[{"href":"https:\/\/portaltela.pt\/api\/wp\/v2\/posts"}],"about":[{"href":"https:\/\/portaltela.pt\/api\/wp\/v2\/types\/post"}],"author":[{"embeddable":true,"href":"https:\/\/portaltela.pt\/api\/wp\/v2\/users\/2"}],"replies":[{"embeddable":true,"href":"https:\/\/portaltela.pt\/api\/wp\/v2\/comments?post=174817"}],"version-history":[{"count":0,"href":"https:\/\/portaltela.pt\/api\/wp\/v2\/posts\/174817\/revisions"}],"wp:featuredmedia":[{"embeddable":true,"href":"https:\/\/portaltela.pt\/api\/wp\/v2\/media\/174822"}],"wp:attachment":[{"href":"https:\/\/portaltela.pt\/api\/wp\/v2\/media?parent=174817"}],"wp:term":[{"taxonomy":"category","embeddable":true,"href":"https:\/\/portaltela.pt\/api\/wp\/v2\/categories?post=174817"},{"taxonomy":"post_tag","embeddable":true,"href":"https:\/\/portaltela.pt\/api\/wp\/v2\/tags?post=174817"}],"curies":[{"name":"wp","href":"https:\/\/api.w.org\/{rel}","templated":true}]}}