{"id":174749,"date":"2026-01-26T13:10:24","date_gmt":"2026-01-26T16:10:24","guid":{"rendered":"https:\/\/portaltela.pt\/noticias\/2026\/01\/26\/credores-do-boavista-pedem-afastamento-da-direcao-do-clube\/"},"modified":"2026-01-26T13:10:24","modified_gmt":"2026-01-26T16:10:24","slug":"credores-do-boavista-pedem-afastamento-da-direcao-do-clube","status":"publish","type":"post","link":"https:\/\/portaltela.pt\/desporto\/futebol\/2026\/01\/26\/credores-do-boavista-pedem-afastamento-da-direcao-do-clube\/","title":{"rendered":"Credores do Boavista pedem afastamento da dire\u00e7\u00e3o do clube"},"content":{"rendered":"<p>Os credores do Boavista pedem o afastamento da dire\u00e7\u00e3o do clube. Alegam insolv\u00eancia que pode ditar o fim da atividade da institui\u00e7\u00e3o e exigem que a administradora de insolv\u00eancia assuma a gest\u00e3o do emblema. A pretens\u00e3o foi apresentada num requerimento a que a Lusa teve acesso esta segunda-feira.<\/p>\n<p>No documento, Rui Garrido Pereira fica impedido de praticar atos de gest\u00e3o e administra\u00e7\u00e3o, incluindo recebimentos e pagamentos. A solicita\u00e7\u00e3o define que, at\u00e9 ao encerramento da atividade ou at\u00e9 existir outra solu\u00e7\u00e3o aprovada pela Comiss\u00e3o de Credores, a gest\u00e3o passe a ser exclusiva da administradora Maria Clarisse Barros.<\/p>\n<p>O Boavista falhou o dep\u00f3sito de 53.680 euros para as despesas correntes deste m\u00eas e de 96.000 euros relativos a janeiro, o que agrava o incumprimento financeiro. Em dezembro, o clube tinha entregue 55.000 euros para despesas mensais, ficando pendentes os pagamentos de janeiro a mar\u00e7o.<\/p>\n<p>A administradora de insolv\u00eancia j\u00e1 tinha informado, h\u00e1 meses, a necessidade de encerrar a atividade do Boavista por gerarem preju\u00edzos \u00e0 massa insolvente. O clube, que n\u00e3o tem equipa s\u00e9nior ativa h\u00e1 dois meses e meio, est\u00e1 sem competi\u00e7\u00e3o na I Liga e com devida posi\u00e7\u00e3o na segunda divis\u00e3o distrital.<\/p>\n<p>Desde 16 de dezembro, o Boavista mantinha acordo com os credores para conservar a atividade, assumindo o d\u00e9fice corrente. Dois dias depois, lan\u00e7ou uma campanha de angaria\u00e7\u00e3o de fundos para cobrir necessidades imediatas.<\/p>\n<p>A SAD, liderada por Fary Faye, continua impedida de inscrever refor\u00e7os pela FIFA, mantendo restri\u00e7\u00f5es que afetam o planeamento desportivo. A institui\u00e7\u00e3o mant\u00e9m uma equipa de sub-19 a competir fora da estrutura principal, sem desbloquear as limita\u00e7\u00f5es impostas anteriormente.<\/p>\n","protected":false},"excerpt":{"rendered":"<ul>\n<li>Os credores do Boavista pedem o afastamento da dire\u00e7\u00e3o, deixando a gest\u00e3o da empresa de insolv\u00eancia a cargo da administradora Maria Clarisse Barros.<\/li>\n<li>S\u00e3o solicitados impedimentos \u00e0 dire\u00e7\u00e3o de Rui Garrido Pereira para que n\u00e3o pratique atos de gest\u00e3o, com a administra\u00e7\u00e3o a poder gerir ativos e pagamentos.<\/li>\n<li>O Boavista n\u00e3o depositou 53.680 euros para as despesas correntes deste m\u00eas nem 96.000 euros referentes \u00e0 presta\u00e7\u00e3o de janeiro.<\/li>\n<li>A administradora de insolv\u00eancia anunciou que iniciar\u00e1 de imediato o encerramento da atividade do clube, sem necessidade de nova convoca\u00e7\u00e3o da assembleia de credores.<\/li>\n<li>O clube tinha, em dezembro, acordo com credores para manter a atividade, lan\u00e7ou uma campanha de angaria\u00e7\u00e3o de fundos e enfrenta dificuldades na equipa s\u00e9nior, com a SAD j\u00e1 com impedimentos junto da FIFA.<\/li>\n<\/ul>\n","protected":false},"author":2,"featured_media":174754,"comment_status":"closed","ping_status":"closed","sticky":false,"template":"","format":"standard","meta":{"footnotes":""},"categories":[21,24],"tags":[4059,3133,152,3123,32],"class_list":["post-174749","post","type-post","status-publish","format-standard","has-post-thumbnail","hentry","category-desporto","category-futebol","tag-1-a-liga","tag-a-briosa","tag-desporto","tag-doacoes","tag-futebol"],"yoast_head":"<!-- This site is optimized with the Yoast SEO plugin v27.2 - https:\/\/yoast.com\/product\/yoast-seo-wordpress\/ -->\n<title>Credores do Boavista pedem afastamento da dire\u00e7\u00e3o do clube - Portal Tela Portugal<\/title>\n<meta name=\"robots\" content=\"index, follow, max-snippet:-1, max-image-preview:large, max-video-preview:-1\" \/>\n<meta property=\"og:locale\" content=\"pt_PT\" \/>\n<meta property=\"og:type\" content=\"article\" \/>\n<meta property=\"og:title\" content=\"Credores do Boavista pedem afastamento da dire\u00e7\u00e3o do clube - Portal Tela Portugal\" \/>\n<meta property=\"og:description\" content=\"Os credores do Boavista pedem o afastamento da dire\u00e7\u00e3o, deixando a gest\u00e3o da empresa de insolv\u00eancia a cargo da administradora Maria Clarisse Barros. S\u00e3o solicitados impedimentos \u00e0 dire\u00e7\u00e3o de Rui Garrido Pereira para que n\u00e3o pratique atos de gest\u00e3o, com a administra\u00e7\u00e3o a poder gerir ativos e pagamentos. O Boavista n\u00e3o depositou 53.680 euros para as despesas correntes deste m\u00eas nem 96.000 euros referentes \u00e0 presta\u00e7\u00e3o de janeiro. A administradora de insolv\u00eancia anunciou que iniciar\u00e1 de imediato o encerramento da atividade do clube, sem necessidade de nova convoca\u00e7\u00e3o da assembleia de credores. O clube tinha, em dezembro, acordo com credores para manter a atividade, lan\u00e7ou uma campanha de angaria\u00e7\u00e3o de fundos e enfrenta dificuldades na equipa s\u00e9nior, com a SAD j\u00e1 com impedimentos junto da FIFA.\" \/>\n<meta property=\"og:url\" content=\"https:\/\/portaltela.pt\/noticias\/2026\/01\/26\/credores-do-boavista-pedem-afastamento-da-direcao-do-clube\/\" \/>\n<meta property=\"og:site_name\" content=\"Portal Tela Portugal\" \/>\n<meta property=\"article:published_time\" content=\"2026-01-26T16:10:24+00:00\" \/>\n<meta name=\"author\" content=\"Telinha\" \/>\n<meta name=\"twitter:card\" content=\"summary_large_image\" \/>\n<meta name=\"twitter:label1\" content=\"Escrito por\" \/>\n\t<meta name=\"twitter:data1\" content=\"Telinha\" \/>\n\t<meta name=\"twitter:label2\" content=\"Tempo estimado de leitura\" \/>\n\t<meta name=\"twitter:data2\" content=\"1 minuto\" \/>\n<script type=\"application\/ld+json\" class=\"yoast-schema-graph\">{\"@context\":\"https:\/\/schema.org\",\"@graph\":[{\"@type\":\"Article\",\"@id\":\"https:\/\/portaltela.pt\/noticias\/2026\/01\/26\/credores-do-boavista-pedem-afastamento-da-direcao-do-clube\/#article\",\"isPartOf\":{\"@id\":\"https:\/\/portaltela.pt\/noticias\/2026\/01\/26\/credores-do-boavista-pedem-afastamento-da-direcao-do-clube\/\"},\"author\":{\"name\":\"Telinha\",\"@id\":\"https:\/\/portaltela.pt\/#\/schema\/person\/c4278d4a6028830caff9ee44b42d32ed\"},\"headline\":\"Credores do Boavista pedem afastamento da dire\u00e7\u00e3o do clube\",\"datePublished\":\"2026-01-26T16:10:24+00:00\",\"mainEntityOfPage\":{\"@id\":\"https:\/\/portaltela.pt\/noticias\/2026\/01\/26\/credores-do-boavista-pedem-afastamento-da-direcao-do-clube\/\"},\"wordCount\":299,\"image\":{\"@id\":\"https:\/\/portaltela.pt\/noticias\/2026\/01\/26\/credores-do-boavista-pedem-afastamento-da-direcao-do-clube\/#primaryimage\"},\"thumbnailUrl\":\"https:\/\/portaltela.pt\/s.01k8rhncp4jt1\/2026\/01\/img_1500x1000uu2025-09-05-15-08-29-2233412-1.jpg\",\"keywords\":[\"1.\u00aa Liga\",\"A Briosa\",\"desporto\",\"doa\u00e7\u00f5es\",\"futebol\"],\"articleSection\":[\"Desporto\",\"Futebol\"],\"inLanguage\":\"pt-PT\"},{\"@type\":\"WebPage\",\"@id\":\"https:\/\/portaltela.pt\/noticias\/2026\/01\/26\/credores-do-boavista-pedem-afastamento-da-direcao-do-clube\/\",\"url\":\"https:\/\/portaltela.pt\/noticias\/2026\/01\/26\/credores-do-boavista-pedem-afastamento-da-direcao-do-clube\/\",\"name\":\"Credores do Boavista pedem afastamento da dire\u00e7\u00e3o do clube - Portal Tela Portugal\",\"isPartOf\":{\"@id\":\"https:\/\/portaltela.pt\/#website\"},\"primaryImageOfPage\":{\"@id\":\"https:\/\/portaltela.pt\/noticias\/2026\/01\/26\/credores-do-boavista-pedem-afastamento-da-direcao-do-clube\/#primaryimage\"},\"image\":{\"@id\":\"https:\/\/portaltela.pt\/noticias\/2026\/01\/26\/credores-do-boavista-pedem-afastamento-da-direcao-do-clube\/#primaryimage\"},\"thumbnailUrl\":\"https:\/\/portaltela.pt\/s.01k8rhncp4jt1\/2026\/01\/img_1500x1000uu2025-09-05-15-08-29-2233412-1.jpg\",\"datePublished\":\"2026-01-26T16:10:24+00:00\",\"author\":{\"@id\":\"https:\/\/portaltela.pt\/#\/schema\/person\/c4278d4a6028830caff9ee44b42d32ed\"},\"breadcrumb\":{\"@id\":\"https:\/\/portaltela.pt\/noticias\/2026\/01\/26\/credores-do-boavista-pedem-afastamento-da-direcao-do-clube\/#breadcrumb\"},\"inLanguage\":\"pt-PT\",\"potentialAction\":[{\"@type\":\"ReadAction\",\"target\":[\"https:\/\/portaltela.pt\/noticias\/2026\/01\/26\/credores-do-boavista-pedem-afastamento-da-direcao-do-clube\/\"]}]},{\"@type\":\"ImageObject\",\"inLanguage\":\"pt-PT\",\"@id\":\"https:\/\/portaltela.pt\/noticias\/2026\/01\/26\/credores-do-boavista-pedem-afastamento-da-direcao-do-clube\/#primaryimage\",\"url\":\"https:\/\/portaltela.pt\/s.01k8rhncp4jt1\/2026\/01\/img_1500x1000uu2025-09-05-15-08-29-2233412-1.jpg\",\"contentUrl\":\"https:\/\/portaltela.pt\/s.01k8rhncp4jt1\/2026\/01\/img_1500x1000uu2025-09-05-15-08-29-2233412-1.jpg\",\"width\":796,\"height\":448,\"caption\":\"Boavista falhou o dep\u00f3sito de 53.680 euros, para fazer face \u00e0s suas despesas correntes este m\u00eas\"},{\"@type\":\"BreadcrumbList\",\"@id\":\"https:\/\/portaltela.pt\/noticias\/2026\/01\/26\/credores-do-boavista-pedem-afastamento-da-direcao-do-clube\/#breadcrumb\",\"itemListElement\":[{\"@type\":\"ListItem\",\"position\":1,\"name\":\"In\u00edcio\",\"item\":\"https:\/\/portaltela.pt\/\"},{\"@type\":\"ListItem\",\"position\":2,\"name\":\"Credores do Boavista pedem afastamento da dire\u00e7\u00e3o do clube\"}]},{\"@type\":\"WebSite\",\"@id\":\"https:\/\/portaltela.pt\/#website\",\"url\":\"https:\/\/portaltela.pt\/\",\"name\":\"Portal Tela Portugal\",\"description\":\"\",\"potentialAction\":[{\"@type\":\"SearchAction\",\"target\":{\"@type\":\"EntryPoint\",\"urlTemplate\":\"https:\/\/portaltela.pt\/?s={search_term_string}\"},\"query-input\":{\"@type\":\"PropertyValueSpecification\",\"valueRequired\":true,\"valueName\":\"search_term_string\"}}],\"inLanguage\":\"pt-PT\"},{\"@type\":\"Person\",\"@id\":\"https:\/\/portaltela.pt\/#\/schema\/person\/c4278d4a6028830caff9ee44b42d32ed\",\"name\":\"Telinha\",\"image\":{\"@type\":\"ImageObject\",\"inLanguage\":\"pt-PT\",\"@id\":\"https:\/\/portaltela.pt\/s.01k8rhncp4jt1\/2025\/11\/talking-bot-125x125.png\",\"url\":\"https:\/\/portaltela.pt\/s.01k8rhncp4jt1\/2025\/11\/talking-bot-125x125.png\",\"contentUrl\":\"https:\/\/portaltela.pt\/s.01k8rhncp4jt1\/2025\/11\/talking-bot-125x125.png\",\"caption\":\"Telinha\"},\"sameAs\":[\"https:\/\/portaltela.pt\/\"],\"url\":\"https:\/\/portaltela.pt\/por\/367410592786\/\"}]}<\/script>\n<!-- \/ Yoast SEO plugin. -->","yoast_head_json":{"title":"Credores do Boavista pedem afastamento da dire\u00e7\u00e3o do clube - Portal Tela Portugal","robots":{"index":"index","follow":"follow","max-snippet":"max-snippet:-1","max-image-preview":"max-image-preview:large","max-video-preview":"max-video-preview:-1"},"og_locale":"pt_PT","og_type":"article","og_title":"Credores do Boavista pedem afastamento da dire\u00e7\u00e3o do clube - Portal Tela Portugal","og_description":"Os credores do Boavista pedem o afastamento da dire\u00e7\u00e3o, deixando a gest\u00e3o da empresa de insolv\u00eancia a cargo da administradora Maria Clarisse Barros. S\u00e3o solicitados impedimentos \u00e0 dire\u00e7\u00e3o de Rui Garrido Pereira para que n\u00e3o pratique atos de gest\u00e3o, com a administra\u00e7\u00e3o a poder gerir ativos e pagamentos. O Boavista n\u00e3o depositou 53.680 euros para as despesas correntes deste m\u00eas nem 96.000 euros referentes \u00e0 presta\u00e7\u00e3o de janeiro. A administradora de insolv\u00eancia anunciou que iniciar\u00e1 de imediato o encerramento da atividade do clube, sem necessidade de nova convoca\u00e7\u00e3o da assembleia de credores. O clube tinha, em dezembro, acordo com credores para manter a atividade, lan\u00e7ou uma campanha de angaria\u00e7\u00e3o de fundos e enfrenta dificuldades na equipa s\u00e9nior, com a SAD j\u00e1 com impedimentos junto da FIFA.","og_url":"https:\/\/portaltela.pt\/noticias\/2026\/01\/26\/credores-do-boavista-pedem-afastamento-da-direcao-do-clube\/","og_site_name":"Portal Tela Portugal","article_published_time":"2026-01-26T16:10:24+00:00","author":"Telinha","twitter_card":"summary_large_image","twitter_misc":{"Escrito por":"Telinha","Tempo estimado de leitura":"1 minuto"},"schema":{"@context":"https:\/\/schema.org","@graph":[{"@type":"Article","@id":"https:\/\/portaltela.pt\/noticias\/2026\/01\/26\/credores-do-boavista-pedem-afastamento-da-direcao-do-clube\/#article","isPartOf":{"@id":"https:\/\/portaltela.pt\/noticias\/2026\/01\/26\/credores-do-boavista-pedem-afastamento-da-direcao-do-clube\/"},"author":{"name":"Telinha","@id":"https:\/\/portaltela.pt\/#\/schema\/person\/c4278d4a6028830caff9ee44b42d32ed"},"headline":"Credores do Boavista pedem afastamento da dire\u00e7\u00e3o do clube","datePublished":"2026-01-26T16:10:24+00:00","mainEntityOfPage":{"@id":"https:\/\/portaltela.pt\/noticias\/2026\/01\/26\/credores-do-boavista-pedem-afastamento-da-direcao-do-clube\/"},"wordCount":299,"image":{"@id":"https:\/\/portaltela.pt\/noticias\/2026\/01\/26\/credores-do-boavista-pedem-afastamento-da-direcao-do-clube\/#primaryimage"},"thumbnailUrl":"https:\/\/portaltela.pt\/s.01k8rhncp4jt1\/2026\/01\/img_1500x1000uu2025-09-05-15-08-29-2233412-1.jpg","keywords":["1.\u00aa Liga","A Briosa","desporto","doa\u00e7\u00f5es","futebol"],"articleSection":["Desporto","Futebol"],"inLanguage":"pt-PT"},{"@type":"WebPage","@id":"https:\/\/portaltela.pt\/noticias\/2026\/01\/26\/credores-do-boavista-pedem-afastamento-da-direcao-do-clube\/","url":"https:\/\/portaltela.pt\/noticias\/2026\/01\/26\/credores-do-boavista-pedem-afastamento-da-direcao-do-clube\/","name":"Credores do Boavista pedem afastamento da dire\u00e7\u00e3o do clube - Portal Tela Portugal","isPartOf":{"@id":"https:\/\/portaltela.pt\/#website"},"primaryImageOfPage":{"@id":"https:\/\/portaltela.pt\/noticias\/2026\/01\/26\/credores-do-boavista-pedem-afastamento-da-direcao-do-clube\/#primaryimage"},"image":{"@id":"https:\/\/portaltela.pt\/noticias\/2026\/01\/26\/credores-do-boavista-pedem-afastamento-da-direcao-do-clube\/#primaryimage"},"thumbnailUrl":"https:\/\/portaltela.pt\/s.01k8rhncp4jt1\/2026\/01\/img_1500x1000uu2025-09-05-15-08-29-2233412-1.jpg","datePublished":"2026-01-26T16:10:24+00:00","author":{"@id":"https:\/\/portaltela.pt\/#\/schema\/person\/c4278d4a6028830caff9ee44b42d32ed"},"breadcrumb":{"@id":"https:\/\/portaltela.pt\/noticias\/2026\/01\/26\/credores-do-boavista-pedem-afastamento-da-direcao-do-clube\/#breadcrumb"},"inLanguage":"pt-PT","potentialAction":[{"@type":"ReadAction","target":["https:\/\/portaltela.pt\/noticias\/2026\/01\/26\/credores-do-boavista-pedem-afastamento-da-direcao-do-clube\/"]}]},{"@type":"ImageObject","inLanguage":"pt-PT","@id":"https:\/\/portaltela.pt\/noticias\/2026\/01\/26\/credores-do-boavista-pedem-afastamento-da-direcao-do-clube\/#primaryimage","url":"https:\/\/portaltela.pt\/s.01k8rhncp4jt1\/2026\/01\/img_1500x1000uu2025-09-05-15-08-29-2233412-1.jpg","contentUrl":"https:\/\/portaltela.pt\/s.01k8rhncp4jt1\/2026\/01\/img_1500x1000uu2025-09-05-15-08-29-2233412-1.jpg","width":796,"height":448,"caption":"Boavista falhou o dep\u00f3sito de 53.680 euros, para fazer face \u00e0s suas despesas correntes este m\u00eas"},{"@type":"BreadcrumbList","@id":"https:\/\/portaltela.pt\/noticias\/2026\/01\/26\/credores-do-boavista-pedem-afastamento-da-direcao-do-clube\/#breadcrumb","itemListElement":[{"@type":"ListItem","position":1,"name":"In\u00edcio","item":"https:\/\/portaltela.pt\/"},{"@type":"ListItem","position":2,"name":"Credores do Boavista pedem afastamento da dire\u00e7\u00e3o do clube"}]},{"@type":"WebSite","@id":"https:\/\/portaltela.pt\/#website","url":"https:\/\/portaltela.pt\/","name":"Portal Tela Portugal","description":"","potentialAction":[{"@type":"SearchAction","target":{"@type":"EntryPoint","urlTemplate":"https:\/\/portaltela.pt\/?s={search_term_string}"},"query-input":{"@type":"PropertyValueSpecification","valueRequired":true,"valueName":"search_term_string"}}],"inLanguage":"pt-PT"},{"@type":"Person","@id":"https:\/\/portaltela.pt\/#\/schema\/person\/c4278d4a6028830caff9ee44b42d32ed","name":"Telinha","image":{"@type":"ImageObject","inLanguage":"pt-PT","@id":"https:\/\/portaltela.pt\/s.01k8rhncp4jt1\/2025\/11\/talking-bot-125x125.png","url":"https:\/\/portaltela.pt\/s.01k8rhncp4jt1\/2025\/11\/talking-bot-125x125.png","contentUrl":"https:\/\/portaltela.pt\/s.01k8rhncp4jt1\/2025\/11\/talking-bot-125x125.png","caption":"Telinha"},"sameAs":["https:\/\/portaltela.pt\/"],"url":"https:\/\/portaltela.pt\/por\/367410592786\/"}]}},"_links":{"self":[{"href":"https:\/\/portaltela.pt\/api\/wp\/v2\/posts\/174749","targetHints":{"allow":["GET"]}}],"collection":[{"href":"https:\/\/portaltela.pt\/api\/wp\/v2\/posts"}],"about":[{"href":"https:\/\/portaltela.pt\/api\/wp\/v2\/types\/post"}],"author":[{"embeddable":true,"href":"https:\/\/portaltela.pt\/api\/wp\/v2\/users\/2"}],"replies":[{"embeddable":true,"href":"https:\/\/portaltela.pt\/api\/wp\/v2\/comments?post=174749"}],"version-history":[{"count":0,"href":"https:\/\/portaltela.pt\/api\/wp\/v2\/posts\/174749\/revisions"}],"wp:featuredmedia":[{"embeddable":true,"href":"https:\/\/portaltela.pt\/api\/wp\/v2\/media\/174754"}],"wp:attachment":[{"href":"https:\/\/portaltela.pt\/api\/wp\/v2\/media?parent=174749"}],"wp:term":[{"taxonomy":"category","embeddable":true,"href":"https:\/\/portaltela.pt\/api\/wp\/v2\/categories?post=174749"},{"taxonomy":"post_tag","embeddable":true,"href":"https:\/\/portaltela.pt\/api\/wp\/v2\/tags?post=174749"}],"curies":[{"name":"wp","href":"https:\/\/api.w.org\/{rel}","templated":true}]}}