{"id":174745,"date":"2026-01-26T12:42:00","date_gmt":"2026-01-26T15:42:00","guid":{"rendered":"https:\/\/portaltela.pt\/noticias\/2026\/01\/26\/naufragios-no-mediterraneo-podem-ter-causado-centenas-de-mortos\/"},"modified":"2026-01-26T12:42:00","modified_gmt":"2026-01-26T15:42:00","slug":"naufragios-no-mediterraneo-podem-ter-causado-centenas-de-mortos","status":"publish","type":"post","link":"https:\/\/portaltela.pt\/noticias\/politica\/2026\/01\/26\/naufragios-no-mediterraneo-podem-ter-causado-centenas-de-mortos\/","title":{"rendered":"Naufr\u00e1gios no Mediterr\u00e2neo podem ter causado centenas de mortos"},"content":{"rendered":"<p>Na Mediterr\u00e2neo Central, v\u00e1rias embarca\u00e7\u00f5es continuam a provocar trag\u00e9dias: informa\u00e7\u00f5es preliminares indicam que centenas de pessoas podem estar desaparecidas ou mortas nos \u00faltimos dias. A Organiza\u00e7\u00e3o Internacional para as Migra\u00e7\u00f5es (OIM) est\u00e1 a verificar relatos de m\u00faltiplos naufr\u00e1gios na regi\u00e3o.<\/p>\n<p>Em Lampedusa, It\u00e1lia, tr\u00eas \u00f3bitos foram confirmados numa opera\u00e7\u00e3o de busca e salvamento que envolveu uma embarca\u00e7\u00e3o origin\u00e1ria da Tun\u00edsia. Entre as v\u00edtimas est\u00e3o duas meninas g\u00e9meas, com cerca de um ano, que morreram de hipotermia j\u00e1 no desembarque; um homem tamb\u00e9m faleceu pouco depois de chegar \u00e0 ilha.<\/p>\n<p>A OIM sublinha a gravidade dos riscos enfrentados por quem tenta estas viagens, destacando a vulnerabilidade dos que partem. Os sobreviventes indicaram que outra embarca\u00e7\u00e3o partiu do mesmo local e hora, mas n\u00e3o chegou ao destino, o que aumenta as preocupa\u00e7\u00f5es sobre mais vidas em perigo.<\/p>\n<h3>Nova vaga de buscas e relatos contradit\u00f3rios<\/h3>\n<p>A organiza\u00e7\u00e3o est\u00e1 a trabalhar para esclarecer o que aconteceu aos passageiros e \u00e0 tripula\u00e7\u00e3o de v\u00e1rias embarca\u00e7\u00f5es dadas como desaparecidas. Um sobrevivente resgatado por uma embarca\u00e7\u00e3o comercial relatou ter sobrevivido a um naufr\u00e1gio com pelo menos 50 pessoas desaparecidas ou mortas.<\/p>\n<p>A Guarda Costeira italiana continua a realizar buscas para localizar outras embarca\u00e7\u00f5es em situa\u00e7\u00e3o de desaparecimento ou perigo nos \u00faltimos dias, mantendo opera\u00e7\u00f5es na \u00e1rea.<\/p>\n<p>Relatos n\u00e3o confirmados apontam para mais 51 \u00f3bitos num naufr\u00e1gio ao largo da costa de Tobruk, L\u00edbia. A OIM afirma que ainda n\u00e3o h\u00e1 confirma\u00e7\u00e3o oficial, mas que as informa\u00e7\u00f5es indicam uma nova trag\u00e9dia no Mediterr\u00e2neo central.<\/p>\n<h3>Contexto e apelos da OIM<\/h3>\n<p>A OIM afirma que a dimens\u00e3o das fatalidades sugere uma trag\u00e9dia de grandes propor\u00e7\u00f5es na regi\u00e3o, sendo necess\u00e1ria a coopera\u00e7\u00e3o internacional para enfrentar o tr\u00e1fico de migrantes. A organiza\u00e7\u00e3o ressalta que as redes criminosas continuam a explorar pessoas em embarca\u00e7\u00f5es superlotadas e em condi\u00e7\u00f5es prec\u00e1rias.<\/p>\n<p>A entidade defende medidas mais fortes contra redes de contrabando e tr\u00e1fico de seres humanos, que colocam vidas em risco com fins lucrativos. A OIM acrescenta que estas redes s\u00e3o respons\u00e1veis pelas mortes e devem ser responsabilizadas.<\/p>\n<p>O saldo inicial de 2025 j\u00e1 aponta centenas de desaparecidos na rota migrat\u00f3ria mais mort\u00edfera do mundo. Em valores provis\u00f3rios, registaram-se, apenas neste ano, dezenas de ocorr\u00eancias graves na rota que liga o Norte de \u00c1frica \u00e0 Europa, em especial It\u00e1lia e Malta.<\/p>\n","protected":false},"excerpt":{"rendered":"<ul>\n<li>A Organiza\u00e7\u00e3o Internacional para as Migra\u00e7\u00f5es (OIM) diz que centenas de pessoas podem estar desaparecidas ou mortas no mar no Mediterr\u00e2neo Central, nos \u00faltimos dez dias.<\/li>\n<li>Em Lampedusa, It\u00e1lia, foram registadas tr\u00eas mortes ap\u00f3s opera\u00e7\u00e3o de busca e salvamento envolvendo uma embarca\u00e7\u00e3o que partiu da Tun\u00edsia; entre as v\u00edtimas est\u00e3o duas meninas g\u00e9meas, de aproximadamente um ano.<\/li>\n<li>Uma sobrevivente da Guin\u00e9, que \u00e9 m\u00e3e, relatou que uma outra pessoa morreu pouco depois da chegada por hipotermia; outra pessoa resgatada tamb\u00e9m perdeu a vida por hipotermia.<\/li>\n<li>A OIM est\u00e1 preocupada com a situa\u00e7\u00e3o e afirmou que uma segunda embarca\u00e7\u00e3o partiu do mesmo local e ao mesmo tempo, mas n\u00e3o chegou ao destino; o destino permanece desconhecido e h\u00e1 temores sobre os passageiros.<\/li>\n<li>H\u00e1 relatos n\u00e3o confirmados de mais de cinquenta mortos num naufr\u00e1gio perto de Tobruk, L\u00edbia; a OIM aponta que, em 2025, j\u00e1 perderam a vida pelo menos 1.340 pessoas no Mediterr\u00e2neo central e faz apelos a medidas contra redes de tr\u00e1fico de migrantes.<\/li>\n<\/ul>\n","protected":false},"author":2,"featured_media":174753,"comment_status":"closed","ping_status":"closed","sticky":false,"template":"","format":"standard","meta":{"footnotes":""},"categories":[1,5],"tags":[2487,712,1857,1456,1007,3475],"class_list":["post-174745","post","type-post","status-publish","format-standard","has-post-thumbnail","hentry","category-noticias","category-politica","tag-europa","tag-imigracao","tag-italia","tag-migracao","tag-resgate-maritimo","tag-trafico-de-seres-humanos"],"yoast_head":"<!-- This site is optimized with the Yoast SEO plugin v27.2 - https:\/\/yoast.com\/product\/yoast-seo-wordpress\/ -->\n<title>Naufr\u00e1gios no Mediterr\u00e2neo podem ter causado centenas de mortos - Portal Tela Portugal<\/title>\n<meta name=\"robots\" content=\"index, follow, max-snippet:-1, max-image-preview:large, max-video-preview:-1\" \/>\n<meta property=\"og:locale\" content=\"pt_PT\" \/>\n<meta property=\"og:type\" content=\"article\" \/>\n<meta property=\"og:title\" content=\"Naufr\u00e1gios no Mediterr\u00e2neo podem ter causado centenas de mortos - Portal Tela Portugal\" \/>\n<meta property=\"og:description\" content=\"A Organiza\u00e7\u00e3o Internacional para as Migra\u00e7\u00f5es (OIM) diz que centenas de pessoas podem estar desaparecidas ou mortas no mar no Mediterr\u00e2neo Central, nos \u00faltimos dez dias. Em Lampedusa, It\u00e1lia, foram registadas tr\u00eas mortes ap\u00f3s opera\u00e7\u00e3o de busca e salvamento envolvendo uma embarca\u00e7\u00e3o que partiu da Tun\u00edsia; entre as v\u00edtimas est\u00e3o duas meninas g\u00e9meas, de aproximadamente um ano. Uma sobrevivente da Guin\u00e9, que \u00e9 m\u00e3e, relatou que uma outra pessoa morreu pouco depois da chegada por hipotermia; outra pessoa resgatada tamb\u00e9m perdeu a vida por hipotermia. A OIM est\u00e1 preocupada com a situa\u00e7\u00e3o e afirmou que uma segunda embarca\u00e7\u00e3o partiu do mesmo local e ao mesmo tempo, mas n\u00e3o chegou ao destino; o destino permanece desconhecido e h\u00e1 temores sobre os passageiros. H\u00e1 relatos n\u00e3o confirmados de mais de cinquenta mortos num naufr\u00e1gio perto de Tobruk, L\u00edbia; a OIM aponta que, em 2025, j\u00e1 perderam a vida pelo menos 1.340 pessoas no Mediterr\u00e2neo central e faz apelos a medidas contra redes de tr\u00e1fico de migrantes.\" \/>\n<meta property=\"og:url\" content=\"https:\/\/portaltela.pt\/noticias\/2026\/01\/26\/naufragios-no-mediterraneo-podem-ter-causado-centenas-de-mortos\/\" \/>\n<meta property=\"og:site_name\" content=\"Portal Tela Portugal\" \/>\n<meta property=\"article:published_time\" content=\"2026-01-26T15:42:00+00:00\" \/>\n<meta name=\"author\" content=\"Telinha\" \/>\n<meta name=\"twitter:card\" content=\"summary_large_image\" \/>\n<meta name=\"twitter:label1\" content=\"Escrito por\" \/>\n\t<meta name=\"twitter:data1\" content=\"Telinha\" \/>\n\t<meta name=\"twitter:label2\" content=\"Tempo estimado de leitura\" \/>\n\t<meta name=\"twitter:data2\" content=\"2 minutos\" \/>\n<script type=\"application\/ld+json\" class=\"yoast-schema-graph\">{\"@context\":\"https:\/\/schema.org\",\"@graph\":[{\"@type\":\"Article\",\"@id\":\"https:\/\/portaltela.pt\/noticias\/2026\/01\/26\/naufragios-no-mediterraneo-podem-ter-causado-centenas-de-mortos\/#article\",\"isPartOf\":{\"@id\":\"https:\/\/portaltela.pt\/noticias\/2026\/01\/26\/naufragios-no-mediterraneo-podem-ter-causado-centenas-de-mortos\/\"},\"author\":{\"name\":\"Telinha\",\"@id\":\"https:\/\/portaltela.pt\/#\/schema\/person\/c4278d4a6028830caff9ee44b42d32ed\"},\"headline\":\"Naufr\u00e1gios no Mediterr\u00e2neo podem ter causado centenas de mortos\",\"datePublished\":\"2026-01-26T15:42:00+00:00\",\"mainEntityOfPage\":{\"@id\":\"https:\/\/portaltela.pt\/noticias\/2026\/01\/26\/naufragios-no-mediterraneo-podem-ter-causado-centenas-de-mortos\/\"},\"wordCount\":441,\"image\":{\"@id\":\"https:\/\/portaltela.pt\/noticias\/2026\/01\/26\/naufragios-no-mediterraneo-podem-ter-causado-centenas-de-mortos\/#primaryimage\"},\"thumbnailUrl\":\"https:\/\/portaltela.pt\/s.01k8rhncp4jt1\/2026\/01\/unnamed-file-5348.jpg\",\"keywords\":[\"Europa\",\"imigra\u00e7\u00e3o\",\"It\u00e1lia\",\"migra\u00e7\u00e3o\",\"Resgate Mar\u00edtimo\",\"tr\u00e1fico de seres humanos\"],\"articleSection\":[\"Not\u00edcias\",\"Pol\u00edtica\"],\"inLanguage\":\"pt-PT\"},{\"@type\":\"WebPage\",\"@id\":\"https:\/\/portaltela.pt\/noticias\/2026\/01\/26\/naufragios-no-mediterraneo-podem-ter-causado-centenas-de-mortos\/\",\"url\":\"https:\/\/portaltela.pt\/noticias\/2026\/01\/26\/naufragios-no-mediterraneo-podem-ter-causado-centenas-de-mortos\/\",\"name\":\"Naufr\u00e1gios no Mediterr\u00e2neo podem ter causado centenas de mortos - Portal Tela Portugal\",\"isPartOf\":{\"@id\":\"https:\/\/portaltela.pt\/#website\"},\"primaryImageOfPage\":{\"@id\":\"https:\/\/portaltela.pt\/noticias\/2026\/01\/26\/naufragios-no-mediterraneo-podem-ter-causado-centenas-de-mortos\/#primaryimage\"},\"image\":{\"@id\":\"https:\/\/portaltela.pt\/noticias\/2026\/01\/26\/naufragios-no-mediterraneo-podem-ter-causado-centenas-de-mortos\/#primaryimage\"},\"thumbnailUrl\":\"https:\/\/portaltela.pt\/s.01k8rhncp4jt1\/2026\/01\/unnamed-file-5348.jpg\",\"datePublished\":\"2026-01-26T15:42:00+00:00\",\"author\":{\"@id\":\"https:\/\/portaltela.pt\/#\/schema\/person\/c4278d4a6028830caff9ee44b42d32ed\"},\"breadcrumb\":{\"@id\":\"https:\/\/portaltela.pt\/noticias\/2026\/01\/26\/naufragios-no-mediterraneo-podem-ter-causado-centenas-de-mortos\/#breadcrumb\"},\"inLanguage\":\"pt-PT\",\"potentialAction\":[{\"@type\":\"ReadAction\",\"target\":[\"https:\/\/portaltela.pt\/noticias\/2026\/01\/26\/naufragios-no-mediterraneo-podem-ter-causado-centenas-de-mortos\/\"]}]},{\"@type\":\"ImageObject\",\"inLanguage\":\"pt-PT\",\"@id\":\"https:\/\/portaltela.pt\/noticias\/2026\/01\/26\/naufragios-no-mediterraneo-podem-ter-causado-centenas-de-mortos\/#primaryimage\",\"url\":\"https:\/\/portaltela.pt\/s.01k8rhncp4jt1\/2026\/01\/unnamed-file-5348.jpg\",\"contentUrl\":\"https:\/\/portaltela.pt\/s.01k8rhncp4jt1\/2026\/01\/unnamed-file-5348.jpg\",\"width\":796,\"height\":448,\"caption\":\"Governos e civis v\u00e3o avaliar cumprimento das promessas a refugiados\"},{\"@type\":\"BreadcrumbList\",\"@id\":\"https:\/\/portaltela.pt\/noticias\/2026\/01\/26\/naufragios-no-mediterraneo-podem-ter-causado-centenas-de-mortos\/#breadcrumb\",\"itemListElement\":[{\"@type\":\"ListItem\",\"position\":1,\"name\":\"In\u00edcio\",\"item\":\"https:\/\/portaltela.pt\/\"},{\"@type\":\"ListItem\",\"position\":2,\"name\":\"Naufr\u00e1gios no Mediterr\u00e2neo podem ter causado centenas de mortos\"}]},{\"@type\":\"WebSite\",\"@id\":\"https:\/\/portaltela.pt\/#website\",\"url\":\"https:\/\/portaltela.pt\/\",\"name\":\"Portal Tela Portugal\",\"description\":\"\",\"potentialAction\":[{\"@type\":\"SearchAction\",\"target\":{\"@type\":\"EntryPoint\",\"urlTemplate\":\"https:\/\/portaltela.pt\/?s={search_term_string}\"},\"query-input\":{\"@type\":\"PropertyValueSpecification\",\"valueRequired\":true,\"valueName\":\"search_term_string\"}}],\"inLanguage\":\"pt-PT\"},{\"@type\":\"Person\",\"@id\":\"https:\/\/portaltela.pt\/#\/schema\/person\/c4278d4a6028830caff9ee44b42d32ed\",\"name\":\"Telinha\",\"image\":{\"@type\":\"ImageObject\",\"inLanguage\":\"pt-PT\",\"@id\":\"https:\/\/portaltela.pt\/s.01k8rhncp4jt1\/2025\/11\/talking-bot-125x125.png\",\"url\":\"https:\/\/portaltela.pt\/s.01k8rhncp4jt1\/2025\/11\/talking-bot-125x125.png\",\"contentUrl\":\"https:\/\/portaltela.pt\/s.01k8rhncp4jt1\/2025\/11\/talking-bot-125x125.png\",\"caption\":\"Telinha\"},\"sameAs\":[\"https:\/\/portaltela.pt\/\"],\"url\":\"https:\/\/portaltela.pt\/por\/367410592786\/\"}]}<\/script>\n<!-- \/ Yoast SEO plugin. -->","yoast_head_json":{"title":"Naufr\u00e1gios no Mediterr\u00e2neo podem ter causado centenas de mortos - Portal Tela Portugal","robots":{"index":"index","follow":"follow","max-snippet":"max-snippet:-1","max-image-preview":"max-image-preview:large","max-video-preview":"max-video-preview:-1"},"og_locale":"pt_PT","og_type":"article","og_title":"Naufr\u00e1gios no Mediterr\u00e2neo podem ter causado centenas de mortos - Portal Tela Portugal","og_description":"A Organiza\u00e7\u00e3o Internacional para as Migra\u00e7\u00f5es (OIM) diz que centenas de pessoas podem estar desaparecidas ou mortas no mar no Mediterr\u00e2neo Central, nos \u00faltimos dez dias. Em Lampedusa, It\u00e1lia, foram registadas tr\u00eas mortes ap\u00f3s opera\u00e7\u00e3o de busca e salvamento envolvendo uma embarca\u00e7\u00e3o que partiu da Tun\u00edsia; entre as v\u00edtimas est\u00e3o duas meninas g\u00e9meas, de aproximadamente um ano. Uma sobrevivente da Guin\u00e9, que \u00e9 m\u00e3e, relatou que uma outra pessoa morreu pouco depois da chegada por hipotermia; outra pessoa resgatada tamb\u00e9m perdeu a vida por hipotermia. A OIM est\u00e1 preocupada com a situa\u00e7\u00e3o e afirmou que uma segunda embarca\u00e7\u00e3o partiu do mesmo local e ao mesmo tempo, mas n\u00e3o chegou ao destino; o destino permanece desconhecido e h\u00e1 temores sobre os passageiros. H\u00e1 relatos n\u00e3o confirmados de mais de cinquenta mortos num naufr\u00e1gio perto de Tobruk, L\u00edbia; a OIM aponta que, em 2025, j\u00e1 perderam a vida pelo menos 1.340 pessoas no Mediterr\u00e2neo central e faz apelos a medidas contra redes de tr\u00e1fico de migrantes.","og_url":"https:\/\/portaltela.pt\/noticias\/2026\/01\/26\/naufragios-no-mediterraneo-podem-ter-causado-centenas-de-mortos\/","og_site_name":"Portal Tela Portugal","article_published_time":"2026-01-26T15:42:00+00:00","author":"Telinha","twitter_card":"summary_large_image","twitter_misc":{"Escrito por":"Telinha","Tempo estimado de leitura":"2 minutos"},"schema":{"@context":"https:\/\/schema.org","@graph":[{"@type":"Article","@id":"https:\/\/portaltela.pt\/noticias\/2026\/01\/26\/naufragios-no-mediterraneo-podem-ter-causado-centenas-de-mortos\/#article","isPartOf":{"@id":"https:\/\/portaltela.pt\/noticias\/2026\/01\/26\/naufragios-no-mediterraneo-podem-ter-causado-centenas-de-mortos\/"},"author":{"name":"Telinha","@id":"https:\/\/portaltela.pt\/#\/schema\/person\/c4278d4a6028830caff9ee44b42d32ed"},"headline":"Naufr\u00e1gios no Mediterr\u00e2neo podem ter causado centenas de mortos","datePublished":"2026-01-26T15:42:00+00:00","mainEntityOfPage":{"@id":"https:\/\/portaltela.pt\/noticias\/2026\/01\/26\/naufragios-no-mediterraneo-podem-ter-causado-centenas-de-mortos\/"},"wordCount":441,"image":{"@id":"https:\/\/portaltela.pt\/noticias\/2026\/01\/26\/naufragios-no-mediterraneo-podem-ter-causado-centenas-de-mortos\/#primaryimage"},"thumbnailUrl":"https:\/\/portaltela.pt\/s.01k8rhncp4jt1\/2026\/01\/unnamed-file-5348.jpg","keywords":["Europa","imigra\u00e7\u00e3o","It\u00e1lia","migra\u00e7\u00e3o","Resgate Mar\u00edtimo","tr\u00e1fico de seres humanos"],"articleSection":["Not\u00edcias","Pol\u00edtica"],"inLanguage":"pt-PT"},{"@type":"WebPage","@id":"https:\/\/portaltela.pt\/noticias\/2026\/01\/26\/naufragios-no-mediterraneo-podem-ter-causado-centenas-de-mortos\/","url":"https:\/\/portaltela.pt\/noticias\/2026\/01\/26\/naufragios-no-mediterraneo-podem-ter-causado-centenas-de-mortos\/","name":"Naufr\u00e1gios no Mediterr\u00e2neo podem ter causado centenas de mortos - Portal Tela Portugal","isPartOf":{"@id":"https:\/\/portaltela.pt\/#website"},"primaryImageOfPage":{"@id":"https:\/\/portaltela.pt\/noticias\/2026\/01\/26\/naufragios-no-mediterraneo-podem-ter-causado-centenas-de-mortos\/#primaryimage"},"image":{"@id":"https:\/\/portaltela.pt\/noticias\/2026\/01\/26\/naufragios-no-mediterraneo-podem-ter-causado-centenas-de-mortos\/#primaryimage"},"thumbnailUrl":"https:\/\/portaltela.pt\/s.01k8rhncp4jt1\/2026\/01\/unnamed-file-5348.jpg","datePublished":"2026-01-26T15:42:00+00:00","author":{"@id":"https:\/\/portaltela.pt\/#\/schema\/person\/c4278d4a6028830caff9ee44b42d32ed"},"breadcrumb":{"@id":"https:\/\/portaltela.pt\/noticias\/2026\/01\/26\/naufragios-no-mediterraneo-podem-ter-causado-centenas-de-mortos\/#breadcrumb"},"inLanguage":"pt-PT","potentialAction":[{"@type":"ReadAction","target":["https:\/\/portaltela.pt\/noticias\/2026\/01\/26\/naufragios-no-mediterraneo-podem-ter-causado-centenas-de-mortos\/"]}]},{"@type":"ImageObject","inLanguage":"pt-PT","@id":"https:\/\/portaltela.pt\/noticias\/2026\/01\/26\/naufragios-no-mediterraneo-podem-ter-causado-centenas-de-mortos\/#primaryimage","url":"https:\/\/portaltela.pt\/s.01k8rhncp4jt1\/2026\/01\/unnamed-file-5348.jpg","contentUrl":"https:\/\/portaltela.pt\/s.01k8rhncp4jt1\/2026\/01\/unnamed-file-5348.jpg","width":796,"height":448,"caption":"Governos e civis v\u00e3o avaliar cumprimento das promessas a refugiados"},{"@type":"BreadcrumbList","@id":"https:\/\/portaltela.pt\/noticias\/2026\/01\/26\/naufragios-no-mediterraneo-podem-ter-causado-centenas-de-mortos\/#breadcrumb","itemListElement":[{"@type":"ListItem","position":1,"name":"In\u00edcio","item":"https:\/\/portaltela.pt\/"},{"@type":"ListItem","position":2,"name":"Naufr\u00e1gios no Mediterr\u00e2neo podem ter causado centenas de mortos"}]},{"@type":"WebSite","@id":"https:\/\/portaltela.pt\/#website","url":"https:\/\/portaltela.pt\/","name":"Portal Tela Portugal","description":"","potentialAction":[{"@type":"SearchAction","target":{"@type":"EntryPoint","urlTemplate":"https:\/\/portaltela.pt\/?s={search_term_string}"},"query-input":{"@type":"PropertyValueSpecification","valueRequired":true,"valueName":"search_term_string"}}],"inLanguage":"pt-PT"},{"@type":"Person","@id":"https:\/\/portaltela.pt\/#\/schema\/person\/c4278d4a6028830caff9ee44b42d32ed","name":"Telinha","image":{"@type":"ImageObject","inLanguage":"pt-PT","@id":"https:\/\/portaltela.pt\/s.01k8rhncp4jt1\/2025\/11\/talking-bot-125x125.png","url":"https:\/\/portaltela.pt\/s.01k8rhncp4jt1\/2025\/11\/talking-bot-125x125.png","contentUrl":"https:\/\/portaltela.pt\/s.01k8rhncp4jt1\/2025\/11\/talking-bot-125x125.png","caption":"Telinha"},"sameAs":["https:\/\/portaltela.pt\/"],"url":"https:\/\/portaltela.pt\/por\/367410592786\/"}]}},"_links":{"self":[{"href":"https:\/\/portaltela.pt\/api\/wp\/v2\/posts\/174745","targetHints":{"allow":["GET"]}}],"collection":[{"href":"https:\/\/portaltela.pt\/api\/wp\/v2\/posts"}],"about":[{"href":"https:\/\/portaltela.pt\/api\/wp\/v2\/types\/post"}],"author":[{"embeddable":true,"href":"https:\/\/portaltela.pt\/api\/wp\/v2\/users\/2"}],"replies":[{"embeddable":true,"href":"https:\/\/portaltela.pt\/api\/wp\/v2\/comments?post=174745"}],"version-history":[{"count":0,"href":"https:\/\/portaltela.pt\/api\/wp\/v2\/posts\/174745\/revisions"}],"wp:featuredmedia":[{"embeddable":true,"href":"https:\/\/portaltela.pt\/api\/wp\/v2\/media\/174753"}],"wp:attachment":[{"href":"https:\/\/portaltela.pt\/api\/wp\/v2\/media?parent=174745"}],"wp:term":[{"taxonomy":"category","embeddable":true,"href":"https:\/\/portaltela.pt\/api\/wp\/v2\/categories?post=174745"},{"taxonomy":"post_tag","embeddable":true,"href":"https:\/\/portaltela.pt\/api\/wp\/v2\/tags?post=174745"}],"curies":[{"name":"wp","href":"https:\/\/api.w.org\/{rel}","templated":true}]}}