{"id":174743,"date":"2026-01-26T12:42:00","date_gmt":"2026-01-26T15:42:00","guid":{"rendered":"https:\/\/portaltela.pt\/noticias\/2026\/01\/26\/detido-em-matosinhos-suspeito-de-raptar-filha-de-tres-anos\/"},"modified":"2026-01-26T12:42:00","modified_gmt":"2026-01-26T15:42:00","slug":"detido-em-matosinhos-suspeito-de-raptar-filha-de-tres-anos","status":"publish","type":"post","link":"https:\/\/portaltela.pt\/noticias\/2026\/01\/26\/detido-em-matosinhos-suspeito-de-raptar-filha-de-tres-anos\/","title":{"rendered":"Detido em Matosinhos suspeito de raptar filha de tr\u00eas anos"},"content":{"rendered":"<p>Um homem de 42 anos foi detido em Matosinhos, suspeito de ter raptado a filha de tr\u00eas anos \u00e0 ex-mulher no Porto no dia 19. O caso ocorreu durante uma visita \u00e0 crian\u00e7a, estando o alegado autor em fuga desde ent\u00e3o.<\/p>\n<p>A menor foi entregue \u00e0 m\u00e3e ap\u00f3s a deten\u00e7\u00e3o. O comunicado da Pol\u00edcia Judici\u00e1ria (PJ) indica que o suspeito est\u00e1 fortemente indiciado por rapto agravado, viol\u00eancia dom\u00e9stica agravada, resist\u00eancia e coa\u00e7\u00e3o sobre funcion\u00e1rio e deten\u00e7\u00e3o de arma proibida.<\/p>\n<p>Segundo a PJ, durante a fuga o homem manteve contacto com a ex-mulher, impondo condi\u00e7\u00f5es para a restitui\u00e7\u00e3o da menor. A filha refugiou-se com o suspeito num abrigo de montanha na regi\u00e3o de Montalegre, onde foi apreendida uma arma proibida e um montante de dinheiro.<\/p>\n<h3>Deten\u00e7\u00e3o em Matosinhos<\/h3>\n<p>Ao longo da tarde de domingo, a PJ localizou o suspeito e a crian\u00e7a na cidade de Matosinhos. Depois de garantida a seguran\u00e7a da menor, a atua\u00e7\u00e3o policial prosseguiu com a deten\u00e7\u00e3o do agressor, que resistiu fisicamente \u00e0 interven\u00e7\u00e3o.<\/p>\n<p>A crian\u00e7a apresentava condi\u00e7\u00f5es de higiene deficientes e foi entregue \u00e0 m\u00e3e. O detido ser\u00e1 presente \u00e0 autoridade judici\u00e1ria competente para aplica\u00e7\u00e3o de medidas de coa\u00e7\u00e3o.<\/p>\n","protected":false},"excerpt":{"rendered":"<ul>\n<li>Homem de 42 anos foi detido em Matosinhos, suspeito de ter raptado a filha de tr\u00eas anos \u00e0 ex-mulher no Porto no dia 19.<\/li>\n<li>Crian\u00e7a foi entregue \u00e0 m\u00e3e pela Pol\u00edcia Judici\u00e1ria (PJ), que indica fortes ind\u00edcios de rapto agravado, viol\u00eancia dom\u00e9stica agravada, resist\u00eancia e coa\u00e7\u00e3o sobre funcion\u00e1rio e deten\u00e7\u00e3o de arma proibida.<\/li>\n<li>Durante o per\u00edodo de fuga, o suspeito contactou a ex-mulher para impor condi\u00e7\u00f5es para devolver a crian\u00e7a.<\/li>\n<li>Refugiou-se com a filha num abrigo de montanha, na zona de Montalegre, onde foi apreendida uma arma proibida e uma quantia monet\u00e1ria.<\/li>\n<li>Na tarde de domingo, a PJ localizou os dois em Matosinhos; o detido resistiu \u00e0 deten\u00e7\u00e3o, e a menor foi sujeita a avalia\u00e7\u00e3o de seguran\u00e7a, ficando aos cuidados da m\u00e3e.<\/li>\n<\/ul>\n","protected":false},"author":2,"featured_media":174750,"comment_status":"closed","ping_status":"closed","sticky":false,"template":"","format":"standard","meta":{"footnotes":""},"categories":[1],"tags":[2660,4139,1709,982,4332,899],"class_list":["post-174743","post","type-post","status-publish","format-standard","has-post-thumbnail","hentry","category-noticias","tag-arma-proibida","tag-detencao","tag-matosinhos","tag-porto","tag-rapto-agravado","tag-violencia-domestica-agravada"],"yoast_head":"<!-- This site is optimized with the Yoast SEO plugin v27.2 - https:\/\/yoast.com\/product\/yoast-seo-wordpress\/ -->\n<title>Detido em Matosinhos suspeito de raptar filha de tr\u00eas anos - Portal Tela Portugal<\/title>\n<meta name=\"robots\" content=\"index, follow, max-snippet:-1, max-image-preview:large, max-video-preview:-1\" \/>\n<meta property=\"og:locale\" content=\"pt_PT\" \/>\n<meta property=\"og:type\" content=\"article\" \/>\n<meta property=\"og:title\" content=\"Detido em Matosinhos suspeito de raptar filha de tr\u00eas anos - Portal Tela Portugal\" \/>\n<meta property=\"og:description\" content=\"Homem de 42 anos foi detido em Matosinhos, suspeito de ter raptado a filha de tr\u00eas anos \u00e0 ex-mulher no Porto no dia 19. Crian\u00e7a foi entregue \u00e0 m\u00e3e pela Pol\u00edcia Judici\u00e1ria (PJ), que indica fortes ind\u00edcios de rapto agravado, viol\u00eancia dom\u00e9stica agravada, resist\u00eancia e coa\u00e7\u00e3o sobre funcion\u00e1rio e deten\u00e7\u00e3o de arma proibida. Durante o per\u00edodo de fuga, o suspeito contactou a ex-mulher para impor condi\u00e7\u00f5es para devolver a crian\u00e7a. Refugiou-se com a filha num abrigo de montanha, na zona de Montalegre, onde foi apreendida uma arma proibida e uma quantia monet\u00e1ria. Na tarde de domingo, a PJ localizou os dois em Matosinhos; o detido resistiu \u00e0 deten\u00e7\u00e3o, e a menor foi sujeita a avalia\u00e7\u00e3o de seguran\u00e7a, ficando aos cuidados da m\u00e3e.\" \/>\n<meta property=\"og:url\" content=\"https:\/\/portaltela.pt\/noticias\/2026\/01\/26\/detido-em-matosinhos-suspeito-de-raptar-filha-de-tres-anos\/\" \/>\n<meta property=\"og:site_name\" content=\"Portal Tela Portugal\" \/>\n<meta property=\"article:published_time\" content=\"2026-01-26T15:42:00+00:00\" \/>\n<meta name=\"author\" content=\"Telinha\" \/>\n<meta name=\"twitter:card\" content=\"summary_large_image\" \/>\n<meta name=\"twitter:label1\" content=\"Escrito por\" \/>\n\t<meta name=\"twitter:data1\" content=\"Telinha\" \/>\n\t<meta name=\"twitter:label2\" content=\"Tempo estimado de leitura\" \/>\n\t<meta name=\"twitter:data2\" content=\"1 minuto\" \/>\n<script type=\"application\/ld+json\" class=\"yoast-schema-graph\">{\"@context\":\"https:\/\/schema.org\",\"@graph\":[{\"@type\":\"Article\",\"@id\":\"https:\/\/portaltela.pt\/noticias\/2026\/01\/26\/detido-em-matosinhos-suspeito-de-raptar-filha-de-tres-anos\/#article\",\"isPartOf\":{\"@id\":\"https:\/\/portaltela.pt\/noticias\/2026\/01\/26\/detido-em-matosinhos-suspeito-de-raptar-filha-de-tres-anos\/\"},\"author\":{\"name\":\"Telinha\",\"@id\":\"https:\/\/portaltela.pt\/#\/schema\/person\/c4278d4a6028830caff9ee44b42d32ed\"},\"headline\":\"Detido em Matosinhos suspeito de raptar filha de tr\u00eas anos\",\"datePublished\":\"2026-01-26T15:42:00+00:00\",\"mainEntityOfPage\":{\"@id\":\"https:\/\/portaltela.pt\/noticias\/2026\/01\/26\/detido-em-matosinhos-suspeito-de-raptar-filha-de-tres-anos\/\"},\"wordCount\":224,\"image\":{\"@id\":\"https:\/\/portaltela.pt\/noticias\/2026\/01\/26\/detido-em-matosinhos-suspeito-de-raptar-filha-de-tres-anos\/#primaryimage\"},\"thumbnailUrl\":\"https:\/\/portaltela.pt\/s.01k8rhncp4jt1\/2026\/01\/2061972.jpg\",\"keywords\":[\"arma proibida\",\"deten\u00e7\u00e3o\",\"Matosinhos\",\"Porto\",\"rapto agravado\",\"viol\u00eancia dom\u00e9stica agravada\"],\"articleSection\":[\"Not\u00edcias\"],\"inLanguage\":\"pt-PT\"},{\"@type\":\"WebPage\",\"@id\":\"https:\/\/portaltela.pt\/noticias\/2026\/01\/26\/detido-em-matosinhos-suspeito-de-raptar-filha-de-tres-anos\/\",\"url\":\"https:\/\/portaltela.pt\/noticias\/2026\/01\/26\/detido-em-matosinhos-suspeito-de-raptar-filha-de-tres-anos\/\",\"name\":\"Detido em Matosinhos suspeito de raptar filha de tr\u00eas anos - Portal Tela Portugal\",\"isPartOf\":{\"@id\":\"https:\/\/portaltela.pt\/#website\"},\"primaryImageOfPage\":{\"@id\":\"https:\/\/portaltela.pt\/noticias\/2026\/01\/26\/detido-em-matosinhos-suspeito-de-raptar-filha-de-tres-anos\/#primaryimage\"},\"image\":{\"@id\":\"https:\/\/portaltela.pt\/noticias\/2026\/01\/26\/detido-em-matosinhos-suspeito-de-raptar-filha-de-tres-anos\/#primaryimage\"},\"thumbnailUrl\":\"https:\/\/portaltela.pt\/s.01k8rhncp4jt1\/2026\/01\/2061972.jpg\",\"datePublished\":\"2026-01-26T15:42:00+00:00\",\"author\":{\"@id\":\"https:\/\/portaltela.pt\/#\/schema\/person\/c4278d4a6028830caff9ee44b42d32ed\"},\"breadcrumb\":{\"@id\":\"https:\/\/portaltela.pt\/noticias\/2026\/01\/26\/detido-em-matosinhos-suspeito-de-raptar-filha-de-tres-anos\/#breadcrumb\"},\"inLanguage\":\"pt-PT\",\"potentialAction\":[{\"@type\":\"ReadAction\",\"target\":[\"https:\/\/portaltela.pt\/noticias\/2026\/01\/26\/detido-em-matosinhos-suspeito-de-raptar-filha-de-tres-anos\/\"]}]},{\"@type\":\"ImageObject\",\"inLanguage\":\"pt-PT\",\"@id\":\"https:\/\/portaltela.pt\/noticias\/2026\/01\/26\/detido-em-matosinhos-suspeito-de-raptar-filha-de-tres-anos\/#primaryimage\",\"url\":\"https:\/\/portaltela.pt\/s.01k8rhncp4jt1\/2026\/01\/2061972.jpg\",\"contentUrl\":\"https:\/\/portaltela.pt\/s.01k8rhncp4jt1\/2026\/01\/2061972.jpg\",\"width\":796,\"height\":448,\"caption\":\"Judici\u00e1ria explica que o homem \\\"resistiu fisicamente, tentando opor-se \u00e0 deten\u00e7\u00e3o e recupera\u00e7\u00e3o da menor, investindo contra\\\" os agentes\"},{\"@type\":\"BreadcrumbList\",\"@id\":\"https:\/\/portaltela.pt\/noticias\/2026\/01\/26\/detido-em-matosinhos-suspeito-de-raptar-filha-de-tres-anos\/#breadcrumb\",\"itemListElement\":[{\"@type\":\"ListItem\",\"position\":1,\"name\":\"In\u00edcio\",\"item\":\"https:\/\/portaltela.pt\/\"},{\"@type\":\"ListItem\",\"position\":2,\"name\":\"Detido em Matosinhos suspeito de raptar filha de tr\u00eas anos\"}]},{\"@type\":\"WebSite\",\"@id\":\"https:\/\/portaltela.pt\/#website\",\"url\":\"https:\/\/portaltela.pt\/\",\"name\":\"Portal Tela Portugal\",\"description\":\"\",\"potentialAction\":[{\"@type\":\"SearchAction\",\"target\":{\"@type\":\"EntryPoint\",\"urlTemplate\":\"https:\/\/portaltela.pt\/?s={search_term_string}\"},\"query-input\":{\"@type\":\"PropertyValueSpecification\",\"valueRequired\":true,\"valueName\":\"search_term_string\"}}],\"inLanguage\":\"pt-PT\"},{\"@type\":\"Person\",\"@id\":\"https:\/\/portaltela.pt\/#\/schema\/person\/c4278d4a6028830caff9ee44b42d32ed\",\"name\":\"Telinha\",\"image\":{\"@type\":\"ImageObject\",\"inLanguage\":\"pt-PT\",\"@id\":\"https:\/\/portaltela.pt\/s.01k8rhncp4jt1\/2025\/11\/talking-bot-125x125.png\",\"url\":\"https:\/\/portaltela.pt\/s.01k8rhncp4jt1\/2025\/11\/talking-bot-125x125.png\",\"contentUrl\":\"https:\/\/portaltela.pt\/s.01k8rhncp4jt1\/2025\/11\/talking-bot-125x125.png\",\"caption\":\"Telinha\"},\"sameAs\":[\"https:\/\/portaltela.pt\/\"],\"url\":\"https:\/\/portaltela.pt\/por\/367410592786\/\"}]}<\/script>\n<!-- \/ Yoast SEO plugin. -->","yoast_head_json":{"title":"Detido em Matosinhos suspeito de raptar filha de tr\u00eas anos - Portal Tela Portugal","robots":{"index":"index","follow":"follow","max-snippet":"max-snippet:-1","max-image-preview":"max-image-preview:large","max-video-preview":"max-video-preview:-1"},"og_locale":"pt_PT","og_type":"article","og_title":"Detido em Matosinhos suspeito de raptar filha de tr\u00eas anos - Portal Tela Portugal","og_description":"Homem de 42 anos foi detido em Matosinhos, suspeito de ter raptado a filha de tr\u00eas anos \u00e0 ex-mulher no Porto no dia 19. Crian\u00e7a foi entregue \u00e0 m\u00e3e pela Pol\u00edcia Judici\u00e1ria (PJ), que indica fortes ind\u00edcios de rapto agravado, viol\u00eancia dom\u00e9stica agravada, resist\u00eancia e coa\u00e7\u00e3o sobre funcion\u00e1rio e deten\u00e7\u00e3o de arma proibida. Durante o per\u00edodo de fuga, o suspeito contactou a ex-mulher para impor condi\u00e7\u00f5es para devolver a crian\u00e7a. Refugiou-se com a filha num abrigo de montanha, na zona de Montalegre, onde foi apreendida uma arma proibida e uma quantia monet\u00e1ria. Na tarde de domingo, a PJ localizou os dois em Matosinhos; o detido resistiu \u00e0 deten\u00e7\u00e3o, e a menor foi sujeita a avalia\u00e7\u00e3o de seguran\u00e7a, ficando aos cuidados da m\u00e3e.","og_url":"https:\/\/portaltela.pt\/noticias\/2026\/01\/26\/detido-em-matosinhos-suspeito-de-raptar-filha-de-tres-anos\/","og_site_name":"Portal Tela Portugal","article_published_time":"2026-01-26T15:42:00+00:00","author":"Telinha","twitter_card":"summary_large_image","twitter_misc":{"Escrito por":"Telinha","Tempo estimado de leitura":"1 minuto"},"schema":{"@context":"https:\/\/schema.org","@graph":[{"@type":"Article","@id":"https:\/\/portaltela.pt\/noticias\/2026\/01\/26\/detido-em-matosinhos-suspeito-de-raptar-filha-de-tres-anos\/#article","isPartOf":{"@id":"https:\/\/portaltela.pt\/noticias\/2026\/01\/26\/detido-em-matosinhos-suspeito-de-raptar-filha-de-tres-anos\/"},"author":{"name":"Telinha","@id":"https:\/\/portaltela.pt\/#\/schema\/person\/c4278d4a6028830caff9ee44b42d32ed"},"headline":"Detido em Matosinhos suspeito de raptar filha de tr\u00eas anos","datePublished":"2026-01-26T15:42:00+00:00","mainEntityOfPage":{"@id":"https:\/\/portaltela.pt\/noticias\/2026\/01\/26\/detido-em-matosinhos-suspeito-de-raptar-filha-de-tres-anos\/"},"wordCount":224,"image":{"@id":"https:\/\/portaltela.pt\/noticias\/2026\/01\/26\/detido-em-matosinhos-suspeito-de-raptar-filha-de-tres-anos\/#primaryimage"},"thumbnailUrl":"https:\/\/portaltela.pt\/s.01k8rhncp4jt1\/2026\/01\/2061972.jpg","keywords":["arma proibida","deten\u00e7\u00e3o","Matosinhos","Porto","rapto agravado","viol\u00eancia dom\u00e9stica agravada"],"articleSection":["Not\u00edcias"],"inLanguage":"pt-PT"},{"@type":"WebPage","@id":"https:\/\/portaltela.pt\/noticias\/2026\/01\/26\/detido-em-matosinhos-suspeito-de-raptar-filha-de-tres-anos\/","url":"https:\/\/portaltela.pt\/noticias\/2026\/01\/26\/detido-em-matosinhos-suspeito-de-raptar-filha-de-tres-anos\/","name":"Detido em Matosinhos suspeito de raptar filha de tr\u00eas anos - Portal Tela Portugal","isPartOf":{"@id":"https:\/\/portaltela.pt\/#website"},"primaryImageOfPage":{"@id":"https:\/\/portaltela.pt\/noticias\/2026\/01\/26\/detido-em-matosinhos-suspeito-de-raptar-filha-de-tres-anos\/#primaryimage"},"image":{"@id":"https:\/\/portaltela.pt\/noticias\/2026\/01\/26\/detido-em-matosinhos-suspeito-de-raptar-filha-de-tres-anos\/#primaryimage"},"thumbnailUrl":"https:\/\/portaltela.pt\/s.01k8rhncp4jt1\/2026\/01\/2061972.jpg","datePublished":"2026-01-26T15:42:00+00:00","author":{"@id":"https:\/\/portaltela.pt\/#\/schema\/person\/c4278d4a6028830caff9ee44b42d32ed"},"breadcrumb":{"@id":"https:\/\/portaltela.pt\/noticias\/2026\/01\/26\/detido-em-matosinhos-suspeito-de-raptar-filha-de-tres-anos\/#breadcrumb"},"inLanguage":"pt-PT","potentialAction":[{"@type":"ReadAction","target":["https:\/\/portaltela.pt\/noticias\/2026\/01\/26\/detido-em-matosinhos-suspeito-de-raptar-filha-de-tres-anos\/"]}]},{"@type":"ImageObject","inLanguage":"pt-PT","@id":"https:\/\/portaltela.pt\/noticias\/2026\/01\/26\/detido-em-matosinhos-suspeito-de-raptar-filha-de-tres-anos\/#primaryimage","url":"https:\/\/portaltela.pt\/s.01k8rhncp4jt1\/2026\/01\/2061972.jpg","contentUrl":"https:\/\/portaltela.pt\/s.01k8rhncp4jt1\/2026\/01\/2061972.jpg","width":796,"height":448,"caption":"Judici\u00e1ria explica que o homem \"resistiu fisicamente, tentando opor-se \u00e0 deten\u00e7\u00e3o e recupera\u00e7\u00e3o da menor, investindo contra\" os agentes"},{"@type":"BreadcrumbList","@id":"https:\/\/portaltela.pt\/noticias\/2026\/01\/26\/detido-em-matosinhos-suspeito-de-raptar-filha-de-tres-anos\/#breadcrumb","itemListElement":[{"@type":"ListItem","position":1,"name":"In\u00edcio","item":"https:\/\/portaltela.pt\/"},{"@type":"ListItem","position":2,"name":"Detido em Matosinhos suspeito de raptar filha de tr\u00eas anos"}]},{"@type":"WebSite","@id":"https:\/\/portaltela.pt\/#website","url":"https:\/\/portaltela.pt\/","name":"Portal Tela Portugal","description":"","potentialAction":[{"@type":"SearchAction","target":{"@type":"EntryPoint","urlTemplate":"https:\/\/portaltela.pt\/?s={search_term_string}"},"query-input":{"@type":"PropertyValueSpecification","valueRequired":true,"valueName":"search_term_string"}}],"inLanguage":"pt-PT"},{"@type":"Person","@id":"https:\/\/portaltela.pt\/#\/schema\/person\/c4278d4a6028830caff9ee44b42d32ed","name":"Telinha","image":{"@type":"ImageObject","inLanguage":"pt-PT","@id":"https:\/\/portaltela.pt\/s.01k8rhncp4jt1\/2025\/11\/talking-bot-125x125.png","url":"https:\/\/portaltela.pt\/s.01k8rhncp4jt1\/2025\/11\/talking-bot-125x125.png","contentUrl":"https:\/\/portaltela.pt\/s.01k8rhncp4jt1\/2025\/11\/talking-bot-125x125.png","caption":"Telinha"},"sameAs":["https:\/\/portaltela.pt\/"],"url":"https:\/\/portaltela.pt\/por\/367410592786\/"}]}},"_links":{"self":[{"href":"https:\/\/portaltela.pt\/api\/wp\/v2\/posts\/174743","targetHints":{"allow":["GET"]}}],"collection":[{"href":"https:\/\/portaltela.pt\/api\/wp\/v2\/posts"}],"about":[{"href":"https:\/\/portaltela.pt\/api\/wp\/v2\/types\/post"}],"author":[{"embeddable":true,"href":"https:\/\/portaltela.pt\/api\/wp\/v2\/users\/2"}],"replies":[{"embeddable":true,"href":"https:\/\/portaltela.pt\/api\/wp\/v2\/comments?post=174743"}],"version-history":[{"count":0,"href":"https:\/\/portaltela.pt\/api\/wp\/v2\/posts\/174743\/revisions"}],"wp:featuredmedia":[{"embeddable":true,"href":"https:\/\/portaltela.pt\/api\/wp\/v2\/media\/174750"}],"wp:attachment":[{"href":"https:\/\/portaltela.pt\/api\/wp\/v2\/media?parent=174743"}],"wp:term":[{"taxonomy":"category","embeddable":true,"href":"https:\/\/portaltela.pt\/api\/wp\/v2\/categories?post=174743"},{"taxonomy":"post_tag","embeddable":true,"href":"https:\/\/portaltela.pt\/api\/wp\/v2\/tags?post=174743"}],"curies":[{"name":"wp","href":"https:\/\/api.w.org\/{rel}","templated":true}]}}