{"id":174735,"date":"2026-01-26T12:54:00","date_gmt":"2026-01-26T15:54:00","guid":{"rendered":"https:\/\/portaltela.pt\/noticias\/2026\/01\/26\/israel-recupera-corpo-do-ultimo-refem-policia-de-24-anos\/"},"modified":"2026-01-26T12:54:00","modified_gmt":"2026-01-26T15:54:00","slug":"israel-recupera-corpo-do-ultimo-refem-policia-de-24-anos","status":"publish","type":"post","link":"https:\/\/portaltela.pt\/noticias\/2026\/01\/26\/israel-recupera-corpo-do-ultimo-refem-policia-de-24-anos\/","title":{"rendered":"Israel recupera corpo do \u00faltimo ref\u00e9m, pol\u00edcia de 24 anos"},"content":{"rendered":"<p>Israel recupera o corpo do \u00faltimo ref\u00e9m em Gaza, Ran Gvili, pol\u00edcia de 24 anos, mortos nos ataques de 7 de Outubro de 2023. O corpo foi levado para Gaza pelos insurgentes do Hamas.<\/p>\n<p>O Ex\u00e9rcito confirmou que os restos mortais foram identificados e ser\u00e3o devolvidos \u00e0 fam\u00edlia. A entrega encerra a primeira fase de cessar-fogo mediada por EUA e aliados da regi\u00e3o, com 251 ref\u00e9ns total, vivos e mortos.<\/p>\n<p>Na altura do acordo, 48 ref\u00e9ns permaneciam em Gaza, sendo 28 mortos. O jornal Times of Israel indica que o corpo de Gvili foi encontrado num cemit\u00e9rio daFaixa de Gaza.<\/p>\n<h3>Desarmar o Hamas e a segunda fase do cessar-fogo<\/h3>\n<p>A Administra\u00e7\u00e3o Trump informou que a segunda fase envolve desmilitariza\u00e7\u00e3o de Gaza e a cria\u00e7\u00e3o de uma for\u00e7a internacional de estabiliza\u00e7\u00e3o, com a reconstru\u00e7\u00e3o a seguir. Kushner apresentou um esbo\u00e7o digital do novo modelo de Gaza.<\/p>\n<p>Netanyahu repetiu que a prioridade de Israel \u00e9 neutralizar o Hamas, n\u00e3o reconstruir o territ\u00f3rio. A meta \u00e9 avan\u00e7ar na desmilitariza\u00e7\u00e3o, seja por vias f\u00e1ceis ou dif\u00edceis, segundo o primeiro-ministro.<\/p>\n<p>Hazem Qassem, porta-voz do Hamas, afirmou que a descoberta do corpo refor\u00e7a o compromisso com o plano dos EUA. O grupo mant\u00e9m a defesa de manter as armas, enquanto a reconstru\u00e7\u00e3o \u00e9 debatida.<\/p>\n<p>Desde a assinatura do acordo, ambos os lados acusam-se de viola\u00e7\u00f5es. Enquanto isso, ataques em Gaza continuam a causar v\u00edtimas, incluindo 11 civis na semana passada, entre eles tr\u00eas jornalistas.<\/p>\n","protected":false},"excerpt":{"rendered":"<ul>\n<li>Israel identificou e devolver\u00e1 \u00e0 fam\u00edlia os restos mortais de Ran Gvili, pol\u00edcia de 24 anos, morto nos ataques de 7 de outubro de 2023 e cujo corpo foi levado para Gaza.<\/li>\n<li>A entrega do \u00faltimo ref\u00e9m encerra a primeira fase do cessar-fogo mediado pelos Estados Unidos e outros pa\u00edses do M\u00e9dio Oriente, envolvendo um total de 251 pessoas capturadas pelo Hamas (vivos e mortos).<\/li>\n<li>O corpo de Gvili foi encontrado por militares israelitas num cemit\u00e9rio de Gaza, segundo o Times of Israel.<\/li>\n<li>O primeiro-ministro israelita, Benjamin Netanyahu, afirmou que a pr\u00f3xima fase do cessar-fogo n\u00e3o \u00e9 reconstru\u00e7\u00e3o, mas a desarmar o Hamas e desmilitarizar a Faixa de Gaza.<\/li>\n<li>O Hamas disse que a descoberta dos restos mortais refor\u00e7a o compromisso com o plano dos EUA e que continuar\u00e1 a facilitar o trabalho da administra\u00e7\u00e3o de Gaza, embora permane\u00e7am diverg\u00eancias sobre a desarmamenta\u00e7\u00e3o.<\/li>\n<\/ul>\n","protected":false},"author":2,"featured_media":174739,"comment_status":"closed","ping_status":"closed","sticky":false,"template":"","format":"standard","meta":{"footnotes":""},"categories":[1],"tags":[2792,256,207,4049,2108],"class_list":["post-174735","post","type-post","status-publish","format-standard","has-post-thumbnail","hentry","category-noticias","tag-conflito-internacional","tag-cooperacao-internacional","tag-desarmamento","tag-desmilitarizacao","tag-intervencao-internacional"],"yoast_head":"<!-- This site is optimized with the Yoast SEO plugin v27.2 - https:\/\/yoast.com\/product\/yoast-seo-wordpress\/ -->\n<title>Israel recupera corpo do \u00faltimo ref\u00e9m, pol\u00edcia de 24 anos - Portal Tela Portugal<\/title>\n<meta name=\"robots\" content=\"index, follow, max-snippet:-1, max-image-preview:large, max-video-preview:-1\" \/>\n<meta property=\"og:locale\" content=\"pt_PT\" \/>\n<meta property=\"og:type\" content=\"article\" \/>\n<meta property=\"og:title\" content=\"Israel recupera corpo do \u00faltimo ref\u00e9m, pol\u00edcia de 24 anos - Portal Tela Portugal\" \/>\n<meta property=\"og:description\" content=\"Israel identificou e devolver\u00e1 \u00e0 fam\u00edlia os restos mortais de Ran Gvili, pol\u00edcia de 24 anos, morto nos ataques de 7 de outubro de 2023 e cujo corpo foi levado para Gaza. A entrega do \u00faltimo ref\u00e9m encerra a primeira fase do cessar-fogo mediado pelos Estados Unidos e outros pa\u00edses do M\u00e9dio Oriente, envolvendo um total de 251 pessoas capturadas pelo Hamas (vivos e mortos). O corpo de Gvili foi encontrado por militares israelitas num cemit\u00e9rio de Gaza, segundo o Times of Israel. O primeiro-ministro israelita, Benjamin Netanyahu, afirmou que a pr\u00f3xima fase do cessar-fogo n\u00e3o \u00e9 reconstru\u00e7\u00e3o, mas a desarmar o Hamas e desmilitarizar a Faixa de Gaza. O Hamas disse que a descoberta dos restos mortais refor\u00e7a o compromisso com o plano dos EUA e que continuar\u00e1 a facilitar o trabalho da administra\u00e7\u00e3o de Gaza, embora permane\u00e7am diverg\u00eancias sobre a desarmamenta\u00e7\u00e3o.\" \/>\n<meta property=\"og:url\" content=\"https:\/\/portaltela.pt\/noticias\/2026\/01\/26\/israel-recupera-corpo-do-ultimo-refem-policia-de-24-anos\/\" \/>\n<meta property=\"og:site_name\" content=\"Portal Tela Portugal\" \/>\n<meta property=\"article:published_time\" content=\"2026-01-26T15:54:00+00:00\" \/>\n<meta name=\"author\" content=\"Telinha\" \/>\n<meta name=\"twitter:card\" content=\"summary_large_image\" \/>\n<meta name=\"twitter:label1\" content=\"Escrito por\" \/>\n\t<meta name=\"twitter:data1\" content=\"Telinha\" \/>\n\t<meta name=\"twitter:label2\" content=\"Tempo estimado de leitura\" \/>\n\t<meta name=\"twitter:data2\" content=\"1 minuto\" \/>\n<script type=\"application\/ld+json\" class=\"yoast-schema-graph\">{\"@context\":\"https:\/\/schema.org\",\"@graph\":[{\"@type\":\"Article\",\"@id\":\"https:\/\/portaltela.pt\/noticias\/2026\/01\/26\/israel-recupera-corpo-do-ultimo-refem-policia-de-24-anos\/#article\",\"isPartOf\":{\"@id\":\"https:\/\/portaltela.pt\/noticias\/2026\/01\/26\/israel-recupera-corpo-do-ultimo-refem-policia-de-24-anos\/\"},\"author\":{\"name\":\"Telinha\",\"@id\":\"https:\/\/portaltela.pt\/#\/schema\/person\/c4278d4a6028830caff9ee44b42d32ed\"},\"headline\":\"Israel recupera corpo do \u00faltimo ref\u00e9m, pol\u00edcia de 24 anos\",\"datePublished\":\"2026-01-26T15:54:00+00:00\",\"mainEntityOfPage\":{\"@id\":\"https:\/\/portaltela.pt\/noticias\/2026\/01\/26\/israel-recupera-corpo-do-ultimo-refem-policia-de-24-anos\/\"},\"wordCount\":266,\"image\":{\"@id\":\"https:\/\/portaltela.pt\/noticias\/2026\/01\/26\/israel-recupera-corpo-do-ultimo-refem-policia-de-24-anos\/#primaryimage\"},\"thumbnailUrl\":\"https:\/\/portaltela.pt\/s.01k8rhncp4jt1\/2026\/01\/2061976.jpg\",\"keywords\":[\"conflito internacional\",\"coopera\u00e7\u00e3o internacional\",\"desarmamento\",\"desmilitariza\u00e7\u00e3o\",\"interven\u00e7\u00e3o internacional\"],\"articleSection\":[\"Not\u00edcias\"],\"inLanguage\":\"pt-PT\"},{\"@type\":\"WebPage\",\"@id\":\"https:\/\/portaltela.pt\/noticias\/2026\/01\/26\/israel-recupera-corpo-do-ultimo-refem-policia-de-24-anos\/\",\"url\":\"https:\/\/portaltela.pt\/noticias\/2026\/01\/26\/israel-recupera-corpo-do-ultimo-refem-policia-de-24-anos\/\",\"name\":\"Israel recupera corpo do \u00faltimo ref\u00e9m, pol\u00edcia de 24 anos - Portal Tela Portugal\",\"isPartOf\":{\"@id\":\"https:\/\/portaltela.pt\/#website\"},\"primaryImageOfPage\":{\"@id\":\"https:\/\/portaltela.pt\/noticias\/2026\/01\/26\/israel-recupera-corpo-do-ultimo-refem-policia-de-24-anos\/#primaryimage\"},\"image\":{\"@id\":\"https:\/\/portaltela.pt\/noticias\/2026\/01\/26\/israel-recupera-corpo-do-ultimo-refem-policia-de-24-anos\/#primaryimage\"},\"thumbnailUrl\":\"https:\/\/portaltela.pt\/s.01k8rhncp4jt1\/2026\/01\/2061976.jpg\",\"datePublished\":\"2026-01-26T15:54:00+00:00\",\"author\":{\"@id\":\"https:\/\/portaltela.pt\/#\/schema\/person\/c4278d4a6028830caff9ee44b42d32ed\"},\"breadcrumb\":{\"@id\":\"https:\/\/portaltela.pt\/noticias\/2026\/01\/26\/israel-recupera-corpo-do-ultimo-refem-policia-de-24-anos\/#breadcrumb\"},\"inLanguage\":\"pt-PT\",\"potentialAction\":[{\"@type\":\"ReadAction\",\"target\":[\"https:\/\/portaltela.pt\/noticias\/2026\/01\/26\/israel-recupera-corpo-do-ultimo-refem-policia-de-24-anos\/\"]}]},{\"@type\":\"ImageObject\",\"inLanguage\":\"pt-PT\",\"@id\":\"https:\/\/portaltela.pt\/noticias\/2026\/01\/26\/israel-recupera-corpo-do-ultimo-refem-policia-de-24-anos\/#primaryimage\",\"url\":\"https:\/\/portaltela.pt\/s.01k8rhncp4jt1\/2026\/01\/2061976.jpg\",\"contentUrl\":\"https:\/\/portaltela.pt\/s.01k8rhncp4jt1\/2026\/01\/2061976.jpg\",\"width\":796,\"height\":448,\"caption\":\"O primeiro-ministro de Israel, Benjamin Netanyahu, diz que desmilitarizar Gaza vai acontecer \\\"da maneira f\u00e1cil ou da maneira dif\u00edcil\\\"\"},{\"@type\":\"BreadcrumbList\",\"@id\":\"https:\/\/portaltela.pt\/noticias\/2026\/01\/26\/israel-recupera-corpo-do-ultimo-refem-policia-de-24-anos\/#breadcrumb\",\"itemListElement\":[{\"@type\":\"ListItem\",\"position\":1,\"name\":\"In\u00edcio\",\"item\":\"https:\/\/portaltela.pt\/\"},{\"@type\":\"ListItem\",\"position\":2,\"name\":\"Israel recupera corpo do \u00faltimo ref\u00e9m, pol\u00edcia de 24 anos\"}]},{\"@type\":\"WebSite\",\"@id\":\"https:\/\/portaltela.pt\/#website\",\"url\":\"https:\/\/portaltela.pt\/\",\"name\":\"Portal Tela Portugal\",\"description\":\"\",\"potentialAction\":[{\"@type\":\"SearchAction\",\"target\":{\"@type\":\"EntryPoint\",\"urlTemplate\":\"https:\/\/portaltela.pt\/?s={search_term_string}\"},\"query-input\":{\"@type\":\"PropertyValueSpecification\",\"valueRequired\":true,\"valueName\":\"search_term_string\"}}],\"inLanguage\":\"pt-PT\"},{\"@type\":\"Person\",\"@id\":\"https:\/\/portaltela.pt\/#\/schema\/person\/c4278d4a6028830caff9ee44b42d32ed\",\"name\":\"Telinha\",\"image\":{\"@type\":\"ImageObject\",\"inLanguage\":\"pt-PT\",\"@id\":\"https:\/\/portaltela.pt\/s.01k8rhncp4jt1\/2025\/11\/talking-bot-125x125.png\",\"url\":\"https:\/\/portaltela.pt\/s.01k8rhncp4jt1\/2025\/11\/talking-bot-125x125.png\",\"contentUrl\":\"https:\/\/portaltela.pt\/s.01k8rhncp4jt1\/2025\/11\/talking-bot-125x125.png\",\"caption\":\"Telinha\"},\"sameAs\":[\"https:\/\/portaltela.pt\/\"],\"url\":\"https:\/\/portaltela.pt\/por\/367410592786\/\"}]}<\/script>\n<!-- \/ Yoast SEO plugin. -->","yoast_head_json":{"title":"Israel recupera corpo do \u00faltimo ref\u00e9m, pol\u00edcia de 24 anos - Portal Tela Portugal","robots":{"index":"index","follow":"follow","max-snippet":"max-snippet:-1","max-image-preview":"max-image-preview:large","max-video-preview":"max-video-preview:-1"},"og_locale":"pt_PT","og_type":"article","og_title":"Israel recupera corpo do \u00faltimo ref\u00e9m, pol\u00edcia de 24 anos - Portal Tela Portugal","og_description":"Israel identificou e devolver\u00e1 \u00e0 fam\u00edlia os restos mortais de Ran Gvili, pol\u00edcia de 24 anos, morto nos ataques de 7 de outubro de 2023 e cujo corpo foi levado para Gaza. A entrega do \u00faltimo ref\u00e9m encerra a primeira fase do cessar-fogo mediado pelos Estados Unidos e outros pa\u00edses do M\u00e9dio Oriente, envolvendo um total de 251 pessoas capturadas pelo Hamas (vivos e mortos). O corpo de Gvili foi encontrado por militares israelitas num cemit\u00e9rio de Gaza, segundo o Times of Israel. O primeiro-ministro israelita, Benjamin Netanyahu, afirmou que a pr\u00f3xima fase do cessar-fogo n\u00e3o \u00e9 reconstru\u00e7\u00e3o, mas a desarmar o Hamas e desmilitarizar a Faixa de Gaza. O Hamas disse que a descoberta dos restos mortais refor\u00e7a o compromisso com o plano dos EUA e que continuar\u00e1 a facilitar o trabalho da administra\u00e7\u00e3o de Gaza, embora permane\u00e7am diverg\u00eancias sobre a desarmamenta\u00e7\u00e3o.","og_url":"https:\/\/portaltela.pt\/noticias\/2026\/01\/26\/israel-recupera-corpo-do-ultimo-refem-policia-de-24-anos\/","og_site_name":"Portal Tela Portugal","article_published_time":"2026-01-26T15:54:00+00:00","author":"Telinha","twitter_card":"summary_large_image","twitter_misc":{"Escrito por":"Telinha","Tempo estimado de leitura":"1 minuto"},"schema":{"@context":"https:\/\/schema.org","@graph":[{"@type":"Article","@id":"https:\/\/portaltela.pt\/noticias\/2026\/01\/26\/israel-recupera-corpo-do-ultimo-refem-policia-de-24-anos\/#article","isPartOf":{"@id":"https:\/\/portaltela.pt\/noticias\/2026\/01\/26\/israel-recupera-corpo-do-ultimo-refem-policia-de-24-anos\/"},"author":{"name":"Telinha","@id":"https:\/\/portaltela.pt\/#\/schema\/person\/c4278d4a6028830caff9ee44b42d32ed"},"headline":"Israel recupera corpo do \u00faltimo ref\u00e9m, pol\u00edcia de 24 anos","datePublished":"2026-01-26T15:54:00+00:00","mainEntityOfPage":{"@id":"https:\/\/portaltela.pt\/noticias\/2026\/01\/26\/israel-recupera-corpo-do-ultimo-refem-policia-de-24-anos\/"},"wordCount":266,"image":{"@id":"https:\/\/portaltela.pt\/noticias\/2026\/01\/26\/israel-recupera-corpo-do-ultimo-refem-policia-de-24-anos\/#primaryimage"},"thumbnailUrl":"https:\/\/portaltela.pt\/s.01k8rhncp4jt1\/2026\/01\/2061976.jpg","keywords":["conflito internacional","coopera\u00e7\u00e3o internacional","desarmamento","desmilitariza\u00e7\u00e3o","interven\u00e7\u00e3o internacional"],"articleSection":["Not\u00edcias"],"inLanguage":"pt-PT"},{"@type":"WebPage","@id":"https:\/\/portaltela.pt\/noticias\/2026\/01\/26\/israel-recupera-corpo-do-ultimo-refem-policia-de-24-anos\/","url":"https:\/\/portaltela.pt\/noticias\/2026\/01\/26\/israel-recupera-corpo-do-ultimo-refem-policia-de-24-anos\/","name":"Israel recupera corpo do \u00faltimo ref\u00e9m, pol\u00edcia de 24 anos - Portal Tela Portugal","isPartOf":{"@id":"https:\/\/portaltela.pt\/#website"},"primaryImageOfPage":{"@id":"https:\/\/portaltela.pt\/noticias\/2026\/01\/26\/israel-recupera-corpo-do-ultimo-refem-policia-de-24-anos\/#primaryimage"},"image":{"@id":"https:\/\/portaltela.pt\/noticias\/2026\/01\/26\/israel-recupera-corpo-do-ultimo-refem-policia-de-24-anos\/#primaryimage"},"thumbnailUrl":"https:\/\/portaltela.pt\/s.01k8rhncp4jt1\/2026\/01\/2061976.jpg","datePublished":"2026-01-26T15:54:00+00:00","author":{"@id":"https:\/\/portaltela.pt\/#\/schema\/person\/c4278d4a6028830caff9ee44b42d32ed"},"breadcrumb":{"@id":"https:\/\/portaltela.pt\/noticias\/2026\/01\/26\/israel-recupera-corpo-do-ultimo-refem-policia-de-24-anos\/#breadcrumb"},"inLanguage":"pt-PT","potentialAction":[{"@type":"ReadAction","target":["https:\/\/portaltela.pt\/noticias\/2026\/01\/26\/israel-recupera-corpo-do-ultimo-refem-policia-de-24-anos\/"]}]},{"@type":"ImageObject","inLanguage":"pt-PT","@id":"https:\/\/portaltela.pt\/noticias\/2026\/01\/26\/israel-recupera-corpo-do-ultimo-refem-policia-de-24-anos\/#primaryimage","url":"https:\/\/portaltela.pt\/s.01k8rhncp4jt1\/2026\/01\/2061976.jpg","contentUrl":"https:\/\/portaltela.pt\/s.01k8rhncp4jt1\/2026\/01\/2061976.jpg","width":796,"height":448,"caption":"O primeiro-ministro de Israel, Benjamin Netanyahu, diz que desmilitarizar Gaza vai acontecer \"da maneira f\u00e1cil ou da maneira dif\u00edcil\""},{"@type":"BreadcrumbList","@id":"https:\/\/portaltela.pt\/noticias\/2026\/01\/26\/israel-recupera-corpo-do-ultimo-refem-policia-de-24-anos\/#breadcrumb","itemListElement":[{"@type":"ListItem","position":1,"name":"In\u00edcio","item":"https:\/\/portaltela.pt\/"},{"@type":"ListItem","position":2,"name":"Israel recupera corpo do \u00faltimo ref\u00e9m, pol\u00edcia de 24 anos"}]},{"@type":"WebSite","@id":"https:\/\/portaltela.pt\/#website","url":"https:\/\/portaltela.pt\/","name":"Portal Tela Portugal","description":"","potentialAction":[{"@type":"SearchAction","target":{"@type":"EntryPoint","urlTemplate":"https:\/\/portaltela.pt\/?s={search_term_string}"},"query-input":{"@type":"PropertyValueSpecification","valueRequired":true,"valueName":"search_term_string"}}],"inLanguage":"pt-PT"},{"@type":"Person","@id":"https:\/\/portaltela.pt\/#\/schema\/person\/c4278d4a6028830caff9ee44b42d32ed","name":"Telinha","image":{"@type":"ImageObject","inLanguage":"pt-PT","@id":"https:\/\/portaltela.pt\/s.01k8rhncp4jt1\/2025\/11\/talking-bot-125x125.png","url":"https:\/\/portaltela.pt\/s.01k8rhncp4jt1\/2025\/11\/talking-bot-125x125.png","contentUrl":"https:\/\/portaltela.pt\/s.01k8rhncp4jt1\/2025\/11\/talking-bot-125x125.png","caption":"Telinha"},"sameAs":["https:\/\/portaltela.pt\/"],"url":"https:\/\/portaltela.pt\/por\/367410592786\/"}]}},"_links":{"self":[{"href":"https:\/\/portaltela.pt\/api\/wp\/v2\/posts\/174735","targetHints":{"allow":["GET"]}}],"collection":[{"href":"https:\/\/portaltela.pt\/api\/wp\/v2\/posts"}],"about":[{"href":"https:\/\/portaltela.pt\/api\/wp\/v2\/types\/post"}],"author":[{"embeddable":true,"href":"https:\/\/portaltela.pt\/api\/wp\/v2\/users\/2"}],"replies":[{"embeddable":true,"href":"https:\/\/portaltela.pt\/api\/wp\/v2\/comments?post=174735"}],"version-history":[{"count":0,"href":"https:\/\/portaltela.pt\/api\/wp\/v2\/posts\/174735\/revisions"}],"wp:featuredmedia":[{"embeddable":true,"href":"https:\/\/portaltela.pt\/api\/wp\/v2\/media\/174739"}],"wp:attachment":[{"href":"https:\/\/portaltela.pt\/api\/wp\/v2\/media?parent=174735"}],"wp:term":[{"taxonomy":"category","embeddable":true,"href":"https:\/\/portaltela.pt\/api\/wp\/v2\/categories?post=174735"},{"taxonomy":"post_tag","embeddable":true,"href":"https:\/\/portaltela.pt\/api\/wp\/v2\/tags?post=174735"}],"curies":[{"name":"wp","href":"https:\/\/api.w.org\/{rel}","templated":true}]}}