{"id":174727,"date":"2026-01-26T12:44:00","date_gmt":"2026-01-26T15:44:00","guid":{"rendered":"https:\/\/portaltela.pt\/noticias\/2026\/01\/26\/joaquim-monchique-revela-enfarte-ocorrido-meses-antes-do-avc\/"},"modified":"2026-01-26T12:44:00","modified_gmt":"2026-01-26T15:44:00","slug":"joaquim-monchique-revela-enfarte-ocorrido-meses-antes-do-avc","status":"publish","type":"post","link":"https:\/\/portaltela.pt\/noticias\/2026\/01\/26\/joaquim-monchique-revela-enfarte-ocorrido-meses-antes-do-avc\/","title":{"rendered":"Joaquim Monchique revela enfarte ocorrido meses antes do AVC"},"content":{"rendered":"<p>Joaquim Monchique esteve no programa das tardes da SIC na passada segunda-feira, 26 de janeiro, com J\u00falia Pinheiro, para falar sobre problemas de sa\u00fade do \u00faltimo ano. O ator recordou o AVC vivido em dezembro, ap\u00f3s um espet\u00e1culo em Bragan\u00e7a, e revelou um epis\u00f3dio anterior ainda desconhecido.<\/p>\n<p>O artista contou que o primeiro susto apareceu em junho, quando sofreu um enfarte. A situa\u00e7\u00e3o foi delicada e n\u00e3o ficou conhecida \u00e0 \u00e9poca por estar numa institui\u00e7\u00e3o p\u00fablica, onde o protocolo impediu esclarecimentos. Atualmente, vive com uma v\u00e1lvula mec\u00e2nica.<\/p>\n<p>Monchique descreveu que esteve dez dias em cuidados intensivos, tr\u00eas dos quais sem consci\u00eancia. Relatou que a equipa m\u00e9dica foi confrontada com uma decis\u00e3o cr\u00edtica entre manter-lhe a vida ou n\u00e3o, e que passou uma semana a piorar, com dor e mal-estar.<\/p>\n<h3>Sobre o AVC e estado atual<\/h3>\n<p>O humorista disse que 2025 foi um ano horr\u00edvel, marcado pela ocorr\u00eancia simult\u00e2nea de enfarte e AVC. Destacou a evolu\u00e7\u00e3o da medicina como fator determinante para o seu caso, mencionando que temeu por situa\u00e7\u00f5es graves herdadas do passado.<\/p>\n<p>Relatou que o AVC come\u00e7ou no camarim, com dificuldade em articular palavras. Ainda assim, considerou o epis\u00f3dio menos grave que o enfarte, descrevendo-o como um mini-AVC, um susto enorme, mas com boa margem de recupera\u00e7\u00e3o.<\/p>\n<p>Monchique concluiu que teve muita sorte face \u00e0 gravidade dos acontecimentos, destacando a import\u00e2ncia dos avan\u00e7os m\u00e9dicos que o acompanharam. O ator n\u00e3o adiantou detalhes sobre tratamentos futuros ou progn\u00f3sticos.<\/p>\n","protected":false},"excerpt":{"rendered":"<ul>\n<li>Joaquim Monchique revelou que sofreu um enfarte em junho do ano passado, epis\u00f3dio anterior ao AVC de dezembro em Bragan\u00e7a.<\/li>\n<li>O enfarte levou-o a passar dez dias nos cuidados intensivos, tr\u00eas dos quais sem estar consciente, e resultou numa v\u00e1lvula mec\u00e2nica.<\/li>\n<li>Disse que o caso n\u00e3o foi divulgado na altura por estar numa institui\u00e7\u00e3o p\u00fablica, cujo protocolo assim o impediu.<\/li>\n<li>O ator, visivelmente emocionado, disse que 2025 foi um ano horr\u00edvel, marcado por grandes oscila\u00e7\u00f5es na sua vida.<\/li>\n<li>Sobre o AVC, descreveu-o como um mini-AVC no camarim, menos grave que o enfarte, mas com um susto enorme.<\/li>\n<\/ul>\n","protected":false},"author":2,"featured_media":174728,"comment_status":"closed","ping_status":"closed","sticky":false,"template":"","format":"standard","meta":{"footnotes":""},"categories":[1],"tags":[906,3140,2802,633,483,172],"class_list":["post-174727","post","type-post","status-publish","format-standard","has-post-thumbnail","hentry","category-noticias","tag-braganca","tag-cuidados-intensivos","tag-doenca-cardiaca","tag-hospital","tag-medicina-intensiva","tag-saude"],"yoast_head":"<!-- This site is optimized with the Yoast SEO plugin v27.2 - https:\/\/yoast.com\/product\/yoast-seo-wordpress\/ -->\n<title>Joaquim Monchique revela enfarte ocorrido meses antes do AVC - Portal Tela Portugal<\/title>\n<meta name=\"robots\" content=\"index, follow, max-snippet:-1, max-image-preview:large, max-video-preview:-1\" \/>\n<meta property=\"og:locale\" content=\"pt_PT\" \/>\n<meta property=\"og:type\" content=\"article\" \/>\n<meta property=\"og:title\" content=\"Joaquim Monchique revela enfarte ocorrido meses antes do AVC - Portal Tela Portugal\" \/>\n<meta property=\"og:description\" content=\"Joaquim Monchique revelou que sofreu um enfarte em junho do ano passado, epis\u00f3dio anterior ao AVC de dezembro em Bragan\u00e7a. O enfarte levou-o a passar dez dias nos cuidados intensivos, tr\u00eas dos quais sem estar consciente, e resultou numa v\u00e1lvula mec\u00e2nica. Disse que o caso n\u00e3o foi divulgado na altura por estar numa institui\u00e7\u00e3o p\u00fablica, cujo protocolo assim o impediu. O ator, visivelmente emocionado, disse que 2025 foi um ano horr\u00edvel, marcado por grandes oscila\u00e7\u00f5es na sua vida. Sobre o AVC, descreveu-o como um mini-AVC no camarim, menos grave que o enfarte, mas com um susto enorme.\" \/>\n<meta property=\"og:url\" content=\"https:\/\/portaltela.pt\/noticias\/2026\/01\/26\/joaquim-monchique-revela-enfarte-ocorrido-meses-antes-do-avc\/\" \/>\n<meta property=\"og:site_name\" content=\"Portal Tela Portugal\" \/>\n<meta property=\"article:published_time\" content=\"2026-01-26T15:44:00+00:00\" \/>\n<meta name=\"author\" content=\"Telinha\" \/>\n<meta name=\"twitter:card\" content=\"summary_large_image\" \/>\n<meta name=\"twitter:label1\" content=\"Escrito por\" \/>\n\t<meta name=\"twitter:data1\" content=\"Telinha\" \/>\n\t<meta name=\"twitter:label2\" content=\"Tempo estimado de leitura\" \/>\n\t<meta name=\"twitter:data2\" content=\"1 minuto\" \/>\n<script type=\"application\/ld+json\" class=\"yoast-schema-graph\">{\"@context\":\"https:\/\/schema.org\",\"@graph\":[{\"@type\":\"Article\",\"@id\":\"https:\/\/portaltela.pt\/noticias\/2026\/01\/26\/joaquim-monchique-revela-enfarte-ocorrido-meses-antes-do-avc\/#article\",\"isPartOf\":{\"@id\":\"https:\/\/portaltela.pt\/noticias\/2026\/01\/26\/joaquim-monchique-revela-enfarte-ocorrido-meses-antes-do-avc\/\"},\"author\":{\"name\":\"Telinha\",\"@id\":\"https:\/\/portaltela.pt\/#\/schema\/person\/c4278d4a6028830caff9ee44b42d32ed\"},\"headline\":\"Joaquim Monchique revela enfarte ocorrido meses antes do AVC\",\"datePublished\":\"2026-01-26T15:44:00+00:00\",\"mainEntityOfPage\":{\"@id\":\"https:\/\/portaltela.pt\/noticias\/2026\/01\/26\/joaquim-monchique-revela-enfarte-ocorrido-meses-antes-do-avc\/\"},\"wordCount\":274,\"image\":{\"@id\":\"https:\/\/portaltela.pt\/noticias\/2026\/01\/26\/joaquim-monchique-revela-enfarte-ocorrido-meses-antes-do-avc\/#primaryimage\"},\"thumbnailUrl\":\"https:\/\/portaltela.pt\/s.01k8rhncp4jt1\/2026\/01\/img_1280x718uu2025-12-21-16-02-38-2255678-im-639019383940183915.jpg\",\"keywords\":[\"Bragan\u00e7a\",\"cuidados intensivos\",\"doen\u00e7a card\u00edaca\",\"hospital\",\"Medicina Intensiva\",\"sa\u00fade\"],\"articleSection\":[\"Not\u00edcias\"],\"inLanguage\":\"pt-PT\"},{\"@type\":\"WebPage\",\"@id\":\"https:\/\/portaltela.pt\/noticias\/2026\/01\/26\/joaquim-monchique-revela-enfarte-ocorrido-meses-antes-do-avc\/\",\"url\":\"https:\/\/portaltela.pt\/noticias\/2026\/01\/26\/joaquim-monchique-revela-enfarte-ocorrido-meses-antes-do-avc\/\",\"name\":\"Joaquim Monchique revela enfarte ocorrido meses antes do AVC - Portal Tela Portugal\",\"isPartOf\":{\"@id\":\"https:\/\/portaltela.pt\/#website\"},\"primaryImageOfPage\":{\"@id\":\"https:\/\/portaltela.pt\/noticias\/2026\/01\/26\/joaquim-monchique-revela-enfarte-ocorrido-meses-antes-do-avc\/#primaryimage\"},\"image\":{\"@id\":\"https:\/\/portaltela.pt\/noticias\/2026\/01\/26\/joaquim-monchique-revela-enfarte-ocorrido-meses-antes-do-avc\/#primaryimage\"},\"thumbnailUrl\":\"https:\/\/portaltela.pt\/s.01k8rhncp4jt1\/2026\/01\/img_1280x718uu2025-12-21-16-02-38-2255678-im-639019383940183915.jpg\",\"datePublished\":\"2026-01-26T15:44:00+00:00\",\"author\":{\"@id\":\"https:\/\/portaltela.pt\/#\/schema\/person\/c4278d4a6028830caff9ee44b42d32ed\"},\"breadcrumb\":{\"@id\":\"https:\/\/portaltela.pt\/noticias\/2026\/01\/26\/joaquim-monchique-revela-enfarte-ocorrido-meses-antes-do-avc\/#breadcrumb\"},\"inLanguage\":\"pt-PT\",\"potentialAction\":[{\"@type\":\"ReadAction\",\"target\":[\"https:\/\/portaltela.pt\/noticias\/2026\/01\/26\/joaquim-monchique-revela-enfarte-ocorrido-meses-antes-do-avc\/\"]}]},{\"@type\":\"ImageObject\",\"inLanguage\":\"pt-PT\",\"@id\":\"https:\/\/portaltela.pt\/noticias\/2026\/01\/26\/joaquim-monchique-revela-enfarte-ocorrido-meses-antes-do-avc\/#primaryimage\",\"url\":\"https:\/\/portaltela.pt\/s.01k8rhncp4jt1\/2026\/01\/img_1280x718uu2025-12-21-16-02-38-2255678-im-639019383940183915.jpg\",\"contentUrl\":\"https:\/\/portaltela.pt\/s.01k8rhncp4jt1\/2026\/01\/img_1280x718uu2025-12-21-16-02-38-2255678-im-639019383940183915.jpg\",\"width\":796,\"height\":448,\"caption\":\"Joaquim Monchique\"},{\"@type\":\"BreadcrumbList\",\"@id\":\"https:\/\/portaltela.pt\/noticias\/2026\/01\/26\/joaquim-monchique-revela-enfarte-ocorrido-meses-antes-do-avc\/#breadcrumb\",\"itemListElement\":[{\"@type\":\"ListItem\",\"position\":1,\"name\":\"In\u00edcio\",\"item\":\"https:\/\/portaltela.pt\/\"},{\"@type\":\"ListItem\",\"position\":2,\"name\":\"Joaquim Monchique revela enfarte ocorrido meses antes do AVC\"}]},{\"@type\":\"WebSite\",\"@id\":\"https:\/\/portaltela.pt\/#website\",\"url\":\"https:\/\/portaltela.pt\/\",\"name\":\"Portal Tela Portugal\",\"description\":\"\",\"potentialAction\":[{\"@type\":\"SearchAction\",\"target\":{\"@type\":\"EntryPoint\",\"urlTemplate\":\"https:\/\/portaltela.pt\/?s={search_term_string}\"},\"query-input\":{\"@type\":\"PropertyValueSpecification\",\"valueRequired\":true,\"valueName\":\"search_term_string\"}}],\"inLanguage\":\"pt-PT\"},{\"@type\":\"Person\",\"@id\":\"https:\/\/portaltela.pt\/#\/schema\/person\/c4278d4a6028830caff9ee44b42d32ed\",\"name\":\"Telinha\",\"image\":{\"@type\":\"ImageObject\",\"inLanguage\":\"pt-PT\",\"@id\":\"https:\/\/portaltela.pt\/s.01k8rhncp4jt1\/2025\/11\/talking-bot-125x125.png\",\"url\":\"https:\/\/portaltela.pt\/s.01k8rhncp4jt1\/2025\/11\/talking-bot-125x125.png\",\"contentUrl\":\"https:\/\/portaltela.pt\/s.01k8rhncp4jt1\/2025\/11\/talking-bot-125x125.png\",\"caption\":\"Telinha\"},\"sameAs\":[\"https:\/\/portaltela.pt\/\"],\"url\":\"https:\/\/portaltela.pt\/por\/367410592786\/\"}]}<\/script>\n<!-- \/ Yoast SEO plugin. -->","yoast_head_json":{"title":"Joaquim Monchique revela enfarte ocorrido meses antes do AVC - Portal Tela Portugal","robots":{"index":"index","follow":"follow","max-snippet":"max-snippet:-1","max-image-preview":"max-image-preview:large","max-video-preview":"max-video-preview:-1"},"og_locale":"pt_PT","og_type":"article","og_title":"Joaquim Monchique revela enfarte ocorrido meses antes do AVC - Portal Tela Portugal","og_description":"Joaquim Monchique revelou que sofreu um enfarte em junho do ano passado, epis\u00f3dio anterior ao AVC de dezembro em Bragan\u00e7a. O enfarte levou-o a passar dez dias nos cuidados intensivos, tr\u00eas dos quais sem estar consciente, e resultou numa v\u00e1lvula mec\u00e2nica. Disse que o caso n\u00e3o foi divulgado na altura por estar numa institui\u00e7\u00e3o p\u00fablica, cujo protocolo assim o impediu. O ator, visivelmente emocionado, disse que 2025 foi um ano horr\u00edvel, marcado por grandes oscila\u00e7\u00f5es na sua vida. Sobre o AVC, descreveu-o como um mini-AVC no camarim, menos grave que o enfarte, mas com um susto enorme.","og_url":"https:\/\/portaltela.pt\/noticias\/2026\/01\/26\/joaquim-monchique-revela-enfarte-ocorrido-meses-antes-do-avc\/","og_site_name":"Portal Tela Portugal","article_published_time":"2026-01-26T15:44:00+00:00","author":"Telinha","twitter_card":"summary_large_image","twitter_misc":{"Escrito por":"Telinha","Tempo estimado de leitura":"1 minuto"},"schema":{"@context":"https:\/\/schema.org","@graph":[{"@type":"Article","@id":"https:\/\/portaltela.pt\/noticias\/2026\/01\/26\/joaquim-monchique-revela-enfarte-ocorrido-meses-antes-do-avc\/#article","isPartOf":{"@id":"https:\/\/portaltela.pt\/noticias\/2026\/01\/26\/joaquim-monchique-revela-enfarte-ocorrido-meses-antes-do-avc\/"},"author":{"name":"Telinha","@id":"https:\/\/portaltela.pt\/#\/schema\/person\/c4278d4a6028830caff9ee44b42d32ed"},"headline":"Joaquim Monchique revela enfarte ocorrido meses antes do AVC","datePublished":"2026-01-26T15:44:00+00:00","mainEntityOfPage":{"@id":"https:\/\/portaltela.pt\/noticias\/2026\/01\/26\/joaquim-monchique-revela-enfarte-ocorrido-meses-antes-do-avc\/"},"wordCount":274,"image":{"@id":"https:\/\/portaltela.pt\/noticias\/2026\/01\/26\/joaquim-monchique-revela-enfarte-ocorrido-meses-antes-do-avc\/#primaryimage"},"thumbnailUrl":"https:\/\/portaltela.pt\/s.01k8rhncp4jt1\/2026\/01\/img_1280x718uu2025-12-21-16-02-38-2255678-im-639019383940183915.jpg","keywords":["Bragan\u00e7a","cuidados intensivos","doen\u00e7a card\u00edaca","hospital","Medicina Intensiva","sa\u00fade"],"articleSection":["Not\u00edcias"],"inLanguage":"pt-PT"},{"@type":"WebPage","@id":"https:\/\/portaltela.pt\/noticias\/2026\/01\/26\/joaquim-monchique-revela-enfarte-ocorrido-meses-antes-do-avc\/","url":"https:\/\/portaltela.pt\/noticias\/2026\/01\/26\/joaquim-monchique-revela-enfarte-ocorrido-meses-antes-do-avc\/","name":"Joaquim Monchique revela enfarte ocorrido meses antes do AVC - Portal Tela Portugal","isPartOf":{"@id":"https:\/\/portaltela.pt\/#website"},"primaryImageOfPage":{"@id":"https:\/\/portaltela.pt\/noticias\/2026\/01\/26\/joaquim-monchique-revela-enfarte-ocorrido-meses-antes-do-avc\/#primaryimage"},"image":{"@id":"https:\/\/portaltela.pt\/noticias\/2026\/01\/26\/joaquim-monchique-revela-enfarte-ocorrido-meses-antes-do-avc\/#primaryimage"},"thumbnailUrl":"https:\/\/portaltela.pt\/s.01k8rhncp4jt1\/2026\/01\/img_1280x718uu2025-12-21-16-02-38-2255678-im-639019383940183915.jpg","datePublished":"2026-01-26T15:44:00+00:00","author":{"@id":"https:\/\/portaltela.pt\/#\/schema\/person\/c4278d4a6028830caff9ee44b42d32ed"},"breadcrumb":{"@id":"https:\/\/portaltela.pt\/noticias\/2026\/01\/26\/joaquim-monchique-revela-enfarte-ocorrido-meses-antes-do-avc\/#breadcrumb"},"inLanguage":"pt-PT","potentialAction":[{"@type":"ReadAction","target":["https:\/\/portaltela.pt\/noticias\/2026\/01\/26\/joaquim-monchique-revela-enfarte-ocorrido-meses-antes-do-avc\/"]}]},{"@type":"ImageObject","inLanguage":"pt-PT","@id":"https:\/\/portaltela.pt\/noticias\/2026\/01\/26\/joaquim-monchique-revela-enfarte-ocorrido-meses-antes-do-avc\/#primaryimage","url":"https:\/\/portaltela.pt\/s.01k8rhncp4jt1\/2026\/01\/img_1280x718uu2025-12-21-16-02-38-2255678-im-639019383940183915.jpg","contentUrl":"https:\/\/portaltela.pt\/s.01k8rhncp4jt1\/2026\/01\/img_1280x718uu2025-12-21-16-02-38-2255678-im-639019383940183915.jpg","width":796,"height":448,"caption":"Joaquim Monchique"},{"@type":"BreadcrumbList","@id":"https:\/\/portaltela.pt\/noticias\/2026\/01\/26\/joaquim-monchique-revela-enfarte-ocorrido-meses-antes-do-avc\/#breadcrumb","itemListElement":[{"@type":"ListItem","position":1,"name":"In\u00edcio","item":"https:\/\/portaltela.pt\/"},{"@type":"ListItem","position":2,"name":"Joaquim Monchique revela enfarte ocorrido meses antes do AVC"}]},{"@type":"WebSite","@id":"https:\/\/portaltela.pt\/#website","url":"https:\/\/portaltela.pt\/","name":"Portal Tela Portugal","description":"","potentialAction":[{"@type":"SearchAction","target":{"@type":"EntryPoint","urlTemplate":"https:\/\/portaltela.pt\/?s={search_term_string}"},"query-input":{"@type":"PropertyValueSpecification","valueRequired":true,"valueName":"search_term_string"}}],"inLanguage":"pt-PT"},{"@type":"Person","@id":"https:\/\/portaltela.pt\/#\/schema\/person\/c4278d4a6028830caff9ee44b42d32ed","name":"Telinha","image":{"@type":"ImageObject","inLanguage":"pt-PT","@id":"https:\/\/portaltela.pt\/s.01k8rhncp4jt1\/2025\/11\/talking-bot-125x125.png","url":"https:\/\/portaltela.pt\/s.01k8rhncp4jt1\/2025\/11\/talking-bot-125x125.png","contentUrl":"https:\/\/portaltela.pt\/s.01k8rhncp4jt1\/2025\/11\/talking-bot-125x125.png","caption":"Telinha"},"sameAs":["https:\/\/portaltela.pt\/"],"url":"https:\/\/portaltela.pt\/por\/367410592786\/"}]}},"_links":{"self":[{"href":"https:\/\/portaltela.pt\/api\/wp\/v2\/posts\/174727","targetHints":{"allow":["GET"]}}],"collection":[{"href":"https:\/\/portaltela.pt\/api\/wp\/v2\/posts"}],"about":[{"href":"https:\/\/portaltela.pt\/api\/wp\/v2\/types\/post"}],"author":[{"embeddable":true,"href":"https:\/\/portaltela.pt\/api\/wp\/v2\/users\/2"}],"replies":[{"embeddable":true,"href":"https:\/\/portaltela.pt\/api\/wp\/v2\/comments?post=174727"}],"version-history":[{"count":0,"href":"https:\/\/portaltela.pt\/api\/wp\/v2\/posts\/174727\/revisions"}],"wp:featuredmedia":[{"embeddable":true,"href":"https:\/\/portaltela.pt\/api\/wp\/v2\/media\/174728"}],"wp:attachment":[{"href":"https:\/\/portaltela.pt\/api\/wp\/v2\/media?parent=174727"}],"wp:term":[{"taxonomy":"category","embeddable":true,"href":"https:\/\/portaltela.pt\/api\/wp\/v2\/categories?post=174727"},{"taxonomy":"post_tag","embeddable":true,"href":"https:\/\/portaltela.pt\/api\/wp\/v2\/tags?post=174727"}],"curies":[{"name":"wp","href":"https:\/\/api.w.org\/{rel}","templated":true}]}}