{"id":174702,"date":"2026-01-26T12:16:00","date_gmt":"2026-01-26T15:16:00","guid":{"rendered":"https:\/\/portaltela.pt\/noticias\/2026\/01\/26\/ex-dirigente-do-chega-acusado-de-prostituicao-de-menores-nao-comparece-ao-julgamento\/"},"modified":"2026-01-26T12:16:00","modified_gmt":"2026-01-26T15:16:00","slug":"ex-dirigente-do-chega-acusado-de-prostituicao-de-menores-nao-comparece-ao-julgamento","status":"publish","type":"post","link":"https:\/\/portaltela.pt\/noticias\/2026\/01\/26\/ex-dirigente-do-chega-acusado-de-prostituicao-de-menores-nao-comparece-ao-julgamento\/","title":{"rendered":"Ex-dirigente do Chega acusado de prostitui\u00e7\u00e3o de menores n\u00e3o comparece ao julgamento"},"content":{"rendered":"<p>O julgamento do ex-dirigente do Chega Nuno Pardal Ribeiro, acusado de dois crimes de prostitui\u00e7\u00e3o de menores, come\u00e7ou nesta segunda-feira sem a presen\u00e7a do arguido. O tribunal ordenou que as sess\u00f5es decorressem \u00e0 porta fechada.<\/p>\n<p>Na primeira sess\u00e3o, apenas esteve presente o segundo arguido, igualmente acusado de recurso \u00e0 prostitui\u00e7\u00e3o de menores, sem que este tenha prestado declara\u00e7\u00f5es, segundo fonte ligada ao processo. A pr\u00f3xima sess\u00e3o est\u00e1 marcada para 2 de fevereiro.<\/p>\n<p>Segundo a acusa\u00e7\u00e3o consultada pela Lusa, o Minist\u00e9rio P\u00fablico pretende a proibi\u00e7\u00e3o de exercer fun\u00e7\u00f5es p\u00fablicas ou privadas que envolvam contacto com menores, caso fique provado o crime. Nuno Pardal Ribeiro conheceu o jovem de 15 anos em 2023 via uma app de encontros e realizou atos sexuais por dinheiro, de acordo com a acusa\u00e7\u00e3o, que aponta pagamento de 20 euros pelo primeiro encontro. Foi ainda referida a tentativa de um segundo encontro que n\u00e3o chegou a ocorrer.<\/p>\n<p>Ap\u00f3s a not\u00edcia de despacho acusat\u00f3rio, o mesmo pedido de demiss\u00e3o foi apresentado em fevereiro de 2025, com a sa\u00edda da vice-presid\u00eancia da distrital de Lisboa do Chega e o abandono do mandato de deputado municipal. A audi\u00eancia prossegue com novas convocat\u00f3rias t\u00e9cnicas. Fonte pr\u00f3xima do processo indicou que a pr\u00f3xima sess\u00e3o ocorre no in\u00edcio de fevereiro. A mat\u00e9ria \u00e9 acompanhada pela Lusa.<\/p>\n","protected":false},"excerpt":{"rendered":"<ul>\n<li>O julgamento do ex-dirigente do Chega, Nuno Pardal Ribeiro, come\u00e7ou sem a sua presen\u00e7a, com sess\u00f5es a decorrerem a portas fechadas.<\/li>\n<li>A estrutura do tribunal determinou que n\u00e3o fosse permitida a publicidade nem a assist\u00eancia em nenhuma sess\u00e3o.<\/li>\n<li>O segundo arguido, tamb\u00e9m acusado de recurso \u00e0 prostitui\u00e7\u00e3o de menores, esteve presente e n\u00e3o apresentou declara\u00e7\u00f5es. A pr\u00f3xima sess\u00e3o ficou marcada para 2 de fevereiro.<\/li>\n<li>Nuno Pardal Ribeiro \u00e9 acusado de dois crimes de recurso \u00e0 prostitui\u00e7\u00e3o de menores, com o Minist\u00e9rio P\u00fablico a pedir a proibi\u00e7\u00e3o de exercer fun\u00e7\u00f5es que envolvam contacto com menores.<\/li>\n<li>A acusa\u00e7\u00e3o aponta que, em 2023, o arguido conheceu um jovem de 15 anos atrav\u00e9s de uma app de encontros, pagou 20 euros pelo encontro e planeou outro que n\u00e3o chegou a ocorrer; Pardal Ribeiro demitiu-se da vice-presid\u00eancia distrital do Lisboa em fevereiro de 2025.<\/li>\n<\/ul>\n","protected":false},"author":2,"featured_media":174706,"comment_status":"closed","ping_status":"closed","sticky":false,"template":"","format":"standard","meta":{"footnotes":""},"categories":[1],"tags":[2142,147,981,4285,4288,52],"class_list":["post-174702","post","type-post","status-publish","format-standard","has-post-thumbnail","hentry","category-noticias","tag-chega","tag-crime","tag-lisboa","tag-prostituicao-de-menor-dependente-ou-em-situacao-vulneravel","tag-prostituicao-de-menores","tag-tribunal"],"yoast_head":"<!-- This site is optimized with the Yoast SEO plugin v27.2 - https:\/\/yoast.com\/product\/yoast-seo-wordpress\/ -->\n<title>Ex-dirigente do Chega acusado de prostitui\u00e7\u00e3o de menores n\u00e3o comparece ao julgamento - Portal Tela Portugal<\/title>\n<meta name=\"robots\" content=\"index, follow, max-snippet:-1, max-image-preview:large, max-video-preview:-1\" \/>\n<meta property=\"og:locale\" content=\"pt_PT\" \/>\n<meta property=\"og:type\" content=\"article\" \/>\n<meta property=\"og:title\" content=\"Ex-dirigente do Chega acusado de prostitui\u00e7\u00e3o de menores n\u00e3o comparece ao julgamento - Portal Tela Portugal\" \/>\n<meta property=\"og:description\" content=\"O julgamento do ex-dirigente do Chega, Nuno Pardal Ribeiro, come\u00e7ou sem a sua presen\u00e7a, com sess\u00f5es a decorrerem a portas fechadas. A estrutura do tribunal determinou que n\u00e3o fosse permitida a publicidade nem a assist\u00eancia em nenhuma sess\u00e3o. O segundo arguido, tamb\u00e9m acusado de recurso \u00e0 prostitui\u00e7\u00e3o de menores, esteve presente e n\u00e3o apresentou declara\u00e7\u00f5es. A pr\u00f3xima sess\u00e3o ficou marcada para 2 de fevereiro. Nuno Pardal Ribeiro \u00e9 acusado de dois crimes de recurso \u00e0 prostitui\u00e7\u00e3o de menores, com o Minist\u00e9rio P\u00fablico a pedir a proibi\u00e7\u00e3o de exercer fun\u00e7\u00f5es que envolvam contacto com menores. A acusa\u00e7\u00e3o aponta que, em 2023, o arguido conheceu um jovem de 15 anos atrav\u00e9s de uma app de encontros, pagou 20 euros pelo encontro e planeou outro que n\u00e3o chegou a ocorrer; Pardal Ribeiro demitiu-se da vice-presid\u00eancia distrital do Lisboa em fevereiro de 2025.\" \/>\n<meta property=\"og:url\" content=\"https:\/\/portaltela.pt\/noticias\/2026\/01\/26\/ex-dirigente-do-chega-acusado-de-prostituicao-de-menores-nao-comparece-ao-julgamento\/\" \/>\n<meta property=\"og:site_name\" content=\"Portal Tela Portugal\" \/>\n<meta property=\"article:published_time\" content=\"2026-01-26T15:16:00+00:00\" \/>\n<meta name=\"author\" content=\"Telinha\" \/>\n<meta name=\"twitter:card\" content=\"summary_large_image\" \/>\n<meta name=\"twitter:label1\" content=\"Escrito por\" \/>\n\t<meta name=\"twitter:data1\" content=\"Telinha\" \/>\n\t<meta name=\"twitter:label2\" content=\"Tempo estimado de leitura\" \/>\n\t<meta name=\"twitter:data2\" content=\"1 minuto\" \/>\n<script type=\"application\/ld+json\" class=\"yoast-schema-graph\">{\"@context\":\"https:\/\/schema.org\",\"@graph\":[{\"@type\":\"Article\",\"@id\":\"https:\/\/portaltela.pt\/noticias\/2026\/01\/26\/ex-dirigente-do-chega-acusado-de-prostituicao-de-menores-nao-comparece-ao-julgamento\/#article\",\"isPartOf\":{\"@id\":\"https:\/\/portaltela.pt\/noticias\/2026\/01\/26\/ex-dirigente-do-chega-acusado-de-prostituicao-de-menores-nao-comparece-ao-julgamento\/\"},\"author\":{\"name\":\"Telinha\",\"@id\":\"https:\/\/portaltela.pt\/#\/schema\/person\/c4278d4a6028830caff9ee44b42d32ed\"},\"headline\":\"Ex-dirigente do Chega acusado de prostitui\u00e7\u00e3o de menores n\u00e3o comparece ao julgamento\",\"datePublished\":\"2026-01-26T15:16:00+00:00\",\"mainEntityOfPage\":{\"@id\":\"https:\/\/portaltela.pt\/noticias\/2026\/01\/26\/ex-dirigente-do-chega-acusado-de-prostituicao-de-menores-nao-comparece-ao-julgamento\/\"},\"wordCount\":250,\"image\":{\"@id\":\"https:\/\/portaltela.pt\/noticias\/2026\/01\/26\/ex-dirigente-do-chega-acusado-de-prostituicao-de-menores-nao-comparece-ao-julgamento\/#primaryimage\"},\"thumbnailUrl\":\"https:\/\/portaltela.pt\/s.01k8rhncp4jt1\/2026\/01\/image-1776.jpg\",\"keywords\":[\"CHEGA\",\"crime\",\"Lisboa\",\"prostitui\u00e7\u00e3o de menor dependente ou em situa\u00e7\u00e3o vulner\u00e1vel\",\"prostitui\u00e7\u00e3o de menores\",\"tribunal\"],\"articleSection\":[\"Not\u00edcias\"],\"inLanguage\":\"pt-PT\"},{\"@type\":\"WebPage\",\"@id\":\"https:\/\/portaltela.pt\/noticias\/2026\/01\/26\/ex-dirigente-do-chega-acusado-de-prostituicao-de-menores-nao-comparece-ao-julgamento\/\",\"url\":\"https:\/\/portaltela.pt\/noticias\/2026\/01\/26\/ex-dirigente-do-chega-acusado-de-prostituicao-de-menores-nao-comparece-ao-julgamento\/\",\"name\":\"Ex-dirigente do Chega acusado de prostitui\u00e7\u00e3o de menores n\u00e3o comparece ao julgamento - Portal Tela Portugal\",\"isPartOf\":{\"@id\":\"https:\/\/portaltela.pt\/#website\"},\"primaryImageOfPage\":{\"@id\":\"https:\/\/portaltela.pt\/noticias\/2026\/01\/26\/ex-dirigente-do-chega-acusado-de-prostituicao-de-menores-nao-comparece-ao-julgamento\/#primaryimage\"},\"image\":{\"@id\":\"https:\/\/portaltela.pt\/noticias\/2026\/01\/26\/ex-dirigente-do-chega-acusado-de-prostituicao-de-menores-nao-comparece-ao-julgamento\/#primaryimage\"},\"thumbnailUrl\":\"https:\/\/portaltela.pt\/s.01k8rhncp4jt1\/2026\/01\/image-1776.jpg\",\"datePublished\":\"2026-01-26T15:16:00+00:00\",\"author\":{\"@id\":\"https:\/\/portaltela.pt\/#\/schema\/person\/c4278d4a6028830caff9ee44b42d32ed\"},\"breadcrumb\":{\"@id\":\"https:\/\/portaltela.pt\/noticias\/2026\/01\/26\/ex-dirigente-do-chega-acusado-de-prostituicao-de-menores-nao-comparece-ao-julgamento\/#breadcrumb\"},\"inLanguage\":\"pt-PT\",\"potentialAction\":[{\"@type\":\"ReadAction\",\"target\":[\"https:\/\/portaltela.pt\/noticias\/2026\/01\/26\/ex-dirigente-do-chega-acusado-de-prostituicao-de-menores-nao-comparece-ao-julgamento\/\"]}]},{\"@type\":\"ImageObject\",\"inLanguage\":\"pt-PT\",\"@id\":\"https:\/\/portaltela.pt\/noticias\/2026\/01\/26\/ex-dirigente-do-chega-acusado-de-prostituicao-de-menores-nao-comparece-ao-julgamento\/#primaryimage\",\"url\":\"https:\/\/portaltela.pt\/s.01k8rhncp4jt1\/2026\/01\/image-1776.jpg\",\"contentUrl\":\"https:\/\/portaltela.pt\/s.01k8rhncp4jt1\/2026\/01\/image-1776.jpg\",\"width\":796,\"height\":448,\"caption\":\"Nuno Pardal Ribeiro vai ser julgado por dois crimes de prostitui\u00e7\u00e3o de menores\"},{\"@type\":\"BreadcrumbList\",\"@id\":\"https:\/\/portaltela.pt\/noticias\/2026\/01\/26\/ex-dirigente-do-chega-acusado-de-prostituicao-de-menores-nao-comparece-ao-julgamento\/#breadcrumb\",\"itemListElement\":[{\"@type\":\"ListItem\",\"position\":1,\"name\":\"In\u00edcio\",\"item\":\"https:\/\/portaltela.pt\/\"},{\"@type\":\"ListItem\",\"position\":2,\"name\":\"Ex-dirigente do Chega acusado de prostitui\u00e7\u00e3o de menores n\u00e3o comparece ao julgamento\"}]},{\"@type\":\"WebSite\",\"@id\":\"https:\/\/portaltela.pt\/#website\",\"url\":\"https:\/\/portaltela.pt\/\",\"name\":\"Portal Tela Portugal\",\"description\":\"\",\"potentialAction\":[{\"@type\":\"SearchAction\",\"target\":{\"@type\":\"EntryPoint\",\"urlTemplate\":\"https:\/\/portaltela.pt\/?s={search_term_string}\"},\"query-input\":{\"@type\":\"PropertyValueSpecification\",\"valueRequired\":true,\"valueName\":\"search_term_string\"}}],\"inLanguage\":\"pt-PT\"},{\"@type\":\"Person\",\"@id\":\"https:\/\/portaltela.pt\/#\/schema\/person\/c4278d4a6028830caff9ee44b42d32ed\",\"name\":\"Telinha\",\"image\":{\"@type\":\"ImageObject\",\"inLanguage\":\"pt-PT\",\"@id\":\"https:\/\/portaltela.pt\/s.01k8rhncp4jt1\/2025\/11\/talking-bot-125x125.png\",\"url\":\"https:\/\/portaltela.pt\/s.01k8rhncp4jt1\/2025\/11\/talking-bot-125x125.png\",\"contentUrl\":\"https:\/\/portaltela.pt\/s.01k8rhncp4jt1\/2025\/11\/talking-bot-125x125.png\",\"caption\":\"Telinha\"},\"sameAs\":[\"https:\/\/portaltela.pt\/\"],\"url\":\"https:\/\/portaltela.pt\/por\/367410592786\/\"}]}<\/script>\n<!-- \/ Yoast SEO plugin. -->","yoast_head_json":{"title":"Ex-dirigente do Chega acusado de prostitui\u00e7\u00e3o de menores n\u00e3o comparece ao julgamento - Portal Tela Portugal","robots":{"index":"index","follow":"follow","max-snippet":"max-snippet:-1","max-image-preview":"max-image-preview:large","max-video-preview":"max-video-preview:-1"},"og_locale":"pt_PT","og_type":"article","og_title":"Ex-dirigente do Chega acusado de prostitui\u00e7\u00e3o de menores n\u00e3o comparece ao julgamento - Portal Tela Portugal","og_description":"O julgamento do ex-dirigente do Chega, Nuno Pardal Ribeiro, come\u00e7ou sem a sua presen\u00e7a, com sess\u00f5es a decorrerem a portas fechadas. A estrutura do tribunal determinou que n\u00e3o fosse permitida a publicidade nem a assist\u00eancia em nenhuma sess\u00e3o. O segundo arguido, tamb\u00e9m acusado de recurso \u00e0 prostitui\u00e7\u00e3o de menores, esteve presente e n\u00e3o apresentou declara\u00e7\u00f5es. A pr\u00f3xima sess\u00e3o ficou marcada para 2 de fevereiro. Nuno Pardal Ribeiro \u00e9 acusado de dois crimes de recurso \u00e0 prostitui\u00e7\u00e3o de menores, com o Minist\u00e9rio P\u00fablico a pedir a proibi\u00e7\u00e3o de exercer fun\u00e7\u00f5es que envolvam contacto com menores. A acusa\u00e7\u00e3o aponta que, em 2023, o arguido conheceu um jovem de 15 anos atrav\u00e9s de uma app de encontros, pagou 20 euros pelo encontro e planeou outro que n\u00e3o chegou a ocorrer; Pardal Ribeiro demitiu-se da vice-presid\u00eancia distrital do Lisboa em fevereiro de 2025.","og_url":"https:\/\/portaltela.pt\/noticias\/2026\/01\/26\/ex-dirigente-do-chega-acusado-de-prostituicao-de-menores-nao-comparece-ao-julgamento\/","og_site_name":"Portal Tela Portugal","article_published_time":"2026-01-26T15:16:00+00:00","author":"Telinha","twitter_card":"summary_large_image","twitter_misc":{"Escrito por":"Telinha","Tempo estimado de leitura":"1 minuto"},"schema":{"@context":"https:\/\/schema.org","@graph":[{"@type":"Article","@id":"https:\/\/portaltela.pt\/noticias\/2026\/01\/26\/ex-dirigente-do-chega-acusado-de-prostituicao-de-menores-nao-comparece-ao-julgamento\/#article","isPartOf":{"@id":"https:\/\/portaltela.pt\/noticias\/2026\/01\/26\/ex-dirigente-do-chega-acusado-de-prostituicao-de-menores-nao-comparece-ao-julgamento\/"},"author":{"name":"Telinha","@id":"https:\/\/portaltela.pt\/#\/schema\/person\/c4278d4a6028830caff9ee44b42d32ed"},"headline":"Ex-dirigente do Chega acusado de prostitui\u00e7\u00e3o de menores n\u00e3o comparece ao julgamento","datePublished":"2026-01-26T15:16:00+00:00","mainEntityOfPage":{"@id":"https:\/\/portaltela.pt\/noticias\/2026\/01\/26\/ex-dirigente-do-chega-acusado-de-prostituicao-de-menores-nao-comparece-ao-julgamento\/"},"wordCount":250,"image":{"@id":"https:\/\/portaltela.pt\/noticias\/2026\/01\/26\/ex-dirigente-do-chega-acusado-de-prostituicao-de-menores-nao-comparece-ao-julgamento\/#primaryimage"},"thumbnailUrl":"https:\/\/portaltela.pt\/s.01k8rhncp4jt1\/2026\/01\/image-1776.jpg","keywords":["CHEGA","crime","Lisboa","prostitui\u00e7\u00e3o de menor dependente ou em situa\u00e7\u00e3o vulner\u00e1vel","prostitui\u00e7\u00e3o de menores","tribunal"],"articleSection":["Not\u00edcias"],"inLanguage":"pt-PT"},{"@type":"WebPage","@id":"https:\/\/portaltela.pt\/noticias\/2026\/01\/26\/ex-dirigente-do-chega-acusado-de-prostituicao-de-menores-nao-comparece-ao-julgamento\/","url":"https:\/\/portaltela.pt\/noticias\/2026\/01\/26\/ex-dirigente-do-chega-acusado-de-prostituicao-de-menores-nao-comparece-ao-julgamento\/","name":"Ex-dirigente do Chega acusado de prostitui\u00e7\u00e3o de menores n\u00e3o comparece ao julgamento - Portal Tela Portugal","isPartOf":{"@id":"https:\/\/portaltela.pt\/#website"},"primaryImageOfPage":{"@id":"https:\/\/portaltela.pt\/noticias\/2026\/01\/26\/ex-dirigente-do-chega-acusado-de-prostituicao-de-menores-nao-comparece-ao-julgamento\/#primaryimage"},"image":{"@id":"https:\/\/portaltela.pt\/noticias\/2026\/01\/26\/ex-dirigente-do-chega-acusado-de-prostituicao-de-menores-nao-comparece-ao-julgamento\/#primaryimage"},"thumbnailUrl":"https:\/\/portaltela.pt\/s.01k8rhncp4jt1\/2026\/01\/image-1776.jpg","datePublished":"2026-01-26T15:16:00+00:00","author":{"@id":"https:\/\/portaltela.pt\/#\/schema\/person\/c4278d4a6028830caff9ee44b42d32ed"},"breadcrumb":{"@id":"https:\/\/portaltela.pt\/noticias\/2026\/01\/26\/ex-dirigente-do-chega-acusado-de-prostituicao-de-menores-nao-comparece-ao-julgamento\/#breadcrumb"},"inLanguage":"pt-PT","potentialAction":[{"@type":"ReadAction","target":["https:\/\/portaltela.pt\/noticias\/2026\/01\/26\/ex-dirigente-do-chega-acusado-de-prostituicao-de-menores-nao-comparece-ao-julgamento\/"]}]},{"@type":"ImageObject","inLanguage":"pt-PT","@id":"https:\/\/portaltela.pt\/noticias\/2026\/01\/26\/ex-dirigente-do-chega-acusado-de-prostituicao-de-menores-nao-comparece-ao-julgamento\/#primaryimage","url":"https:\/\/portaltela.pt\/s.01k8rhncp4jt1\/2026\/01\/image-1776.jpg","contentUrl":"https:\/\/portaltela.pt\/s.01k8rhncp4jt1\/2026\/01\/image-1776.jpg","width":796,"height":448,"caption":"Nuno Pardal Ribeiro vai ser julgado por dois crimes de prostitui\u00e7\u00e3o de menores"},{"@type":"BreadcrumbList","@id":"https:\/\/portaltela.pt\/noticias\/2026\/01\/26\/ex-dirigente-do-chega-acusado-de-prostituicao-de-menores-nao-comparece-ao-julgamento\/#breadcrumb","itemListElement":[{"@type":"ListItem","position":1,"name":"In\u00edcio","item":"https:\/\/portaltela.pt\/"},{"@type":"ListItem","position":2,"name":"Ex-dirigente do Chega acusado de prostitui\u00e7\u00e3o de menores n\u00e3o comparece ao julgamento"}]},{"@type":"WebSite","@id":"https:\/\/portaltela.pt\/#website","url":"https:\/\/portaltela.pt\/","name":"Portal Tela Portugal","description":"","potentialAction":[{"@type":"SearchAction","target":{"@type":"EntryPoint","urlTemplate":"https:\/\/portaltela.pt\/?s={search_term_string}"},"query-input":{"@type":"PropertyValueSpecification","valueRequired":true,"valueName":"search_term_string"}}],"inLanguage":"pt-PT"},{"@type":"Person","@id":"https:\/\/portaltela.pt\/#\/schema\/person\/c4278d4a6028830caff9ee44b42d32ed","name":"Telinha","image":{"@type":"ImageObject","inLanguage":"pt-PT","@id":"https:\/\/portaltela.pt\/s.01k8rhncp4jt1\/2025\/11\/talking-bot-125x125.png","url":"https:\/\/portaltela.pt\/s.01k8rhncp4jt1\/2025\/11\/talking-bot-125x125.png","contentUrl":"https:\/\/portaltela.pt\/s.01k8rhncp4jt1\/2025\/11\/talking-bot-125x125.png","caption":"Telinha"},"sameAs":["https:\/\/portaltela.pt\/"],"url":"https:\/\/portaltela.pt\/por\/367410592786\/"}]}},"_links":{"self":[{"href":"https:\/\/portaltela.pt\/api\/wp\/v2\/posts\/174702","targetHints":{"allow":["GET"]}}],"collection":[{"href":"https:\/\/portaltela.pt\/api\/wp\/v2\/posts"}],"about":[{"href":"https:\/\/portaltela.pt\/api\/wp\/v2\/types\/post"}],"author":[{"embeddable":true,"href":"https:\/\/portaltela.pt\/api\/wp\/v2\/users\/2"}],"replies":[{"embeddable":true,"href":"https:\/\/portaltela.pt\/api\/wp\/v2\/comments?post=174702"}],"version-history":[{"count":0,"href":"https:\/\/portaltela.pt\/api\/wp\/v2\/posts\/174702\/revisions"}],"wp:featuredmedia":[{"embeddable":true,"href":"https:\/\/portaltela.pt\/api\/wp\/v2\/media\/174706"}],"wp:attachment":[{"href":"https:\/\/portaltela.pt\/api\/wp\/v2\/media?parent=174702"}],"wp:term":[{"taxonomy":"category","embeddable":true,"href":"https:\/\/portaltela.pt\/api\/wp\/v2\/categories?post=174702"},{"taxonomy":"post_tag","embeddable":true,"href":"https:\/\/portaltela.pt\/api\/wp\/v2\/tags?post=174702"}],"curies":[{"name":"wp","href":"https:\/\/api.w.org\/{rel}","templated":true}]}}