{"id":174635,"date":"2026-01-26T11:59:06","date_gmt":"2026-01-26T14:59:06","guid":{"rendered":"https:\/\/portaltela.pt\/noticias\/2026\/01\/26\/julgamento-de-ex-dirigente-do-chega-por-prostituicao-de-menores-a-porta-fechada\/"},"modified":"2026-01-26T11:59:06","modified_gmt":"2026-01-26T14:59:06","slug":"julgamento-de-ex-dirigente-do-chega-por-prostituicao-de-menores-a-porta-fechada","status":"publish","type":"post","link":"https:\/\/portaltela.pt\/noticias\/2026\/01\/26\/julgamento-de-ex-dirigente-do-chega-por-prostituicao-de-menores-a-porta-fechada\/","title":{"rendered":"Julgamento de ex-dirigente do Chega por prostitui\u00e7\u00e3o de menores \u00e0 porta fechada"},"content":{"rendered":"<p>O julgamento do ex-dirigente do Chega Nuno Pardal Ribeiro, acusado de recurso \u00e0 prostitui\u00e7\u00e3o de menores, come\u00e7ou esta segunda-feira e decorre \u00e0 porta fechada. Ele n\u00e3o esteve presente, alegando motivos m\u00e9dicos, e o tribunal determinou segredo de publicidade para todas as sess\u00f5es.<\/p>\n<p>Apenas o segundo arguido esteve presente na primeira sess\u00e3o, acusado do mesmo crime, que n\u00e3o quis prestar declara\u00e7\u00f5es. A procuradoria mant\u00e9m a acusa\u00e7\u00e3o de dois crimes de recurso \u00e0 prostitui\u00e7\u00e3o de menores contra Pardal Ribeiro. A pr\u00f3xima sess\u00e3o est\u00e1 marcada para 2 de fevereiro.<\/p>\n<p>Segundo a acusa\u00e7\u00e3o, o Minist\u00e9rio P\u00fablico afirma que Pardal Ribeiro conheceu, em 2023, um jovem de 15 anos atrav\u00e9s de uma aplica\u00e7\u00e3o de encontros e praticou atos sexuais por dinheiro. Teria pago 20 euros, com um segundo encontro prometido, que n\u00e3o chegou a ocorrer, sabendo da idade do rapaz. A demiss\u00e3o ocorreu em fevereiro de 2025.<\/p>\n<h3>Em foco: passado p\u00fablico e consequ\u00eancias processuais<\/h3>\n<p>Pardal Ribeiro renunciou ao mandato de deputado municipal e, em fevereiro de 2025, pediu a demiss\u00e3o da vice-presid\u00eancia da distrital de Lisboa do Chega, ap\u00f3s a not\u00edcia avan\u00e7ada pelo Expresso. O caso permanece em segredo de justi\u00e7a, com o calend\u00e1rio de audi\u00eancias a prosseguir.<\/p>\n","protected":false},"excerpt":{"rendered":"<ul>\n<li>O julgamento do ex-dirigente do Chega, Nuno Pardal Ribeiro, por crimes de recurso \u00e0 prostitui\u00e7\u00e3o de menores come\u00e7ou sem a sua presen\u00e7a, com as sess\u00f5es a decorrerem \u00e0 porta fechada.<\/li>\n<li>Na primeira sess\u00e3o s\u00f3 esteve presente o segundo arguido, que n\u00e3o prestou declara\u00e7\u00f5es; Pardal Ribeiro ausente por raz\u00f5es m\u00e9dicas.<\/li>\n<li>O tribunal determinou a exclus\u00e3o de publicidade, impedindo a assist\u00eancia a qualquer sess\u00e3o.<\/li>\n<li>A pr\u00f3xima sess\u00e3o ficou marcada para 2 de fevereiro; o Minist\u00e9rio P\u00fablico pretende a proibi\u00e7\u00e3o de o arguido exercer fun\u00e7\u00f5es p\u00fablicas ou privadas com contacto com menores.<\/li>\n<li>Segundo a acusa\u00e7\u00e3o, em 2023 Pardal Ribeiro conheceu um jovem de 15 anos atrav\u00e9s de uma aplica\u00e7\u00e3o de encontros, pagou 20 euros e planeou um segundo encontro que n\u00e3o ocorreu; em fevereiro de 2025, o arguido demitiu-se da vice-presid\u00eancia da distrital de Lisboa do Chega, ap\u00f3s renunciar ao mandato de deputado municipal.<\/li>\n<\/ul>\n","protected":false},"author":2,"featured_media":174654,"comment_status":"closed","ping_status":"closed","sticky":false,"template":"","format":"standard","meta":{"footnotes":""},"categories":[1],"tags":[2142,217,981,2832,4288,52],"class_list":["post-174635","post","type-post","status-publish","format-standard","has-post-thumbnail","hentry","category-noticias","tag-chega","tag-investigacao-criminal","tag-lisboa","tag-politica","tag-prostituicao-de-menores","tag-tribunal"],"yoast_head":"<!-- This site is optimized with the Yoast SEO plugin v27.2 - https:\/\/yoast.com\/product\/yoast-seo-wordpress\/ -->\n<title>Julgamento de ex-dirigente do Chega por prostitui\u00e7\u00e3o de menores \u00e0 porta fechada - Portal Tela Portugal<\/title>\n<meta name=\"robots\" content=\"index, follow, max-snippet:-1, max-image-preview:large, max-video-preview:-1\" \/>\n<meta property=\"og:locale\" content=\"pt_PT\" \/>\n<meta property=\"og:type\" content=\"article\" \/>\n<meta property=\"og:title\" content=\"Julgamento de ex-dirigente do Chega por prostitui\u00e7\u00e3o de menores \u00e0 porta fechada - Portal Tela Portugal\" \/>\n<meta property=\"og:description\" content=\"O julgamento do ex-dirigente do Chega, Nuno Pardal Ribeiro, por crimes de recurso \u00e0 prostitui\u00e7\u00e3o de menores come\u00e7ou sem a sua presen\u00e7a, com as sess\u00f5es a decorrerem \u00e0 porta fechada. Na primeira sess\u00e3o s\u00f3 esteve presente o segundo arguido, que n\u00e3o prestou declara\u00e7\u00f5es; Pardal Ribeiro ausente por raz\u00f5es m\u00e9dicas. O tribunal determinou a exclus\u00e3o de publicidade, impedindo a assist\u00eancia a qualquer sess\u00e3o. A pr\u00f3xima sess\u00e3o ficou marcada para 2 de fevereiro; o Minist\u00e9rio P\u00fablico pretende a proibi\u00e7\u00e3o de o arguido exercer fun\u00e7\u00f5es p\u00fablicas ou privadas com contacto com menores. Segundo a acusa\u00e7\u00e3o, em 2023 Pardal Ribeiro conheceu um jovem de 15 anos atrav\u00e9s de uma aplica\u00e7\u00e3o de encontros, pagou 20 euros e planeou um segundo encontro que n\u00e3o ocorreu; em fevereiro de 2025, o arguido demitiu-se da vice-presid\u00eancia da distrital de Lisboa do Chega, ap\u00f3s renunciar ao mandato de deputado municipal.\" \/>\n<meta property=\"og:url\" content=\"https:\/\/portaltela.pt\/noticias\/2026\/01\/26\/julgamento-de-ex-dirigente-do-chega-por-prostituicao-de-menores-a-porta-fechada\/\" \/>\n<meta property=\"og:site_name\" content=\"Portal Tela Portugal\" \/>\n<meta property=\"article:published_time\" content=\"2026-01-26T14:59:06+00:00\" \/>\n<meta name=\"author\" content=\"Telinha\" \/>\n<meta name=\"twitter:card\" content=\"summary_large_image\" \/>\n<meta name=\"twitter:label1\" content=\"Escrito por\" \/>\n\t<meta name=\"twitter:data1\" content=\"Telinha\" \/>\n\t<meta name=\"twitter:label2\" content=\"Tempo estimado de leitura\" \/>\n\t<meta name=\"twitter:data2\" content=\"1 minuto\" \/>\n<script type=\"application\/ld+json\" class=\"yoast-schema-graph\">{\"@context\":\"https:\/\/schema.org\",\"@graph\":[{\"@type\":\"Article\",\"@id\":\"https:\/\/portaltela.pt\/noticias\/2026\/01\/26\/julgamento-de-ex-dirigente-do-chega-por-prostituicao-de-menores-a-porta-fechada\/#article\",\"isPartOf\":{\"@id\":\"https:\/\/portaltela.pt\/noticias\/2026\/01\/26\/julgamento-de-ex-dirigente-do-chega-por-prostituicao-de-menores-a-porta-fechada\/\"},\"author\":{\"name\":\"Telinha\",\"@id\":\"https:\/\/portaltela.pt\/#\/schema\/person\/c4278d4a6028830caff9ee44b42d32ed\"},\"headline\":\"Julgamento de ex-dirigente do Chega por prostitui\u00e7\u00e3o de menores \u00e0 porta fechada\",\"datePublished\":\"2026-01-26T14:59:06+00:00\",\"mainEntityOfPage\":{\"@id\":\"https:\/\/portaltela.pt\/noticias\/2026\/01\/26\/julgamento-de-ex-dirigente-do-chega-por-prostituicao-de-menores-a-porta-fechada\/\"},\"wordCount\":226,\"image\":{\"@id\":\"https:\/\/portaltela.pt\/noticias\/2026\/01\/26\/julgamento-de-ex-dirigente-do-chega-por-prostituicao-de-menores-a-porta-fechada\/#primaryimage\"},\"thumbnailUrl\":\"https:\/\/portaltela.pt\/s.01k8rhncp4jt1\/2026\/01\/img_1500x1000uu2025-02-06-23-45-39-2192104-1.jpg\",\"keywords\":[\"CHEGA\",\"investiga\u00e7\u00e3o criminal\",\"Lisboa\",\"pol\u00edtica\",\"prostitui\u00e7\u00e3o de menores\",\"tribunal\"],\"articleSection\":[\"Not\u00edcias\"],\"inLanguage\":\"pt-PT\"},{\"@type\":\"WebPage\",\"@id\":\"https:\/\/portaltela.pt\/noticias\/2026\/01\/26\/julgamento-de-ex-dirigente-do-chega-por-prostituicao-de-menores-a-porta-fechada\/\",\"url\":\"https:\/\/portaltela.pt\/noticias\/2026\/01\/26\/julgamento-de-ex-dirigente-do-chega-por-prostituicao-de-menores-a-porta-fechada\/\",\"name\":\"Julgamento de ex-dirigente do Chega por prostitui\u00e7\u00e3o de menores \u00e0 porta fechada - Portal Tela Portugal\",\"isPartOf\":{\"@id\":\"https:\/\/portaltela.pt\/#website\"},\"primaryImageOfPage\":{\"@id\":\"https:\/\/portaltela.pt\/noticias\/2026\/01\/26\/julgamento-de-ex-dirigente-do-chega-por-prostituicao-de-menores-a-porta-fechada\/#primaryimage\"},\"image\":{\"@id\":\"https:\/\/portaltela.pt\/noticias\/2026\/01\/26\/julgamento-de-ex-dirigente-do-chega-por-prostituicao-de-menores-a-porta-fechada\/#primaryimage\"},\"thumbnailUrl\":\"https:\/\/portaltela.pt\/s.01k8rhncp4jt1\/2026\/01\/img_1500x1000uu2025-02-06-23-45-39-2192104-1.jpg\",\"datePublished\":\"2026-01-26T14:59:06+00:00\",\"author\":{\"@id\":\"https:\/\/portaltela.pt\/#\/schema\/person\/c4278d4a6028830caff9ee44b42d32ed\"},\"breadcrumb\":{\"@id\":\"https:\/\/portaltela.pt\/noticias\/2026\/01\/26\/julgamento-de-ex-dirigente-do-chega-por-prostituicao-de-menores-a-porta-fechada\/#breadcrumb\"},\"inLanguage\":\"pt-PT\",\"potentialAction\":[{\"@type\":\"ReadAction\",\"target\":[\"https:\/\/portaltela.pt\/noticias\/2026\/01\/26\/julgamento-de-ex-dirigente-do-chega-por-prostituicao-de-menores-a-porta-fechada\/\"]}]},{\"@type\":\"ImageObject\",\"inLanguage\":\"pt-PT\",\"@id\":\"https:\/\/portaltela.pt\/noticias\/2026\/01\/26\/julgamento-de-ex-dirigente-do-chega-por-prostituicao-de-menores-a-porta-fechada\/#primaryimage\",\"url\":\"https:\/\/portaltela.pt\/s.01k8rhncp4jt1\/2026\/01\/img_1500x1000uu2025-02-06-23-45-39-2192104-1.jpg\",\"contentUrl\":\"https:\/\/portaltela.pt\/s.01k8rhncp4jt1\/2026\/01\/img_1500x1000uu2025-02-06-23-45-39-2192104-1.jpg\",\"width\":796,\"height\":448,\"caption\":\"Nuno Pardal Ribeiro\"},{\"@type\":\"BreadcrumbList\",\"@id\":\"https:\/\/portaltela.pt\/noticias\/2026\/01\/26\/julgamento-de-ex-dirigente-do-chega-por-prostituicao-de-menores-a-porta-fechada\/#breadcrumb\",\"itemListElement\":[{\"@type\":\"ListItem\",\"position\":1,\"name\":\"In\u00edcio\",\"item\":\"https:\/\/portaltela.pt\/\"},{\"@type\":\"ListItem\",\"position\":2,\"name\":\"Julgamento de ex-dirigente do Chega por prostitui\u00e7\u00e3o de menores \u00e0 porta fechada\"}]},{\"@type\":\"WebSite\",\"@id\":\"https:\/\/portaltela.pt\/#website\",\"url\":\"https:\/\/portaltela.pt\/\",\"name\":\"Portal Tela Portugal\",\"description\":\"\",\"potentialAction\":[{\"@type\":\"SearchAction\",\"target\":{\"@type\":\"EntryPoint\",\"urlTemplate\":\"https:\/\/portaltela.pt\/?s={search_term_string}\"},\"query-input\":{\"@type\":\"PropertyValueSpecification\",\"valueRequired\":true,\"valueName\":\"search_term_string\"}}],\"inLanguage\":\"pt-PT\"},{\"@type\":\"Person\",\"@id\":\"https:\/\/portaltela.pt\/#\/schema\/person\/c4278d4a6028830caff9ee44b42d32ed\",\"name\":\"Telinha\",\"image\":{\"@type\":\"ImageObject\",\"inLanguage\":\"pt-PT\",\"@id\":\"https:\/\/portaltela.pt\/s.01k8rhncp4jt1\/2025\/11\/talking-bot-125x125.png\",\"url\":\"https:\/\/portaltela.pt\/s.01k8rhncp4jt1\/2025\/11\/talking-bot-125x125.png\",\"contentUrl\":\"https:\/\/portaltela.pt\/s.01k8rhncp4jt1\/2025\/11\/talking-bot-125x125.png\",\"caption\":\"Telinha\"},\"sameAs\":[\"https:\/\/portaltela.pt\/\"],\"url\":\"https:\/\/portaltela.pt\/por\/367410592786\/\"}]}<\/script>\n<!-- \/ Yoast SEO plugin. -->","yoast_head_json":{"title":"Julgamento de ex-dirigente do Chega por prostitui\u00e7\u00e3o de menores \u00e0 porta fechada - Portal Tela Portugal","robots":{"index":"index","follow":"follow","max-snippet":"max-snippet:-1","max-image-preview":"max-image-preview:large","max-video-preview":"max-video-preview:-1"},"og_locale":"pt_PT","og_type":"article","og_title":"Julgamento de ex-dirigente do Chega por prostitui\u00e7\u00e3o de menores \u00e0 porta fechada - Portal Tela Portugal","og_description":"O julgamento do ex-dirigente do Chega, Nuno Pardal Ribeiro, por crimes de recurso \u00e0 prostitui\u00e7\u00e3o de menores come\u00e7ou sem a sua presen\u00e7a, com as sess\u00f5es a decorrerem \u00e0 porta fechada. Na primeira sess\u00e3o s\u00f3 esteve presente o segundo arguido, que n\u00e3o prestou declara\u00e7\u00f5es; Pardal Ribeiro ausente por raz\u00f5es m\u00e9dicas. O tribunal determinou a exclus\u00e3o de publicidade, impedindo a assist\u00eancia a qualquer sess\u00e3o. A pr\u00f3xima sess\u00e3o ficou marcada para 2 de fevereiro; o Minist\u00e9rio P\u00fablico pretende a proibi\u00e7\u00e3o de o arguido exercer fun\u00e7\u00f5es p\u00fablicas ou privadas com contacto com menores. Segundo a acusa\u00e7\u00e3o, em 2023 Pardal Ribeiro conheceu um jovem de 15 anos atrav\u00e9s de uma aplica\u00e7\u00e3o de encontros, pagou 20 euros e planeou um segundo encontro que n\u00e3o ocorreu; em fevereiro de 2025, o arguido demitiu-se da vice-presid\u00eancia da distrital de Lisboa do Chega, ap\u00f3s renunciar ao mandato de deputado municipal.","og_url":"https:\/\/portaltela.pt\/noticias\/2026\/01\/26\/julgamento-de-ex-dirigente-do-chega-por-prostituicao-de-menores-a-porta-fechada\/","og_site_name":"Portal Tela Portugal","article_published_time":"2026-01-26T14:59:06+00:00","author":"Telinha","twitter_card":"summary_large_image","twitter_misc":{"Escrito por":"Telinha","Tempo estimado de leitura":"1 minuto"},"schema":{"@context":"https:\/\/schema.org","@graph":[{"@type":"Article","@id":"https:\/\/portaltela.pt\/noticias\/2026\/01\/26\/julgamento-de-ex-dirigente-do-chega-por-prostituicao-de-menores-a-porta-fechada\/#article","isPartOf":{"@id":"https:\/\/portaltela.pt\/noticias\/2026\/01\/26\/julgamento-de-ex-dirigente-do-chega-por-prostituicao-de-menores-a-porta-fechada\/"},"author":{"name":"Telinha","@id":"https:\/\/portaltela.pt\/#\/schema\/person\/c4278d4a6028830caff9ee44b42d32ed"},"headline":"Julgamento de ex-dirigente do Chega por prostitui\u00e7\u00e3o de menores \u00e0 porta fechada","datePublished":"2026-01-26T14:59:06+00:00","mainEntityOfPage":{"@id":"https:\/\/portaltela.pt\/noticias\/2026\/01\/26\/julgamento-de-ex-dirigente-do-chega-por-prostituicao-de-menores-a-porta-fechada\/"},"wordCount":226,"image":{"@id":"https:\/\/portaltela.pt\/noticias\/2026\/01\/26\/julgamento-de-ex-dirigente-do-chega-por-prostituicao-de-menores-a-porta-fechada\/#primaryimage"},"thumbnailUrl":"https:\/\/portaltela.pt\/s.01k8rhncp4jt1\/2026\/01\/img_1500x1000uu2025-02-06-23-45-39-2192104-1.jpg","keywords":["CHEGA","investiga\u00e7\u00e3o criminal","Lisboa","pol\u00edtica","prostitui\u00e7\u00e3o de menores","tribunal"],"articleSection":["Not\u00edcias"],"inLanguage":"pt-PT"},{"@type":"WebPage","@id":"https:\/\/portaltela.pt\/noticias\/2026\/01\/26\/julgamento-de-ex-dirigente-do-chega-por-prostituicao-de-menores-a-porta-fechada\/","url":"https:\/\/portaltela.pt\/noticias\/2026\/01\/26\/julgamento-de-ex-dirigente-do-chega-por-prostituicao-de-menores-a-porta-fechada\/","name":"Julgamento de ex-dirigente do Chega por prostitui\u00e7\u00e3o de menores \u00e0 porta fechada - Portal Tela Portugal","isPartOf":{"@id":"https:\/\/portaltela.pt\/#website"},"primaryImageOfPage":{"@id":"https:\/\/portaltela.pt\/noticias\/2026\/01\/26\/julgamento-de-ex-dirigente-do-chega-por-prostituicao-de-menores-a-porta-fechada\/#primaryimage"},"image":{"@id":"https:\/\/portaltela.pt\/noticias\/2026\/01\/26\/julgamento-de-ex-dirigente-do-chega-por-prostituicao-de-menores-a-porta-fechada\/#primaryimage"},"thumbnailUrl":"https:\/\/portaltela.pt\/s.01k8rhncp4jt1\/2026\/01\/img_1500x1000uu2025-02-06-23-45-39-2192104-1.jpg","datePublished":"2026-01-26T14:59:06+00:00","author":{"@id":"https:\/\/portaltela.pt\/#\/schema\/person\/c4278d4a6028830caff9ee44b42d32ed"},"breadcrumb":{"@id":"https:\/\/portaltela.pt\/noticias\/2026\/01\/26\/julgamento-de-ex-dirigente-do-chega-por-prostituicao-de-menores-a-porta-fechada\/#breadcrumb"},"inLanguage":"pt-PT","potentialAction":[{"@type":"ReadAction","target":["https:\/\/portaltela.pt\/noticias\/2026\/01\/26\/julgamento-de-ex-dirigente-do-chega-por-prostituicao-de-menores-a-porta-fechada\/"]}]},{"@type":"ImageObject","inLanguage":"pt-PT","@id":"https:\/\/portaltela.pt\/noticias\/2026\/01\/26\/julgamento-de-ex-dirigente-do-chega-por-prostituicao-de-menores-a-porta-fechada\/#primaryimage","url":"https:\/\/portaltela.pt\/s.01k8rhncp4jt1\/2026\/01\/img_1500x1000uu2025-02-06-23-45-39-2192104-1.jpg","contentUrl":"https:\/\/portaltela.pt\/s.01k8rhncp4jt1\/2026\/01\/img_1500x1000uu2025-02-06-23-45-39-2192104-1.jpg","width":796,"height":448,"caption":"Nuno Pardal Ribeiro"},{"@type":"BreadcrumbList","@id":"https:\/\/portaltela.pt\/noticias\/2026\/01\/26\/julgamento-de-ex-dirigente-do-chega-por-prostituicao-de-menores-a-porta-fechada\/#breadcrumb","itemListElement":[{"@type":"ListItem","position":1,"name":"In\u00edcio","item":"https:\/\/portaltela.pt\/"},{"@type":"ListItem","position":2,"name":"Julgamento de ex-dirigente do Chega por prostitui\u00e7\u00e3o de menores \u00e0 porta fechada"}]},{"@type":"WebSite","@id":"https:\/\/portaltela.pt\/#website","url":"https:\/\/portaltela.pt\/","name":"Portal Tela Portugal","description":"","potentialAction":[{"@type":"SearchAction","target":{"@type":"EntryPoint","urlTemplate":"https:\/\/portaltela.pt\/?s={search_term_string}"},"query-input":{"@type":"PropertyValueSpecification","valueRequired":true,"valueName":"search_term_string"}}],"inLanguage":"pt-PT"},{"@type":"Person","@id":"https:\/\/portaltela.pt\/#\/schema\/person\/c4278d4a6028830caff9ee44b42d32ed","name":"Telinha","image":{"@type":"ImageObject","inLanguage":"pt-PT","@id":"https:\/\/portaltela.pt\/s.01k8rhncp4jt1\/2025\/11\/talking-bot-125x125.png","url":"https:\/\/portaltela.pt\/s.01k8rhncp4jt1\/2025\/11\/talking-bot-125x125.png","contentUrl":"https:\/\/portaltela.pt\/s.01k8rhncp4jt1\/2025\/11\/talking-bot-125x125.png","caption":"Telinha"},"sameAs":["https:\/\/portaltela.pt\/"],"url":"https:\/\/portaltela.pt\/por\/367410592786\/"}]}},"_links":{"self":[{"href":"https:\/\/portaltela.pt\/api\/wp\/v2\/posts\/174635","targetHints":{"allow":["GET"]}}],"collection":[{"href":"https:\/\/portaltela.pt\/api\/wp\/v2\/posts"}],"about":[{"href":"https:\/\/portaltela.pt\/api\/wp\/v2\/types\/post"}],"author":[{"embeddable":true,"href":"https:\/\/portaltela.pt\/api\/wp\/v2\/users\/2"}],"replies":[{"embeddable":true,"href":"https:\/\/portaltela.pt\/api\/wp\/v2\/comments?post=174635"}],"version-history":[{"count":0,"href":"https:\/\/portaltela.pt\/api\/wp\/v2\/posts\/174635\/revisions"}],"wp:featuredmedia":[{"embeddable":true,"href":"https:\/\/portaltela.pt\/api\/wp\/v2\/media\/174654"}],"wp:attachment":[{"href":"https:\/\/portaltela.pt\/api\/wp\/v2\/media?parent=174635"}],"wp:term":[{"taxonomy":"category","embeddable":true,"href":"https:\/\/portaltela.pt\/api\/wp\/v2\/categories?post=174635"},{"taxonomy":"post_tag","embeddable":true,"href":"https:\/\/portaltela.pt\/api\/wp\/v2\/tags?post=174635"}],"curies":[{"name":"wp","href":"https:\/\/api.w.org\/{rel}","templated":true}]}}