{"id":174611,"date":"2026-01-26T11:20:00","date_gmt":"2026-01-26T14:20:00","guid":{"rendered":"https:\/\/portaltela.pt\/noticias\/2026\/01\/26\/balanco-do-excesso-de-obitos-so-sera-feito-no-final-do-inverno\/"},"modified":"2026-01-26T11:20:00","modified_gmt":"2026-01-26T14:20:00","slug":"balanco-do-excesso-de-obitos-so-sera-feito-no-final-do-inverno","status":"publish","type":"post","link":"https:\/\/portaltela.pt\/noticias\/2026\/01\/26\/balanco-do-excesso-de-obitos-so-sera-feito-no-final-do-inverno\/","title":{"rendered":"Balan\u00e7o do excesso de \u00f3bitos s\u00f3 ser\u00e1 feito no final do Inverno"},"content":{"rendered":"<p>O balan\u00e7o do excesso de mortalidade em Portugal s\u00f3 poder\u00e1 ser apurado ao final do Inverno, segundo a ministra da Sa\u00fade. Ana Paula Martins afirmou, durante uma visita ao Algarve, que o pico da mortalidade associado \u00e0 gripe e ao frio ainda n\u00e3o terminou, por isso n\u00e3o \u00e9 poss\u00edvel concluir o balan\u00e7o neste momento.<\/p>\n<p>O Instituto Nacional de Sa\u00fade Doutor Ricardo Jorge (Insa) confirmou que a atividade gripal epid\u00e9mica est\u00e1 a abrandar no pa\u00eds, com menos casos de gripe, de infec\u00e7\u00f5es respirat\u00f3rias graves e de internamentos em cuidados intensivos, mantendo, no entanto, o excesso de \u00f3bitos. O boletim de vigil\u00e2ncia da gripe abrangendo a semana de 12 a 18 de janeiro aponta uma tend\u00eancia decrescente.<\/p>\n<p>Desde o in\u00edcio da \u00e9poca gripal, em 29 de setembro de 2025, os laborat\u00f3rios da Rede Portuguesa de Laborat\u00f3rios para o Diagn\u00f3stico da Gripe e Outros V\u00edrus Respirat\u00f3rios notificaram 73 292 casos de infe\u00e7\u00e3o respirat\u00f3ria e identificaram 14 243 casos de gripe. Na semana em an\u00e1lise, registaram-se 495 casos de gripe, menos 258 que na semana anterior, e 75 casos de infec\u00e7\u00e3o respirat\u00f3ria aguda grave (SARI) foram admitidos nas Unidades Locais de Sa\u00fade, menos cinco, com uma taxa de 9,6 casos por 100 mil habitantes.<\/p>\n<p>O Insa sublinhou que, apesar da tend\u00eancia global de queda da SARI, as taxas continuam relativamente elevadas entre pessoas com 65 anos ou mais. O relat\u00f3rio ressalva ainda que as duas Unidades Locais de Sa\u00fade que reportaram dados para a vigil\u00e2ncia SARI apresentaram discrep\u00e2ncias entre si, o que condiciona a leitura global.<\/p>\n<p>A ministra destacou que Portugal n\u00e3o \u00e9 caso isolado na Europa, citando situa\u00e7\u00f5es semelhantes em Espanha, It\u00e1lia, Gr\u00e9cia e Dinamarca. Joalheira do tema, Ana Paula Martins referiu que, ao longo dos \u00faltimos 35 anos, apenas em tr\u00eas per\u00edodos houve mortalidade igual ou superior \u00e0 atual, com Portugal a enfrentar simultaneamente gripe e frio, o que intensifica o impacto na mortalidade.<\/p>\n<p>Este foi o conjunto de dados mais recente sobre a gravidade da gripe e o estado da mortalidade no territ\u00f3rio, enquanto as autoridades aguardam o decorrer do Inverno para confirmar a dimens\u00e3o real do excesso de \u00f3bitos.<\/p>\n","protected":false},"excerpt":{"rendered":"<ul>\n<li>A atividade gripal epid\u00e9mica em Portugal est\u00e1 a abrandar, com menos casos de gripe, infec\u00e7\u00f5es respirat\u00f3rias graves e internamentos em cuidados intensivos, mas persiste o excesso de mortalidade.<\/li>\n<li>O balan\u00e7o do actual excesso de \u00f3bitos s\u00f3 poder\u00e1 ser feito no final do inverno, pois ainda n\u00e3o terminou a \u00e9poca sazonal e \u00e9 preciso observar o pico e o planalto.<\/li>\n<li>A ministra da Sa\u00fade, Ana Paula Martins, afirmou que Portugal foi afetado pela conjuntura de gripe e frio, sendo o pa\u00eds com ambas as dimens\u00f5es ativas neste inverno.<\/li>\n<li>Segundo o Insa, na semana de 12 a 18 de janeiro houve menos 258 casos de gripe face \u00e0 semana anterior, e 75 casos de infec\u00e7\u00e3o respirat\u00f3ria aguda grave (SARI) foram internados, com taxa de incid\u00eancia de 9,6 por 100.000 habitantes.<\/li>\n<li>Desde 29 de setembro de 2025, registaram-se 73.292 infec\u00e7\u00f5es respirat\u00f3rias e identificaram-se 14.243 casos de gripe, com as taxas de SARI ainda mais elevadas entre pessoas com 65 anos ou mais.<\/li>\n<\/ul>\n","protected":false},"author":2,"featured_media":174619,"comment_status":"closed","ping_status":"closed","sticky":false,"template":"","format":"standard","meta":{"footnotes":""},"categories":[1],"tags":[928,3140,1905,3976,1014,271],"class_list":["post-174611","post","type-post","status-publish","format-standard","has-post-thumbnail","hentry","category-noticias","tag-algarve","tag-cuidados-intensivos","tag-gripe","tag-infeccoes-respiratorias","tag-portugal","tag-saude-publica"],"yoast_head":"<!-- This site is optimized with the Yoast SEO plugin v27.2 - https:\/\/yoast.com\/product\/yoast-seo-wordpress\/ -->\n<title>Balan\u00e7o do excesso de \u00f3bitos s\u00f3 ser\u00e1 feito no final do Inverno - Portal Tela Portugal<\/title>\n<meta name=\"robots\" content=\"index, follow, max-snippet:-1, max-image-preview:large, max-video-preview:-1\" \/>\n<meta property=\"og:locale\" content=\"pt_PT\" \/>\n<meta property=\"og:type\" content=\"article\" \/>\n<meta property=\"og:title\" content=\"Balan\u00e7o do excesso de \u00f3bitos s\u00f3 ser\u00e1 feito no final do Inverno - Portal Tela Portugal\" \/>\n<meta property=\"og:description\" content=\"A atividade gripal epid\u00e9mica em Portugal est\u00e1 a abrandar, com menos casos de gripe, infec\u00e7\u00f5es respirat\u00f3rias graves e internamentos em cuidados intensivos, mas persiste o excesso de mortalidade. O balan\u00e7o do actual excesso de \u00f3bitos s\u00f3 poder\u00e1 ser feito no final do inverno, pois ainda n\u00e3o terminou a \u00e9poca sazonal e \u00e9 preciso observar o pico e o planalto. A ministra da Sa\u00fade, Ana Paula Martins, afirmou que Portugal foi afetado pela conjuntura de gripe e frio, sendo o pa\u00eds com ambas as dimens\u00f5es ativas neste inverno. Segundo o Insa, na semana de 12 a 18 de janeiro houve menos 258 casos de gripe face \u00e0 semana anterior, e 75 casos de infec\u00e7\u00e3o respirat\u00f3ria aguda grave (SARI) foram internados, com taxa de incid\u00eancia de 9,6 por 100.000 habitantes. Desde 29 de setembro de 2025, registaram-se 73.292 infec\u00e7\u00f5es respirat\u00f3rias e identificaram-se 14.243 casos de gripe, com as taxas de SARI ainda mais elevadas entre pessoas com 65 anos ou mais.\" \/>\n<meta property=\"og:url\" content=\"https:\/\/portaltela.pt\/noticias\/2026\/01\/26\/balanco-do-excesso-de-obitos-so-sera-feito-no-final-do-inverno\/\" \/>\n<meta property=\"og:site_name\" content=\"Portal Tela Portugal\" \/>\n<meta property=\"article:published_time\" content=\"2026-01-26T14:20:00+00:00\" \/>\n<meta name=\"author\" content=\"Telinha\" \/>\n<meta name=\"twitter:card\" content=\"summary_large_image\" \/>\n<meta name=\"twitter:label1\" content=\"Escrito por\" \/>\n\t<meta name=\"twitter:data1\" content=\"Telinha\" \/>\n\t<meta name=\"twitter:label2\" content=\"Tempo estimado de leitura\" \/>\n\t<meta name=\"twitter:data2\" content=\"2 minutos\" \/>\n<script type=\"application\/ld+json\" class=\"yoast-schema-graph\">{\"@context\":\"https:\/\/schema.org\",\"@graph\":[{\"@type\":\"Article\",\"@id\":\"https:\/\/portaltela.pt\/noticias\/2026\/01\/26\/balanco-do-excesso-de-obitos-so-sera-feito-no-final-do-inverno\/#article\",\"isPartOf\":{\"@id\":\"https:\/\/portaltela.pt\/noticias\/2026\/01\/26\/balanco-do-excesso-de-obitos-so-sera-feito-no-final-do-inverno\/\"},\"author\":{\"name\":\"Telinha\",\"@id\":\"https:\/\/portaltela.pt\/#\/schema\/person\/c4278d4a6028830caff9ee44b42d32ed\"},\"headline\":\"Balan\u00e7o do excesso de \u00f3bitos s\u00f3 ser\u00e1 feito no final do Inverno\",\"datePublished\":\"2026-01-26T14:20:00+00:00\",\"mainEntityOfPage\":{\"@id\":\"https:\/\/portaltela.pt\/noticias\/2026\/01\/26\/balanco-do-excesso-de-obitos-so-sera-feito-no-final-do-inverno\/\"},\"wordCount\":381,\"image\":{\"@id\":\"https:\/\/portaltela.pt\/noticias\/2026\/01\/26\/balanco-do-excesso-de-obitos-so-sera-feito-no-final-do-inverno\/#primaryimage\"},\"thumbnailUrl\":\"https:\/\/portaltela.pt\/s.01k8rhncp4jt1\/2026\/01\/2061954.jpg\",\"keywords\":[\"Algarve\",\"cuidados intensivos\",\"gripe\",\"infec\u00e7\u00f5es respirat\u00f3rias\",\"Portugal\",\"sa\u00fade p\u00fablica\"],\"articleSection\":[\"Not\u00edcias\"],\"inLanguage\":\"pt-PT\"},{\"@type\":\"WebPage\",\"@id\":\"https:\/\/portaltela.pt\/noticias\/2026\/01\/26\/balanco-do-excesso-de-obitos-so-sera-feito-no-final-do-inverno\/\",\"url\":\"https:\/\/portaltela.pt\/noticias\/2026\/01\/26\/balanco-do-excesso-de-obitos-so-sera-feito-no-final-do-inverno\/\",\"name\":\"Balan\u00e7o do excesso de \u00f3bitos s\u00f3 ser\u00e1 feito no final do Inverno - Portal Tela Portugal\",\"isPartOf\":{\"@id\":\"https:\/\/portaltela.pt\/#website\"},\"primaryImageOfPage\":{\"@id\":\"https:\/\/portaltela.pt\/noticias\/2026\/01\/26\/balanco-do-excesso-de-obitos-so-sera-feito-no-final-do-inverno\/#primaryimage\"},\"image\":{\"@id\":\"https:\/\/portaltela.pt\/noticias\/2026\/01\/26\/balanco-do-excesso-de-obitos-so-sera-feito-no-final-do-inverno\/#primaryimage\"},\"thumbnailUrl\":\"https:\/\/portaltela.pt\/s.01k8rhncp4jt1\/2026\/01\/2061954.jpg\",\"datePublished\":\"2026-01-26T14:20:00+00:00\",\"author\":{\"@id\":\"https:\/\/portaltela.pt\/#\/schema\/person\/c4278d4a6028830caff9ee44b42d32ed\"},\"breadcrumb\":{\"@id\":\"https:\/\/portaltela.pt\/noticias\/2026\/01\/26\/balanco-do-excesso-de-obitos-so-sera-feito-no-final-do-inverno\/#breadcrumb\"},\"inLanguage\":\"pt-PT\",\"potentialAction\":[{\"@type\":\"ReadAction\",\"target\":[\"https:\/\/portaltela.pt\/noticias\/2026\/01\/26\/balanco-do-excesso-de-obitos-so-sera-feito-no-final-do-inverno\/\"]}]},{\"@type\":\"ImageObject\",\"inLanguage\":\"pt-PT\",\"@id\":\"https:\/\/portaltela.pt\/noticias\/2026\/01\/26\/balanco-do-excesso-de-obitos-so-sera-feito-no-final-do-inverno\/#primaryimage\",\"url\":\"https:\/\/portaltela.pt\/s.01k8rhncp4jt1\/2026\/01\/2061954.jpg\",\"contentUrl\":\"https:\/\/portaltela.pt\/s.01k8rhncp4jt1\/2026\/01\/2061954.jpg\",\"width\":796,\"height\":448,\"caption\":\"Desde o in\u00edcio da \u00e9poca gripal, os laborat\u00f3rios da Rede Portuguesa de Laborat\u00f3rios para o Diagn\u00f3stico da Gripe e Outros V\u00edrus Respirat\u00f3rios notificaram 73.292 casos de infec\u00e7\u00e3o respirat\u00f3ria e 14.243 casos de gripe\"},{\"@type\":\"BreadcrumbList\",\"@id\":\"https:\/\/portaltela.pt\/noticias\/2026\/01\/26\/balanco-do-excesso-de-obitos-so-sera-feito-no-final-do-inverno\/#breadcrumb\",\"itemListElement\":[{\"@type\":\"ListItem\",\"position\":1,\"name\":\"In\u00edcio\",\"item\":\"https:\/\/portaltela.pt\/\"},{\"@type\":\"ListItem\",\"position\":2,\"name\":\"Balan\u00e7o do excesso de \u00f3bitos s\u00f3 ser\u00e1 feito no final do Inverno\"}]},{\"@type\":\"WebSite\",\"@id\":\"https:\/\/portaltela.pt\/#website\",\"url\":\"https:\/\/portaltela.pt\/\",\"name\":\"Portal Tela Portugal\",\"description\":\"\",\"potentialAction\":[{\"@type\":\"SearchAction\",\"target\":{\"@type\":\"EntryPoint\",\"urlTemplate\":\"https:\/\/portaltela.pt\/?s={search_term_string}\"},\"query-input\":{\"@type\":\"PropertyValueSpecification\",\"valueRequired\":true,\"valueName\":\"search_term_string\"}}],\"inLanguage\":\"pt-PT\"},{\"@type\":\"Person\",\"@id\":\"https:\/\/portaltela.pt\/#\/schema\/person\/c4278d4a6028830caff9ee44b42d32ed\",\"name\":\"Telinha\",\"image\":{\"@type\":\"ImageObject\",\"inLanguage\":\"pt-PT\",\"@id\":\"https:\/\/portaltela.pt\/s.01k8rhncp4jt1\/2025\/11\/talking-bot-125x125.png\",\"url\":\"https:\/\/portaltela.pt\/s.01k8rhncp4jt1\/2025\/11\/talking-bot-125x125.png\",\"contentUrl\":\"https:\/\/portaltela.pt\/s.01k8rhncp4jt1\/2025\/11\/talking-bot-125x125.png\",\"caption\":\"Telinha\"},\"sameAs\":[\"https:\/\/portaltela.pt\/\"],\"url\":\"https:\/\/portaltela.pt\/por\/367410592786\/\"}]}<\/script>\n<!-- \/ Yoast SEO plugin. -->","yoast_head_json":{"title":"Balan\u00e7o do excesso de \u00f3bitos s\u00f3 ser\u00e1 feito no final do Inverno - Portal Tela Portugal","robots":{"index":"index","follow":"follow","max-snippet":"max-snippet:-1","max-image-preview":"max-image-preview:large","max-video-preview":"max-video-preview:-1"},"og_locale":"pt_PT","og_type":"article","og_title":"Balan\u00e7o do excesso de \u00f3bitos s\u00f3 ser\u00e1 feito no final do Inverno - Portal Tela Portugal","og_description":"A atividade gripal epid\u00e9mica em Portugal est\u00e1 a abrandar, com menos casos de gripe, infec\u00e7\u00f5es respirat\u00f3rias graves e internamentos em cuidados intensivos, mas persiste o excesso de mortalidade. O balan\u00e7o do actual excesso de \u00f3bitos s\u00f3 poder\u00e1 ser feito no final do inverno, pois ainda n\u00e3o terminou a \u00e9poca sazonal e \u00e9 preciso observar o pico e o planalto. A ministra da Sa\u00fade, Ana Paula Martins, afirmou que Portugal foi afetado pela conjuntura de gripe e frio, sendo o pa\u00eds com ambas as dimens\u00f5es ativas neste inverno. Segundo o Insa, na semana de 12 a 18 de janeiro houve menos 258 casos de gripe face \u00e0 semana anterior, e 75 casos de infec\u00e7\u00e3o respirat\u00f3ria aguda grave (SARI) foram internados, com taxa de incid\u00eancia de 9,6 por 100.000 habitantes. Desde 29 de setembro de 2025, registaram-se 73.292 infec\u00e7\u00f5es respirat\u00f3rias e identificaram-se 14.243 casos de gripe, com as taxas de SARI ainda mais elevadas entre pessoas com 65 anos ou mais.","og_url":"https:\/\/portaltela.pt\/noticias\/2026\/01\/26\/balanco-do-excesso-de-obitos-so-sera-feito-no-final-do-inverno\/","og_site_name":"Portal Tela Portugal","article_published_time":"2026-01-26T14:20:00+00:00","author":"Telinha","twitter_card":"summary_large_image","twitter_misc":{"Escrito por":"Telinha","Tempo estimado de leitura":"2 minutos"},"schema":{"@context":"https:\/\/schema.org","@graph":[{"@type":"Article","@id":"https:\/\/portaltela.pt\/noticias\/2026\/01\/26\/balanco-do-excesso-de-obitos-so-sera-feito-no-final-do-inverno\/#article","isPartOf":{"@id":"https:\/\/portaltela.pt\/noticias\/2026\/01\/26\/balanco-do-excesso-de-obitos-so-sera-feito-no-final-do-inverno\/"},"author":{"name":"Telinha","@id":"https:\/\/portaltela.pt\/#\/schema\/person\/c4278d4a6028830caff9ee44b42d32ed"},"headline":"Balan\u00e7o do excesso de \u00f3bitos s\u00f3 ser\u00e1 feito no final do Inverno","datePublished":"2026-01-26T14:20:00+00:00","mainEntityOfPage":{"@id":"https:\/\/portaltela.pt\/noticias\/2026\/01\/26\/balanco-do-excesso-de-obitos-so-sera-feito-no-final-do-inverno\/"},"wordCount":381,"image":{"@id":"https:\/\/portaltela.pt\/noticias\/2026\/01\/26\/balanco-do-excesso-de-obitos-so-sera-feito-no-final-do-inverno\/#primaryimage"},"thumbnailUrl":"https:\/\/portaltela.pt\/s.01k8rhncp4jt1\/2026\/01\/2061954.jpg","keywords":["Algarve","cuidados intensivos","gripe","infec\u00e7\u00f5es respirat\u00f3rias","Portugal","sa\u00fade p\u00fablica"],"articleSection":["Not\u00edcias"],"inLanguage":"pt-PT"},{"@type":"WebPage","@id":"https:\/\/portaltela.pt\/noticias\/2026\/01\/26\/balanco-do-excesso-de-obitos-so-sera-feito-no-final-do-inverno\/","url":"https:\/\/portaltela.pt\/noticias\/2026\/01\/26\/balanco-do-excesso-de-obitos-so-sera-feito-no-final-do-inverno\/","name":"Balan\u00e7o do excesso de \u00f3bitos s\u00f3 ser\u00e1 feito no final do Inverno - Portal Tela Portugal","isPartOf":{"@id":"https:\/\/portaltela.pt\/#website"},"primaryImageOfPage":{"@id":"https:\/\/portaltela.pt\/noticias\/2026\/01\/26\/balanco-do-excesso-de-obitos-so-sera-feito-no-final-do-inverno\/#primaryimage"},"image":{"@id":"https:\/\/portaltela.pt\/noticias\/2026\/01\/26\/balanco-do-excesso-de-obitos-so-sera-feito-no-final-do-inverno\/#primaryimage"},"thumbnailUrl":"https:\/\/portaltela.pt\/s.01k8rhncp4jt1\/2026\/01\/2061954.jpg","datePublished":"2026-01-26T14:20:00+00:00","author":{"@id":"https:\/\/portaltela.pt\/#\/schema\/person\/c4278d4a6028830caff9ee44b42d32ed"},"breadcrumb":{"@id":"https:\/\/portaltela.pt\/noticias\/2026\/01\/26\/balanco-do-excesso-de-obitos-so-sera-feito-no-final-do-inverno\/#breadcrumb"},"inLanguage":"pt-PT","potentialAction":[{"@type":"ReadAction","target":["https:\/\/portaltela.pt\/noticias\/2026\/01\/26\/balanco-do-excesso-de-obitos-so-sera-feito-no-final-do-inverno\/"]}]},{"@type":"ImageObject","inLanguage":"pt-PT","@id":"https:\/\/portaltela.pt\/noticias\/2026\/01\/26\/balanco-do-excesso-de-obitos-so-sera-feito-no-final-do-inverno\/#primaryimage","url":"https:\/\/portaltela.pt\/s.01k8rhncp4jt1\/2026\/01\/2061954.jpg","contentUrl":"https:\/\/portaltela.pt\/s.01k8rhncp4jt1\/2026\/01\/2061954.jpg","width":796,"height":448,"caption":"Desde o in\u00edcio da \u00e9poca gripal, os laborat\u00f3rios da Rede Portuguesa de Laborat\u00f3rios para o Diagn\u00f3stico da Gripe e Outros V\u00edrus Respirat\u00f3rios notificaram 73.292 casos de infec\u00e7\u00e3o respirat\u00f3ria e 14.243 casos de gripe"},{"@type":"BreadcrumbList","@id":"https:\/\/portaltela.pt\/noticias\/2026\/01\/26\/balanco-do-excesso-de-obitos-so-sera-feito-no-final-do-inverno\/#breadcrumb","itemListElement":[{"@type":"ListItem","position":1,"name":"In\u00edcio","item":"https:\/\/portaltela.pt\/"},{"@type":"ListItem","position":2,"name":"Balan\u00e7o do excesso de \u00f3bitos s\u00f3 ser\u00e1 feito no final do Inverno"}]},{"@type":"WebSite","@id":"https:\/\/portaltela.pt\/#website","url":"https:\/\/portaltela.pt\/","name":"Portal Tela Portugal","description":"","potentialAction":[{"@type":"SearchAction","target":{"@type":"EntryPoint","urlTemplate":"https:\/\/portaltela.pt\/?s={search_term_string}"},"query-input":{"@type":"PropertyValueSpecification","valueRequired":true,"valueName":"search_term_string"}}],"inLanguage":"pt-PT"},{"@type":"Person","@id":"https:\/\/portaltela.pt\/#\/schema\/person\/c4278d4a6028830caff9ee44b42d32ed","name":"Telinha","image":{"@type":"ImageObject","inLanguage":"pt-PT","@id":"https:\/\/portaltela.pt\/s.01k8rhncp4jt1\/2025\/11\/talking-bot-125x125.png","url":"https:\/\/portaltela.pt\/s.01k8rhncp4jt1\/2025\/11\/talking-bot-125x125.png","contentUrl":"https:\/\/portaltela.pt\/s.01k8rhncp4jt1\/2025\/11\/talking-bot-125x125.png","caption":"Telinha"},"sameAs":["https:\/\/portaltela.pt\/"],"url":"https:\/\/portaltela.pt\/por\/367410592786\/"}]}},"_links":{"self":[{"href":"https:\/\/portaltela.pt\/api\/wp\/v2\/posts\/174611","targetHints":{"allow":["GET"]}}],"collection":[{"href":"https:\/\/portaltela.pt\/api\/wp\/v2\/posts"}],"about":[{"href":"https:\/\/portaltela.pt\/api\/wp\/v2\/types\/post"}],"author":[{"embeddable":true,"href":"https:\/\/portaltela.pt\/api\/wp\/v2\/users\/2"}],"replies":[{"embeddable":true,"href":"https:\/\/portaltela.pt\/api\/wp\/v2\/comments?post=174611"}],"version-history":[{"count":0,"href":"https:\/\/portaltela.pt\/api\/wp\/v2\/posts\/174611\/revisions"}],"wp:featuredmedia":[{"embeddable":true,"href":"https:\/\/portaltela.pt\/api\/wp\/v2\/media\/174619"}],"wp:attachment":[{"href":"https:\/\/portaltela.pt\/api\/wp\/v2\/media?parent=174611"}],"wp:term":[{"taxonomy":"category","embeddable":true,"href":"https:\/\/portaltela.pt\/api\/wp\/v2\/categories?post=174611"},{"taxonomy":"post_tag","embeddable":true,"href":"https:\/\/portaltela.pt\/api\/wp\/v2\/tags?post=174611"}],"curies":[{"name":"wp","href":"https:\/\/api.w.org\/{rel}","templated":true}]}}