{"id":174610,"date":"2026-01-26T11:34:08","date_gmt":"2026-01-26T14:34:08","guid":{"rendered":"https:\/\/portaltela.pt\/noticias\/2026\/01\/26\/joana-amaral-dias-nao-apoia-ventura-nem-seguro-na-segunda-volta\/"},"modified":"2026-01-26T11:34:08","modified_gmt":"2026-01-26T14:34:08","slug":"joana-amaral-dias-nao-apoia-ventura-nem-seguro-na-segunda-volta","status":"publish","type":"post","link":"https:\/\/portaltela.pt\/noticias\/politica\/2026\/01\/26\/joana-amaral-dias-nao-apoia-ventura-nem-seguro-na-segunda-volta\/","title":{"rendered":"Joana Amaral Dias n\u00e3o apoia Ventura nem Seguro na segunda volta"},"content":{"rendered":"<p>Joana Amaral Dias recusou apoiar Andr\u00e9 Ventura na segunda volta das presidenciais, optando por n\u00e3o votar em Ant\u00f3nio Jos\u00e9 Seguro. A antiga deputada do Bloco de Esquerda rejeita o alinhamento com o Chega e com o seu l\u00edder, mantendo-se sem apoio a nenhum dos dois candidatos.<\/p>\n<p>A posi\u00e7\u00e3o contrasta com a do ADN, que dever\u00e1 endossar o candidato do Chega. A decis\u00e3o interna do partido recai sobre a decis\u00e3o de apoiar Ventura, ap\u00f3s avalia\u00e7\u00e3o de compromissos eleitorais e de uma linha constitucional.<\/p>\n<p>Joana Amaral Dias participou na campanha presidencial, mas a sua candidatura foi rejeitada pelo Tribunal Constitucional. O ADN, entretanto, mant\u00e9m a sua linha estrat\u00e9gica, ainda dependente de uma vota\u00e7\u00e3o interna sobre o endosso a Ventura.<\/p>\n<h3>Situa\u00e7\u00e3o no ADN e condi\u00e7\u00f5es para o apoio<\/h3>\n<p>Bruno Fialho, presidente do ADN, informou que o \u00f3rg\u00e3o interno do partido dever\u00e1 votar a decis\u00e3o ainda esta semana. O apoio a Ventura fica condicionado ao compromisso de n\u00e3o promover altera\u00e7\u00f5es constitucionais que diminuam direitos, liberdades e garantias fundamentais.<\/p>\n<p>O desfecho da vota\u00e7\u00e3o interna do ADN fica dependente de garantias legais e de uma leitura comum sobre o impacto constitucional. A decis\u00e3o final dever\u00e1 refletir a posi\u00e7\u00e3o do partido de forma clara e p\u00fablica.<\/p>\n","protected":false},"excerpt":{"rendered":"<ul>\n<li>Joana Amaral Dias recusou apoiar Andr\u00e9 Ventura na segunda volta das presidenciais e n\u00e3o votar\u00e1 em Ant\u00f3nio Jos\u00e9 Seguro, afirmou ao Correio da Manh\u00e3.<\/li>\n<li>Diz n\u00e3o se rever num conjunto de posi\u00e7\u00f5es estruturais do Chega e de Ventura, divergindo da posi\u00e7\u00e3o do ADN.<\/li>\n<li>O ADN dever\u00e1 endossar o candidato do Chega, Andr\u00e9 Ventura, segundo o presidente Bruno Fialho.<\/li>\n<li>Fialho apresentou aos \u00f3rg\u00e3os internos do partido a proposta de apoio a Ventura; a decis\u00e3o ser\u00e1 votada ainda esta semana.<\/li>\n<li>A decis\u00e3o depende do compromisso de Ventura n\u00e3o aceitar altera\u00e7\u00f5es \u00e0 Constitui\u00e7\u00e3o que reduzam direitos, liberdades e garantias fundamentais.<\/li>\n<\/ul>\n","protected":false},"author":2,"featured_media":174616,"comment_status":"closed","ping_status":"closed","sticky":false,"template":"","format":"standard","meta":{"footnotes":""},"categories":[1,5],"tags":[2453,2655,4057,2669,2832],"class_list":["post-174610","post","type-post","status-publish","format-standard","has-post-thumbnail","hentry","category-noticias","category-politica","tag-andre-ventura","tag-antonio-jose-seguro","tag-constituicao","tag-joana-amaral-dias","tag-politica"],"yoast_head":"<!-- This site is optimized with the Yoast SEO plugin v27.2 - https:\/\/yoast.com\/product\/yoast-seo-wordpress\/ -->\n<title>Joana Amaral Dias n\u00e3o apoia Ventura nem Seguro na segunda volta - Portal Tela Portugal<\/title>\n<meta name=\"robots\" content=\"index, follow, max-snippet:-1, max-image-preview:large, max-video-preview:-1\" \/>\n<meta property=\"og:locale\" content=\"pt_PT\" \/>\n<meta property=\"og:type\" content=\"article\" \/>\n<meta property=\"og:title\" content=\"Joana Amaral Dias n\u00e3o apoia Ventura nem Seguro na segunda volta - Portal Tela Portugal\" \/>\n<meta property=\"og:description\" content=\"Joana Amaral Dias recusou apoiar Andr\u00e9 Ventura na segunda volta das presidenciais e n\u00e3o votar\u00e1 em Ant\u00f3nio Jos\u00e9 Seguro, afirmou ao Correio da Manh\u00e3. Diz n\u00e3o se rever num conjunto de posi\u00e7\u00f5es estruturais do Chega e de Ventura, divergindo da posi\u00e7\u00e3o do ADN. O ADN dever\u00e1 endossar o candidato do Chega, Andr\u00e9 Ventura, segundo o presidente Bruno Fialho. Fialho apresentou aos \u00f3rg\u00e3os internos do partido a proposta de apoio a Ventura; a decis\u00e3o ser\u00e1 votada ainda esta semana. A decis\u00e3o depende do compromisso de Ventura n\u00e3o aceitar altera\u00e7\u00f5es \u00e0 Constitui\u00e7\u00e3o que reduzam direitos, liberdades e garantias fundamentais.\" \/>\n<meta property=\"og:url\" content=\"https:\/\/portaltela.pt\/noticias\/2026\/01\/26\/joana-amaral-dias-nao-apoia-ventura-nem-seguro-na-segunda-volta\/\" \/>\n<meta property=\"og:site_name\" content=\"Portal Tela Portugal\" \/>\n<meta property=\"article:published_time\" content=\"2026-01-26T14:34:08+00:00\" \/>\n<meta name=\"author\" content=\"Telinha\" \/>\n<meta name=\"twitter:card\" content=\"summary_large_image\" \/>\n<meta name=\"twitter:label1\" content=\"Escrito por\" \/>\n\t<meta name=\"twitter:data1\" content=\"Telinha\" \/>\n\t<meta name=\"twitter:label2\" content=\"Tempo estimado de leitura\" \/>\n\t<meta name=\"twitter:data2\" content=\"1 minuto\" \/>\n<script type=\"application\/ld+json\" class=\"yoast-schema-graph\">{\"@context\":\"https:\/\/schema.org\",\"@graph\":[{\"@type\":\"Article\",\"@id\":\"https:\/\/portaltela.pt\/noticias\/2026\/01\/26\/joana-amaral-dias-nao-apoia-ventura-nem-seguro-na-segunda-volta\/#article\",\"isPartOf\":{\"@id\":\"https:\/\/portaltela.pt\/noticias\/2026\/01\/26\/joana-amaral-dias-nao-apoia-ventura-nem-seguro-na-segunda-volta\/\"},\"author\":{\"name\":\"Telinha\",\"@id\":\"https:\/\/portaltela.pt\/#\/schema\/person\/c4278d4a6028830caff9ee44b42d32ed\"},\"headline\":\"Joana Amaral Dias n\u00e3o apoia Ventura nem Seguro na segunda volta\",\"datePublished\":\"2026-01-26T14:34:08+00:00\",\"mainEntityOfPage\":{\"@id\":\"https:\/\/portaltela.pt\/noticias\/2026\/01\/26\/joana-amaral-dias-nao-apoia-ventura-nem-seguro-na-segunda-volta\/\"},\"wordCount\":232,\"image\":{\"@id\":\"https:\/\/portaltela.pt\/noticias\/2026\/01\/26\/joana-amaral-dias-nao-apoia-ventura-nem-seguro-na-segunda-volta\/#primaryimage\"},\"thumbnailUrl\":\"https:\/\/portaltela.pt\/s.01k8rhncp4jt1\/2026\/01\/img_1500x1000uu2026-01-26-14-25-20-2262644.jpg\",\"keywords\":[\"Andr\u00e9 Ventura\",\"Ant\u00f3nio Jos\u00e9 Seguro\",\"constitui\u00e7\u00e3o\",\"Joana Amaral Dias\",\"pol\u00edtica\"],\"articleSection\":[\"Not\u00edcias\",\"Pol\u00edtica\"],\"inLanguage\":\"pt-PT\"},{\"@type\":\"WebPage\",\"@id\":\"https:\/\/portaltela.pt\/noticias\/2026\/01\/26\/joana-amaral-dias-nao-apoia-ventura-nem-seguro-na-segunda-volta\/\",\"url\":\"https:\/\/portaltela.pt\/noticias\/2026\/01\/26\/joana-amaral-dias-nao-apoia-ventura-nem-seguro-na-segunda-volta\/\",\"name\":\"Joana Amaral Dias n\u00e3o apoia Ventura nem Seguro na segunda volta - Portal Tela Portugal\",\"isPartOf\":{\"@id\":\"https:\/\/portaltela.pt\/#website\"},\"primaryImageOfPage\":{\"@id\":\"https:\/\/portaltela.pt\/noticias\/2026\/01\/26\/joana-amaral-dias-nao-apoia-ventura-nem-seguro-na-segunda-volta\/#primaryimage\"},\"image\":{\"@id\":\"https:\/\/portaltela.pt\/noticias\/2026\/01\/26\/joana-amaral-dias-nao-apoia-ventura-nem-seguro-na-segunda-volta\/#primaryimage\"},\"thumbnailUrl\":\"https:\/\/portaltela.pt\/s.01k8rhncp4jt1\/2026\/01\/img_1500x1000uu2026-01-26-14-25-20-2262644.jpg\",\"datePublished\":\"2026-01-26T14:34:08+00:00\",\"author\":{\"@id\":\"https:\/\/portaltela.pt\/#\/schema\/person\/c4278d4a6028830caff9ee44b42d32ed\"},\"breadcrumb\":{\"@id\":\"https:\/\/portaltela.pt\/noticias\/2026\/01\/26\/joana-amaral-dias-nao-apoia-ventura-nem-seguro-na-segunda-volta\/#breadcrumb\"},\"inLanguage\":\"pt-PT\",\"potentialAction\":[{\"@type\":\"ReadAction\",\"target\":[\"https:\/\/portaltela.pt\/noticias\/2026\/01\/26\/joana-amaral-dias-nao-apoia-ventura-nem-seguro-na-segunda-volta\/\"]}]},{\"@type\":\"ImageObject\",\"inLanguage\":\"pt-PT\",\"@id\":\"https:\/\/portaltela.pt\/noticias\/2026\/01\/26\/joana-amaral-dias-nao-apoia-ventura-nem-seguro-na-segunda-volta\/#primaryimage\",\"url\":\"https:\/\/portaltela.pt\/s.01k8rhncp4jt1\/2026\/01\/img_1500x1000uu2026-01-26-14-25-20-2262644.jpg\",\"contentUrl\":\"https:\/\/portaltela.pt\/s.01k8rhncp4jt1\/2026\/01\/img_1500x1000uu2026-01-26-14-25-20-2262644.jpg\",\"width\":796,\"height\":448,\"caption\":\"Joana Amaral Dias\"},{\"@type\":\"BreadcrumbList\",\"@id\":\"https:\/\/portaltela.pt\/noticias\/2026\/01\/26\/joana-amaral-dias-nao-apoia-ventura-nem-seguro-na-segunda-volta\/#breadcrumb\",\"itemListElement\":[{\"@type\":\"ListItem\",\"position\":1,\"name\":\"In\u00edcio\",\"item\":\"https:\/\/portaltela.pt\/\"},{\"@type\":\"ListItem\",\"position\":2,\"name\":\"Joana Amaral Dias n\u00e3o apoia Ventura nem Seguro na segunda volta\"}]},{\"@type\":\"WebSite\",\"@id\":\"https:\/\/portaltela.pt\/#website\",\"url\":\"https:\/\/portaltela.pt\/\",\"name\":\"Portal Tela Portugal\",\"description\":\"\",\"potentialAction\":[{\"@type\":\"SearchAction\",\"target\":{\"@type\":\"EntryPoint\",\"urlTemplate\":\"https:\/\/portaltela.pt\/?s={search_term_string}\"},\"query-input\":{\"@type\":\"PropertyValueSpecification\",\"valueRequired\":true,\"valueName\":\"search_term_string\"}}],\"inLanguage\":\"pt-PT\"},{\"@type\":\"Person\",\"@id\":\"https:\/\/portaltela.pt\/#\/schema\/person\/c4278d4a6028830caff9ee44b42d32ed\",\"name\":\"Telinha\",\"image\":{\"@type\":\"ImageObject\",\"inLanguage\":\"pt-PT\",\"@id\":\"https:\/\/portaltela.pt\/s.01k8rhncp4jt1\/2025\/11\/talking-bot-125x125.png\",\"url\":\"https:\/\/portaltela.pt\/s.01k8rhncp4jt1\/2025\/11\/talking-bot-125x125.png\",\"contentUrl\":\"https:\/\/portaltela.pt\/s.01k8rhncp4jt1\/2025\/11\/talking-bot-125x125.png\",\"caption\":\"Telinha\"},\"sameAs\":[\"https:\/\/portaltela.pt\/\"],\"url\":\"https:\/\/portaltela.pt\/por\/367410592786\/\"}]}<\/script>\n<!-- \/ Yoast SEO plugin. -->","yoast_head_json":{"title":"Joana Amaral Dias n\u00e3o apoia Ventura nem Seguro na segunda volta - Portal Tela Portugal","robots":{"index":"index","follow":"follow","max-snippet":"max-snippet:-1","max-image-preview":"max-image-preview:large","max-video-preview":"max-video-preview:-1"},"og_locale":"pt_PT","og_type":"article","og_title":"Joana Amaral Dias n\u00e3o apoia Ventura nem Seguro na segunda volta - Portal Tela Portugal","og_description":"Joana Amaral Dias recusou apoiar Andr\u00e9 Ventura na segunda volta das presidenciais e n\u00e3o votar\u00e1 em Ant\u00f3nio Jos\u00e9 Seguro, afirmou ao Correio da Manh\u00e3. Diz n\u00e3o se rever num conjunto de posi\u00e7\u00f5es estruturais do Chega e de Ventura, divergindo da posi\u00e7\u00e3o do ADN. O ADN dever\u00e1 endossar o candidato do Chega, Andr\u00e9 Ventura, segundo o presidente Bruno Fialho. Fialho apresentou aos \u00f3rg\u00e3os internos do partido a proposta de apoio a Ventura; a decis\u00e3o ser\u00e1 votada ainda esta semana. A decis\u00e3o depende do compromisso de Ventura n\u00e3o aceitar altera\u00e7\u00f5es \u00e0 Constitui\u00e7\u00e3o que reduzam direitos, liberdades e garantias fundamentais.","og_url":"https:\/\/portaltela.pt\/noticias\/2026\/01\/26\/joana-amaral-dias-nao-apoia-ventura-nem-seguro-na-segunda-volta\/","og_site_name":"Portal Tela Portugal","article_published_time":"2026-01-26T14:34:08+00:00","author":"Telinha","twitter_card":"summary_large_image","twitter_misc":{"Escrito por":"Telinha","Tempo estimado de leitura":"1 minuto"},"schema":{"@context":"https:\/\/schema.org","@graph":[{"@type":"Article","@id":"https:\/\/portaltela.pt\/noticias\/2026\/01\/26\/joana-amaral-dias-nao-apoia-ventura-nem-seguro-na-segunda-volta\/#article","isPartOf":{"@id":"https:\/\/portaltela.pt\/noticias\/2026\/01\/26\/joana-amaral-dias-nao-apoia-ventura-nem-seguro-na-segunda-volta\/"},"author":{"name":"Telinha","@id":"https:\/\/portaltela.pt\/#\/schema\/person\/c4278d4a6028830caff9ee44b42d32ed"},"headline":"Joana Amaral Dias n\u00e3o apoia Ventura nem Seguro na segunda volta","datePublished":"2026-01-26T14:34:08+00:00","mainEntityOfPage":{"@id":"https:\/\/portaltela.pt\/noticias\/2026\/01\/26\/joana-amaral-dias-nao-apoia-ventura-nem-seguro-na-segunda-volta\/"},"wordCount":232,"image":{"@id":"https:\/\/portaltela.pt\/noticias\/2026\/01\/26\/joana-amaral-dias-nao-apoia-ventura-nem-seguro-na-segunda-volta\/#primaryimage"},"thumbnailUrl":"https:\/\/portaltela.pt\/s.01k8rhncp4jt1\/2026\/01\/img_1500x1000uu2026-01-26-14-25-20-2262644.jpg","keywords":["Andr\u00e9 Ventura","Ant\u00f3nio Jos\u00e9 Seguro","constitui\u00e7\u00e3o","Joana Amaral Dias","pol\u00edtica"],"articleSection":["Not\u00edcias","Pol\u00edtica"],"inLanguage":"pt-PT"},{"@type":"WebPage","@id":"https:\/\/portaltela.pt\/noticias\/2026\/01\/26\/joana-amaral-dias-nao-apoia-ventura-nem-seguro-na-segunda-volta\/","url":"https:\/\/portaltela.pt\/noticias\/2026\/01\/26\/joana-amaral-dias-nao-apoia-ventura-nem-seguro-na-segunda-volta\/","name":"Joana Amaral Dias n\u00e3o apoia Ventura nem Seguro na segunda volta - Portal Tela Portugal","isPartOf":{"@id":"https:\/\/portaltela.pt\/#website"},"primaryImageOfPage":{"@id":"https:\/\/portaltela.pt\/noticias\/2026\/01\/26\/joana-amaral-dias-nao-apoia-ventura-nem-seguro-na-segunda-volta\/#primaryimage"},"image":{"@id":"https:\/\/portaltela.pt\/noticias\/2026\/01\/26\/joana-amaral-dias-nao-apoia-ventura-nem-seguro-na-segunda-volta\/#primaryimage"},"thumbnailUrl":"https:\/\/portaltela.pt\/s.01k8rhncp4jt1\/2026\/01\/img_1500x1000uu2026-01-26-14-25-20-2262644.jpg","datePublished":"2026-01-26T14:34:08+00:00","author":{"@id":"https:\/\/portaltela.pt\/#\/schema\/person\/c4278d4a6028830caff9ee44b42d32ed"},"breadcrumb":{"@id":"https:\/\/portaltela.pt\/noticias\/2026\/01\/26\/joana-amaral-dias-nao-apoia-ventura-nem-seguro-na-segunda-volta\/#breadcrumb"},"inLanguage":"pt-PT","potentialAction":[{"@type":"ReadAction","target":["https:\/\/portaltela.pt\/noticias\/2026\/01\/26\/joana-amaral-dias-nao-apoia-ventura-nem-seguro-na-segunda-volta\/"]}]},{"@type":"ImageObject","inLanguage":"pt-PT","@id":"https:\/\/portaltela.pt\/noticias\/2026\/01\/26\/joana-amaral-dias-nao-apoia-ventura-nem-seguro-na-segunda-volta\/#primaryimage","url":"https:\/\/portaltela.pt\/s.01k8rhncp4jt1\/2026\/01\/img_1500x1000uu2026-01-26-14-25-20-2262644.jpg","contentUrl":"https:\/\/portaltela.pt\/s.01k8rhncp4jt1\/2026\/01\/img_1500x1000uu2026-01-26-14-25-20-2262644.jpg","width":796,"height":448,"caption":"Joana Amaral Dias"},{"@type":"BreadcrumbList","@id":"https:\/\/portaltela.pt\/noticias\/2026\/01\/26\/joana-amaral-dias-nao-apoia-ventura-nem-seguro-na-segunda-volta\/#breadcrumb","itemListElement":[{"@type":"ListItem","position":1,"name":"In\u00edcio","item":"https:\/\/portaltela.pt\/"},{"@type":"ListItem","position":2,"name":"Joana Amaral Dias n\u00e3o apoia Ventura nem Seguro na segunda volta"}]},{"@type":"WebSite","@id":"https:\/\/portaltela.pt\/#website","url":"https:\/\/portaltela.pt\/","name":"Portal Tela Portugal","description":"","potentialAction":[{"@type":"SearchAction","target":{"@type":"EntryPoint","urlTemplate":"https:\/\/portaltela.pt\/?s={search_term_string}"},"query-input":{"@type":"PropertyValueSpecification","valueRequired":true,"valueName":"search_term_string"}}],"inLanguage":"pt-PT"},{"@type":"Person","@id":"https:\/\/portaltela.pt\/#\/schema\/person\/c4278d4a6028830caff9ee44b42d32ed","name":"Telinha","image":{"@type":"ImageObject","inLanguage":"pt-PT","@id":"https:\/\/portaltela.pt\/s.01k8rhncp4jt1\/2025\/11\/talking-bot-125x125.png","url":"https:\/\/portaltela.pt\/s.01k8rhncp4jt1\/2025\/11\/talking-bot-125x125.png","contentUrl":"https:\/\/portaltela.pt\/s.01k8rhncp4jt1\/2025\/11\/talking-bot-125x125.png","caption":"Telinha"},"sameAs":["https:\/\/portaltela.pt\/"],"url":"https:\/\/portaltela.pt\/por\/367410592786\/"}]}},"_links":{"self":[{"href":"https:\/\/portaltela.pt\/api\/wp\/v2\/posts\/174610","targetHints":{"allow":["GET"]}}],"collection":[{"href":"https:\/\/portaltela.pt\/api\/wp\/v2\/posts"}],"about":[{"href":"https:\/\/portaltela.pt\/api\/wp\/v2\/types\/post"}],"author":[{"embeddable":true,"href":"https:\/\/portaltela.pt\/api\/wp\/v2\/users\/2"}],"replies":[{"embeddable":true,"href":"https:\/\/portaltela.pt\/api\/wp\/v2\/comments?post=174610"}],"version-history":[{"count":0,"href":"https:\/\/portaltela.pt\/api\/wp\/v2\/posts\/174610\/revisions"}],"wp:featuredmedia":[{"embeddable":true,"href":"https:\/\/portaltela.pt\/api\/wp\/v2\/media\/174616"}],"wp:attachment":[{"href":"https:\/\/portaltela.pt\/api\/wp\/v2\/media?parent=174610"}],"wp:term":[{"taxonomy":"category","embeddable":true,"href":"https:\/\/portaltela.pt\/api\/wp\/v2\/categories?post=174610"},{"taxonomy":"post_tag","embeddable":true,"href":"https:\/\/portaltela.pt\/api\/wp\/v2\/tags?post=174610"}],"curies":[{"name":"wp","href":"https:\/\/api.w.org\/{rel}","templated":true}]}}