{"id":174577,"date":"2026-01-26T10:56:14","date_gmt":"2026-01-26T13:56:14","guid":{"rendered":"https:\/\/portaltela.pt\/noticias\/2026\/01\/26\/balanco-de-excesso-de-obitos-so-no-final-do-inverno-diz-ministra-da-saude\/"},"modified":"2026-01-26T10:56:14","modified_gmt":"2026-01-26T13:56:14","slug":"balanco-de-excesso-de-obitos-so-no-final-do-inverno-diz-ministra-da-saude","status":"publish","type":"post","link":"https:\/\/portaltela.pt\/noticias\/2026\/01\/26\/balanco-de-excesso-de-obitos-so-no-final-do-inverno-diz-ministra-da-saude\/","title":{"rendered":"Balan\u00e7o de excesso de \u00f3bitos s\u00f3 no final do inverno, diz ministra da Sa\u00fade"},"content":{"rendered":"<p>O balan\u00e7o atual do excesso de \u00f3bitos s\u00f3 poder\u00e1 ser feito no final do inverno, disse a ministra da Sa\u00fade, Ana Paula Martins, durante uma visita ao Algarve. O atraso deve-se ao t\u00e9rmino do inverno e ao plano sazonal, explicou. O impacto s\u00f3 ficar\u00e1 claro ap\u00f3s o pico come\u00e7ar a baixar.<\/p>\n<p>O Instituto Nacional de Sa\u00fade Doutor Ricardo Jorge (Insa) revelou que a atividade gripal epid\u00e9mica est\u00e1 a abrandar em Portugal, com menos casos de gripe e de infe\u00e7\u00f5es respirat\u00f3rias graves, embora persista o excesso de mortalidade. Internamentos em cuidados intensivos t\u00eam mantido press\u00e3o.<\/p>\n<p>A ministra afirmou que Portugal n\u00e3o \u00e9 um caso isolado: outros pa\u00edses europeus tamb\u00e9m apresentam excesso de mortalidade, nomeadamente Espanha, It\u00e1lia, Gr\u00e9cia e Dinamarca. Constatou ainda que este inverno tem registado mortalidade superior em compara\u00e7\u00e3o com pelo menos tr\u00eas per\u00edodos dos \u00faltimos 35 anos.<\/p>\n<h3>Contexto europeu e dados nacionais<\/h3>\n<p>Desde 29 de setembro de 2025, data de in\u00edcio da \u00e9poca gripal, a Rede Portuguesa de Laborat\u00f3rios notificou 73.292 infe\u00e7\u00f5es respirat\u00f3rias e 14.243 casos de gripe. Entre 12 e 18 de janeiro, foram identificados 495 casos de gripe, menos 258 face \u00e0 semana anterior, e 75 SARI foram admitidos.<\/p>\n<p>A incid\u00eancia de SARI situou-se em 9,6 casos por 100.000 habitantes, com varia\u00e7\u00f5es entre as duas Unidades Locais de Sa\u00fade que reportaram dados, o que condiciona a leitura global. Segundo o Insa, a tend\u00eancia global \u00e9 de queda.<\/p>\n<p>Ainda assim, o Insa ressalva que a taxa de SARI continua mais elevada entre pessoas com 65 anos ou mais, mantendo uma perspetiva de maior vulnerabilidade para este grupo et\u00e1rio. A monitoriza\u00e7\u00e3o mant\u00e9m-se a acompanhar o ritmo da evolu\u00e7\u00e3o.<\/p>\n","protected":false},"excerpt":{"rendered":"<ul>\n<li>A ministra da Sa\u00fade, Ana Paula Martins, afirmou que n\u00e3o \u00e9 poss\u00edvel fazer ainda um balan\u00e7o do excesso de mortalidade, porque o inverno n\u00e3o terminou.<\/li>\n<li>O Insa revelou que a atividade gripal epid\u00e9mica est\u00e1 a abrandar em Portugal, mas o excesso de \u00f3bitos mant\u00e9m-se.<\/li>\n<li>Entre 12 e 18 de janeiro, foram identificados 495 casos de gripe, menos 258 face \u00e0 semana anterior; 75 casos de infe\u00e7\u00e3o respirat\u00f3ria aguda grave (SARI) foram reportados, com uma taxa de 9,6 por cada 100 mil habitantes.<\/li>\n<li>Desde 29 de setembro de 2025, os laborat\u00f3rios notificados pela Rede Portuguesa de Laborat\u00f3rios para o Diagn\u00f3stico da Gripe e Outros V\u00edrus Respirat\u00f3rios registaram 73.292 infe\u00e7\u00f5es respirat\u00f3rias e 14.243 casos de gripe.<\/li>\n<li>A ministra informou que v\u00e1rios pa\u00edses europeus tamb\u00e9m registam excesso de mortalidade e que Portugal tem experienciado a combina\u00e7\u00e3o de epidemia de gripe e frio, com impacto na mortalidade.<\/li>\n<\/ul>\n","protected":false},"author":2,"featured_media":174597,"comment_status":"closed","ping_status":"closed","sticky":false,"template":"","format":"standard","meta":{"footnotes":""},"categories":[1],"tags":[928,1905,2736,3305,1014,271],"class_list":["post-174577","post","type-post","status-publish","format-standard","has-post-thumbnail","hentry","category-noticias","tag-algarve","tag-gripe","tag-idosos","tag-infeccao-respiratoria","tag-portugal","tag-saude-publica"],"yoast_head":"<!-- This site is optimized with the Yoast SEO plugin v27.2 - https:\/\/yoast.com\/product\/yoast-seo-wordpress\/ -->\n<title>Balan\u00e7o de excesso de \u00f3bitos s\u00f3 no final do inverno, diz ministra da Sa\u00fade - Portal Tela Portugal<\/title>\n<meta name=\"robots\" content=\"index, follow, max-snippet:-1, max-image-preview:large, max-video-preview:-1\" \/>\n<meta property=\"og:locale\" content=\"pt_PT\" \/>\n<meta property=\"og:type\" content=\"article\" \/>\n<meta property=\"og:title\" content=\"Balan\u00e7o de excesso de \u00f3bitos s\u00f3 no final do inverno, diz ministra da Sa\u00fade - Portal Tela Portugal\" \/>\n<meta property=\"og:description\" content=\"A ministra da Sa\u00fade, Ana Paula Martins, afirmou que n\u00e3o \u00e9 poss\u00edvel fazer ainda um balan\u00e7o do excesso de mortalidade, porque o inverno n\u00e3o terminou. O Insa revelou que a atividade gripal epid\u00e9mica est\u00e1 a abrandar em Portugal, mas o excesso de \u00f3bitos mant\u00e9m-se. Entre 12 e 18 de janeiro, foram identificados 495 casos de gripe, menos 258 face \u00e0 semana anterior; 75 casos de infe\u00e7\u00e3o respirat\u00f3ria aguda grave (SARI) foram reportados, com uma taxa de 9,6 por cada 100 mil habitantes. Desde 29 de setembro de 2025, os laborat\u00f3rios notificados pela Rede Portuguesa de Laborat\u00f3rios para o Diagn\u00f3stico da Gripe e Outros V\u00edrus Respirat\u00f3rios registaram 73.292 infe\u00e7\u00f5es respirat\u00f3rias e 14.243 casos de gripe. A ministra informou que v\u00e1rios pa\u00edses europeus tamb\u00e9m registam excesso de mortalidade e que Portugal tem experienciado a combina\u00e7\u00e3o de epidemia de gripe e frio, com impacto na mortalidade.\" \/>\n<meta property=\"og:url\" content=\"https:\/\/portaltela.pt\/noticias\/2026\/01\/26\/balanco-de-excesso-de-obitos-so-no-final-do-inverno-diz-ministra-da-saude\/\" \/>\n<meta property=\"og:site_name\" content=\"Portal Tela Portugal\" \/>\n<meta property=\"article:published_time\" content=\"2026-01-26T13:56:14+00:00\" \/>\n<meta name=\"author\" content=\"Telinha\" \/>\n<meta name=\"twitter:card\" content=\"summary_large_image\" \/>\n<meta name=\"twitter:label1\" content=\"Escrito por\" \/>\n\t<meta name=\"twitter:data1\" content=\"Telinha\" \/>\n\t<meta name=\"twitter:label2\" content=\"Tempo estimado de leitura\" \/>\n\t<meta name=\"twitter:data2\" content=\"1 minuto\" \/>\n<script type=\"application\/ld+json\" class=\"yoast-schema-graph\">{\"@context\":\"https:\/\/schema.org\",\"@graph\":[{\"@type\":\"Article\",\"@id\":\"https:\/\/portaltela.pt\/noticias\/2026\/01\/26\/balanco-de-excesso-de-obitos-so-no-final-do-inverno-diz-ministra-da-saude\/#article\",\"isPartOf\":{\"@id\":\"https:\/\/portaltela.pt\/noticias\/2026\/01\/26\/balanco-de-excesso-de-obitos-so-no-final-do-inverno-diz-ministra-da-saude\/\"},\"author\":{\"name\":\"Telinha\",\"@id\":\"https:\/\/portaltela.pt\/#\/schema\/person\/c4278d4a6028830caff9ee44b42d32ed\"},\"headline\":\"Balan\u00e7o de excesso de \u00f3bitos s\u00f3 no final do inverno, diz ministra da Sa\u00fade\",\"datePublished\":\"2026-01-26T13:56:14+00:00\",\"mainEntityOfPage\":{\"@id\":\"https:\/\/portaltela.pt\/noticias\/2026\/01\/26\/balanco-de-excesso-de-obitos-so-no-final-do-inverno-diz-ministra-da-saude\/\"},\"wordCount\":300,\"image\":{\"@id\":\"https:\/\/portaltela.pt\/noticias\/2026\/01\/26\/balanco-de-excesso-de-obitos-so-no-final-do-inverno-diz-ministra-da-saude\/#primaryimage\"},\"thumbnailUrl\":\"https:\/\/portaltela.pt\/s.01k8rhncp4jt1\/2026\/01\/unnamed-file-5340.jpg\",\"keywords\":[\"Algarve\",\"gripe\",\"idosos\",\"infec\u00e7\u00e3o respirat\u00f3ria\",\"Portugal\",\"sa\u00fade p\u00fablica\"],\"articleSection\":[\"Not\u00edcias\"],\"inLanguage\":\"pt-PT\"},{\"@type\":\"WebPage\",\"@id\":\"https:\/\/portaltela.pt\/noticias\/2026\/01\/26\/balanco-de-excesso-de-obitos-so-no-final-do-inverno-diz-ministra-da-saude\/\",\"url\":\"https:\/\/portaltela.pt\/noticias\/2026\/01\/26\/balanco-de-excesso-de-obitos-so-no-final-do-inverno-diz-ministra-da-saude\/\",\"name\":\"Balan\u00e7o de excesso de \u00f3bitos s\u00f3 no final do inverno, diz ministra da Sa\u00fade - Portal Tela Portugal\",\"isPartOf\":{\"@id\":\"https:\/\/portaltela.pt\/#website\"},\"primaryImageOfPage\":{\"@id\":\"https:\/\/portaltela.pt\/noticias\/2026\/01\/26\/balanco-de-excesso-de-obitos-so-no-final-do-inverno-diz-ministra-da-saude\/#primaryimage\"},\"image\":{\"@id\":\"https:\/\/portaltela.pt\/noticias\/2026\/01\/26\/balanco-de-excesso-de-obitos-so-no-final-do-inverno-diz-ministra-da-saude\/#primaryimage\"},\"thumbnailUrl\":\"https:\/\/portaltela.pt\/s.01k8rhncp4jt1\/2026\/01\/unnamed-file-5340.jpg\",\"datePublished\":\"2026-01-26T13:56:14+00:00\",\"author\":{\"@id\":\"https:\/\/portaltela.pt\/#\/schema\/person\/c4278d4a6028830caff9ee44b42d32ed\"},\"breadcrumb\":{\"@id\":\"https:\/\/portaltela.pt\/noticias\/2026\/01\/26\/balanco-de-excesso-de-obitos-so-no-final-do-inverno-diz-ministra-da-saude\/#breadcrumb\"},\"inLanguage\":\"pt-PT\",\"potentialAction\":[{\"@type\":\"ReadAction\",\"target\":[\"https:\/\/portaltela.pt\/noticias\/2026\/01\/26\/balanco-de-excesso-de-obitos-so-no-final-do-inverno-diz-ministra-da-saude\/\"]}]},{\"@type\":\"ImageObject\",\"inLanguage\":\"pt-PT\",\"@id\":\"https:\/\/portaltela.pt\/noticias\/2026\/01\/26\/balanco-de-excesso-de-obitos-so-no-final-do-inverno-diz-ministra-da-saude\/#primaryimage\",\"url\":\"https:\/\/portaltela.pt\/s.01k8rhncp4jt1\/2026\/01\/unnamed-file-5340.jpg\",\"contentUrl\":\"https:\/\/portaltela.pt\/s.01k8rhncp4jt1\/2026\/01\/unnamed-file-5340.jpg\",\"width\":796,\"height\":448,\"caption\":\"Balan\u00e7o do atual excesso de \u00f3bitos s\u00f3 ser\u00e1 feito no final do inverno \u2013 ministra da Sa\u00fade\"},{\"@type\":\"BreadcrumbList\",\"@id\":\"https:\/\/portaltela.pt\/noticias\/2026\/01\/26\/balanco-de-excesso-de-obitos-so-no-final-do-inverno-diz-ministra-da-saude\/#breadcrumb\",\"itemListElement\":[{\"@type\":\"ListItem\",\"position\":1,\"name\":\"In\u00edcio\",\"item\":\"https:\/\/portaltela.pt\/\"},{\"@type\":\"ListItem\",\"position\":2,\"name\":\"Balan\u00e7o de excesso de \u00f3bitos s\u00f3 no final do inverno, diz ministra da Sa\u00fade\"}]},{\"@type\":\"WebSite\",\"@id\":\"https:\/\/portaltela.pt\/#website\",\"url\":\"https:\/\/portaltela.pt\/\",\"name\":\"Portal Tela Portugal\",\"description\":\"\",\"potentialAction\":[{\"@type\":\"SearchAction\",\"target\":{\"@type\":\"EntryPoint\",\"urlTemplate\":\"https:\/\/portaltela.pt\/?s={search_term_string}\"},\"query-input\":{\"@type\":\"PropertyValueSpecification\",\"valueRequired\":true,\"valueName\":\"search_term_string\"}}],\"inLanguage\":\"pt-PT\"},{\"@type\":\"Person\",\"@id\":\"https:\/\/portaltela.pt\/#\/schema\/person\/c4278d4a6028830caff9ee44b42d32ed\",\"name\":\"Telinha\",\"image\":{\"@type\":\"ImageObject\",\"inLanguage\":\"pt-PT\",\"@id\":\"https:\/\/portaltela.pt\/s.01k8rhncp4jt1\/2025\/11\/talking-bot-125x125.png\",\"url\":\"https:\/\/portaltela.pt\/s.01k8rhncp4jt1\/2025\/11\/talking-bot-125x125.png\",\"contentUrl\":\"https:\/\/portaltela.pt\/s.01k8rhncp4jt1\/2025\/11\/talking-bot-125x125.png\",\"caption\":\"Telinha\"},\"sameAs\":[\"https:\/\/portaltela.pt\/\"],\"url\":\"https:\/\/portaltela.pt\/por\/367410592786\/\"}]}<\/script>\n<!-- \/ Yoast SEO plugin. -->","yoast_head_json":{"title":"Balan\u00e7o de excesso de \u00f3bitos s\u00f3 no final do inverno, diz ministra da Sa\u00fade - Portal Tela Portugal","robots":{"index":"index","follow":"follow","max-snippet":"max-snippet:-1","max-image-preview":"max-image-preview:large","max-video-preview":"max-video-preview:-1"},"og_locale":"pt_PT","og_type":"article","og_title":"Balan\u00e7o de excesso de \u00f3bitos s\u00f3 no final do inverno, diz ministra da Sa\u00fade - Portal Tela Portugal","og_description":"A ministra da Sa\u00fade, Ana Paula Martins, afirmou que n\u00e3o \u00e9 poss\u00edvel fazer ainda um balan\u00e7o do excesso de mortalidade, porque o inverno n\u00e3o terminou. O Insa revelou que a atividade gripal epid\u00e9mica est\u00e1 a abrandar em Portugal, mas o excesso de \u00f3bitos mant\u00e9m-se. Entre 12 e 18 de janeiro, foram identificados 495 casos de gripe, menos 258 face \u00e0 semana anterior; 75 casos de infe\u00e7\u00e3o respirat\u00f3ria aguda grave (SARI) foram reportados, com uma taxa de 9,6 por cada 100 mil habitantes. Desde 29 de setembro de 2025, os laborat\u00f3rios notificados pela Rede Portuguesa de Laborat\u00f3rios para o Diagn\u00f3stico da Gripe e Outros V\u00edrus Respirat\u00f3rios registaram 73.292 infe\u00e7\u00f5es respirat\u00f3rias e 14.243 casos de gripe. A ministra informou que v\u00e1rios pa\u00edses europeus tamb\u00e9m registam excesso de mortalidade e que Portugal tem experienciado a combina\u00e7\u00e3o de epidemia de gripe e frio, com impacto na mortalidade.","og_url":"https:\/\/portaltela.pt\/noticias\/2026\/01\/26\/balanco-de-excesso-de-obitos-so-no-final-do-inverno-diz-ministra-da-saude\/","og_site_name":"Portal Tela Portugal","article_published_time":"2026-01-26T13:56:14+00:00","author":"Telinha","twitter_card":"summary_large_image","twitter_misc":{"Escrito por":"Telinha","Tempo estimado de leitura":"1 minuto"},"schema":{"@context":"https:\/\/schema.org","@graph":[{"@type":"Article","@id":"https:\/\/portaltela.pt\/noticias\/2026\/01\/26\/balanco-de-excesso-de-obitos-so-no-final-do-inverno-diz-ministra-da-saude\/#article","isPartOf":{"@id":"https:\/\/portaltela.pt\/noticias\/2026\/01\/26\/balanco-de-excesso-de-obitos-so-no-final-do-inverno-diz-ministra-da-saude\/"},"author":{"name":"Telinha","@id":"https:\/\/portaltela.pt\/#\/schema\/person\/c4278d4a6028830caff9ee44b42d32ed"},"headline":"Balan\u00e7o de excesso de \u00f3bitos s\u00f3 no final do inverno, diz ministra da Sa\u00fade","datePublished":"2026-01-26T13:56:14+00:00","mainEntityOfPage":{"@id":"https:\/\/portaltela.pt\/noticias\/2026\/01\/26\/balanco-de-excesso-de-obitos-so-no-final-do-inverno-diz-ministra-da-saude\/"},"wordCount":300,"image":{"@id":"https:\/\/portaltela.pt\/noticias\/2026\/01\/26\/balanco-de-excesso-de-obitos-so-no-final-do-inverno-diz-ministra-da-saude\/#primaryimage"},"thumbnailUrl":"https:\/\/portaltela.pt\/s.01k8rhncp4jt1\/2026\/01\/unnamed-file-5340.jpg","keywords":["Algarve","gripe","idosos","infec\u00e7\u00e3o respirat\u00f3ria","Portugal","sa\u00fade p\u00fablica"],"articleSection":["Not\u00edcias"],"inLanguage":"pt-PT"},{"@type":"WebPage","@id":"https:\/\/portaltela.pt\/noticias\/2026\/01\/26\/balanco-de-excesso-de-obitos-so-no-final-do-inverno-diz-ministra-da-saude\/","url":"https:\/\/portaltela.pt\/noticias\/2026\/01\/26\/balanco-de-excesso-de-obitos-so-no-final-do-inverno-diz-ministra-da-saude\/","name":"Balan\u00e7o de excesso de \u00f3bitos s\u00f3 no final do inverno, diz ministra da Sa\u00fade - Portal Tela Portugal","isPartOf":{"@id":"https:\/\/portaltela.pt\/#website"},"primaryImageOfPage":{"@id":"https:\/\/portaltela.pt\/noticias\/2026\/01\/26\/balanco-de-excesso-de-obitos-so-no-final-do-inverno-diz-ministra-da-saude\/#primaryimage"},"image":{"@id":"https:\/\/portaltela.pt\/noticias\/2026\/01\/26\/balanco-de-excesso-de-obitos-so-no-final-do-inverno-diz-ministra-da-saude\/#primaryimage"},"thumbnailUrl":"https:\/\/portaltela.pt\/s.01k8rhncp4jt1\/2026\/01\/unnamed-file-5340.jpg","datePublished":"2026-01-26T13:56:14+00:00","author":{"@id":"https:\/\/portaltela.pt\/#\/schema\/person\/c4278d4a6028830caff9ee44b42d32ed"},"breadcrumb":{"@id":"https:\/\/portaltela.pt\/noticias\/2026\/01\/26\/balanco-de-excesso-de-obitos-so-no-final-do-inverno-diz-ministra-da-saude\/#breadcrumb"},"inLanguage":"pt-PT","potentialAction":[{"@type":"ReadAction","target":["https:\/\/portaltela.pt\/noticias\/2026\/01\/26\/balanco-de-excesso-de-obitos-so-no-final-do-inverno-diz-ministra-da-saude\/"]}]},{"@type":"ImageObject","inLanguage":"pt-PT","@id":"https:\/\/portaltela.pt\/noticias\/2026\/01\/26\/balanco-de-excesso-de-obitos-so-no-final-do-inverno-diz-ministra-da-saude\/#primaryimage","url":"https:\/\/portaltela.pt\/s.01k8rhncp4jt1\/2026\/01\/unnamed-file-5340.jpg","contentUrl":"https:\/\/portaltela.pt\/s.01k8rhncp4jt1\/2026\/01\/unnamed-file-5340.jpg","width":796,"height":448,"caption":"Balan\u00e7o do atual excesso de \u00f3bitos s\u00f3 ser\u00e1 feito no final do inverno \u2013 ministra da Sa\u00fade"},{"@type":"BreadcrumbList","@id":"https:\/\/portaltela.pt\/noticias\/2026\/01\/26\/balanco-de-excesso-de-obitos-so-no-final-do-inverno-diz-ministra-da-saude\/#breadcrumb","itemListElement":[{"@type":"ListItem","position":1,"name":"In\u00edcio","item":"https:\/\/portaltela.pt\/"},{"@type":"ListItem","position":2,"name":"Balan\u00e7o de excesso de \u00f3bitos s\u00f3 no final do inverno, diz ministra da Sa\u00fade"}]},{"@type":"WebSite","@id":"https:\/\/portaltela.pt\/#website","url":"https:\/\/portaltela.pt\/","name":"Portal Tela Portugal","description":"","potentialAction":[{"@type":"SearchAction","target":{"@type":"EntryPoint","urlTemplate":"https:\/\/portaltela.pt\/?s={search_term_string}"},"query-input":{"@type":"PropertyValueSpecification","valueRequired":true,"valueName":"search_term_string"}}],"inLanguage":"pt-PT"},{"@type":"Person","@id":"https:\/\/portaltela.pt\/#\/schema\/person\/c4278d4a6028830caff9ee44b42d32ed","name":"Telinha","image":{"@type":"ImageObject","inLanguage":"pt-PT","@id":"https:\/\/portaltela.pt\/s.01k8rhncp4jt1\/2025\/11\/talking-bot-125x125.png","url":"https:\/\/portaltela.pt\/s.01k8rhncp4jt1\/2025\/11\/talking-bot-125x125.png","contentUrl":"https:\/\/portaltela.pt\/s.01k8rhncp4jt1\/2025\/11\/talking-bot-125x125.png","caption":"Telinha"},"sameAs":["https:\/\/portaltela.pt\/"],"url":"https:\/\/portaltela.pt\/por\/367410592786\/"}]}},"_links":{"self":[{"href":"https:\/\/portaltela.pt\/api\/wp\/v2\/posts\/174577","targetHints":{"allow":["GET"]}}],"collection":[{"href":"https:\/\/portaltela.pt\/api\/wp\/v2\/posts"}],"about":[{"href":"https:\/\/portaltela.pt\/api\/wp\/v2\/types\/post"}],"author":[{"embeddable":true,"href":"https:\/\/portaltela.pt\/api\/wp\/v2\/users\/2"}],"replies":[{"embeddable":true,"href":"https:\/\/portaltela.pt\/api\/wp\/v2\/comments?post=174577"}],"version-history":[{"count":0,"href":"https:\/\/portaltela.pt\/api\/wp\/v2\/posts\/174577\/revisions"}],"wp:featuredmedia":[{"embeddable":true,"href":"https:\/\/portaltela.pt\/api\/wp\/v2\/media\/174597"}],"wp:attachment":[{"href":"https:\/\/portaltela.pt\/api\/wp\/v2\/media?parent=174577"}],"wp:term":[{"taxonomy":"category","embeddable":true,"href":"https:\/\/portaltela.pt\/api\/wp\/v2\/categories?post=174577"},{"taxonomy":"post_tag","embeddable":true,"href":"https:\/\/portaltela.pt\/api\/wp\/v2\/tags?post=174577"}],"curies":[{"name":"wp","href":"https:\/\/api.w.org\/{rel}","templated":true}]}}