{"id":174565,"date":"2026-01-25T21:00:00","date_gmt":"2026-01-26T00:00:00","guid":{"rendered":"https:\/\/portaltela.pt\/noticias\/2026\/01\/25\/as-noticias-das-14h-atualizacao-de-acontecimentos-locais-e-nacionais\/"},"modified":"2026-01-25T21:00:00","modified_gmt":"2026-01-26T00:00:00","slug":"as-noticias-das-14h-atualizacao-de-acontecimentos-locais-e-nacionais","status":"publish","type":"post","link":"https:\/\/portaltela.pt\/noticias\/internacional\/2026\/01\/25\/as-noticias-das-14h-atualizacao-de-acontecimentos-locais-e-nacionais\/","title":{"rendered":"As not\u00edcias das 14h: atualiza\u00e7\u00e3o de acontecimentos locais e nacionais"},"content":{"rendered":"<p>As not\u00edcias das 14h chegam com um conjunto de pautas que v\u00e3o desde apelos a investiga\u00e7\u00f5es at\u00e9 acontecimentos pol\u00edticos e meteorol\u00f3gicos. A agenda de hoje junta temas nacionais e internacionais, com foco em decis\u00f5es, acusa\u00e7\u00f5es e poss\u00edveis desdobramentos.<\/p>\n<p>Entre as chamadas mais relevantes, destacam-se pedidos de investiga\u00e7\u00e3o por figuras internacionais e sinais sobre o tempo. Obama e Clinton voltam a pedir uma averigua\u00e7\u00e3o ao ICE, em bloco com um segundo registro \u00e0s 9h. No campo meteorol\u00f3gico, o mau tempo no norte, associado \u00e0 depress\u00e3o Joseph, j\u00e1 se faz sentir.<\/p>\n<p>No dom\u00ednio pol\u00edtico interno, Cavaco Silva revelou apoio a Seguro na segunda volta, enquanto Ventura acusa Seguro de evitar o debate. Portas admite um voto considerado facilitado em Seguro. Tamb\u00e9m h\u00e1 refer\u00eancia a um processo judicial envolvendo um ex-dirigente do Chega, que come\u00e7a hoje a julgamento.<\/p>\n<h3>Internacional e seguran\u00e7a<\/h3>\n<ul>\n<li>Obama e Clinton pedem investiga\u00e7\u00e3o ao ICE, reiterando chamadas de outrora. A comunica\u00e7\u00e3o surge em meio a discuss\u00f5es diplom\u00e1ticas e de direitos humanos.<\/li>\n<li>Administra\u00e7\u00e3o Trump est\u00e1 a acompanhar a investiga\u00e7\u00e3o sobre a morte de Alex Pretti, conforme informa\u00e7\u00f5es divulgadas pela respetiva equipa administrativa.<\/li>\n<\/ul>\n<h3>Pol\u00edtica nacional e debates<\/h3>\n<ul>\n<li>Cavaco Silva anunciou apoio a Seguro na segunda volta, influenciando o cen\u00e1rio pol\u00edtico interno.<\/li>\n<li>Ventura acusa Seguro de fugir ao debate p\u00fablico, alimentando a narrativa de confronto entre candidatos.<\/li>\n<li>Paulo Portas referiu um \u201cvoto f\u00e1cil\u201d em Seguro, uma manifesta\u00e7\u00e3o durante a an\u00e1lise de prefer\u00eancias eleitorais.<\/li>\n<li>Ex-dirigente do Chega inicia hoje o processo judicial, com documenta\u00e7\u00e3o de acusa\u00e7\u00f5es e defesa previstas nos pr\u00f3ximos dias.<\/li>\n<\/ul>\n<h3>Tempo e desdobramentos<\/h3>\n<ul>\n<li>Depress\u00e3o Joseph provoca mau tempo j\u00e1 no norte, com impactos esperados na circula\u00e7\u00e3o e servi\u00e7os.<\/li>\n<li>Cargueiro \u00e0 deriva na Figueira da Foz pode encalhar, num cen\u00e1rio que envolve avalia\u00e7\u00e3o de danos, socorro mar\u00edtimo e impactos locais.<\/li>\n<li>O conjunto de acontecimentos prossegue durante a tarde, com fontes oficiais a confirmar desenvolvimentos \u00e0 medida que surgem informa\u00e7\u00f5es adicionais.<\/li>\n<\/ul>\n","protected":false},"excerpt":{"rendered":"<ul>\n<li>Obama e Clinton pedem investiga\u00e7\u00e3o ao ICE nos Estados Unidos.<\/li>\n<li>Cargueiro \u00e0 deriva na Figueira da Foz pode naufragar.<\/li>\n<li>Cavaco Silva anuncia voto em Seguro na segunda volta.<\/li>\n<li>Movimento 2031 n\u00e3o fragiliza a lideran\u00e7a da coliga\u00e7\u00e3o IL.<\/li>\n<li>Ex-dirigente do Chega come\u00e7a hoje a ser julgado.<\/li>\n<\/ul>\n","protected":false},"author":2,"featured_media":174591,"comment_status":"closed","ping_status":"closed","sticky":false,"template":"","format":"standard","meta":{"footnotes":""},"categories":[4,1],"tags":[2142,81,2765,2832,4341,3416],"class_list":["post-174565","post","type-post","status-publish","format-standard","has-post-thumbnail","hentry","category-internacional","category-noticias","tag-chega","tag-internacionais","tag-norte","tag-politica","tag-portas","tag-seguro"],"yoast_head":"<!-- This site is optimized with the Yoast SEO plugin v27.2 - https:\/\/yoast.com\/product\/yoast-seo-wordpress\/ -->\n<title>As not\u00edcias das 14h: atualiza\u00e7\u00e3o de acontecimentos locais e nacionais - Portal Tela Portugal<\/title>\n<meta name=\"robots\" content=\"index, follow, max-snippet:-1, max-image-preview:large, max-video-preview:-1\" \/>\n<meta property=\"og:locale\" content=\"pt_PT\" \/>\n<meta property=\"og:type\" content=\"article\" \/>\n<meta property=\"og:title\" content=\"As not\u00edcias das 14h: atualiza\u00e7\u00e3o de acontecimentos locais e nacionais - Portal Tela Portugal\" \/>\n<meta property=\"og:description\" content=\"Obama e Clinton pedem investiga\u00e7\u00e3o ao ICE nos Estados Unidos. Cargueiro \u00e0 deriva na Figueira da Foz pode naufragar. Cavaco Silva anuncia voto em Seguro na segunda volta. Movimento 2031 n\u00e3o fragiliza a lideran\u00e7a da coliga\u00e7\u00e3o IL. Ex-dirigente do Chega come\u00e7a hoje a ser julgado.\" \/>\n<meta property=\"og:url\" content=\"https:\/\/portaltela.pt\/noticias\/2026\/01\/25\/as-noticias-das-14h-atualizacao-de-acontecimentos-locais-e-nacionais\/\" \/>\n<meta property=\"og:site_name\" content=\"Portal Tela Portugal\" \/>\n<meta property=\"article:published_time\" content=\"2026-01-26T00:00:00+00:00\" \/>\n<meta name=\"author\" content=\"Telinha\" \/>\n<meta name=\"twitter:card\" content=\"summary_large_image\" \/>\n<meta name=\"twitter:label1\" content=\"Escrito por\" \/>\n\t<meta name=\"twitter:data1\" content=\"Telinha\" \/>\n\t<meta name=\"twitter:label2\" content=\"Tempo estimado de leitura\" \/>\n\t<meta name=\"twitter:data2\" content=\"2 minutos\" \/>\n<script type=\"application\/ld+json\" class=\"yoast-schema-graph\">{\"@context\":\"https:\/\/schema.org\",\"@graph\":[{\"@type\":\"Article\",\"@id\":\"https:\/\/portaltela.pt\/noticias\/2026\/01\/25\/as-noticias-das-14h-atualizacao-de-acontecimentos-locais-e-nacionais\/#article\",\"isPartOf\":{\"@id\":\"https:\/\/portaltela.pt\/noticias\/2026\/01\/25\/as-noticias-das-14h-atualizacao-de-acontecimentos-locais-e-nacionais\/\"},\"author\":{\"name\":\"Telinha\",\"@id\":\"https:\/\/portaltela.pt\/#\/schema\/person\/c4278d4a6028830caff9ee44b42d32ed\"},\"headline\":\"As not\u00edcias das 14h: atualiza\u00e7\u00e3o de acontecimentos locais e nacionais\",\"datePublished\":\"2026-01-26T00:00:00+00:00\",\"mainEntityOfPage\":{\"@id\":\"https:\/\/portaltela.pt\/noticias\/2026\/01\/25\/as-noticias-das-14h-atualizacao-de-acontecimentos-locais-e-nacionais\/\"},\"wordCount\":359,\"image\":{\"@id\":\"https:\/\/portaltela.pt\/noticias\/2026\/01\/25\/as-noticias-das-14h-atualizacao-de-acontecimentos-locais-e-nacionais\/#primaryimage\"},\"thumbnailUrl\":\"https:\/\/portaltela.pt\/s.01k8rhncp4jt1\/2026\/01\/770-podcast-noticiario-410.jpg\",\"keywords\":[\"CHEGA\",\"internacionais\",\"Norte\",\"pol\u00edtica\",\"Portas\",\"Seguro\"],\"articleSection\":[\"Internacional\",\"Not\u00edcias\"],\"inLanguage\":\"pt-PT\"},{\"@type\":\"WebPage\",\"@id\":\"https:\/\/portaltela.pt\/noticias\/2026\/01\/25\/as-noticias-das-14h-atualizacao-de-acontecimentos-locais-e-nacionais\/\",\"url\":\"https:\/\/portaltela.pt\/noticias\/2026\/01\/25\/as-noticias-das-14h-atualizacao-de-acontecimentos-locais-e-nacionais\/\",\"name\":\"As not\u00edcias das 14h: atualiza\u00e7\u00e3o de acontecimentos locais e nacionais - Portal Tela Portugal\",\"isPartOf\":{\"@id\":\"https:\/\/portaltela.pt\/#website\"},\"primaryImageOfPage\":{\"@id\":\"https:\/\/portaltela.pt\/noticias\/2026\/01\/25\/as-noticias-das-14h-atualizacao-de-acontecimentos-locais-e-nacionais\/#primaryimage\"},\"image\":{\"@id\":\"https:\/\/portaltela.pt\/noticias\/2026\/01\/25\/as-noticias-das-14h-atualizacao-de-acontecimentos-locais-e-nacionais\/#primaryimage\"},\"thumbnailUrl\":\"https:\/\/portaltela.pt\/s.01k8rhncp4jt1\/2026\/01\/770-podcast-noticiario-410.jpg\",\"datePublished\":\"2026-01-26T00:00:00+00:00\",\"author\":{\"@id\":\"https:\/\/portaltela.pt\/#\/schema\/person\/c4278d4a6028830caff9ee44b42d32ed\"},\"breadcrumb\":{\"@id\":\"https:\/\/portaltela.pt\/noticias\/2026\/01\/25\/as-noticias-das-14h-atualizacao-de-acontecimentos-locais-e-nacionais\/#breadcrumb\"},\"inLanguage\":\"pt-PT\",\"potentialAction\":[{\"@type\":\"ReadAction\",\"target\":[\"https:\/\/portaltela.pt\/noticias\/2026\/01\/25\/as-noticias-das-14h-atualizacao-de-acontecimentos-locais-e-nacionais\/\"]}]},{\"@type\":\"ImageObject\",\"inLanguage\":\"pt-PT\",\"@id\":\"https:\/\/portaltela.pt\/noticias\/2026\/01\/25\/as-noticias-das-14h-atualizacao-de-acontecimentos-locais-e-nacionais\/#primaryimage\",\"url\":\"https:\/\/portaltela.pt\/s.01k8rhncp4jt1\/2026\/01\/770-podcast-noticiario-410.jpg\",\"contentUrl\":\"https:\/\/portaltela.pt\/s.01k8rhncp4jt1\/2026\/01\/770-podcast-noticiario-410.jpg\",\"width\":796,\"height\":448,\"caption\":\"Capa do programa\"},{\"@type\":\"BreadcrumbList\",\"@id\":\"https:\/\/portaltela.pt\/noticias\/2026\/01\/25\/as-noticias-das-14h-atualizacao-de-acontecimentos-locais-e-nacionais\/#breadcrumb\",\"itemListElement\":[{\"@type\":\"ListItem\",\"position\":1,\"name\":\"In\u00edcio\",\"item\":\"https:\/\/portaltela.pt\/\"},{\"@type\":\"ListItem\",\"position\":2,\"name\":\"As not\u00edcias das 14h: atualiza\u00e7\u00e3o de acontecimentos locais e nacionais\"}]},{\"@type\":\"WebSite\",\"@id\":\"https:\/\/portaltela.pt\/#website\",\"url\":\"https:\/\/portaltela.pt\/\",\"name\":\"Portal Tela Portugal\",\"description\":\"\",\"potentialAction\":[{\"@type\":\"SearchAction\",\"target\":{\"@type\":\"EntryPoint\",\"urlTemplate\":\"https:\/\/portaltela.pt\/?s={search_term_string}\"},\"query-input\":{\"@type\":\"PropertyValueSpecification\",\"valueRequired\":true,\"valueName\":\"search_term_string\"}}],\"inLanguage\":\"pt-PT\"},{\"@type\":\"Person\",\"@id\":\"https:\/\/portaltela.pt\/#\/schema\/person\/c4278d4a6028830caff9ee44b42d32ed\",\"name\":\"Telinha\",\"image\":{\"@type\":\"ImageObject\",\"inLanguage\":\"pt-PT\",\"@id\":\"https:\/\/portaltela.pt\/s.01k8rhncp4jt1\/2025\/11\/talking-bot-125x125.png\",\"url\":\"https:\/\/portaltela.pt\/s.01k8rhncp4jt1\/2025\/11\/talking-bot-125x125.png\",\"contentUrl\":\"https:\/\/portaltela.pt\/s.01k8rhncp4jt1\/2025\/11\/talking-bot-125x125.png\",\"caption\":\"Telinha\"},\"sameAs\":[\"https:\/\/portaltela.pt\/\"],\"url\":\"https:\/\/portaltela.pt\/por\/367410592786\/\"}]}<\/script>\n<!-- \/ Yoast SEO plugin. -->","yoast_head_json":{"title":"As not\u00edcias das 14h: atualiza\u00e7\u00e3o de acontecimentos locais e nacionais - Portal Tela Portugal","robots":{"index":"index","follow":"follow","max-snippet":"max-snippet:-1","max-image-preview":"max-image-preview:large","max-video-preview":"max-video-preview:-1"},"og_locale":"pt_PT","og_type":"article","og_title":"As not\u00edcias das 14h: atualiza\u00e7\u00e3o de acontecimentos locais e nacionais - Portal Tela Portugal","og_description":"Obama e Clinton pedem investiga\u00e7\u00e3o ao ICE nos Estados Unidos. Cargueiro \u00e0 deriva na Figueira da Foz pode naufragar. Cavaco Silva anuncia voto em Seguro na segunda volta. Movimento 2031 n\u00e3o fragiliza a lideran\u00e7a da coliga\u00e7\u00e3o IL. Ex-dirigente do Chega come\u00e7a hoje a ser julgado.","og_url":"https:\/\/portaltela.pt\/noticias\/2026\/01\/25\/as-noticias-das-14h-atualizacao-de-acontecimentos-locais-e-nacionais\/","og_site_name":"Portal Tela Portugal","article_published_time":"2026-01-26T00:00:00+00:00","author":"Telinha","twitter_card":"summary_large_image","twitter_misc":{"Escrito por":"Telinha","Tempo estimado de leitura":"2 minutos"},"schema":{"@context":"https:\/\/schema.org","@graph":[{"@type":"Article","@id":"https:\/\/portaltela.pt\/noticias\/2026\/01\/25\/as-noticias-das-14h-atualizacao-de-acontecimentos-locais-e-nacionais\/#article","isPartOf":{"@id":"https:\/\/portaltela.pt\/noticias\/2026\/01\/25\/as-noticias-das-14h-atualizacao-de-acontecimentos-locais-e-nacionais\/"},"author":{"name":"Telinha","@id":"https:\/\/portaltela.pt\/#\/schema\/person\/c4278d4a6028830caff9ee44b42d32ed"},"headline":"As not\u00edcias das 14h: atualiza\u00e7\u00e3o de acontecimentos locais e nacionais","datePublished":"2026-01-26T00:00:00+00:00","mainEntityOfPage":{"@id":"https:\/\/portaltela.pt\/noticias\/2026\/01\/25\/as-noticias-das-14h-atualizacao-de-acontecimentos-locais-e-nacionais\/"},"wordCount":359,"image":{"@id":"https:\/\/portaltela.pt\/noticias\/2026\/01\/25\/as-noticias-das-14h-atualizacao-de-acontecimentos-locais-e-nacionais\/#primaryimage"},"thumbnailUrl":"https:\/\/portaltela.pt\/s.01k8rhncp4jt1\/2026\/01\/770-podcast-noticiario-410.jpg","keywords":["CHEGA","internacionais","Norte","pol\u00edtica","Portas","Seguro"],"articleSection":["Internacional","Not\u00edcias"],"inLanguage":"pt-PT"},{"@type":"WebPage","@id":"https:\/\/portaltela.pt\/noticias\/2026\/01\/25\/as-noticias-das-14h-atualizacao-de-acontecimentos-locais-e-nacionais\/","url":"https:\/\/portaltela.pt\/noticias\/2026\/01\/25\/as-noticias-das-14h-atualizacao-de-acontecimentos-locais-e-nacionais\/","name":"As not\u00edcias das 14h: atualiza\u00e7\u00e3o de acontecimentos locais e nacionais - Portal Tela Portugal","isPartOf":{"@id":"https:\/\/portaltela.pt\/#website"},"primaryImageOfPage":{"@id":"https:\/\/portaltela.pt\/noticias\/2026\/01\/25\/as-noticias-das-14h-atualizacao-de-acontecimentos-locais-e-nacionais\/#primaryimage"},"image":{"@id":"https:\/\/portaltela.pt\/noticias\/2026\/01\/25\/as-noticias-das-14h-atualizacao-de-acontecimentos-locais-e-nacionais\/#primaryimage"},"thumbnailUrl":"https:\/\/portaltela.pt\/s.01k8rhncp4jt1\/2026\/01\/770-podcast-noticiario-410.jpg","datePublished":"2026-01-26T00:00:00+00:00","author":{"@id":"https:\/\/portaltela.pt\/#\/schema\/person\/c4278d4a6028830caff9ee44b42d32ed"},"breadcrumb":{"@id":"https:\/\/portaltela.pt\/noticias\/2026\/01\/25\/as-noticias-das-14h-atualizacao-de-acontecimentos-locais-e-nacionais\/#breadcrumb"},"inLanguage":"pt-PT","potentialAction":[{"@type":"ReadAction","target":["https:\/\/portaltela.pt\/noticias\/2026\/01\/25\/as-noticias-das-14h-atualizacao-de-acontecimentos-locais-e-nacionais\/"]}]},{"@type":"ImageObject","inLanguage":"pt-PT","@id":"https:\/\/portaltela.pt\/noticias\/2026\/01\/25\/as-noticias-das-14h-atualizacao-de-acontecimentos-locais-e-nacionais\/#primaryimage","url":"https:\/\/portaltela.pt\/s.01k8rhncp4jt1\/2026\/01\/770-podcast-noticiario-410.jpg","contentUrl":"https:\/\/portaltela.pt\/s.01k8rhncp4jt1\/2026\/01\/770-podcast-noticiario-410.jpg","width":796,"height":448,"caption":"Capa do programa"},{"@type":"BreadcrumbList","@id":"https:\/\/portaltela.pt\/noticias\/2026\/01\/25\/as-noticias-das-14h-atualizacao-de-acontecimentos-locais-e-nacionais\/#breadcrumb","itemListElement":[{"@type":"ListItem","position":1,"name":"In\u00edcio","item":"https:\/\/portaltela.pt\/"},{"@type":"ListItem","position":2,"name":"As not\u00edcias das 14h: atualiza\u00e7\u00e3o de acontecimentos locais e nacionais"}]},{"@type":"WebSite","@id":"https:\/\/portaltela.pt\/#website","url":"https:\/\/portaltela.pt\/","name":"Portal Tela Portugal","description":"","potentialAction":[{"@type":"SearchAction","target":{"@type":"EntryPoint","urlTemplate":"https:\/\/portaltela.pt\/?s={search_term_string}"},"query-input":{"@type":"PropertyValueSpecification","valueRequired":true,"valueName":"search_term_string"}}],"inLanguage":"pt-PT"},{"@type":"Person","@id":"https:\/\/portaltela.pt\/#\/schema\/person\/c4278d4a6028830caff9ee44b42d32ed","name":"Telinha","image":{"@type":"ImageObject","inLanguage":"pt-PT","@id":"https:\/\/portaltela.pt\/s.01k8rhncp4jt1\/2025\/11\/talking-bot-125x125.png","url":"https:\/\/portaltela.pt\/s.01k8rhncp4jt1\/2025\/11\/talking-bot-125x125.png","contentUrl":"https:\/\/portaltela.pt\/s.01k8rhncp4jt1\/2025\/11\/talking-bot-125x125.png","caption":"Telinha"},"sameAs":["https:\/\/portaltela.pt\/"],"url":"https:\/\/portaltela.pt\/por\/367410592786\/"}]}},"_links":{"self":[{"href":"https:\/\/portaltela.pt\/api\/wp\/v2\/posts\/174565","targetHints":{"allow":["GET"]}}],"collection":[{"href":"https:\/\/portaltela.pt\/api\/wp\/v2\/posts"}],"about":[{"href":"https:\/\/portaltela.pt\/api\/wp\/v2\/types\/post"}],"author":[{"embeddable":true,"href":"https:\/\/portaltela.pt\/api\/wp\/v2\/users\/2"}],"replies":[{"embeddable":true,"href":"https:\/\/portaltela.pt\/api\/wp\/v2\/comments?post=174565"}],"version-history":[{"count":0,"href":"https:\/\/portaltela.pt\/api\/wp\/v2\/posts\/174565\/revisions"}],"wp:featuredmedia":[{"embeddable":true,"href":"https:\/\/portaltela.pt\/api\/wp\/v2\/media\/174591"}],"wp:attachment":[{"href":"https:\/\/portaltela.pt\/api\/wp\/v2\/media?parent=174565"}],"wp:term":[{"taxonomy":"category","embeddable":true,"href":"https:\/\/portaltela.pt\/api\/wp\/v2\/categories?post=174565"},{"taxonomy":"post_tag","embeddable":true,"href":"https:\/\/portaltela.pt\/api\/wp\/v2\/tags?post=174565"}],"curies":[{"name":"wp","href":"https:\/\/api.w.org\/{rel}","templated":true}]}}