{"id":174556,"date":"2026-01-26T10:56:53","date_gmt":"2026-01-26T13:56:53","guid":{"rendered":"https:\/\/portaltela.pt\/noticias\/2026\/01\/26\/tiago-bettencourt-apresenta-espetaculo-intimista-no-tmg\/"},"modified":"2026-01-26T10:56:53","modified_gmt":"2026-01-26T13:56:53","slug":"tiago-bettencourt-apresenta-espetaculo-intimista-no-tmg","status":"publish","type":"post","link":"https:\/\/portaltela.pt\/noticias\/2026\/01\/26\/tiago-bettencourt-apresenta-espetaculo-intimista-no-tmg\/","title":{"rendered":"Tiago Bettencourt apresenta espet\u00e1culo intimista no TMG"},"content":{"rendered":"<p>Tiago Bettencourt encheu o Teatro Municipal da Guarda com um espet\u00e1culo intimista, apresentado no s\u00e1bado, 24 de janeiro, no Grande Audit\u00f3rio esgotado. O concerto reuniu f\u00e3s da pop-rock portuguesa em cerca de uma hora e meia de apresenta\u00e7\u00e3o, sem intervalos anunciados.<\/p>\n<p>O artista percorreu temas do seu mais recente \u00e1lbum, equilibrando novas composi\u00e7\u00f5es com can\u00e7\u00f5es marcantes do seu percurso musical. O formato intimista permitiu uma leitura pr\u00f3xima da m\u00fasica e da performance.<\/p>\n<p>O TMG recebeu a atua\u00e7\u00e3o como uma das grandes propostas do fim de semana cultural da regi\u00e3o, consolidando a rela\u00e7\u00e3o entre Bettencourt e o p\u00fablico de cidades do interior, onde a vibra\u00e7\u00e3o do concerto foi elogiada pela ades\u00e3o e pela qualidade ac\u00fastica.<\/p>\n<p>A digress\u00e3o mantinha o foco na versatilidade do cantautor, explorando sonoridades que v\u00e3o do pop-rock a baladas mais contidas, num alinhamento entre novidade e mem\u00f3ria musical. O espet\u00e1culo refor\u00e7ou a presen\u00e7a de Bettencourt na agenda de concertos nacionais.<\/p>\n","protected":false},"excerpt":{"rendered":"<ul>\n<li>O Grande Audit\u00f3rio do Teatro Municipal da Guarda esgotou, no s\u00e1bado, 24 de janeiro, com o concerto de Tiago Bettencourt.<\/li>\n<li>O cantautor atuou num espet\u00e1culo intimista apresentado no TMG com lota\u00e7\u00e3o esgotada.<\/li>\n<li>Bettencourt trouxe temas do seu mais recente \u00e1lbum, sem esquecer can\u00e7\u00f5es marcantes do seu percurso.<\/li>\n<li>O artista \u00e9 reconhecido como uma das vozes centrais do pop-rock portugu\u00eas.<\/li>\n<li>O concerto manteve o foco em coros e interpreta\u00e7\u00f5es mais pr\u00f3ximas do p\u00fablico, numa perspetiva mais contida.<\/li>\n<\/ul>\n","protected":false},"author":2,"featured_media":174602,"comment_status":"closed","ping_status":"closed","sticky":false,"template":"","format":"standard","meta":{"footnotes":""},"categories":[12,1],"tags":[593,2116,1113,122,1014,2683],"class_list":["post-174556","post","type-post","status-publish","format-standard","has-post-thumbnail","hentry","category-entretenimento","category-noticias","tag-concertos","tag-espetaculos","tag-guarda","tag-musica","tag-portugal","tag-tiago"],"yoast_head":"<!-- This site is optimized with the Yoast SEO plugin v27.2 - https:\/\/yoast.com\/product\/yoast-seo-wordpress\/ -->\n<title>Tiago Bettencourt apresenta espet\u00e1culo intimista no TMG - Portal Tela Portugal<\/title>\n<meta name=\"robots\" content=\"index, follow, max-snippet:-1, max-image-preview:large, max-video-preview:-1\" \/>\n<meta property=\"og:locale\" content=\"pt_PT\" \/>\n<meta property=\"og:type\" content=\"article\" \/>\n<meta property=\"og:title\" content=\"Tiago Bettencourt apresenta espet\u00e1culo intimista no TMG - Portal Tela Portugal\" \/>\n<meta property=\"og:description\" content=\"O Grande Audit\u00f3rio do Teatro Municipal da Guarda esgotou, no s\u00e1bado, 24 de janeiro, com o concerto de Tiago Bettencourt. O cantautor atuou num espet\u00e1culo intimista apresentado no TMG com lota\u00e7\u00e3o esgotada. Bettencourt trouxe temas do seu mais recente \u00e1lbum, sem esquecer can\u00e7\u00f5es marcantes do seu percurso. O artista \u00e9 reconhecido como uma das vozes centrais do pop-rock portugu\u00eas. O concerto manteve o foco em coros e interpreta\u00e7\u00f5es mais pr\u00f3ximas do p\u00fablico, numa perspetiva mais contida.\" \/>\n<meta property=\"og:url\" content=\"https:\/\/portaltela.pt\/noticias\/2026\/01\/26\/tiago-bettencourt-apresenta-espetaculo-intimista-no-tmg\/\" \/>\n<meta property=\"og:site_name\" content=\"Portal Tela Portugal\" \/>\n<meta property=\"article:published_time\" content=\"2026-01-26T13:56:53+00:00\" \/>\n<meta name=\"author\" content=\"Telinha\" \/>\n<meta name=\"twitter:card\" content=\"summary_large_image\" \/>\n<meta name=\"twitter:label1\" content=\"Escrito por\" \/>\n\t<meta name=\"twitter:data1\" content=\"Telinha\" \/>\n\t<meta name=\"twitter:label2\" content=\"Tempo estimado de leitura\" \/>\n\t<meta name=\"twitter:data2\" content=\"1 minuto\" \/>\n<script type=\"application\/ld+json\" class=\"yoast-schema-graph\">{\"@context\":\"https:\/\/schema.org\",\"@graph\":[{\"@type\":\"Article\",\"@id\":\"https:\/\/portaltela.pt\/noticias\/2026\/01\/26\/tiago-bettencourt-apresenta-espetaculo-intimista-no-tmg\/#article\",\"isPartOf\":{\"@id\":\"https:\/\/portaltela.pt\/noticias\/2026\/01\/26\/tiago-bettencourt-apresenta-espetaculo-intimista-no-tmg\/\"},\"author\":{\"name\":\"Telinha\",\"@id\":\"https:\/\/portaltela.pt\/#\/schema\/person\/c4278d4a6028830caff9ee44b42d32ed\"},\"headline\":\"Tiago Bettencourt apresenta espet\u00e1culo intimista no TMG\",\"datePublished\":\"2026-01-26T13:56:53+00:00\",\"mainEntityOfPage\":{\"@id\":\"https:\/\/portaltela.pt\/noticias\/2026\/01\/26\/tiago-bettencourt-apresenta-espetaculo-intimista-no-tmg\/\"},\"wordCount\":181,\"image\":{\"@id\":\"https:\/\/portaltela.pt\/noticias\/2026\/01\/26\/tiago-bettencourt-apresenta-espetaculo-intimista-no-tmg\/#primaryimage\"},\"thumbnailUrl\":\"https:\/\/portaltela.pt\/s.01k8rhncp4jt1\/2026\/01\/unnamed-file-5341.jpg\",\"keywords\":[\"concertos\",\"espet\u00e1culos\",\"Guarda\",\"m\u00fasica\",\"Portugal\",\"Tiago\"],\"articleSection\":[\"Entretenimento\",\"Not\u00edcias\"],\"inLanguage\":\"pt-PT\"},{\"@type\":\"WebPage\",\"@id\":\"https:\/\/portaltela.pt\/noticias\/2026\/01\/26\/tiago-bettencourt-apresenta-espetaculo-intimista-no-tmg\/\",\"url\":\"https:\/\/portaltela.pt\/noticias\/2026\/01\/26\/tiago-bettencourt-apresenta-espetaculo-intimista-no-tmg\/\",\"name\":\"Tiago Bettencourt apresenta espet\u00e1culo intimista no TMG - Portal Tela Portugal\",\"isPartOf\":{\"@id\":\"https:\/\/portaltela.pt\/#website\"},\"primaryImageOfPage\":{\"@id\":\"https:\/\/portaltela.pt\/noticias\/2026\/01\/26\/tiago-bettencourt-apresenta-espetaculo-intimista-no-tmg\/#primaryimage\"},\"image\":{\"@id\":\"https:\/\/portaltela.pt\/noticias\/2026\/01\/26\/tiago-bettencourt-apresenta-espetaculo-intimista-no-tmg\/#primaryimage\"},\"thumbnailUrl\":\"https:\/\/portaltela.pt\/s.01k8rhncp4jt1\/2026\/01\/unnamed-file-5341.jpg\",\"datePublished\":\"2026-01-26T13:56:53+00:00\",\"author\":{\"@id\":\"https:\/\/portaltela.pt\/#\/schema\/person\/c4278d4a6028830caff9ee44b42d32ed\"},\"breadcrumb\":{\"@id\":\"https:\/\/portaltela.pt\/noticias\/2026\/01\/26\/tiago-bettencourt-apresenta-espetaculo-intimista-no-tmg\/#breadcrumb\"},\"inLanguage\":\"pt-PT\",\"potentialAction\":[{\"@type\":\"ReadAction\",\"target\":[\"https:\/\/portaltela.pt\/noticias\/2026\/01\/26\/tiago-bettencourt-apresenta-espetaculo-intimista-no-tmg\/\"]}]},{\"@type\":\"ImageObject\",\"inLanguage\":\"pt-PT\",\"@id\":\"https:\/\/portaltela.pt\/noticias\/2026\/01\/26\/tiago-bettencourt-apresenta-espetaculo-intimista-no-tmg\/#primaryimage\",\"url\":\"https:\/\/portaltela.pt\/s.01k8rhncp4jt1\/2026\/01\/unnamed-file-5341.jpg\",\"contentUrl\":\"https:\/\/portaltela.pt\/s.01k8rhncp4jt1\/2026\/01\/unnamed-file-5341.jpg\",\"width\":796,\"height\":448,\"caption\":\"Photo\"},{\"@type\":\"BreadcrumbList\",\"@id\":\"https:\/\/portaltela.pt\/noticias\/2026\/01\/26\/tiago-bettencourt-apresenta-espetaculo-intimista-no-tmg\/#breadcrumb\",\"itemListElement\":[{\"@type\":\"ListItem\",\"position\":1,\"name\":\"In\u00edcio\",\"item\":\"https:\/\/portaltela.pt\/\"},{\"@type\":\"ListItem\",\"position\":2,\"name\":\"Tiago Bettencourt apresenta espet\u00e1culo intimista no TMG\"}]},{\"@type\":\"WebSite\",\"@id\":\"https:\/\/portaltela.pt\/#website\",\"url\":\"https:\/\/portaltela.pt\/\",\"name\":\"Portal Tela Portugal\",\"description\":\"\",\"potentialAction\":[{\"@type\":\"SearchAction\",\"target\":{\"@type\":\"EntryPoint\",\"urlTemplate\":\"https:\/\/portaltela.pt\/?s={search_term_string}\"},\"query-input\":{\"@type\":\"PropertyValueSpecification\",\"valueRequired\":true,\"valueName\":\"search_term_string\"}}],\"inLanguage\":\"pt-PT\"},{\"@type\":\"Person\",\"@id\":\"https:\/\/portaltela.pt\/#\/schema\/person\/c4278d4a6028830caff9ee44b42d32ed\",\"name\":\"Telinha\",\"image\":{\"@type\":\"ImageObject\",\"inLanguage\":\"pt-PT\",\"@id\":\"https:\/\/portaltela.pt\/s.01k8rhncp4jt1\/2025\/11\/talking-bot-125x125.png\",\"url\":\"https:\/\/portaltela.pt\/s.01k8rhncp4jt1\/2025\/11\/talking-bot-125x125.png\",\"contentUrl\":\"https:\/\/portaltela.pt\/s.01k8rhncp4jt1\/2025\/11\/talking-bot-125x125.png\",\"caption\":\"Telinha\"},\"sameAs\":[\"https:\/\/portaltela.pt\/\"],\"url\":\"https:\/\/portaltela.pt\/por\/367410592786\/\"}]}<\/script>\n<!-- \/ Yoast SEO plugin. -->","yoast_head_json":{"title":"Tiago Bettencourt apresenta espet\u00e1culo intimista no TMG - Portal Tela Portugal","robots":{"index":"index","follow":"follow","max-snippet":"max-snippet:-1","max-image-preview":"max-image-preview:large","max-video-preview":"max-video-preview:-1"},"og_locale":"pt_PT","og_type":"article","og_title":"Tiago Bettencourt apresenta espet\u00e1culo intimista no TMG - Portal Tela Portugal","og_description":"O Grande Audit\u00f3rio do Teatro Municipal da Guarda esgotou, no s\u00e1bado, 24 de janeiro, com o concerto de Tiago Bettencourt. O cantautor atuou num espet\u00e1culo intimista apresentado no TMG com lota\u00e7\u00e3o esgotada. Bettencourt trouxe temas do seu mais recente \u00e1lbum, sem esquecer can\u00e7\u00f5es marcantes do seu percurso. O artista \u00e9 reconhecido como uma das vozes centrais do pop-rock portugu\u00eas. O concerto manteve o foco em coros e interpreta\u00e7\u00f5es mais pr\u00f3ximas do p\u00fablico, numa perspetiva mais contida.","og_url":"https:\/\/portaltela.pt\/noticias\/2026\/01\/26\/tiago-bettencourt-apresenta-espetaculo-intimista-no-tmg\/","og_site_name":"Portal Tela Portugal","article_published_time":"2026-01-26T13:56:53+00:00","author":"Telinha","twitter_card":"summary_large_image","twitter_misc":{"Escrito por":"Telinha","Tempo estimado de leitura":"1 minuto"},"schema":{"@context":"https:\/\/schema.org","@graph":[{"@type":"Article","@id":"https:\/\/portaltela.pt\/noticias\/2026\/01\/26\/tiago-bettencourt-apresenta-espetaculo-intimista-no-tmg\/#article","isPartOf":{"@id":"https:\/\/portaltela.pt\/noticias\/2026\/01\/26\/tiago-bettencourt-apresenta-espetaculo-intimista-no-tmg\/"},"author":{"name":"Telinha","@id":"https:\/\/portaltela.pt\/#\/schema\/person\/c4278d4a6028830caff9ee44b42d32ed"},"headline":"Tiago Bettencourt apresenta espet\u00e1culo intimista no TMG","datePublished":"2026-01-26T13:56:53+00:00","mainEntityOfPage":{"@id":"https:\/\/portaltela.pt\/noticias\/2026\/01\/26\/tiago-bettencourt-apresenta-espetaculo-intimista-no-tmg\/"},"wordCount":181,"image":{"@id":"https:\/\/portaltela.pt\/noticias\/2026\/01\/26\/tiago-bettencourt-apresenta-espetaculo-intimista-no-tmg\/#primaryimage"},"thumbnailUrl":"https:\/\/portaltela.pt\/s.01k8rhncp4jt1\/2026\/01\/unnamed-file-5341.jpg","keywords":["concertos","espet\u00e1culos","Guarda","m\u00fasica","Portugal","Tiago"],"articleSection":["Entretenimento","Not\u00edcias"],"inLanguage":"pt-PT"},{"@type":"WebPage","@id":"https:\/\/portaltela.pt\/noticias\/2026\/01\/26\/tiago-bettencourt-apresenta-espetaculo-intimista-no-tmg\/","url":"https:\/\/portaltela.pt\/noticias\/2026\/01\/26\/tiago-bettencourt-apresenta-espetaculo-intimista-no-tmg\/","name":"Tiago Bettencourt apresenta espet\u00e1culo intimista no TMG - Portal Tela Portugal","isPartOf":{"@id":"https:\/\/portaltela.pt\/#website"},"primaryImageOfPage":{"@id":"https:\/\/portaltela.pt\/noticias\/2026\/01\/26\/tiago-bettencourt-apresenta-espetaculo-intimista-no-tmg\/#primaryimage"},"image":{"@id":"https:\/\/portaltela.pt\/noticias\/2026\/01\/26\/tiago-bettencourt-apresenta-espetaculo-intimista-no-tmg\/#primaryimage"},"thumbnailUrl":"https:\/\/portaltela.pt\/s.01k8rhncp4jt1\/2026\/01\/unnamed-file-5341.jpg","datePublished":"2026-01-26T13:56:53+00:00","author":{"@id":"https:\/\/portaltela.pt\/#\/schema\/person\/c4278d4a6028830caff9ee44b42d32ed"},"breadcrumb":{"@id":"https:\/\/portaltela.pt\/noticias\/2026\/01\/26\/tiago-bettencourt-apresenta-espetaculo-intimista-no-tmg\/#breadcrumb"},"inLanguage":"pt-PT","potentialAction":[{"@type":"ReadAction","target":["https:\/\/portaltela.pt\/noticias\/2026\/01\/26\/tiago-bettencourt-apresenta-espetaculo-intimista-no-tmg\/"]}]},{"@type":"ImageObject","inLanguage":"pt-PT","@id":"https:\/\/portaltela.pt\/noticias\/2026\/01\/26\/tiago-bettencourt-apresenta-espetaculo-intimista-no-tmg\/#primaryimage","url":"https:\/\/portaltela.pt\/s.01k8rhncp4jt1\/2026\/01\/unnamed-file-5341.jpg","contentUrl":"https:\/\/portaltela.pt\/s.01k8rhncp4jt1\/2026\/01\/unnamed-file-5341.jpg","width":796,"height":448,"caption":"Photo"},{"@type":"BreadcrumbList","@id":"https:\/\/portaltela.pt\/noticias\/2026\/01\/26\/tiago-bettencourt-apresenta-espetaculo-intimista-no-tmg\/#breadcrumb","itemListElement":[{"@type":"ListItem","position":1,"name":"In\u00edcio","item":"https:\/\/portaltela.pt\/"},{"@type":"ListItem","position":2,"name":"Tiago Bettencourt apresenta espet\u00e1culo intimista no TMG"}]},{"@type":"WebSite","@id":"https:\/\/portaltela.pt\/#website","url":"https:\/\/portaltela.pt\/","name":"Portal Tela Portugal","description":"","potentialAction":[{"@type":"SearchAction","target":{"@type":"EntryPoint","urlTemplate":"https:\/\/portaltela.pt\/?s={search_term_string}"},"query-input":{"@type":"PropertyValueSpecification","valueRequired":true,"valueName":"search_term_string"}}],"inLanguage":"pt-PT"},{"@type":"Person","@id":"https:\/\/portaltela.pt\/#\/schema\/person\/c4278d4a6028830caff9ee44b42d32ed","name":"Telinha","image":{"@type":"ImageObject","inLanguage":"pt-PT","@id":"https:\/\/portaltela.pt\/s.01k8rhncp4jt1\/2025\/11\/talking-bot-125x125.png","url":"https:\/\/portaltela.pt\/s.01k8rhncp4jt1\/2025\/11\/talking-bot-125x125.png","contentUrl":"https:\/\/portaltela.pt\/s.01k8rhncp4jt1\/2025\/11\/talking-bot-125x125.png","caption":"Telinha"},"sameAs":["https:\/\/portaltela.pt\/"],"url":"https:\/\/portaltela.pt\/por\/367410592786\/"}]}},"_links":{"self":[{"href":"https:\/\/portaltela.pt\/api\/wp\/v2\/posts\/174556","targetHints":{"allow":["GET"]}}],"collection":[{"href":"https:\/\/portaltela.pt\/api\/wp\/v2\/posts"}],"about":[{"href":"https:\/\/portaltela.pt\/api\/wp\/v2\/types\/post"}],"author":[{"embeddable":true,"href":"https:\/\/portaltela.pt\/api\/wp\/v2\/users\/2"}],"replies":[{"embeddable":true,"href":"https:\/\/portaltela.pt\/api\/wp\/v2\/comments?post=174556"}],"version-history":[{"count":0,"href":"https:\/\/portaltela.pt\/api\/wp\/v2\/posts\/174556\/revisions"}],"wp:featuredmedia":[{"embeddable":true,"href":"https:\/\/portaltela.pt\/api\/wp\/v2\/media\/174602"}],"wp:attachment":[{"href":"https:\/\/portaltela.pt\/api\/wp\/v2\/media?parent=174556"}],"wp:term":[{"taxonomy":"category","embeddable":true,"href":"https:\/\/portaltela.pt\/api\/wp\/v2\/categories?post=174556"},{"taxonomy":"post_tag","embeddable":true,"href":"https:\/\/portaltela.pt\/api\/wp\/v2\/tags?post=174556"}],"curies":[{"name":"wp","href":"https:\/\/api.w.org\/{rel}","templated":true}]}}