{"id":174539,"date":"2026-01-26T10:42:00","date_gmt":"2026-01-26T13:42:00","guid":{"rendered":"https:\/\/portaltela.pt\/noticias\/2026\/01\/26\/dybala-ligado-ao-benfica-everton-rejeita-proposta-da-juventus-por-beto\/"},"modified":"2026-01-26T10:42:00","modified_gmt":"2026-01-26T13:42:00","slug":"dybala-ligado-ao-benfica-everton-rejeita-proposta-da-juventus-por-beto","status":"publish","type":"post","link":"https:\/\/portaltela.pt\/desporto\/futebol\/2026\/01\/26\/dybala-ligado-ao-benfica-everton-rejeita-proposta-da-juventus-por-beto\/","title":{"rendered":"Dybala ligado ao Benfica; Everton rejeita proposta da Juventus por Beto"},"content":{"rendered":"<p>Pa\u00edses, clubes e jogadores vivem um per\u00edodo de transfer\u00eancias em muta\u00e7\u00e3o. Em It\u00e1lia, o Benfica surge como pretendente de Paulo Dybala, com o jogador em fim de contrato com a Roma e rumores de uma poss\u00edvel contrata\u00e7\u00e3o a custo zero. A not\u00edcia ganha for\u00e7a via Corriere della Sera.<\/p>\n<p>Entre rumores, o Everton ter\u00e1 rejeitado uma proposta da Juventus pelo empr\u00e9stimo de Beto. O avan\u00e7ado portugu\u00eas soma 25 jogos pela equipa inglesa nesta \u00e9poca, com tr\u00eas golos marcados.<\/p>\n<p>Outra frente aponta Andr\u00e9 Luiz, do Rio Ave, pr\u00f3ximo de assinar com o Olympiacos. O empres\u00e1rio do jogador ter\u00e1 confirmado a vontade de transfer\u00eancia, com negocia\u00e7\u00f5es a decorrer para a assinatura em breve nos encontros com a equipa grega.<\/p>\n<h3>Benfica<\/h3>\n<p>Paulo Dybala termina contrato com a Roma em junho e, segundo o Corriere della Sera, o Benfica est\u00e1 em negocia\u00e7\u00f5es para uma contrata\u00e7\u00e3o a custo zero. O interesse tamb\u00e9m envolve outros clubes europeus, com Roma a procurar renovar com o jogador.<\/p>\n<p>Monaco e Como acompanham a situa\u00e7\u00e3o, enquanto os romanos procuram fechar a renova\u00e7\u00e3o do contrato. A transfer\u00e2ncia permanece sem confirma\u00e7\u00e3o oficial, mantendo-se os nomes na \u00f3rbita de Lisboa.<\/p>\n<h3>Everton<\/h3>\n<p>O clube de Liverpool contesta a poss\u00edvel sa\u00edda de Beto por empr\u00e9stimo para a Juventus. A decis\u00e3o foi confirmada por Ya\u011f\u0131z Sabuncuo\u011flu, jornalista turco ligado ao mercado. Beto soma 25 jogos e 3 tentos com a camisola dos toffees esta temporada.<\/p>\n<h3>Rio Ave<\/h3>\n<p>Nikos Kotsis reporta que Andr\u00e9 Luiz pretende mudar-se para o Olympiacos. O agente do jogador brasileiro confirmou o interesse da equipa grega e que os detalhes avan\u00e7am para a assinatura do contrato.<\/p>\n<h3>Flamengo<\/h3>\n<p>Fabrizio Romano indica que o Flamengo dever\u00e1 intensificar a tentativa de contratar Lucas Paquet\u00e1. O m\u00e9dio brasileiro encontra-se em vias de revis\u00e3o de futuro, com interessados em v\u00e1rias piscinas do futebol europeu.<\/p>\n<h3>Lazio<\/h3>\n<p>Segundo a mesma fonte, Lazio e Atalanta chegaram a acordo pelo empr\u00e9stimo de Daniele Maldini, com op\u00e7\u00e3o de compra de 14 milh\u00f5es de euros. O filho de Paolo Maldini integra o neg\u00f3cio entre as duas pizzas italianas.<\/p>\n<h3>Gyeongnam<\/h3>\n<p>O clube sul-coreano confirmou a rescis\u00e3o com Bruno Costa. O m\u00e9dio portugu\u00eas, de 28 anos, disputou 17 jogos na presente \u00e9poca, marcando dois golos e dando uma assist\u00eancia.<\/p>\n","protected":false},"excerpt":{"rendered":"<ul>\n<li>Benfica est\u00e1 a negociar a contrata\u00e7\u00e3o a custo zero de Paulo Dybala, que termina o contrato com a Roma em junho; outros clubes, como o M\u00f3naco e Como, acompanham a situa\u00e7\u00e3o.<\/li>\n<li>Everton ter\u00e1 rejeitado uma proposta da Juventus pelo empr\u00e9stimo de Beto; o avan\u00e7ado portugu\u00eas soma 25 jogos e 3 golos esta temporada.<\/li>\n<li>Rio Ave pode ficar sem Andr\u00e9 Luiz, que pretende transferir-se para o Olympiacos; chegada de documentos e assinatura devem ocorrer nos pr\u00f3ximos dias, na Gr\u00e9cia.<\/li>\n<li>Flamengo volta a intentar a contrata\u00e7\u00e3o de Lucas Paquet\u00e1, segundo Fabrizio Romano.<\/li>\n<li>Daniele Maldini, filho de Paolo Maldini, ser\u00e1 emprestado pela Lazio \u00e0 Atalanta, com op\u00e7\u00e3o de compra de 14 milh\u00f5es de euros.<\/li>\n<\/ul>\n","protected":false},"author":2,"featured_media":174540,"comment_status":"closed","ping_status":"closed","sticky":false,"template":"","format":"standard","meta":{"footnotes":""},"categories":[21,24],"tags":[2615,1946,2112,4337,2190,2050],"class_list":["post-174539","post","type-post","status-publish","format-standard","has-post-thumbnail","hentry","category-desporto","category-futebol","tag-atalanta","tag-benfica","tag-dybala","tag-lazio","tag-rio-ave","tag-transferencias"],"yoast_head":"<!-- This site is optimized with the Yoast SEO plugin v27.2 - https:\/\/yoast.com\/product\/yoast-seo-wordpress\/ -->\n<title>Dybala ligado ao Benfica; Everton rejeita proposta da Juventus por Beto - Portal Tela Portugal<\/title>\n<meta name=\"robots\" content=\"index, follow, max-snippet:-1, max-image-preview:large, max-video-preview:-1\" \/>\n<meta property=\"og:locale\" content=\"pt_PT\" \/>\n<meta property=\"og:type\" content=\"article\" \/>\n<meta property=\"og:title\" content=\"Dybala ligado ao Benfica; Everton rejeita proposta da Juventus por Beto - Portal Tela Portugal\" \/>\n<meta property=\"og:description\" content=\"Benfica est\u00e1 a negociar a contrata\u00e7\u00e3o a custo zero de Paulo Dybala, que termina o contrato com a Roma em junho; outros clubes, como o M\u00f3naco e Como, acompanham a situa\u00e7\u00e3o. Everton ter\u00e1 rejeitado uma proposta da Juventus pelo empr\u00e9stimo de Beto; o avan\u00e7ado portugu\u00eas soma 25 jogos e 3 golos esta temporada. Rio Ave pode ficar sem Andr\u00e9 Luiz, que pretende transferir-se para o Olympiacos; chegada de documentos e assinatura devem ocorrer nos pr\u00f3ximos dias, na Gr\u00e9cia. Flamengo volta a intentar a contrata\u00e7\u00e3o de Lucas Paquet\u00e1, segundo Fabrizio Romano. Daniele Maldini, filho de Paolo Maldini, ser\u00e1 emprestado pela Lazio \u00e0 Atalanta, com op\u00e7\u00e3o de compra de 14 milh\u00f5es de euros.\" \/>\n<meta property=\"og:url\" content=\"https:\/\/portaltela.pt\/noticias\/2026\/01\/26\/dybala-ligado-ao-benfica-everton-rejeita-proposta-da-juventus-por-beto\/\" \/>\n<meta property=\"og:site_name\" content=\"Portal Tela Portugal\" \/>\n<meta property=\"article:published_time\" content=\"2026-01-26T13:42:00+00:00\" \/>\n<meta name=\"author\" content=\"Telinha\" \/>\n<meta name=\"twitter:card\" content=\"summary_large_image\" \/>\n<meta name=\"twitter:label1\" content=\"Escrito por\" \/>\n\t<meta name=\"twitter:data1\" content=\"Telinha\" \/>\n\t<meta name=\"twitter:label2\" content=\"Tempo estimado de leitura\" \/>\n\t<meta name=\"twitter:data2\" content=\"2 minutos\" \/>\n<script type=\"application\/ld+json\" class=\"yoast-schema-graph\">{\"@context\":\"https:\/\/schema.org\",\"@graph\":[{\"@type\":\"Article\",\"@id\":\"https:\/\/portaltela.pt\/noticias\/2026\/01\/26\/dybala-ligado-ao-benfica-everton-rejeita-proposta-da-juventus-por-beto\/#article\",\"isPartOf\":{\"@id\":\"https:\/\/portaltela.pt\/noticias\/2026\/01\/26\/dybala-ligado-ao-benfica-everton-rejeita-proposta-da-juventus-por-beto\/\"},\"author\":{\"name\":\"Telinha\",\"@id\":\"https:\/\/portaltela.pt\/#\/schema\/person\/c4278d4a6028830caff9ee44b42d32ed\"},\"headline\":\"Dybala ligado ao Benfica; Everton rejeita proposta da Juventus por Beto\",\"datePublished\":\"2026-01-26T13:42:00+00:00\",\"mainEntityOfPage\":{\"@id\":\"https:\/\/portaltela.pt\/noticias\/2026\/01\/26\/dybala-ligado-ao-benfica-everton-rejeita-proposta-da-juventus-por-beto\/\"},\"wordCount\":409,\"image\":{\"@id\":\"https:\/\/portaltela.pt\/noticias\/2026\/01\/26\/dybala-ligado-ao-benfica-everton-rejeita-proposta-da-juventus-por-beto\/#primaryimage\"},\"thumbnailUrl\":\"https:\/\/portaltela.pt\/s.01k8rhncp4jt1\/2026\/01\/image-1772.jpg\",\"keywords\":[\"Atalanta\",\"Benfica\",\"Dybala\",\"Lazio\",\"Rio Ave\",\"transfer\u00eancias\"],\"articleSection\":[\"Desporto\",\"Futebol\"],\"inLanguage\":\"pt-PT\"},{\"@type\":\"WebPage\",\"@id\":\"https:\/\/portaltela.pt\/noticias\/2026\/01\/26\/dybala-ligado-ao-benfica-everton-rejeita-proposta-da-juventus-por-beto\/\",\"url\":\"https:\/\/portaltela.pt\/noticias\/2026\/01\/26\/dybala-ligado-ao-benfica-everton-rejeita-proposta-da-juventus-por-beto\/\",\"name\":\"Dybala ligado ao Benfica; Everton rejeita proposta da Juventus por Beto - Portal Tela Portugal\",\"isPartOf\":{\"@id\":\"https:\/\/portaltela.pt\/#website\"},\"primaryImageOfPage\":{\"@id\":\"https:\/\/portaltela.pt\/noticias\/2026\/01\/26\/dybala-ligado-ao-benfica-everton-rejeita-proposta-da-juventus-por-beto\/#primaryimage\"},\"image\":{\"@id\":\"https:\/\/portaltela.pt\/noticias\/2026\/01\/26\/dybala-ligado-ao-benfica-everton-rejeita-proposta-da-juventus-por-beto\/#primaryimage\"},\"thumbnailUrl\":\"https:\/\/portaltela.pt\/s.01k8rhncp4jt1\/2026\/01\/image-1772.jpg\",\"datePublished\":\"2026-01-26T13:42:00+00:00\",\"author\":{\"@id\":\"https:\/\/portaltela.pt\/#\/schema\/person\/c4278d4a6028830caff9ee44b42d32ed\"},\"breadcrumb\":{\"@id\":\"https:\/\/portaltela.pt\/noticias\/2026\/01\/26\/dybala-ligado-ao-benfica-everton-rejeita-proposta-da-juventus-por-beto\/#breadcrumb\"},\"inLanguage\":\"pt-PT\",\"potentialAction\":[{\"@type\":\"ReadAction\",\"target\":[\"https:\/\/portaltela.pt\/noticias\/2026\/01\/26\/dybala-ligado-ao-benfica-everton-rejeita-proposta-da-juventus-por-beto\/\"]}]},{\"@type\":\"ImageObject\",\"inLanguage\":\"pt-PT\",\"@id\":\"https:\/\/portaltela.pt\/noticias\/2026\/01\/26\/dybala-ligado-ao-benfica-everton-rejeita-proposta-da-juventus-por-beto\/#primaryimage\",\"url\":\"https:\/\/portaltela.pt\/s.01k8rhncp4jt1\/2026\/01\/image-1772.jpg\",\"contentUrl\":\"https:\/\/portaltela.pt\/s.01k8rhncp4jt1\/2026\/01\/image-1772.jpg\",\"width\":796,\"height\":448,\"caption\":\"Internacional argentino est\u00e1 na Roma h\u00e1 quatro temporadas e termina contrato em julho\"},{\"@type\":\"BreadcrumbList\",\"@id\":\"https:\/\/portaltela.pt\/noticias\/2026\/01\/26\/dybala-ligado-ao-benfica-everton-rejeita-proposta-da-juventus-por-beto\/#breadcrumb\",\"itemListElement\":[{\"@type\":\"ListItem\",\"position\":1,\"name\":\"In\u00edcio\",\"item\":\"https:\/\/portaltela.pt\/\"},{\"@type\":\"ListItem\",\"position\":2,\"name\":\"Dybala ligado ao Benfica; Everton rejeita proposta da Juventus por Beto\"}]},{\"@type\":\"WebSite\",\"@id\":\"https:\/\/portaltela.pt\/#website\",\"url\":\"https:\/\/portaltela.pt\/\",\"name\":\"Portal Tela Portugal\",\"description\":\"\",\"potentialAction\":[{\"@type\":\"SearchAction\",\"target\":{\"@type\":\"EntryPoint\",\"urlTemplate\":\"https:\/\/portaltela.pt\/?s={search_term_string}\"},\"query-input\":{\"@type\":\"PropertyValueSpecification\",\"valueRequired\":true,\"valueName\":\"search_term_string\"}}],\"inLanguage\":\"pt-PT\"},{\"@type\":\"Person\",\"@id\":\"https:\/\/portaltela.pt\/#\/schema\/person\/c4278d4a6028830caff9ee44b42d32ed\",\"name\":\"Telinha\",\"image\":{\"@type\":\"ImageObject\",\"inLanguage\":\"pt-PT\",\"@id\":\"https:\/\/portaltela.pt\/s.01k8rhncp4jt1\/2025\/11\/talking-bot-125x125.png\",\"url\":\"https:\/\/portaltela.pt\/s.01k8rhncp4jt1\/2025\/11\/talking-bot-125x125.png\",\"contentUrl\":\"https:\/\/portaltela.pt\/s.01k8rhncp4jt1\/2025\/11\/talking-bot-125x125.png\",\"caption\":\"Telinha\"},\"sameAs\":[\"https:\/\/portaltela.pt\/\"],\"url\":\"https:\/\/portaltela.pt\/por\/367410592786\/\"}]}<\/script>\n<!-- \/ Yoast SEO plugin. -->","yoast_head_json":{"title":"Dybala ligado ao Benfica; Everton rejeita proposta da Juventus por Beto - Portal Tela Portugal","robots":{"index":"index","follow":"follow","max-snippet":"max-snippet:-1","max-image-preview":"max-image-preview:large","max-video-preview":"max-video-preview:-1"},"og_locale":"pt_PT","og_type":"article","og_title":"Dybala ligado ao Benfica; Everton rejeita proposta da Juventus por Beto - Portal Tela Portugal","og_description":"Benfica est\u00e1 a negociar a contrata\u00e7\u00e3o a custo zero de Paulo Dybala, que termina o contrato com a Roma em junho; outros clubes, como o M\u00f3naco e Como, acompanham a situa\u00e7\u00e3o. Everton ter\u00e1 rejeitado uma proposta da Juventus pelo empr\u00e9stimo de Beto; o avan\u00e7ado portugu\u00eas soma 25 jogos e 3 golos esta temporada. Rio Ave pode ficar sem Andr\u00e9 Luiz, que pretende transferir-se para o Olympiacos; chegada de documentos e assinatura devem ocorrer nos pr\u00f3ximos dias, na Gr\u00e9cia. Flamengo volta a intentar a contrata\u00e7\u00e3o de Lucas Paquet\u00e1, segundo Fabrizio Romano. Daniele Maldini, filho de Paolo Maldini, ser\u00e1 emprestado pela Lazio \u00e0 Atalanta, com op\u00e7\u00e3o de compra de 14 milh\u00f5es de euros.","og_url":"https:\/\/portaltela.pt\/noticias\/2026\/01\/26\/dybala-ligado-ao-benfica-everton-rejeita-proposta-da-juventus-por-beto\/","og_site_name":"Portal Tela Portugal","article_published_time":"2026-01-26T13:42:00+00:00","author":"Telinha","twitter_card":"summary_large_image","twitter_misc":{"Escrito por":"Telinha","Tempo estimado de leitura":"2 minutos"},"schema":{"@context":"https:\/\/schema.org","@graph":[{"@type":"Article","@id":"https:\/\/portaltela.pt\/noticias\/2026\/01\/26\/dybala-ligado-ao-benfica-everton-rejeita-proposta-da-juventus-por-beto\/#article","isPartOf":{"@id":"https:\/\/portaltela.pt\/noticias\/2026\/01\/26\/dybala-ligado-ao-benfica-everton-rejeita-proposta-da-juventus-por-beto\/"},"author":{"name":"Telinha","@id":"https:\/\/portaltela.pt\/#\/schema\/person\/c4278d4a6028830caff9ee44b42d32ed"},"headline":"Dybala ligado ao Benfica; Everton rejeita proposta da Juventus por Beto","datePublished":"2026-01-26T13:42:00+00:00","mainEntityOfPage":{"@id":"https:\/\/portaltela.pt\/noticias\/2026\/01\/26\/dybala-ligado-ao-benfica-everton-rejeita-proposta-da-juventus-por-beto\/"},"wordCount":409,"image":{"@id":"https:\/\/portaltela.pt\/noticias\/2026\/01\/26\/dybala-ligado-ao-benfica-everton-rejeita-proposta-da-juventus-por-beto\/#primaryimage"},"thumbnailUrl":"https:\/\/portaltela.pt\/s.01k8rhncp4jt1\/2026\/01\/image-1772.jpg","keywords":["Atalanta","Benfica","Dybala","Lazio","Rio Ave","transfer\u00eancias"],"articleSection":["Desporto","Futebol"],"inLanguage":"pt-PT"},{"@type":"WebPage","@id":"https:\/\/portaltela.pt\/noticias\/2026\/01\/26\/dybala-ligado-ao-benfica-everton-rejeita-proposta-da-juventus-por-beto\/","url":"https:\/\/portaltela.pt\/noticias\/2026\/01\/26\/dybala-ligado-ao-benfica-everton-rejeita-proposta-da-juventus-por-beto\/","name":"Dybala ligado ao Benfica; Everton rejeita proposta da Juventus por Beto - Portal Tela Portugal","isPartOf":{"@id":"https:\/\/portaltela.pt\/#website"},"primaryImageOfPage":{"@id":"https:\/\/portaltela.pt\/noticias\/2026\/01\/26\/dybala-ligado-ao-benfica-everton-rejeita-proposta-da-juventus-por-beto\/#primaryimage"},"image":{"@id":"https:\/\/portaltela.pt\/noticias\/2026\/01\/26\/dybala-ligado-ao-benfica-everton-rejeita-proposta-da-juventus-por-beto\/#primaryimage"},"thumbnailUrl":"https:\/\/portaltela.pt\/s.01k8rhncp4jt1\/2026\/01\/image-1772.jpg","datePublished":"2026-01-26T13:42:00+00:00","author":{"@id":"https:\/\/portaltela.pt\/#\/schema\/person\/c4278d4a6028830caff9ee44b42d32ed"},"breadcrumb":{"@id":"https:\/\/portaltela.pt\/noticias\/2026\/01\/26\/dybala-ligado-ao-benfica-everton-rejeita-proposta-da-juventus-por-beto\/#breadcrumb"},"inLanguage":"pt-PT","potentialAction":[{"@type":"ReadAction","target":["https:\/\/portaltela.pt\/noticias\/2026\/01\/26\/dybala-ligado-ao-benfica-everton-rejeita-proposta-da-juventus-por-beto\/"]}]},{"@type":"ImageObject","inLanguage":"pt-PT","@id":"https:\/\/portaltela.pt\/noticias\/2026\/01\/26\/dybala-ligado-ao-benfica-everton-rejeita-proposta-da-juventus-por-beto\/#primaryimage","url":"https:\/\/portaltela.pt\/s.01k8rhncp4jt1\/2026\/01\/image-1772.jpg","contentUrl":"https:\/\/portaltela.pt\/s.01k8rhncp4jt1\/2026\/01\/image-1772.jpg","width":796,"height":448,"caption":"Internacional argentino est\u00e1 na Roma h\u00e1 quatro temporadas e termina contrato em julho"},{"@type":"BreadcrumbList","@id":"https:\/\/portaltela.pt\/noticias\/2026\/01\/26\/dybala-ligado-ao-benfica-everton-rejeita-proposta-da-juventus-por-beto\/#breadcrumb","itemListElement":[{"@type":"ListItem","position":1,"name":"In\u00edcio","item":"https:\/\/portaltela.pt\/"},{"@type":"ListItem","position":2,"name":"Dybala ligado ao Benfica; Everton rejeita proposta da Juventus por Beto"}]},{"@type":"WebSite","@id":"https:\/\/portaltela.pt\/#website","url":"https:\/\/portaltela.pt\/","name":"Portal Tela Portugal","description":"","potentialAction":[{"@type":"SearchAction","target":{"@type":"EntryPoint","urlTemplate":"https:\/\/portaltela.pt\/?s={search_term_string}"},"query-input":{"@type":"PropertyValueSpecification","valueRequired":true,"valueName":"search_term_string"}}],"inLanguage":"pt-PT"},{"@type":"Person","@id":"https:\/\/portaltela.pt\/#\/schema\/person\/c4278d4a6028830caff9ee44b42d32ed","name":"Telinha","image":{"@type":"ImageObject","inLanguage":"pt-PT","@id":"https:\/\/portaltela.pt\/s.01k8rhncp4jt1\/2025\/11\/talking-bot-125x125.png","url":"https:\/\/portaltela.pt\/s.01k8rhncp4jt1\/2025\/11\/talking-bot-125x125.png","contentUrl":"https:\/\/portaltela.pt\/s.01k8rhncp4jt1\/2025\/11\/talking-bot-125x125.png","caption":"Telinha"},"sameAs":["https:\/\/portaltela.pt\/"],"url":"https:\/\/portaltela.pt\/por\/367410592786\/"}]}},"_links":{"self":[{"href":"https:\/\/portaltela.pt\/api\/wp\/v2\/posts\/174539","targetHints":{"allow":["GET"]}}],"collection":[{"href":"https:\/\/portaltela.pt\/api\/wp\/v2\/posts"}],"about":[{"href":"https:\/\/portaltela.pt\/api\/wp\/v2\/types\/post"}],"author":[{"embeddable":true,"href":"https:\/\/portaltela.pt\/api\/wp\/v2\/users\/2"}],"replies":[{"embeddable":true,"href":"https:\/\/portaltela.pt\/api\/wp\/v2\/comments?post=174539"}],"version-history":[{"count":0,"href":"https:\/\/portaltela.pt\/api\/wp\/v2\/posts\/174539\/revisions"}],"wp:featuredmedia":[{"embeddable":true,"href":"https:\/\/portaltela.pt\/api\/wp\/v2\/media\/174540"}],"wp:attachment":[{"href":"https:\/\/portaltela.pt\/api\/wp\/v2\/media?parent=174539"}],"wp:term":[{"taxonomy":"category","embeddable":true,"href":"https:\/\/portaltela.pt\/api\/wp\/v2\/categories?post=174539"},{"taxonomy":"post_tag","embeddable":true,"href":"https:\/\/portaltela.pt\/api\/wp\/v2\/tags?post=174539"}],"curies":[{"name":"wp","href":"https:\/\/api.w.org\/{rel}","templated":true}]}}