{"id":174510,"date":"2026-01-26T10:41:11","date_gmt":"2026-01-26T13:41:11","guid":{"rendered":"https:\/\/portaltela.pt\/noticias\/2026\/01\/26\/quercus-alerta-para-pressao-politica-sobre-instituto-de-conservacao-da-natureza\/"},"modified":"2026-01-26T10:41:11","modified_gmt":"2026-01-26T13:41:11","slug":"quercus-alerta-para-pressao-politica-sobre-instituto-de-conservacao-da-natureza","status":"publish","type":"post","link":"https:\/\/portaltela.pt\/noticias\/2026\/01\/26\/quercus-alerta-para-pressao-politica-sobre-instituto-de-conservacao-da-natureza\/","title":{"rendered":"Quercus alerta para press\u00e3o pol\u00edtica sobre Instituto de Conserva\u00e7\u00e3o da Natureza"},"content":{"rendered":"<p>A associa\u00e7\u00e3o ambientalista Quercus expressou nesta segunda-feira a sua profunda preocupa\u00e7\u00e3o com a alegada press\u00e3o pol\u00edtica associada a um v\u00eddeo enviado pelo ministro da Agricultura aos dirigentes do Instituto da Conserva\u00e7\u00e3o da Natureza e das Florestas (ICNF). O tom do v\u00eddeo \u00e9 visto pela Quercus como um sinal que pode comprometer a autonomia t\u00e9cnica do ICNF, j\u00e1 fragilizado pela falta de recursos humanos e log\u00edsticos.<\/p>\n<p>Segundo a Quercus, o epis\u00f3dio n\u00e3o pode ser reduzido a um lapso de linguagem; \u00e9 uma indica\u00e7\u00e3o de alinhamento pol\u00edtico que afeta a capacidade do ICNF de atuar com independ\u00eancia. A associa\u00e7\u00e3o ressalva que a legalidade ambiental n\u00e3o \u00e9 algo a ser flexibilizado, mas sim a base da atua\u00e7\u00e3o administrativa.<\/p>\n<p>A not\u00edcia, avan\u00e7ada pelo jornal P\u00fablico, indica que o ministro da Agricultura enviou o v\u00eddeo aos t\u00e9cnicos que, ao emitirem pareceres sobre impacto ambiental, s\u00e3o chamados a atuar com proatividade, bom senso e modera\u00e7\u00e3o nos processos de decis\u00e3o. A leitura da Quercus \u00e9 de que isso coloca em causa a firmeza da avalia\u00e7\u00e3o t\u00e9cnica.<\/p>\n<p>Jos\u00e9 Manuel Fernandes, conforme a cobertura, defendeu que, quando a legisla\u00e7\u00e3o impede a concretiza\u00e7\u00e3o de projetos, pode ser leg\u00edtimo desafiar a raz\u00e3o de determinadas normas, lembrando que a lei pode ser alterada. A Quercus reage interpretando isso como uma sugest\u00e3o de que a sensatez pode prevalecer sobre o cumprimento estrito da lei.<\/p>\n<p>A associa\u00e7\u00e3o sublinha que o ICNF n\u00e3o \u00e9 um facilitador de neg\u00f3cios nem de projetos, mas o \u00f3rg\u00e3o respons\u00e1vel por salvaguardar o patrim\u00f3nio natural e a avalia\u00e7\u00e3o ambiental. Pressionar o instituto para acelerar processos em detrimento do rigor t\u00e9cnico compromete a miss\u00e3o central e pode expor o territ\u00f3rio a riscos.<\/p>\n<p>As cr\u00edticas n\u00e3o se ficaram pela Quercus. O PS e a associa\u00e7\u00e3o Zero manifestaram reservas, afirmando que as declara\u00e7\u00f5es colocam em causa o estado de direito e violam o c\u00f3digo de conduta governamental. A Zero descreveu o epis\u00f3dio como ataque \u00e0 autonomia t\u00e9cnica da Administra\u00e7\u00e3o P\u00fablica.<\/p>\n<p>O Partido Socialista pediu a audi\u00e7\u00e3o urgente no parlamento do ministro da Agricultura e Pescas, referindo que houve press\u00e3o para aprovar atos que n\u00e3o correspondem aos par\u00e2metros legais vigentes. O PS destacou que houve a inten\u00e7\u00e3o de alterar leis para fins espec\u00edficos de aprova\u00e7\u00e3o de projetos.<\/p>\n<p>O ICNF \u00e9 tutelado pelos minist\u00e9rios do Ambiente, Energia e da Agricultura e Pescas. A Quercus classifica esta dupla tutela como um erro estrutural que subordina a biodiversidade a interesses produtivistas, enfraquecendo a prote\u00e7\u00e3o ambiental. A associa\u00e7\u00e3o apela ao Governo para defender a legalidade ambiental e a independ\u00eancia do ICNF.<\/p>\n<p>A Quercus refor\u00e7a o apelo para que o Governo atue como guardi\u00e3o da legalidade ambiental, assegurando a independ\u00eancia t\u00e9cnica necess\u00e1ria \u00e0 defesa do patrim\u00f3nio natural do pa\u00eds.<\/p>\n","protected":false},"excerpt":{"rendered":"<ul>\n<li>A Quercus expressou segunda-feira a \u201cprofunda preocupa\u00e7\u00e3o\u201d com a press\u00e3o pol\u00edtica associada a um v\u00eddeo enviado pelo ministro da Agricultura aos dirigentes do Instituto da Conserva\u00e7\u00e3o da Natureza e das Florestas (ICNF).<\/li>\n<li>A associa\u00e7\u00e3o afirma que o epis\u00f3dio n\u00e3o foi apenas um lapso de linguagem, representando um sinal pol\u00edtico que compromete a autonomia t\u00e9cnica do ICNF, j\u00e1 com falta de recursos humanos e meios log\u00edsticos.<\/li>\n<li>Segundo o di\u00e1rio P\u00fablico, o v\u00eddeo incentiva a proatividade e o \u201cbom senso\u201d na tomada de decis\u00f5es, sugerindo questionar a validade da lei quando esta impede projetos e que a lei pode ser alterada.<\/li>\n<li>A Quercus rejeita a ideia de que a sensatez deva prevalecer sobre o cumprimento rigoroso da lei, sublinhando que a legalidade ambiental \u00e9 o referencial da a\u00e7\u00e3o administrativa e que o ICNF n\u00e3o \u00e9 um facilitador de projetos.<\/li>\n<li>Rea\u00e7\u00f5es: PS e Zero criticaram o epis\u00f3dio; o PS pediu audi\u00e7\u00e3o urgente no parlamento do ministro da Agricultura e Pescas; o ICNF \u00e9 tutelado por dois minist\u00e9rios, o que a Quercus considera um erro estrutural que fragiliza a prote\u00e7\u00e3o da biodiversidade.<\/li>\n<\/ul>\n","protected":false},"author":2,"featured_media":174514,"comment_status":"closed","ping_status":"closed","sticky":false,"template":"","format":"standard","meta":{"footnotes":""},"categories":[1],"tags":[168,3100,34,811,1726,332],"class_list":["post-174510","post","type-post","status-publish","format-standard","has-post-thumbnail","hentry","category-noticias","tag-administracao-publica","tag-ambiental","tag-governo","tag-protecao-ambiental","tag-protecao-da-natureza-e-da-biodiversidade","tag-transparencia"],"yoast_head":"<!-- This site is optimized with the Yoast SEO plugin v27.2 - https:\/\/yoast.com\/product\/yoast-seo-wordpress\/ -->\n<title>Quercus alerta para press\u00e3o pol\u00edtica sobre Instituto de Conserva\u00e7\u00e3o da Natureza - Portal Tela Portugal<\/title>\n<meta name=\"robots\" content=\"index, follow, max-snippet:-1, max-image-preview:large, max-video-preview:-1\" \/>\n<meta property=\"og:locale\" content=\"pt_PT\" \/>\n<meta property=\"og:type\" content=\"article\" \/>\n<meta property=\"og:title\" content=\"Quercus alerta para press\u00e3o pol\u00edtica sobre Instituto de Conserva\u00e7\u00e3o da Natureza - Portal Tela Portugal\" \/>\n<meta property=\"og:description\" content=\"A Quercus expressou segunda-feira a \u201cprofunda preocupa\u00e7\u00e3o\u201d com a press\u00e3o pol\u00edtica associada a um v\u00eddeo enviado pelo ministro da Agricultura aos dirigentes do Instituto da Conserva\u00e7\u00e3o da Natureza e das Florestas (ICNF). A associa\u00e7\u00e3o afirma que o epis\u00f3dio n\u00e3o foi apenas um lapso de linguagem, representando um sinal pol\u00edtico que compromete a autonomia t\u00e9cnica do ICNF, j\u00e1 com falta de recursos humanos e meios log\u00edsticos. Segundo o di\u00e1rio P\u00fablico, o v\u00eddeo incentiva a proatividade e o \u201cbom senso\u201d na tomada de decis\u00f5es, sugerindo questionar a validade da lei quando esta impede projetos e que a lei pode ser alterada. A Quercus rejeita a ideia de que a sensatez deva prevalecer sobre o cumprimento rigoroso da lei, sublinhando que a legalidade ambiental \u00e9 o referencial da a\u00e7\u00e3o administrativa e que o ICNF n\u00e3o \u00e9 um facilitador de projetos. Rea\u00e7\u00f5es: PS e Zero criticaram o epis\u00f3dio; o PS pediu audi\u00e7\u00e3o urgente no parlamento do ministro da Agricultura e Pescas; o ICNF \u00e9 tutelado por dois minist\u00e9rios, o que a Quercus considera um erro estrutural que fragiliza a prote\u00e7\u00e3o da biodiversidade.\" \/>\n<meta property=\"og:url\" content=\"https:\/\/portaltela.pt\/noticias\/2026\/01\/26\/quercus-alerta-para-pressao-politica-sobre-instituto-de-conservacao-da-natureza\/\" \/>\n<meta property=\"og:site_name\" content=\"Portal Tela Portugal\" \/>\n<meta property=\"article:published_time\" content=\"2026-01-26T13:41:11+00:00\" \/>\n<meta name=\"author\" content=\"Telinha\" \/>\n<meta name=\"twitter:card\" content=\"summary_large_image\" \/>\n<meta name=\"twitter:label1\" content=\"Escrito por\" \/>\n\t<meta name=\"twitter:data1\" content=\"Telinha\" \/>\n\t<meta name=\"twitter:label2\" content=\"Tempo estimado de leitura\" \/>\n\t<meta name=\"twitter:data2\" content=\"3 minutos\" \/>\n<script type=\"application\/ld+json\" class=\"yoast-schema-graph\">{\"@context\":\"https:\/\/schema.org\",\"@graph\":[{\"@type\":\"Article\",\"@id\":\"https:\/\/portaltela.pt\/noticias\/2026\/01\/26\/quercus-alerta-para-pressao-politica-sobre-instituto-de-conservacao-da-natureza\/#article\",\"isPartOf\":{\"@id\":\"https:\/\/portaltela.pt\/noticias\/2026\/01\/26\/quercus-alerta-para-pressao-politica-sobre-instituto-de-conservacao-da-natureza\/\"},\"author\":{\"name\":\"Telinha\",\"@id\":\"https:\/\/portaltela.pt\/#\/schema\/person\/c4278d4a6028830caff9ee44b42d32ed\"},\"headline\":\"Quercus alerta para press\u00e3o pol\u00edtica sobre Instituto de Conserva\u00e7\u00e3o da Natureza\",\"datePublished\":\"2026-01-26T13:41:11+00:00\",\"mainEntityOfPage\":{\"@id\":\"https:\/\/portaltela.pt\/noticias\/2026\/01\/26\/quercus-alerta-para-pressao-politica-sobre-instituto-de-conservacao-da-natureza\/\"},\"wordCount\":515,\"image\":{\"@id\":\"https:\/\/portaltela.pt\/noticias\/2026\/01\/26\/quercus-alerta-para-pressao-politica-sobre-instituto-de-conservacao-da-natureza\/#primaryimage\"},\"thumbnailUrl\":\"https:\/\/portaltela.pt\/s.01k8rhncp4jt1\/2026\/01\/img_1500x1000uu2024-09-23-14-05-51-1753864.jpg\",\"keywords\":[\"administra\u00e7\u00e3o p\u00fablica\",\"ambiental\",\"governo\",\"prote\u00e7\u00e3o ambiental\",\"prote\u00e7\u00e3o da natureza e da biodiversidade\",\"transpar\u00eancia\"],\"articleSection\":[\"Not\u00edcias\"],\"inLanguage\":\"pt-PT\"},{\"@type\":\"WebPage\",\"@id\":\"https:\/\/portaltela.pt\/noticias\/2026\/01\/26\/quercus-alerta-para-pressao-politica-sobre-instituto-de-conservacao-da-natureza\/\",\"url\":\"https:\/\/portaltela.pt\/noticias\/2026\/01\/26\/quercus-alerta-para-pressao-politica-sobre-instituto-de-conservacao-da-natureza\/\",\"name\":\"Quercus alerta para press\u00e3o pol\u00edtica sobre Instituto de Conserva\u00e7\u00e3o da Natureza - Portal Tela Portugal\",\"isPartOf\":{\"@id\":\"https:\/\/portaltela.pt\/#website\"},\"primaryImageOfPage\":{\"@id\":\"https:\/\/portaltela.pt\/noticias\/2026\/01\/26\/quercus-alerta-para-pressao-politica-sobre-instituto-de-conservacao-da-natureza\/#primaryimage\"},\"image\":{\"@id\":\"https:\/\/portaltela.pt\/noticias\/2026\/01\/26\/quercus-alerta-para-pressao-politica-sobre-instituto-de-conservacao-da-natureza\/#primaryimage\"},\"thumbnailUrl\":\"https:\/\/portaltela.pt\/s.01k8rhncp4jt1\/2026\/01\/img_1500x1000uu2024-09-23-14-05-51-1753864.jpg\",\"datePublished\":\"2026-01-26T13:41:11+00:00\",\"author\":{\"@id\":\"https:\/\/portaltela.pt\/#\/schema\/person\/c4278d4a6028830caff9ee44b42d32ed\"},\"breadcrumb\":{\"@id\":\"https:\/\/portaltela.pt\/noticias\/2026\/01\/26\/quercus-alerta-para-pressao-politica-sobre-instituto-de-conservacao-da-natureza\/#breadcrumb\"},\"inLanguage\":\"pt-PT\",\"potentialAction\":[{\"@type\":\"ReadAction\",\"target\":[\"https:\/\/portaltela.pt\/noticias\/2026\/01\/26\/quercus-alerta-para-pressao-politica-sobre-instituto-de-conservacao-da-natureza\/\"]}]},{\"@type\":\"ImageObject\",\"inLanguage\":\"pt-PT\",\"@id\":\"https:\/\/portaltela.pt\/noticias\/2026\/01\/26\/quercus-alerta-para-pressao-politica-sobre-instituto-de-conservacao-da-natureza\/#primaryimage\",\"url\":\"https:\/\/portaltela.pt\/s.01k8rhncp4jt1\/2026\/01\/img_1500x1000uu2024-09-23-14-05-51-1753864.jpg\",\"contentUrl\":\"https:\/\/portaltela.pt\/s.01k8rhncp4jt1\/2026\/01\/img_1500x1000uu2024-09-23-14-05-51-1753864.jpg\",\"width\":796,\"height\":448,\"caption\":\"Jos\u00e9 Manuel Fernandes est\u00e1 a ser criticado por v\u00e1rias entidades do setor\"},{\"@type\":\"BreadcrumbList\",\"@id\":\"https:\/\/portaltela.pt\/noticias\/2026\/01\/26\/quercus-alerta-para-pressao-politica-sobre-instituto-de-conservacao-da-natureza\/#breadcrumb\",\"itemListElement\":[{\"@type\":\"ListItem\",\"position\":1,\"name\":\"In\u00edcio\",\"item\":\"https:\/\/portaltela.pt\/\"},{\"@type\":\"ListItem\",\"position\":2,\"name\":\"Quercus alerta para press\u00e3o pol\u00edtica sobre Instituto de Conserva\u00e7\u00e3o da Natureza\"}]},{\"@type\":\"WebSite\",\"@id\":\"https:\/\/portaltela.pt\/#website\",\"url\":\"https:\/\/portaltela.pt\/\",\"name\":\"Portal Tela Portugal\",\"description\":\"\",\"potentialAction\":[{\"@type\":\"SearchAction\",\"target\":{\"@type\":\"EntryPoint\",\"urlTemplate\":\"https:\/\/portaltela.pt\/?s={search_term_string}\"},\"query-input\":{\"@type\":\"PropertyValueSpecification\",\"valueRequired\":true,\"valueName\":\"search_term_string\"}}],\"inLanguage\":\"pt-PT\"},{\"@type\":\"Person\",\"@id\":\"https:\/\/portaltela.pt\/#\/schema\/person\/c4278d4a6028830caff9ee44b42d32ed\",\"name\":\"Telinha\",\"image\":{\"@type\":\"ImageObject\",\"inLanguage\":\"pt-PT\",\"@id\":\"https:\/\/portaltela.pt\/s.01k8rhncp4jt1\/2025\/11\/talking-bot-125x125.png\",\"url\":\"https:\/\/portaltela.pt\/s.01k8rhncp4jt1\/2025\/11\/talking-bot-125x125.png\",\"contentUrl\":\"https:\/\/portaltela.pt\/s.01k8rhncp4jt1\/2025\/11\/talking-bot-125x125.png\",\"caption\":\"Telinha\"},\"sameAs\":[\"https:\/\/portaltela.pt\/\"],\"url\":\"https:\/\/portaltela.pt\/por\/367410592786\/\"}]}<\/script>\n<!-- \/ Yoast SEO plugin. -->","yoast_head_json":{"title":"Quercus alerta para press\u00e3o pol\u00edtica sobre Instituto de Conserva\u00e7\u00e3o da Natureza - Portal Tela Portugal","robots":{"index":"index","follow":"follow","max-snippet":"max-snippet:-1","max-image-preview":"max-image-preview:large","max-video-preview":"max-video-preview:-1"},"og_locale":"pt_PT","og_type":"article","og_title":"Quercus alerta para press\u00e3o pol\u00edtica sobre Instituto de Conserva\u00e7\u00e3o da Natureza - Portal Tela Portugal","og_description":"A Quercus expressou segunda-feira a \u201cprofunda preocupa\u00e7\u00e3o\u201d com a press\u00e3o pol\u00edtica associada a um v\u00eddeo enviado pelo ministro da Agricultura aos dirigentes do Instituto da Conserva\u00e7\u00e3o da Natureza e das Florestas (ICNF). A associa\u00e7\u00e3o afirma que o epis\u00f3dio n\u00e3o foi apenas um lapso de linguagem, representando um sinal pol\u00edtico que compromete a autonomia t\u00e9cnica do ICNF, j\u00e1 com falta de recursos humanos e meios log\u00edsticos. Segundo o di\u00e1rio P\u00fablico, o v\u00eddeo incentiva a proatividade e o \u201cbom senso\u201d na tomada de decis\u00f5es, sugerindo questionar a validade da lei quando esta impede projetos e que a lei pode ser alterada. A Quercus rejeita a ideia de que a sensatez deva prevalecer sobre o cumprimento rigoroso da lei, sublinhando que a legalidade ambiental \u00e9 o referencial da a\u00e7\u00e3o administrativa e que o ICNF n\u00e3o \u00e9 um facilitador de projetos. Rea\u00e7\u00f5es: PS e Zero criticaram o epis\u00f3dio; o PS pediu audi\u00e7\u00e3o urgente no parlamento do ministro da Agricultura e Pescas; o ICNF \u00e9 tutelado por dois minist\u00e9rios, o que a Quercus considera um erro estrutural que fragiliza a prote\u00e7\u00e3o da biodiversidade.","og_url":"https:\/\/portaltela.pt\/noticias\/2026\/01\/26\/quercus-alerta-para-pressao-politica-sobre-instituto-de-conservacao-da-natureza\/","og_site_name":"Portal Tela Portugal","article_published_time":"2026-01-26T13:41:11+00:00","author":"Telinha","twitter_card":"summary_large_image","twitter_misc":{"Escrito por":"Telinha","Tempo estimado de leitura":"3 minutos"},"schema":{"@context":"https:\/\/schema.org","@graph":[{"@type":"Article","@id":"https:\/\/portaltela.pt\/noticias\/2026\/01\/26\/quercus-alerta-para-pressao-politica-sobre-instituto-de-conservacao-da-natureza\/#article","isPartOf":{"@id":"https:\/\/portaltela.pt\/noticias\/2026\/01\/26\/quercus-alerta-para-pressao-politica-sobre-instituto-de-conservacao-da-natureza\/"},"author":{"name":"Telinha","@id":"https:\/\/portaltela.pt\/#\/schema\/person\/c4278d4a6028830caff9ee44b42d32ed"},"headline":"Quercus alerta para press\u00e3o pol\u00edtica sobre Instituto de Conserva\u00e7\u00e3o da Natureza","datePublished":"2026-01-26T13:41:11+00:00","mainEntityOfPage":{"@id":"https:\/\/portaltela.pt\/noticias\/2026\/01\/26\/quercus-alerta-para-pressao-politica-sobre-instituto-de-conservacao-da-natureza\/"},"wordCount":515,"image":{"@id":"https:\/\/portaltela.pt\/noticias\/2026\/01\/26\/quercus-alerta-para-pressao-politica-sobre-instituto-de-conservacao-da-natureza\/#primaryimage"},"thumbnailUrl":"https:\/\/portaltela.pt\/s.01k8rhncp4jt1\/2026\/01\/img_1500x1000uu2024-09-23-14-05-51-1753864.jpg","keywords":["administra\u00e7\u00e3o p\u00fablica","ambiental","governo","prote\u00e7\u00e3o ambiental","prote\u00e7\u00e3o da natureza e da biodiversidade","transpar\u00eancia"],"articleSection":["Not\u00edcias"],"inLanguage":"pt-PT"},{"@type":"WebPage","@id":"https:\/\/portaltela.pt\/noticias\/2026\/01\/26\/quercus-alerta-para-pressao-politica-sobre-instituto-de-conservacao-da-natureza\/","url":"https:\/\/portaltela.pt\/noticias\/2026\/01\/26\/quercus-alerta-para-pressao-politica-sobre-instituto-de-conservacao-da-natureza\/","name":"Quercus alerta para press\u00e3o pol\u00edtica sobre Instituto de Conserva\u00e7\u00e3o da Natureza - Portal Tela Portugal","isPartOf":{"@id":"https:\/\/portaltela.pt\/#website"},"primaryImageOfPage":{"@id":"https:\/\/portaltela.pt\/noticias\/2026\/01\/26\/quercus-alerta-para-pressao-politica-sobre-instituto-de-conservacao-da-natureza\/#primaryimage"},"image":{"@id":"https:\/\/portaltela.pt\/noticias\/2026\/01\/26\/quercus-alerta-para-pressao-politica-sobre-instituto-de-conservacao-da-natureza\/#primaryimage"},"thumbnailUrl":"https:\/\/portaltela.pt\/s.01k8rhncp4jt1\/2026\/01\/img_1500x1000uu2024-09-23-14-05-51-1753864.jpg","datePublished":"2026-01-26T13:41:11+00:00","author":{"@id":"https:\/\/portaltela.pt\/#\/schema\/person\/c4278d4a6028830caff9ee44b42d32ed"},"breadcrumb":{"@id":"https:\/\/portaltela.pt\/noticias\/2026\/01\/26\/quercus-alerta-para-pressao-politica-sobre-instituto-de-conservacao-da-natureza\/#breadcrumb"},"inLanguage":"pt-PT","potentialAction":[{"@type":"ReadAction","target":["https:\/\/portaltela.pt\/noticias\/2026\/01\/26\/quercus-alerta-para-pressao-politica-sobre-instituto-de-conservacao-da-natureza\/"]}]},{"@type":"ImageObject","inLanguage":"pt-PT","@id":"https:\/\/portaltela.pt\/noticias\/2026\/01\/26\/quercus-alerta-para-pressao-politica-sobre-instituto-de-conservacao-da-natureza\/#primaryimage","url":"https:\/\/portaltela.pt\/s.01k8rhncp4jt1\/2026\/01\/img_1500x1000uu2024-09-23-14-05-51-1753864.jpg","contentUrl":"https:\/\/portaltela.pt\/s.01k8rhncp4jt1\/2026\/01\/img_1500x1000uu2024-09-23-14-05-51-1753864.jpg","width":796,"height":448,"caption":"Jos\u00e9 Manuel Fernandes est\u00e1 a ser criticado por v\u00e1rias entidades do setor"},{"@type":"BreadcrumbList","@id":"https:\/\/portaltela.pt\/noticias\/2026\/01\/26\/quercus-alerta-para-pressao-politica-sobre-instituto-de-conservacao-da-natureza\/#breadcrumb","itemListElement":[{"@type":"ListItem","position":1,"name":"In\u00edcio","item":"https:\/\/portaltela.pt\/"},{"@type":"ListItem","position":2,"name":"Quercus alerta para press\u00e3o pol\u00edtica sobre Instituto de Conserva\u00e7\u00e3o da Natureza"}]},{"@type":"WebSite","@id":"https:\/\/portaltela.pt\/#website","url":"https:\/\/portaltela.pt\/","name":"Portal Tela Portugal","description":"","potentialAction":[{"@type":"SearchAction","target":{"@type":"EntryPoint","urlTemplate":"https:\/\/portaltela.pt\/?s={search_term_string}"},"query-input":{"@type":"PropertyValueSpecification","valueRequired":true,"valueName":"search_term_string"}}],"inLanguage":"pt-PT"},{"@type":"Person","@id":"https:\/\/portaltela.pt\/#\/schema\/person\/c4278d4a6028830caff9ee44b42d32ed","name":"Telinha","image":{"@type":"ImageObject","inLanguage":"pt-PT","@id":"https:\/\/portaltela.pt\/s.01k8rhncp4jt1\/2025\/11\/talking-bot-125x125.png","url":"https:\/\/portaltela.pt\/s.01k8rhncp4jt1\/2025\/11\/talking-bot-125x125.png","contentUrl":"https:\/\/portaltela.pt\/s.01k8rhncp4jt1\/2025\/11\/talking-bot-125x125.png","caption":"Telinha"},"sameAs":["https:\/\/portaltela.pt\/"],"url":"https:\/\/portaltela.pt\/por\/367410592786\/"}]}},"_links":{"self":[{"href":"https:\/\/portaltela.pt\/api\/wp\/v2\/posts\/174510","targetHints":{"allow":["GET"]}}],"collection":[{"href":"https:\/\/portaltela.pt\/api\/wp\/v2\/posts"}],"about":[{"href":"https:\/\/portaltela.pt\/api\/wp\/v2\/types\/post"}],"author":[{"embeddable":true,"href":"https:\/\/portaltela.pt\/api\/wp\/v2\/users\/2"}],"replies":[{"embeddable":true,"href":"https:\/\/portaltela.pt\/api\/wp\/v2\/comments?post=174510"}],"version-history":[{"count":0,"href":"https:\/\/portaltela.pt\/api\/wp\/v2\/posts\/174510\/revisions"}],"wp:featuredmedia":[{"embeddable":true,"href":"https:\/\/portaltela.pt\/api\/wp\/v2\/media\/174514"}],"wp:attachment":[{"href":"https:\/\/portaltela.pt\/api\/wp\/v2\/media?parent=174510"}],"wp:term":[{"taxonomy":"category","embeddable":true,"href":"https:\/\/portaltela.pt\/api\/wp\/v2\/categories?post=174510"},{"taxonomy":"post_tag","embeddable":true,"href":"https:\/\/portaltela.pt\/api\/wp\/v2\/tags?post=174510"}],"curies":[{"name":"wp","href":"https:\/\/api.w.org\/{rel}","templated":true}]}}